{"id":139595,"date":"2024-11-25T18:43:14","date_gmt":"2024-11-25T21:43:14","guid":{"rendered":"https:\/\/lavras.tv\/site\/?p=139595"},"modified":"2024-11-25T18:43:15","modified_gmt":"2024-11-25T21:43:15","slug":"pensionistas-do-ipsemg-que-fizeram-aniversario-em-outubro-so-tem-ate-o-dia-29-11-para-realizarem-a-prova-de-vida","status":"publish","type":"post","link":"https:\/\/lavras.tv\/site\/2024\/11\/25\/pensionistas-do-ipsemg-que-fizeram-aniversario-em-outubro-so-tem-ate-o-dia-29-11-para-realizarem-a-prova-de-vida\/","title":{"rendered":"Pensionistas do Ipsemg que fizeram anivers\u00e1rio em outubro s\u00f3 t\u00eam at\u00e9 o dia 29\/11 para realizarem a prova de vida"},"content":{"rendered":"<div class=\"lavra-antes-do-conteudo_2\" id=\"lavra-1141681832\"><div id=\"lavra-slider-27\" class=\"custom-slider lavra-slider-2366808553 lavra-slider\"><ul><li><div style=\"margin-left: auto;margin-right: auto;text-align: center;\" id=\"lavra-579880486\"><a href=\"https:\/\/sistemas.lavras.mg.gov.br\/portalcidadao\/#df1b1a7c7b2a290bcb31e32771e610784662739a88807c0dacac58ede5f391a7530e299dc302d611ee73cb143fc22eaf93592e53e7b5bdb01b00a0b8d28dae460c141dd2ff83412e4dc1c31b16b25f33144a9e5620ea73b13f5bc1c59411d98439ad226e8af03840603796067d87afe130812cf3de24982d0e306f9e61e764e5\" aria-label=\"Lavras-TV&#8211;720x104px (1) (1)\"><img src=\"https:\/\/lavras.tv\/site\/wp-content\/uploads\/2025\/01\/Lavras-TV-720x104px-1-1.png\" alt=\"\"  srcset=\"https:\/\/lavras.tv\/site\/wp-content\/uploads\/2025\/01\/Lavras-TV-720x104px-1-1.png 720w, https:\/\/lavras.tv\/site\/wp-content\/uploads\/2025\/01\/Lavras-TV-720x104px-1-1-470x68.png 470w, https:\/\/lavras.tv\/site\/wp-content\/uploads\/2025\/01\/Lavras-TV-720x104px-1-1-170x25.png 170w, https:\/\/lavras.tv\/site\/wp-content\/uploads\/2025\/01\/Lavras-TV-720x104px-1-1-200x29.png 200w\" sizes=\"(max-width: 720px) 100vw, 720px\" width=\"720\" height=\"104\"  style=\"display: inline-block;\" \/><\/a><\/div><\/li><li><a href=\"https:\/\/sistemas.lavras.mg.gov.br\/portalcidadao\/#df1b1a7c7b2a290bcb31e32771e610784662739a88807c0dacac58ede5f391a7530e299dc302d611ee73cb143fc22eaf93592e53e7b5bdb01b00a0b8d28dae460c141dd2ff83412e4dc1c31b16b25f33144a9e5620ea73b13f5bc1c59411d98439ad226e8af03840603796067d87afe130812cf3de24982d0e306f9e61e764e5\" aria-label=\"Banner_Emprego_PortallavrasTV\"><img src=\"https:\/\/lavras.tv\/site\/wp-content\/uploads\/2025\/03\/Banner_Emprego_PortallavrasTV.png\" alt=\"\"  srcset=\"https:\/\/lavras.tv\/site\/wp-content\/uploads\/2025\/03\/Banner_Emprego_PortallavrasTV.png 720w, https:\/\/lavras.tv\/site\/wp-content\/uploads\/2025\/03\/Banner_Emprego_PortallavrasTV-470x68.png 470w, https:\/\/lavras.tv\/site\/wp-content\/uploads\/2025\/03\/Banner_Emprego_PortallavrasTV-170x25.png 170w, https:\/\/lavras.tv\/site\/wp-content\/uploads\/2025\/03\/Banner_Emprego_PortallavrasTV-200x29.png 200w\" sizes=\"(max-width: 720px) 100vw, 720px\" width=\"720\" height=\"104\"   \/><\/a><\/li><li><a href=\"https:\/\/sistemas.lavras.mg.gov.br\/portalcidadao\/#df1b1a7c7b2a290bcb31e32771e610784662739a88807c0dacac58ede5f391a7530e299dc302d611ee73cb143fc22eaf93592e53e7b5bdb01b00a0b8d28dae460c141dd2ff83412e4dc1c31b16b25f33144a9e5620ea73b13f5bc1c59411d98439ad226e8af03840603796067d87afe130812cf3de24982d0e306f9e61e764e5\" aria-label=\"Banner_Obras_PortallavrasTV\"><img src=\"https:\/\/lavras.tv\/site\/wp-content\/uploads\/2025\/03\/Banner_Obras_PortallavrasTV.png\" alt=\"\"  srcset=\"https:\/\/lavras.tv\/site\/wp-content\/uploads\/2025\/03\/Banner_Obras_PortallavrasTV.png 720w, https:\/\/lavras.tv\/site\/wp-content\/uploads\/2025\/03\/Banner_Obras_PortallavrasTV-470x68.png 470w, https:\/\/lavras.tv\/site\/wp-content\/uploads\/2025\/03\/Banner_Obras_PortallavrasTV-170x25.png 170w, https:\/\/lavras.tv\/site\/wp-content\/uploads\/2025\/03\/Banner_Obras_PortallavrasTV-200x29.png 200w\" sizes=\"(max-width: 720px) 100vw, 720px\" width=\"720\" height=\"104\"   \/><\/a><\/li><li><div style=\"margin-left: auto;margin-right: auto;text-align: center;\" id=\"lavra-1536969939\"><a href=\"https:\/\/sistemas.lavras.mg.gov.br\/portalcidadao\/#df1b1a7c7b2a290bcb31e32771e610784662739a88807c0dacac58ede5f391a7530e299dc302d611ee73cb143fc22eaf93592e53e7b5bdb01b00a0b8d28dae460c141dd2ff83412e4dc1c31b16b25f33144a9e5620ea73b13f5bc1c59411d98439ad226e8af03840603796067d87afe130812cf3de24982d0e306f9e61e764e5\" aria-label=\"Banner_Educa\u00e7\u00e3o_PortallavrasTV\"><img src=\"https:\/\/lavras.tv\/site\/wp-content\/uploads\/2025\/01\/Banner_Educacao_PortallavrasTV.png\" alt=\"\"  srcset=\"https:\/\/lavras.tv\/site\/wp-content\/uploads\/2025\/01\/Banner_Educacao_PortallavrasTV.png 720w, https:\/\/lavras.tv\/site\/wp-content\/uploads\/2025\/01\/Banner_Educacao_PortallavrasTV-470x68.png 470w, https:\/\/lavras.tv\/site\/wp-content\/uploads\/2025\/01\/Banner_Educacao_PortallavrasTV-170x25.png 170w, https:\/\/lavras.tv\/site\/wp-content\/uploads\/2025\/01\/Banner_Educacao_PortallavrasTV-200x29.png 200w\" sizes=\"(max-width: 720px) 100vw, 720px\" width=\"720\" height=\"104\"  style=\"display: inline-block;\" \/><\/a><\/div><\/li><li><a href=\"https:\/\/sistemas.lavras.mg.gov.br\/portalcidadao\/#df1b1a7c7b2a290bcb31e32771e610784662739a88807c0dacac58ede5f391a7530e299dc302d611ee73cb143fc22eaf93592e53e7b5bdb01b00a0b8d28dae460c141dd2ff83412e4dc1c31b16b25f33144a9e5620ea73b13f5bc1c59411d98439ad226e8af03840603796067d87afe130812cf3de24982d0e306f9e61e764e5\" aria-label=\"Banner_Sa\u00fade_PortallavrasTV\"><img src=\"https:\/\/lavras.tv\/site\/wp-content\/uploads\/2025\/03\/Banner_Saude_PortallavrasTV.png\" alt=\"\"  srcset=\"https:\/\/lavras.tv\/site\/wp-content\/uploads\/2025\/03\/Banner_Saude_PortallavrasTV.png 720w, https:\/\/lavras.tv\/site\/wp-content\/uploads\/2025\/03\/Banner_Saude_PortallavrasTV-470x68.png 470w, https:\/\/lavras.tv\/site\/wp-content\/uploads\/2025\/03\/Banner_Saude_PortallavrasTV-170x25.png 170w, https:\/\/lavras.tv\/site\/wp-content\/uploads\/2025\/03\/Banner_Saude_PortallavrasTV-200x29.png 200w\" sizes=\"(max-width: 720px) 100vw, 720px\" width=\"720\" height=\"104\"   \/><\/a><\/li><li><div id=\"lavra-1932521234\" style=\"width:720px;height:104px;background-color:#ddd;overflow:scroll;\">\n\t<strong>Sa\u00edda da depura\u00e7\u00e3o de an\u00fancios<\/strong>\n\t<br><br>\n\tO an\u00fancio n\u00e3o \u00e9 exibido na p\u00e1gina<br><br>post atual: Pensionistas do Ipsemg que fizeram anivers\u00e1rio em outubro s\u00f3 t\u00eam at\u00e9 o dia 29\/11 para realizarem a prova de vida, ID: 139595<br><br><span style=\"color: red;\">O post atual n\u00e3o \u00e9 id\u00eantico ao post principal.<\/span><br><br>An\u00fancios: ROXO - TOPO INTERNA - ROTATIVO 2 (197)<br \/>Grupo de an\u00fancios: Princ_Meio01_720x104 (27)<br><br>Condi\u00e7\u00f5es de exibi\u00e7\u00e3o<div style=\"margin-bottom: 20px; white-space: pre-wrap; font-family: monospace; width: 100%; background: #ffe9e9;\"><strong>condi\u00e7\u00f5es gerais<\/strong><table border=\"1\"><thead><tr><th><\/th><th>An\u00fancios<\/th><th>wp_the_query<\/th><\/tr><\/thead><tr><td>is_main_query<\/td><td>1<\/td><td>1<\/td><\/tr><tr><td>is_rest_api<\/td><td>0<\/td><td>1<\/td><\/tr><tr><td>page<\/td><td>0<\/td><td>1<\/td><\/tr><tr><td>numpages<\/td><td>0<\/td><td>1<\/td><\/tr><tr><td>is_archive<\/td><td>1<\/td><td><\/td><\/tr><tr><td>is_search<\/td><td>1<\/td><td><\/td><\/tr><tr><td>is_home<\/td><td>1<\/td><td><\/td><\/tr><tr><td>is_404<\/td><td>1<\/td><td><\/td><\/tr><tr><td>is_attachment<\/td><td>1<\/td><td><\/td><\/tr><tr><td>is_singular<\/td><td>1<\/td><td><\/td><\/tr><tr><td>is_front_page<\/td><td>1<\/td><td><\/td><\/tr><tr><td>is_feed<\/td><td>1<\/td><td><\/td><\/tr><\/table><\/div><br><br><span style=\"color: red;\">Seu site usa HTTPS, mas o c\u00f3digo do an\u00fancio cont\u00e9m HTTP e pode n\u00e3o funcionar.<\/span>\t<br><br>\n\t<a style=\"color: green;\" href=\"https:\/\/wpadvancedads.com\/manual\/ad-debug-mode\/?utm_source=advanced-ads&utm_medium=link&utm_campaign=ad-debug-mode\" target=\"_blank\" rel=\"nofollow\">Encontre solu\u00e7\u00f5es no manual<\/a>\n<\/div>\n<\/li><\/ul><\/div><script>( window.advanced_ads_ready || jQuery( document ).ready ).call( null, function() {var $lavraslider2366808553 = jQuery( \".lavra-slider-2366808553\" );$lavraslider2366808553.on( \"unslider.ready\", function() { jQuery( \"div.custom-slider ul li\" ).css( \"display\", \"block\" ); });$lavraslider2366808553.unslider({ delay:4000, autoplay:true, nav:false, arrows:false, infinite:true });$lavraslider2366808553.on(\"mouseover\", function() {$lavraslider2366808553.unslider(\"stop\");}).on(\"mouseout\", function() {$lavraslider2366808553.unslider(\"start\");});});<\/script><\/div>\n<p><em>Procedimento deve ser feito de forma presencial em uma das unidades regionais do Instituto<\/em><\/p>\n\n\n\n<figure class=\"wp-block-image size-full\"><img fetchpriority=\"high\" decoding=\"async\" width=\"940\" height=\"350\" src=\"https:\/\/lavras.tv\/site\/wp-content\/uploads\/2024\/11\/Banner_extra_prova_de_vida_1.jpg\" alt=\"\" class=\"wp-image-139596\" srcset=\"https:\/\/lavras.tv\/site\/wp-content\/uploads\/2024\/11\/Banner_extra_prova_de_vida_1.jpg 940w, https:\/\/lavras.tv\/site\/wp-content\/uploads\/2024\/11\/Banner_extra_prova_de_vida_1-470x175.jpg 470w, https:\/\/lavras.tv\/site\/wp-content\/uploads\/2024\/11\/Banner_extra_prova_de_vida_1-170x63.jpg 170w, https:\/\/lavras.tv\/site\/wp-content\/uploads\/2024\/11\/Banner_extra_prova_de_vida_1-200x74.jpg 200w\" sizes=\"(max-width: 940px) 100vw, 940px\" \/><\/figure>\n\n\n\n<p>Os 819 pensionistas do&nbsp;<a href=\"https:\/\/www.ipsemg.mg.gov.br\/\" target=\"_blank\" rel=\"noreferrer noopener\">Instituto de Previd\u00eancia dos Servidores do Estado de Minas Gerais (Ipsemg)<\/a>, que fizeram anivers\u00e1rio em outubro e n\u00e3o realizaram a prova de vida anual, dever\u00e3o realizar o procedimento at\u00e9 o dia 29\/11&nbsp;(sexta-feira). A aus\u00eancia da realiza\u00e7\u00e3o da Prova de Vida acarreta a suspens\u00e3o do pagamento do benef\u00edcio, que ser\u00e1 reestabelecido ap\u00f3s sua devida regulariza\u00e7\u00e3o.&nbsp;<\/p>\n\n\n\n<p>Os pensionistas do Ipsemg que est\u00e3o com a situa\u00e7\u00e3o irregular devem comparecer a unidade regional mais pr\u00f3xima de sua resid\u00eancia e apresentar um documento original de identifica\u00e7\u00e3o que conste CPF e foto (RG ou CNH). Antes, \u00e9 preciso agendar o atendimento que deve ser feito on-line por meio do Portal-MG ou MG APP.&nbsp;<\/p>\n\n\n\n<p>A Diretoria de Previd\u00eancia (Diprev) do Ipsemg orienta aos pensionistas impossibilitados de irem at\u00e9 os locais de atendimento a seguirem as orienta\u00e7\u00f5es descritas no&nbsp;<a href=\"http:\/\/www.ipsemg.mg.gov.br\/\" target=\"_blank\" rel=\"noreferrer noopener\">site do Instituto<\/a>&nbsp;&nbsp;na p\u00e1gina Prova de Vida para&nbsp;<a href=\"https:\/\/www.ipsemg.mg.gov.br\/servicos\/prova-de-vida-de-pensionistas-1\" target=\"_blank\" rel=\"noreferrer noopener\">Pensionistas do Ipsemg<\/a>&nbsp;e verificar os procedimentos de acordo com a pr\u00f3pria situa\u00e7\u00e3o.&nbsp;<\/p>\n\n\n\n<p>Se voc\u00ea \u00e9 pensionista e deseja saber se o seu nome consta na convoca\u00e7\u00e3o, confira o Di\u00e1rio Oficial do Estado, edi\u00e7\u00e3o 19\/11, p\u00e1ginas 20 a 22 ou&nbsp;<a href=\"https:\/\/www.jornalminasgerais.mg.gov.br\/index.php?dataJornal=2024-11-19\" target=\"_blank\" rel=\"noreferrer noopener\">clique aqui<\/a>. Fique atento ao prazo e regularize a sua situa\u00e7\u00e3o para manter o pagamento em dia.&nbsp;<\/p>\n\n\n\n<p>A prova de vida anual deve ser feita no m\u00eas de anivers\u00e1rio do pensionista e o n\u00e3o cumprimento dessa exig\u00eancia pode acarretar o bloqueio do pagamento at\u00e9 a regulariza\u00e7\u00e3o.&nbsp;<\/p>\n","protected":false},"excerpt":{"rendered":"<p>Procedimento deve ser feito de forma presencial em uma das unidades regionais do Instituto Os 819 pensionistas do&nbsp;Instituto de Previd\u00eancia dos Servidores do Estado de Minas Gerais (Ipsemg), que fizeram anivers\u00e1rio em outubro e n\u00e3o realizaram a prova de vida anual, dever\u00e3o realizar o procedimento at\u00e9 o dia 29\/11&nbsp;(sexta-feira). A aus\u00eancia da realiza\u00e7\u00e3o da Prova [&hellip;]<\/p>\n","protected":false},"author":5,"featured_media":139596,"comment_status":"closed","ping_status":"open","sticky":false,"template":"","format":"standard","meta":{"advgb_blocks_editor_width":"","advgb_blocks_columns_visual_guide":"","_exactmetrics_skip_tracking":false,"_exactmetrics_sitenote_active":false,"_exactmetrics_sitenote_note":"","_exactmetrics_sitenote_category":0,"footnotes":""},"categories":[7,2],"tags":[],"class_list":["post-139595","post","type-post","status-publish","format-standard","has-post-thumbnail","hentry","category-destaques","category-noticias"],"better_featured_image":{"id":139596,"alt_text":"","caption":"","description":"","media_type":"image","media_details":{"width":940,"height":350,"file":"2024\/11\/Banner_extra_prova_de_vida_1.jpg","filesize":26983,"sizes":{"medium":{"file":"Banner_extra_prova_de_vida_1-470x175.jpg","width":470,"height":175,"mime-type":"image\/jpeg","filesize":12928,"source_url":"https:\/\/lavras.tv\/site\/wp-content\/uploads\/2024\/11\/Banner_extra_prova_de_vida_1-470x175.jpg"},"thumbnail":{"file":"Banner_extra_prova_de_vida_1-170x63.jpg","width":170,"height":63,"mime-type":"image\/jpeg","filesize":3868,"source_url":"https:\/\/lavras.tv\/site\/wp-content\/uploads\/2024\/11\/Banner_extra_prova_de_vida_1-170x63.jpg"},"lshowcase-thumb":{"file":"Banner_extra_prova_de_vida_1-200x74.jpg","width":200,"height":74,"mime-type":"image\/jpeg","filesize":4700,"source_url":"https:\/\/lavras.tv\/site\/wp-content\/uploads\/2024\/11\/Banner_extra_prova_de_vida_1-200x74.jpg"},"alm-thumbnail":{"file":"Banner_extra_prova_de_vida_1-150x150.jpg","width":150,"height":150,"mime-type":"image\/jpeg","filesize":4845,"source_url":"https:\/\/lavras.tv\/site\/wp-content\/uploads\/2024\/11\/Banner_extra_prova_de_vida_1-150x150.jpg"}},"image_meta":{"aperture":"0","credit":"","camera":"","caption":"","created_timestamp":"0","copyright":"","focal_length":"0","iso":"0","shutter_speed":"0","title":"","orientation":"0","keywords":[]}},"post":139595,"source_url":"https:\/\/lavras.tv\/site\/wp-content\/uploads\/2024\/11\/Banner_extra_prova_de_vida_1.jpg"},"author_meta":{"display_name":"Vinicius Bustamante","author_link":"https:\/\/lavras.tv\/site\/author\/vinicius-bustamante\/"},"featured_img":"https:\/\/lavras.tv\/site\/wp-content\/uploads\/2024\/11\/Banner_extra_prova_de_vida_1-470x175.jpg","coauthors":[],"tax_additional":{"categories":{"linked":["<a href=\"https:\/\/lavras.tv\/site\/category\/destaques\/\" class=\"advgb-post-tax-term\">Destaques<\/a>","<a href=\"https:\/\/lavras.tv\/site\/category\/noticias\/\" class=\"advgb-post-tax-term\">Not\u00edcias<\/a>"],"unlinked":["<span class=\"advgb-post-tax-term\">Destaques<\/span>","<span class=\"advgb-post-tax-term\">Not\u00edcias<\/span>"]}},"comment_count":"0","relative_dates":{"created":"Publicado 1 ano atr\u00e1s","modified":"Atualizado 1 ano atr\u00e1s"},"absolute_dates":{"created":"Publicado em 25 de novembro de 2024","modified":"Atualizado em 25 de novembro de 2024"},"absolute_dates_time":{"created":"Publicado em 25 de novembro de 2024 18:43","modified":"Atualizado em 25 de novembro de 2024 18:43"},"featured_img_caption":"","series_order":"","_links":{"self":[{"href":"https:\/\/lavras.tv\/site\/wp-json\/wp\/v2\/posts\/139595","targetHints":{"allow":["GET"]}}],"collection":[{"href":"https:\/\/lavras.tv\/site\/wp-json\/wp\/v2\/posts"}],"about":[{"href":"https:\/\/lavras.tv\/site\/wp-json\/wp\/v2\/types\/post"}],"author":[{"embeddable":true,"href":"https:\/\/lavras.tv\/site\/wp-json\/wp\/v2\/users\/5"}],"replies":[{"embeddable":true,"href":"https:\/\/lavras.tv\/site\/wp-json\/wp\/v2\/comments?post=139595"}],"version-history":[{"count":1,"href":"https:\/\/lavras.tv\/site\/wp-json\/wp\/v2\/posts\/139595\/revisions"}],"predecessor-version":[{"id":139597,"href":"https:\/\/lavras.tv\/site\/wp-json\/wp\/v2\/posts\/139595\/revisions\/139597"}],"wp:featuredmedia":[{"embeddable":true,"href":"https:\/\/lavras.tv\/site\/wp-json\/wp\/v2\/media\/139596"}],"wp:attachment":[{"href":"https:\/\/lavras.tv\/site\/wp-json\/wp\/v2\/media?parent=139595"}],"wp:term":[{"taxonomy":"category","embeddable":true,"href":"https:\/\/lavras.tv\/site\/wp-json\/wp\/v2\/categories?post=139595"},{"taxonomy":"post_tag","embeddable":true,"href":"https:\/\/lavras.tv\/site\/wp-json\/wp\/v2\/tags?post=139595"}],"curies":[{"name":"wp","href":"https:\/\/api.w.org\/{rel}","templated":true}]}}