{"id":139827,"date":"2024-11-26T18:48:37","date_gmt":"2024-11-26T21:48:37","guid":{"rendered":"https:\/\/lavras.tv\/site\/?p=139827"},"modified":"2024-11-26T18:48:38","modified_gmt":"2024-11-26T21:48:38","slug":"novo-acordo-de-mariana-acoes-e-projetos-definidos-na-repactuacao-asseguram-avancos-na-reparacao-em-mariana-e-nos-37-municipios-mineiros-diretamente-atingidos","status":"publish","type":"post","link":"https:\/\/lavras.tv\/site\/2024\/11\/26\/novo-acordo-de-mariana-acoes-e-projetos-definidos-na-repactuacao-asseguram-avancos-na-reparacao-em-mariana-e-nos-37-municipios-mineiros-diretamente-atingidos\/","title":{"rendered":"Novo Acordo de Mariana: a\u00e7\u00f5es e projetos definidos na repactua\u00e7\u00e3o asseguram avan\u00e7os na repara\u00e7\u00e3o em Mariana e nos 37 munic\u00edpios mineiros diretamente atingidos"},"content":{"rendered":"<div class=\"lavra-antes-do-conteudo_2\" id=\"lavra-58724718\"><div id=\"lavra-slider-27\" class=\"custom-slider lavra-slider-2571077669 lavra-slider\"><ul><li><div style=\"margin-left: auto;margin-right: auto;text-align: center;\" id=\"lavra-1814289575\"><a href=\"https:\/\/sistemas.lavras.mg.gov.br\/portalcidadao\/#df1b1a7c7b2a290bcb31e32771e610784662739a88807c0dacac58ede5f391a7530e299dc302d611ee73cb143fc22eaf93592e53e7b5bdb01b00a0b8d28dae460c141dd2ff83412e4dc1c31b16b25f33144a9e5620ea73b13f5bc1c59411d98439ad226e8af03840603796067d87afe130812cf3de24982d0e306f9e61e764e5\" aria-label=\"Lavras-TV&#8211;720x104px (1) (1)\"><img src=\"https:\/\/lavras.tv\/site\/wp-content\/uploads\/2025\/01\/Lavras-TV-720x104px-1-1.png\" alt=\"\"  srcset=\"https:\/\/lavras.tv\/site\/wp-content\/uploads\/2025\/01\/Lavras-TV-720x104px-1-1.png 720w, https:\/\/lavras.tv\/site\/wp-content\/uploads\/2025\/01\/Lavras-TV-720x104px-1-1-470x68.png 470w, https:\/\/lavras.tv\/site\/wp-content\/uploads\/2025\/01\/Lavras-TV-720x104px-1-1-170x25.png 170w, https:\/\/lavras.tv\/site\/wp-content\/uploads\/2025\/01\/Lavras-TV-720x104px-1-1-200x29.png 200w\" sizes=\"(max-width: 720px) 100vw, 720px\" width=\"720\" height=\"104\"  style=\"display: inline-block;\" \/><\/a><\/div><\/li><li><a href=\"https:\/\/sistemas.lavras.mg.gov.br\/portalcidadao\/#df1b1a7c7b2a290bcb31e32771e610784662739a88807c0dacac58ede5f391a7530e299dc302d611ee73cb143fc22eaf93592e53e7b5bdb01b00a0b8d28dae460c141dd2ff83412e4dc1c31b16b25f33144a9e5620ea73b13f5bc1c59411d98439ad226e8af03840603796067d87afe130812cf3de24982d0e306f9e61e764e5\" aria-label=\"Banner_Emprego_PortallavrasTV\"><img src=\"https:\/\/lavras.tv\/site\/wp-content\/uploads\/2025\/03\/Banner_Emprego_PortallavrasTV.png\" alt=\"\"  srcset=\"https:\/\/lavras.tv\/site\/wp-content\/uploads\/2025\/03\/Banner_Emprego_PortallavrasTV.png 720w, https:\/\/lavras.tv\/site\/wp-content\/uploads\/2025\/03\/Banner_Emprego_PortallavrasTV-470x68.png 470w, https:\/\/lavras.tv\/site\/wp-content\/uploads\/2025\/03\/Banner_Emprego_PortallavrasTV-170x25.png 170w, https:\/\/lavras.tv\/site\/wp-content\/uploads\/2025\/03\/Banner_Emprego_PortallavrasTV-200x29.png 200w\" sizes=\"(max-width: 720px) 100vw, 720px\" width=\"720\" height=\"104\"   \/><\/a><\/li><li><a href=\"https:\/\/sistemas.lavras.mg.gov.br\/portalcidadao\/#df1b1a7c7b2a290bcb31e32771e610784662739a88807c0dacac58ede5f391a7530e299dc302d611ee73cb143fc22eaf93592e53e7b5bdb01b00a0b8d28dae460c141dd2ff83412e4dc1c31b16b25f33144a9e5620ea73b13f5bc1c59411d98439ad226e8af03840603796067d87afe130812cf3de24982d0e306f9e61e764e5\" aria-label=\"Banner_Obras_PortallavrasTV\"><img src=\"https:\/\/lavras.tv\/site\/wp-content\/uploads\/2025\/03\/Banner_Obras_PortallavrasTV.png\" alt=\"\"  srcset=\"https:\/\/lavras.tv\/site\/wp-content\/uploads\/2025\/03\/Banner_Obras_PortallavrasTV.png 720w, https:\/\/lavras.tv\/site\/wp-content\/uploads\/2025\/03\/Banner_Obras_PortallavrasTV-470x68.png 470w, https:\/\/lavras.tv\/site\/wp-content\/uploads\/2025\/03\/Banner_Obras_PortallavrasTV-170x25.png 170w, https:\/\/lavras.tv\/site\/wp-content\/uploads\/2025\/03\/Banner_Obras_PortallavrasTV-200x29.png 200w\" sizes=\"(max-width: 720px) 100vw, 720px\" width=\"720\" height=\"104\"   \/><\/a><\/li><li><div style=\"margin-left: auto;margin-right: auto;text-align: center;\" id=\"lavra-1337683783\"><a href=\"https:\/\/sistemas.lavras.mg.gov.br\/portalcidadao\/#df1b1a7c7b2a290bcb31e32771e610784662739a88807c0dacac58ede5f391a7530e299dc302d611ee73cb143fc22eaf93592e53e7b5bdb01b00a0b8d28dae460c141dd2ff83412e4dc1c31b16b25f33144a9e5620ea73b13f5bc1c59411d98439ad226e8af03840603796067d87afe130812cf3de24982d0e306f9e61e764e5\" aria-label=\"Banner_Educa\u00e7\u00e3o_PortallavrasTV\"><img src=\"https:\/\/lavras.tv\/site\/wp-content\/uploads\/2025\/01\/Banner_Educacao_PortallavrasTV.png\" alt=\"\"  srcset=\"https:\/\/lavras.tv\/site\/wp-content\/uploads\/2025\/01\/Banner_Educacao_PortallavrasTV.png 720w, https:\/\/lavras.tv\/site\/wp-content\/uploads\/2025\/01\/Banner_Educacao_PortallavrasTV-470x68.png 470w, https:\/\/lavras.tv\/site\/wp-content\/uploads\/2025\/01\/Banner_Educacao_PortallavrasTV-170x25.png 170w, https:\/\/lavras.tv\/site\/wp-content\/uploads\/2025\/01\/Banner_Educacao_PortallavrasTV-200x29.png 200w\" sizes=\"(max-width: 720px) 100vw, 720px\" width=\"720\" height=\"104\"  style=\"display: inline-block;\" \/><\/a><\/div><\/li><li><a href=\"https:\/\/sistemas.lavras.mg.gov.br\/portalcidadao\/#df1b1a7c7b2a290bcb31e32771e610784662739a88807c0dacac58ede5f391a7530e299dc302d611ee73cb143fc22eaf93592e53e7b5bdb01b00a0b8d28dae460c141dd2ff83412e4dc1c31b16b25f33144a9e5620ea73b13f5bc1c59411d98439ad226e8af03840603796067d87afe130812cf3de24982d0e306f9e61e764e5\" aria-label=\"Banner_Sa\u00fade_PortallavrasTV\"><img src=\"https:\/\/lavras.tv\/site\/wp-content\/uploads\/2025\/03\/Banner_Saude_PortallavrasTV.png\" alt=\"\"  srcset=\"https:\/\/lavras.tv\/site\/wp-content\/uploads\/2025\/03\/Banner_Saude_PortallavrasTV.png 720w, https:\/\/lavras.tv\/site\/wp-content\/uploads\/2025\/03\/Banner_Saude_PortallavrasTV-470x68.png 470w, https:\/\/lavras.tv\/site\/wp-content\/uploads\/2025\/03\/Banner_Saude_PortallavrasTV-170x25.png 170w, https:\/\/lavras.tv\/site\/wp-content\/uploads\/2025\/03\/Banner_Saude_PortallavrasTV-200x29.png 200w\" sizes=\"(max-width: 720px) 100vw, 720px\" width=\"720\" height=\"104\"   \/><\/a><\/li><li><div id=\"lavra-79196830\" style=\"width:720px;height:104px;background-color:#ddd;overflow:scroll;\">\n\t<strong>Sa\u00edda da depura\u00e7\u00e3o de an\u00fancios<\/strong>\n\t<br><br>\n\tO an\u00fancio n\u00e3o \u00e9 exibido na p\u00e1gina<br><br>post atual: Novo Acordo de Mariana: a\u00e7\u00f5es e projetos definidos na repactua\u00e7\u00e3o asseguram avan\u00e7os na repara\u00e7\u00e3o em Mariana e nos 37 munic\u00edpios mineiros diretamente atingidos, ID: 139827<br><br><span style=\"color: red;\">O post atual n\u00e3o \u00e9 id\u00eantico ao post principal.<\/span><br><br>An\u00fancios: ROXO - TOPO INTERNA - ROTATIVO 2 (197)<br \/>Grupo de an\u00fancios: Princ_Meio01_720x104 (27)<br><br>Condi\u00e7\u00f5es de exibi\u00e7\u00e3o<div style=\"margin-bottom: 20px; white-space: pre-wrap; font-family: monospace; width: 100%; background: #ffe9e9;\"><strong>condi\u00e7\u00f5es gerais<\/strong><table border=\"1\"><thead><tr><th><\/th><th>An\u00fancios<\/th><th>wp_the_query<\/th><\/tr><\/thead><tr><td>is_main_query<\/td><td>1<\/td><td>1<\/td><\/tr><tr><td>is_rest_api<\/td><td>0<\/td><td>1<\/td><\/tr><tr><td>page<\/td><td>0<\/td><td>1<\/td><\/tr><tr><td>numpages<\/td><td>0<\/td><td>1<\/td><\/tr><tr><td>is_archive<\/td><td>1<\/td><td><\/td><\/tr><tr><td>is_search<\/td><td>1<\/td><td><\/td><\/tr><tr><td>is_home<\/td><td>1<\/td><td><\/td><\/tr><tr><td>is_404<\/td><td>1<\/td><td><\/td><\/tr><tr><td>is_attachment<\/td><td>1<\/td><td><\/td><\/tr><tr><td>is_singular<\/td><td>1<\/td><td><\/td><\/tr><tr><td>is_front_page<\/td><td>1<\/td><td><\/td><\/tr><tr><td>is_feed<\/td><td>1<\/td><td><\/td><\/tr><\/table><\/div><br><br><span style=\"color: red;\">Seu site usa HTTPS, mas o c\u00f3digo do an\u00fancio cont\u00e9m HTTP e pode n\u00e3o funcionar.<\/span>\t<br><br>\n\t<a style=\"color: green;\" href=\"https:\/\/wpadvancedads.com\/manual\/ad-debug-mode\/?utm_source=advanced-ads&utm_medium=link&utm_campaign=ad-debug-mode\" target=\"_blank\" rel=\"nofollow\">Encontre solu\u00e7\u00f5es no manual<\/a>\n<\/div>\n<\/li><\/ul><\/div><script>( window.advanced_ads_ready || jQuery( document ).ready ).call( null, function() {var $lavraslider2571077669 = jQuery( \".lavra-slider-2571077669\" );$lavraslider2571077669.on( \"unslider.ready\", function() { jQuery( \"div.custom-slider ul li\" ).css( \"display\", \"block\" ); });$lavraslider2571077669.unslider({ delay:4000, autoplay:true, nav:false, arrows:false, infinite:true });$lavraslider2571077669.on(\"mouseover\", function() {$lavraslider2571077669.unslider(\"stop\");}).on(\"mouseout\", function() {$lavraslider2571077669.unslider(\"start\");});});<\/script><\/div>\n<p><em>Al\u00e9m da duplica\u00e7\u00e3o na BR-356, medidas incluem repasse direto de recursos aos munic\u00edpios e iniciativas conduzidas pelo Estado, Uni\u00e3o, Institui\u00e7\u00f5es de Justi\u00e7a e, tamb\u00e9m, obriga\u00e7\u00f5es de fazer das empresas respons\u00e1veis<\/em><\/p>\n\n\n\n<figure class=\"wp-block-image size-large\"><img fetchpriority=\"high\" decoding=\"async\" width=\"970\" height=\"646\" src=\"https:\/\/lavras.tv\/site\/wp-content\/uploads\/2024\/11\/a_IMG_6191-970x646.jpg\" alt=\"\" class=\"wp-image-139838\" srcset=\"https:\/\/lavras.tv\/site\/wp-content\/uploads\/2024\/11\/a_IMG_6191-970x646.jpg 970w, https:\/\/lavras.tv\/site\/wp-content\/uploads\/2024\/11\/a_IMG_6191-451x300.jpg 451w, https:\/\/lavras.tv\/site\/wp-content\/uploads\/2024\/11\/a_IMG_6191-170x113.jpg 170w, https:\/\/lavras.tv\/site\/wp-content\/uploads\/2024\/11\/a_IMG_6191-200x133.jpg 200w, https:\/\/lavras.tv\/site\/wp-content\/uploads\/2024\/11\/a_IMG_6191-1536x1022.jpg 1536w, https:\/\/lavras.tv\/site\/wp-content\/uploads\/2024\/11\/a_IMG_6191-2048x1363.jpg 2048w\" sizes=\"(max-width: 970px) 100vw, 970px\" \/><\/figure>\n\n\n\n<p>Os investimentos em Mariana e nos 37 munic\u00edpios mineiros diretamente atingidos pelo rompimento da barragem do Fund\u00e3o, em 2015, foram priorizados no Novo Acordo de Mariana, assinado em 25\/10.<\/p>\n\n\n\n<p>Al\u00e9m da duplica\u00e7\u00e3o do trecho da BR-356 &#8211; que liga a cidade \u00e0 BR-040 &#8211; e melhorias nas estradas, anunciadas nesta segunda-feira (25\/11) pelo Governo de Minas, a repactua\u00e7\u00e3o prev\u00ea o repasse direto de recursos aos munic\u00edpios. Tudo isto somado a projetos, a\u00e7\u00f5es e iniciativas realizadas pelo Estado, Uni\u00e3o, Institui\u00e7\u00f5es de Justi\u00e7a e que est\u00e3o, ainda, entre as obriga\u00e7\u00f5es de fazer das empresas respons\u00e1veis pela trag\u00e9dia, Vale S.A., BHP Billinton e Samarco.<br><br>&#8220;A duplica\u00e7\u00e3o da BR-356 \u00e9 apenas uma das interven\u00e7\u00f5es que v\u00e3o ocorrer nos pr\u00f3ximos anos na regi\u00e3o. Ser\u00e3o uma s\u00e9rie de a\u00e7\u00f5es e melhorias em diversas \u00e1reas que v\u00e3o proporcionar a melhoria da vida das pessoas e cidades atingidas&#8221;, afirmou o governador Romeu Zema.<\/p>\n\n\n\n<p>Ele explicou que um dos principais pontos do Novo Acordo de Mariana ser\u00e1 a escuta da popula\u00e7\u00e3o, seguindo o modelo do que foi feito na repara\u00e7\u00e3o da trag\u00e9dia de Brumadinho.<\/p>\n\n\n\n<p>Com R$ 81 bilh\u00f5es destinados \u00e0 regi\u00e3o atingida em Minas Gerais, as cidades que sofreram impacto direto ter\u00e3o recursos e a\u00e7\u00f5es direcionados, garantindo avan\u00e7os estruturais, sociais e econ\u00f4micos para as comunidades impactadas.<br><br>&#8220;S\u00e3o nove anos desde a trag\u00e9dia e, depois de tr\u00eas anos e meio de negocia\u00e7\u00e3o, de audi\u00eancias p\u00fablicas e reuni\u00f5es, temos um acordo que muda o formato de execu\u00e7\u00e3o. \u00c9 um novo formato mais \u00e1gil, mais desburocratizado. Trinta dias depois da assinatura do acordo, o governador Romeu Zema j\u00e1 vem aqui, em Mariana, anunciar a publica\u00e7\u00e3o da consulta p\u00fablica para as melhorias nestas rodovias t\u00e3o importantes para a regi\u00e3o atingida&#8221;, destacou o secret\u00e1rio adjunto de Planejamento e Gest\u00e3o (Seplag), Lu\u00eds Ot\u00e1vio Milagres.<\/p>\n\n\n\n<p>Um m\u00eas ap\u00f3s a assinatura do acordo judicial, o Governo do Estado j\u00e1 lan\u00e7ou, por exemplo, a consulta p\u00fablica que ir\u00e1 viabilizar uma das principais iniciativas: a duplica\u00e7\u00e3o do trecho da BR-356 e outras melhorias em mobilidade. Outros recursos ainda poder\u00e3o ser redirecionados para obras em outros trechos da Bacia do Rio Doce.<\/p>\n\n\n\n<p>Apoio socioecon\u00f4mico<\/p>\n\n\n\n<p>Aux\u00edlio mensal<\/p>\n\n\n\n<p>Prioridade no Novo Acordo, os atingidos em Mariana ter\u00e3o o Programa de Transfer\u00eancia de Renda de Mariana (PTR Mariana). O programa assegura aux\u00edlio mensal por, no m\u00ednimo, 36 meses \u00e0s pessoas cadastradas no Cad\u00danico ou em listas espec\u00edficas at\u00e9 setembro de 2024, ajudando a reconstruir vidas e fortalecer a economia local.<\/p>\n\n\n\n<p>O benef\u00edcio ter\u00e1 o valor de R$ 15 mil por pessoa, a ser pago a 29 mil benefici\u00e1rios com renda mais baixa. Outras 5 mil pessoas com danos j\u00e1 comprovados receber\u00e3o benef\u00edcios de no m\u00ednimo R$ 60 mil por pessoa.<\/p>\n\n\n\n<p>Reassentamentos<\/p>\n\n\n\n<p>As indeniza\u00e7\u00f5es por atrasos nas obras de reassentamento est\u00e3o tamb\u00e9m inclu\u00eddas, reconhecendo e reparando as dificuldades enfrentadas pelas fam\u00edlias ao longo dos anos de espera. Al\u00e9m disso, ser\u00e3o destinados recursos \u00e0 restaura\u00e7\u00e3o de igrejas e bens hist\u00f3ricos degradados, preservando o rico patrim\u00f4nio cultural e religioso de Mariana.<\/p>\n\n\n\n<p>Como obriga\u00e7\u00e3o das empresas, o Novo Acordo prev\u00ea obras de conclus\u00e3o dos reassentamentos de Bento Rodrigues e Paracatu de Baixo, que trar\u00e3o moradias definitivas \u00e0s fam\u00edlias que perderam seus lares. Esses reassentamentos est\u00e3o sendo finalizados com infraestrutura completa, incluindo escolas, postos de sa\u00fade, espa\u00e7os comunit\u00e1rios e \u00e1reas de lazer.<\/p>\n\n\n\n<p>Participa\u00e7\u00e3o ativa<\/p>\n\n\n\n<p>Outra novidade trazida pela repactua\u00e7\u00e3o \u00e9 a inclus\u00e3o dos \u201cProjetos das Comunidades Atingidas\u201d, que garantem aos moradores de Mariana a participa\u00e7\u00e3o ativa na defini\u00e7\u00e3o de a\u00e7\u00f5es reparat\u00f3rias, com base nas demandas apresentadas pelos pr\u00f3prios atingidos.<\/p>\n\n\n\n<p>Para esses projetos ser\u00e3o destinados cerca de R$ 2 bilh\u00f5es.<\/p>\n\n\n\n<p>Indeniza\u00e7\u00f5es individuais<\/p>\n\n\n\n<p>O novo programa de indeniza\u00e7\u00f5es individuais, Programa Indenizat\u00f3rio Definitivo, contempla da mesma forma Mariana e a popula\u00e7\u00e3o desses 37 munic\u00edpios. O valor por indiv\u00edduo ser\u00e1 de R$ 35 mil, beneficiando mais de 200 mil pessoas em territ\u00f3rio mineiro e com valores estimados em R$ 10 bilh\u00f5es para este novo sistema indenizat\u00f3rio.<\/p>\n\n\n\n<p>Ainda nos 38 munic\u00edpios atingidos pelo rompimento em Minas Gerais, a popula\u00e7\u00e3o de agricultores e pescadores com resid\u00eancia em at\u00e9 5 quil\u00f4metros das margens do Rio Doce ser\u00e1 inclu\u00edda em um novo programa de transfer\u00eancia de renda. Os novos benefici\u00e1rios ir\u00e3o receber 1,5 sal\u00e1rio-m\u00ednimo mensal, por um per\u00edodo de ao menos tr\u00eas anos.<\/p>\n\n\n\n<p>Refor\u00e7o na sa\u00fade<\/p>\n\n\n\n<p>O fortalecimento da Sa\u00fade no munic\u00edpio \u00e9 contemplado com R$ 1 bilh\u00e3o, sendo R$ 300 milh\u00f5es para a\u00e7\u00f5es e servi\u00e7os p\u00fablicos municipais de Sa\u00fade e R$ 700 milh\u00f5es, aproximadamente, relativos \u00e0 participa\u00e7\u00e3o de Mariana no fundo perp\u00e9tuo para melhorias no Sistema \u00danico de Sa\u00fade (SUS). A estimativa \u00e9 de um refor\u00e7o de R$ 40 milh\u00f5es anuais no or\u00e7amento municipal de sa\u00fade.<\/p>\n\n\n\n<p>O Novo Acordo prev\u00ea tamb\u00e9m a cria\u00e7\u00e3o de um fundo permanente para garantir recursos cont\u00ednuos a projetos de sa\u00fade no valor de R$ 8,4 bilh\u00f5es.<\/p>\n\n\n\n<p>Para as iniciativas municipais, s\u00e3o R$ 1,22 bilh\u00e3o em repasse direto e mais R$ 117 milh\u00f5es em transfer\u00eancias para a\u00e7\u00f5es de repara\u00e7\u00e3o, em um total de R$ 4,3 bilh\u00f5es nessas medidas.<\/p>\n\n\n\n<p>Al\u00e9m de Mariana, o repasse direto para as outras 37 cidades ter\u00e1 a destina\u00e7\u00e3o de R$ 4,9 bilh\u00f5es e mais R$ 5 bilh\u00f5es para os investimentos em sa\u00fade.<\/p>\n","protected":false},"excerpt":{"rendered":"<p>Al\u00e9m da duplica\u00e7\u00e3o na BR-356, medidas incluem repasse direto de recursos aos munic\u00edpios e iniciativas conduzidas pelo Estado, Uni\u00e3o, Institui\u00e7\u00f5es de Justi\u00e7a e, tamb\u00e9m, obriga\u00e7\u00f5es de fazer das empresas respons\u00e1veis Os investimentos em Mariana e nos 37 munic\u00edpios mineiros diretamente atingidos pelo rompimento da barragem do Fund\u00e3o, em 2015, foram priorizados no Novo Acordo de [&hellip;]<\/p>\n","protected":false},"author":5,"featured_media":139838,"comment_status":"closed","ping_status":"open","sticky":false,"template":"","format":"standard","meta":{"advgb_blocks_editor_width":"","advgb_blocks_columns_visual_guide":"","_exactmetrics_skip_tracking":false,"_exactmetrics_sitenote_active":false,"_exactmetrics_sitenote_note":"","_exactmetrics_sitenote_category":0,"footnotes":""},"categories":[7,2],"tags":[],"class_list":["post-139827","post","type-post","status-publish","format-standard","has-post-thumbnail","hentry","category-destaques","category-noticias"],"better_featured_image":{"id":139838,"alt_text":"","caption":"","description":"","media_type":"image","media_details":{"width":2560,"height":1704,"file":"2024\/11\/a_IMG_6191-scaled.jpg","filesize":646512,"sizes":{"medium":{"file":"a_IMG_6191-451x300.jpg","width":451,"height":300,"mime-type":"image\/jpeg","filesize":70005,"source_url":"https:\/\/lavras.tv\/site\/wp-content\/uploads\/2024\/11\/a_IMG_6191-451x300.jpg"},"large":{"file":"a_IMG_6191-970x646.jpg","width":970,"height":646,"mime-type":"image\/jpeg","filesize":163525,"source_url":"https:\/\/lavras.tv\/site\/wp-content\/uploads\/2024\/11\/a_IMG_6191-970x646.jpg"},"thumbnail":{"file":"a_IMG_6191-170x113.jpg","width":170,"height":113,"mime-type":"image\/jpeg","filesize":40057,"source_url":"https:\/\/lavras.tv\/site\/wp-content\/uploads\/2024\/11\/a_IMG_6191-170x113.jpg"},"lshowcase-thumb":{"file":"a_IMG_6191-200x133.jpg","width":200,"height":133,"mime-type":"image\/jpeg","filesize":42200,"source_url":"https:\/\/lavras.tv\/site\/wp-content\/uploads\/2024\/11\/a_IMG_6191-200x133.jpg"},"1536x1536":{"file":"a_IMG_6191-1536x1022.jpg","width":1536,"height":1022,"mime-type":"image\/jpeg","filesize":306593,"source_url":"https:\/\/lavras.tv\/site\/wp-content\/uploads\/2024\/11\/a_IMG_6191-1536x1022.jpg"},"2048x2048":{"file":"a_IMG_6191-2048x1363.jpg","width":2048,"height":1363,"mime-type":"image\/jpeg","filesize":466446,"source_url":"https:\/\/lavras.tv\/site\/wp-content\/uploads\/2024\/11\/a_IMG_6191-2048x1363.jpg"},"alm-thumbnail":{"file":"a_IMG_6191-150x150.jpg","width":150,"height":150,"mime-type":"image\/jpeg","filesize":41013,"source_url":"https:\/\/lavras.tv\/site\/wp-content\/uploads\/2024\/11\/a_IMG_6191-150x150.jpg"}},"image_meta":{"aperture":"5,6","credit":"Dirceu Aurelio","camera":"Canon EOS 6D Mark II","caption":"","created_timestamp":"1732542410","copyright":"Todos os direitos reservados 2022","focal_length":"24","iso":"400","shutter_speed":"0,0015625","title":"","orientation":"0","keywords":[]},"original_image":"a_IMG_6191.jpg"},"post":139827,"source_url":"https:\/\/lavras.tv\/site\/wp-content\/uploads\/2024\/11\/a_IMG_6191-scaled.jpg"},"author_meta":{"display_name":"Vinicius Bustamante","author_link":"https:\/\/lavras.tv\/site\/author\/vinicius-bustamante\/"},"featured_img":"https:\/\/lavras.tv\/site\/wp-content\/uploads\/2024\/11\/a_IMG_6191-451x300.jpg","coauthors":[],"tax_additional":{"categories":{"linked":["<a href=\"https:\/\/lavras.tv\/site\/category\/destaques\/\" class=\"advgb-post-tax-term\">Destaques<\/a>","<a href=\"https:\/\/lavras.tv\/site\/category\/noticias\/\" class=\"advgb-post-tax-term\">Not\u00edcias<\/a>"],"unlinked":["<span class=\"advgb-post-tax-term\">Destaques<\/span>","<span class=\"advgb-post-tax-term\">Not\u00edcias<\/span>"]}},"comment_count":"0","relative_dates":{"created":"Publicado 1 ano atr\u00e1s","modified":"Atualizado 1 ano atr\u00e1s"},"absolute_dates":{"created":"Publicado em 26 de novembro de 2024","modified":"Atualizado em 26 de novembro de 2024"},"absolute_dates_time":{"created":"Publicado em 26 de novembro de 2024 18:48","modified":"Atualizado em 26 de novembro de 2024 18:48"},"featured_img_caption":"","series_order":"","_links":{"self":[{"href":"https:\/\/lavras.tv\/site\/wp-json\/wp\/v2\/posts\/139827","targetHints":{"allow":["GET"]}}],"collection":[{"href":"https:\/\/lavras.tv\/site\/wp-json\/wp\/v2\/posts"}],"about":[{"href":"https:\/\/lavras.tv\/site\/wp-json\/wp\/v2\/types\/post"}],"author":[{"embeddable":true,"href":"https:\/\/lavras.tv\/site\/wp-json\/wp\/v2\/users\/5"}],"replies":[{"embeddable":true,"href":"https:\/\/lavras.tv\/site\/wp-json\/wp\/v2\/comments?post=139827"}],"version-history":[{"count":1,"href":"https:\/\/lavras.tv\/site\/wp-json\/wp\/v2\/posts\/139827\/revisions"}],"predecessor-version":[{"id":139839,"href":"https:\/\/lavras.tv\/site\/wp-json\/wp\/v2\/posts\/139827\/revisions\/139839"}],"wp:featuredmedia":[{"embeddable":true,"href":"https:\/\/lavras.tv\/site\/wp-json\/wp\/v2\/media\/139838"}],"wp:attachment":[{"href":"https:\/\/lavras.tv\/site\/wp-json\/wp\/v2\/media?parent=139827"}],"wp:term":[{"taxonomy":"category","embeddable":true,"href":"https:\/\/lavras.tv\/site\/wp-json\/wp\/v2\/categories?post=139827"},{"taxonomy":"post_tag","embeddable":true,"href":"https:\/\/lavras.tv\/site\/wp-json\/wp\/v2\/tags?post=139827"}],"curies":[{"name":"wp","href":"https:\/\/api.w.org\/{rel}","templated":true}]}}