{"id":139840,"date":"2024-11-26T18:55:23","date_gmt":"2024-11-26T21:55:23","guid":{"rendered":"https:\/\/lavras.tv\/site\/?p=139840"},"modified":"2024-11-26T18:55:24","modified_gmt":"2024-11-26T21:55:24","slug":"cafe-em-alta-novo-recorde-em-exportacao-sinaliza-que-mundo-abraca-cada-vez-mais-os-graos-de-minas","status":"publish","type":"post","link":"https:\/\/lavras.tv\/site\/2024\/11\/26\/cafe-em-alta-novo-recorde-em-exportacao-sinaliza-que-mundo-abraca-cada-vez-mais-os-graos-de-minas\/","title":{"rendered":"Caf\u00e9 em alta: novo recorde em exporta\u00e7\u00e3o sinaliza que mundo abra\u00e7a cada vez mais os gr\u00e3os de Minas"},"content":{"rendered":"<div class=\"lavra-antes-do-conteudo_2\" id=\"lavra-1859828608\"><div id=\"lavra-slider-27\" class=\"custom-slider lavra-slider-1793108012 lavra-slider\"><ul><li><div style=\"margin-left: auto;margin-right: auto;text-align: center;\" id=\"lavra-3305536068\"><a href=\"https:\/\/sistemas.lavras.mg.gov.br\/portalcidadao\/#df1b1a7c7b2a290bcb31e32771e610784662739a88807c0dacac58ede5f391a7530e299dc302d611ee73cb143fc22eaf93592e53e7b5bdb01b00a0b8d28dae460c141dd2ff83412e4dc1c31b16b25f33144a9e5620ea73b13f5bc1c59411d98439ad226e8af03840603796067d87afe130812cf3de24982d0e306f9e61e764e5\" aria-label=\"Lavras-TV&#8211;720x104px (1) (1)\"><img src=\"https:\/\/lavras.tv\/site\/wp-content\/uploads\/2025\/01\/Lavras-TV-720x104px-1-1.png\" alt=\"\"  srcset=\"https:\/\/lavras.tv\/site\/wp-content\/uploads\/2025\/01\/Lavras-TV-720x104px-1-1.png 720w, https:\/\/lavras.tv\/site\/wp-content\/uploads\/2025\/01\/Lavras-TV-720x104px-1-1-470x68.png 470w, https:\/\/lavras.tv\/site\/wp-content\/uploads\/2025\/01\/Lavras-TV-720x104px-1-1-170x25.png 170w, https:\/\/lavras.tv\/site\/wp-content\/uploads\/2025\/01\/Lavras-TV-720x104px-1-1-200x29.png 200w\" sizes=\"(max-width: 720px) 100vw, 720px\" width=\"720\" height=\"104\"  style=\"display: inline-block;\" \/><\/a><\/div><\/li><li><a href=\"https:\/\/sistemas.lavras.mg.gov.br\/portalcidadao\/#df1b1a7c7b2a290bcb31e32771e610784662739a88807c0dacac58ede5f391a7530e299dc302d611ee73cb143fc22eaf93592e53e7b5bdb01b00a0b8d28dae460c141dd2ff83412e4dc1c31b16b25f33144a9e5620ea73b13f5bc1c59411d98439ad226e8af03840603796067d87afe130812cf3de24982d0e306f9e61e764e5\" aria-label=\"Banner_Emprego_PortallavrasTV\"><img src=\"https:\/\/lavras.tv\/site\/wp-content\/uploads\/2025\/03\/Banner_Emprego_PortallavrasTV.png\" alt=\"\"  srcset=\"https:\/\/lavras.tv\/site\/wp-content\/uploads\/2025\/03\/Banner_Emprego_PortallavrasTV.png 720w, https:\/\/lavras.tv\/site\/wp-content\/uploads\/2025\/03\/Banner_Emprego_PortallavrasTV-470x68.png 470w, https:\/\/lavras.tv\/site\/wp-content\/uploads\/2025\/03\/Banner_Emprego_PortallavrasTV-170x25.png 170w, https:\/\/lavras.tv\/site\/wp-content\/uploads\/2025\/03\/Banner_Emprego_PortallavrasTV-200x29.png 200w\" sizes=\"(max-width: 720px) 100vw, 720px\" width=\"720\" height=\"104\"   \/><\/a><\/li><li><a href=\"https:\/\/sistemas.lavras.mg.gov.br\/portalcidadao\/#df1b1a7c7b2a290bcb31e32771e610784662739a88807c0dacac58ede5f391a7530e299dc302d611ee73cb143fc22eaf93592e53e7b5bdb01b00a0b8d28dae460c141dd2ff83412e4dc1c31b16b25f33144a9e5620ea73b13f5bc1c59411d98439ad226e8af03840603796067d87afe130812cf3de24982d0e306f9e61e764e5\" aria-label=\"Banner_Obras_PortallavrasTV\"><img src=\"https:\/\/lavras.tv\/site\/wp-content\/uploads\/2025\/03\/Banner_Obras_PortallavrasTV.png\" alt=\"\"  srcset=\"https:\/\/lavras.tv\/site\/wp-content\/uploads\/2025\/03\/Banner_Obras_PortallavrasTV.png 720w, https:\/\/lavras.tv\/site\/wp-content\/uploads\/2025\/03\/Banner_Obras_PortallavrasTV-470x68.png 470w, https:\/\/lavras.tv\/site\/wp-content\/uploads\/2025\/03\/Banner_Obras_PortallavrasTV-170x25.png 170w, https:\/\/lavras.tv\/site\/wp-content\/uploads\/2025\/03\/Banner_Obras_PortallavrasTV-200x29.png 200w\" sizes=\"(max-width: 720px) 100vw, 720px\" width=\"720\" height=\"104\"   \/><\/a><\/li><li><div style=\"margin-left: auto;margin-right: auto;text-align: center;\" id=\"lavra-1467101037\"><a href=\"https:\/\/sistemas.lavras.mg.gov.br\/portalcidadao\/#df1b1a7c7b2a290bcb31e32771e610784662739a88807c0dacac58ede5f391a7530e299dc302d611ee73cb143fc22eaf93592e53e7b5bdb01b00a0b8d28dae460c141dd2ff83412e4dc1c31b16b25f33144a9e5620ea73b13f5bc1c59411d98439ad226e8af03840603796067d87afe130812cf3de24982d0e306f9e61e764e5\" aria-label=\"Banner_Educa\u00e7\u00e3o_PortallavrasTV\"><img src=\"https:\/\/lavras.tv\/site\/wp-content\/uploads\/2025\/01\/Banner_Educacao_PortallavrasTV.png\" alt=\"\"  srcset=\"https:\/\/lavras.tv\/site\/wp-content\/uploads\/2025\/01\/Banner_Educacao_PortallavrasTV.png 720w, https:\/\/lavras.tv\/site\/wp-content\/uploads\/2025\/01\/Banner_Educacao_PortallavrasTV-470x68.png 470w, https:\/\/lavras.tv\/site\/wp-content\/uploads\/2025\/01\/Banner_Educacao_PortallavrasTV-170x25.png 170w, https:\/\/lavras.tv\/site\/wp-content\/uploads\/2025\/01\/Banner_Educacao_PortallavrasTV-200x29.png 200w\" sizes=\"(max-width: 720px) 100vw, 720px\" width=\"720\" height=\"104\"  style=\"display: inline-block;\" \/><\/a><\/div><\/li><li><a href=\"https:\/\/sistemas.lavras.mg.gov.br\/portalcidadao\/#df1b1a7c7b2a290bcb31e32771e610784662739a88807c0dacac58ede5f391a7530e299dc302d611ee73cb143fc22eaf93592e53e7b5bdb01b00a0b8d28dae460c141dd2ff83412e4dc1c31b16b25f33144a9e5620ea73b13f5bc1c59411d98439ad226e8af03840603796067d87afe130812cf3de24982d0e306f9e61e764e5\" aria-label=\"Banner_Sa\u00fade_PortallavrasTV\"><img src=\"https:\/\/lavras.tv\/site\/wp-content\/uploads\/2025\/03\/Banner_Saude_PortallavrasTV.png\" alt=\"\"  srcset=\"https:\/\/lavras.tv\/site\/wp-content\/uploads\/2025\/03\/Banner_Saude_PortallavrasTV.png 720w, https:\/\/lavras.tv\/site\/wp-content\/uploads\/2025\/03\/Banner_Saude_PortallavrasTV-470x68.png 470w, https:\/\/lavras.tv\/site\/wp-content\/uploads\/2025\/03\/Banner_Saude_PortallavrasTV-170x25.png 170w, https:\/\/lavras.tv\/site\/wp-content\/uploads\/2025\/03\/Banner_Saude_PortallavrasTV-200x29.png 200w\" sizes=\"(max-width: 720px) 100vw, 720px\" width=\"720\" height=\"104\"   \/><\/a><\/li><li><div id=\"lavra-4118709137\" style=\"width:720px;height:104px;background-color:#ddd;overflow:scroll;\">\n\t<strong>Sa\u00edda da depura\u00e7\u00e3o de an\u00fancios<\/strong>\n\t<br><br>\n\tO an\u00fancio n\u00e3o \u00e9 exibido na p\u00e1gina<br><br>post atual: Caf\u00e9 em alta: novo recorde em exporta\u00e7\u00e3o sinaliza que mundo abra\u00e7a cada vez mais os gr\u00e3os de Minas, ID: 139840<br><br><span style=\"color: red;\">O post atual n\u00e3o \u00e9 id\u00eantico ao post principal.<\/span><br><br>An\u00fancios: ROXO - TOPO INTERNA - ROTATIVO 2 (197)<br \/>Grupo de an\u00fancios: Princ_Meio01_720x104 (27)<br><br>Condi\u00e7\u00f5es de exibi\u00e7\u00e3o<div style=\"margin-bottom: 20px; white-space: pre-wrap; font-family: monospace; width: 100%; background: #ffe9e9;\"><strong>condi\u00e7\u00f5es gerais<\/strong><table border=\"1\"><thead><tr><th><\/th><th>An\u00fancios<\/th><th>wp_the_query<\/th><\/tr><\/thead><tr><td>is_main_query<\/td><td>1<\/td><td>1<\/td><\/tr><tr><td>is_rest_api<\/td><td>0<\/td><td>1<\/td><\/tr><tr><td>page<\/td><td>0<\/td><td>1<\/td><\/tr><tr><td>numpages<\/td><td>0<\/td><td>1<\/td><\/tr><tr><td>is_archive<\/td><td>1<\/td><td><\/td><\/tr><tr><td>is_search<\/td><td>1<\/td><td><\/td><\/tr><tr><td>is_home<\/td><td>1<\/td><td><\/td><\/tr><tr><td>is_404<\/td><td>1<\/td><td><\/td><\/tr><tr><td>is_attachment<\/td><td>1<\/td><td><\/td><\/tr><tr><td>is_singular<\/td><td>1<\/td><td><\/td><\/tr><tr><td>is_front_page<\/td><td>1<\/td><td><\/td><\/tr><tr><td>is_feed<\/td><td>1<\/td><td><\/td><\/tr><\/table><\/div><br><br><span style=\"color: red;\">Seu site usa HTTPS, mas o c\u00f3digo do an\u00fancio cont\u00e9m HTTP e pode n\u00e3o funcionar.<\/span>\t<br><br>\n\t<a style=\"color: green;\" href=\"https:\/\/wpadvancedads.com\/manual\/ad-debug-mode\/?utm_source=advanced-ads&utm_medium=link&utm_campaign=ad-debug-mode\" target=\"_blank\" rel=\"nofollow\">Encontre solu\u00e7\u00f5es no manual<\/a>\n<\/div>\n<\/li><\/ul><\/div><script>( window.advanced_ads_ready || jQuery( document ).ready ).call( null, function() {var $lavraslider1793108012 = jQuery( \".lavra-slider-1793108012\" );$lavraslider1793108012.on( \"unslider.ready\", function() { jQuery( \"div.custom-slider ul li\" ).css( \"display\", \"block\" ); });$lavraslider1793108012.unslider({ delay:4000, autoplay:true, nav:false, arrows:false, infinite:true });$lavraslider1793108012.on(\"mouseover\", function() {$lavraslider1793108012.unslider(\"stop\");}).on(\"mouseout\", function() {$lavraslider1793108012.unslider(\"start\");});});<\/script><\/div>\n<p><em>Produtos do agro responderam por 40,3% das exporta\u00e7\u00f5es totais de Minas Gerais, com novos recordes tanto em receita quanto em volume. Desta vez, carnes tamb\u00e9m obtiveram destaque<\/em><\/p>\n\n\n\n<figure class=\"wp-block-image size-large\"><img fetchpriority=\"high\" decoding=\"async\" width=\"970\" height=\"546\" src=\"https:\/\/lavras.tv\/site\/wp-content\/uploads\/2024\/11\/Cafe-Divulgacao-Seapa-970x546.jpg\" alt=\"\" class=\"wp-image-139841\" srcset=\"https:\/\/lavras.tv\/site\/wp-content\/uploads\/2024\/11\/Cafe-Divulgacao-Seapa-970x546.jpg 970w, https:\/\/lavras.tv\/site\/wp-content\/uploads\/2024\/11\/Cafe-Divulgacao-Seapa-470x265.jpg 470w, https:\/\/lavras.tv\/site\/wp-content\/uploads\/2024\/11\/Cafe-Divulgacao-Seapa-170x96.jpg 170w, https:\/\/lavras.tv\/site\/wp-content\/uploads\/2024\/11\/Cafe-Divulgacao-Seapa-200x113.jpg 200w, https:\/\/lavras.tv\/site\/wp-content\/uploads\/2024\/11\/Cafe-Divulgacao-Seapa-1536x865.jpg 1536w, https:\/\/lavras.tv\/site\/wp-content\/uploads\/2024\/11\/Cafe-Divulgacao-Seapa-2048x1153.jpg 2048w\" sizes=\"(max-width: 970px) 100vw, 970px\" \/><\/figure>\n\n\n\n<p>No m\u00eas em que Minas Gerais recebeu um dos maiores eventos da cafeicultura na Am\u00e9rica Latina, a Semana Internacional do Caf\u00e9 (SIC 2024), o gr\u00e3o novamente \u00e9 destaque nas exporta\u00e7\u00f5es do estado. Os n\u00fameros estabeleceram novos recordes tanto em valores quanto em volume e j\u00e1 superam o resultado da receita de todo o ano de 2023, que foi de US$ 5,5 bilh\u00f5es e 25,6 milh\u00f5es de sacas.<\/p>\n\n\n\n<p>Dados consolidados de janeiro a outubro deste ano indicam US$ 6,2 bilh\u00f5es em receita com 25,1 milh\u00f5es de sacas embarcadas para 86 pa\u00edses no per\u00edodo. O caf\u00e9 representou 44% das exporta\u00e7\u00f5es dos produtos agropecu\u00e1rios.<\/p>\n\n\n\n<p>O secret\u00e1rio de Agricultura, Pecu\u00e1ria e Abastecimento de Minas Gerais, Thales Fernandes, considera que esse sucesso demonstra que o mundo reconhece cada vez mais a qualidade do caf\u00e9 mineiro. \u201cProvamos a cada dia que nossa agropecu\u00e1ria \u00e9 ambientalmente sustent\u00e1vel, uma exig\u00eancia crescente dos compradores. O Governo de Minas investe para que os produtores rurais tenham acesso a tecnologias e boas pr\u00e1ticas na produ\u00e7\u00e3o, e estamos colhendo os frutos disso\u201d, avaliou.<\/p>\n\n\n\n<p>A China segue sendo o maior comprador do caf\u00e9 de Minas Gerais, mas a B\u00e9lgica destacou-se ao aumentar suas aquisi\u00e7\u00f5es em 125%, alcan\u00e7ando US$ 608 milh\u00f5es. Isso al\u00e7ou o pa\u00eds europeu para a 4\u00aa posi\u00e7\u00e3o dos principais pa\u00edses compradores.<\/p>\n\n\n\n<p>Agro em destaque<\/p>\n\n\n\n<p>Os produtos agropecu\u00e1rios seguem sendo destaque nas vendas para o exterior, correspondendo a 40,3% das exporta\u00e7\u00f5es totais de Minas Gerais. Com base no desempenho atual, estima-se que a receita anual do agroneg\u00f3cio mineiro possa atingir cerca de US$ 17 bilh\u00f5es.<\/p>\n\n\n\n<p>O portf\u00f3lio das exporta\u00e7\u00f5es mineiras abrange 603 itens diferentes, com destaque para o caf\u00e9, complexo soja, complexo sucroalcooleiro, carnes e produtos florestais. Juntos, esses cinco produtos representam 41% da receita das exporta\u00e7\u00f5es mineiras, considerando todos os setores. A China segue sendo o principal destino dos produtos do agro, totalizando US$ 3,8 bilh\u00f5es em receita. Os Estados Unidos vem em seguida, com US$ 1,4 bilh\u00e3o.<\/p>\n\n\n\n<p>Com rela\u00e7\u00e3o apenas ao m\u00eas de outubro, as exporta\u00e7\u00f5es do agroneg\u00f3cio mineiro registraram US$ 1,5 bilh\u00e3o em receitas e 991 mil toneladas embarcadas. Comparado ao mesmo m\u00eas de 2023, houve um aumento de 23% na receita e uma redu\u00e7\u00e3o de 13% no volume exportado. O caf\u00e9, que representou 62% das exporta\u00e7\u00f5es no m\u00eas, influenciou positivamente o resultado financeiro devido \u00e0 sua valoriza\u00e7\u00e3o no mercado internacional.<\/p>\n\n\n\n<p>Carne bovina<\/p>\n\n\n\n<p>A exporta\u00e7\u00e3o de carnes tamb\u00e9m registrou recordes no per\u00edodo apurado. A carne bovina, respons\u00e1vel por 74% da receita do segmento, alcan\u00e7ou US$ 933 milh\u00f5es e 216 mil toneladas, estabelecendo um novo recorde em volume exportado. O produto chegou a 76 pa\u00edses, sendo que os Estados Unidos aumentaram suas aquisi\u00e7\u00f5es em 528%.<\/p>\n\n\n\n<p>Junto com a carne bovina, esse complexo \u00e9 formado pela carne de frango, a su\u00edna e \u201cdemais carnes, miudezas e preparos\u201d. A carne de frango registrou quedas de 16% em valor e 13% em volume, totalizando US$ 263 milh\u00f5es e 139 mil toneladas, mas a carne su\u00edna manteve desempenho positivo, com aumentos de 20% em valor e 34% em volume, atingindo US$ 47 milh\u00f5es e 24 mil toneladas.<\/p>\n\n\n\n<p>Soja, a\u00e7\u00facar e silvicultura<\/p>\n\n\n\n<p>O pre\u00e7o da soja sofreu uma pequena desvaloriza\u00e7\u00e3o e causou uma queda de 7% na receita, apesar do volume de vendas ter crescido em 12%. No per\u00edodo de janeiro a outubro, o chamado \u2018complexo soja\u2019, que inclui o gr\u00e3o, o farelo e o \u00f3leo de soja, atingiu US$ 3,1 bilh\u00f5es em receita e 7 milh\u00f5es de toneladas exportadas. O principal comprador segue sendo a China, que respondeu por 76% das vendas.<\/p>\n\n\n\n<p>O a\u00e7\u00facar obteve um aumento de 30% em valor e 28% em volume exportado. O produto \u00e9 o principal do chamado \u2018complexo sucroalcooleiro\u2019, composto por a\u00e7\u00facar de cana, \u00e1lcool e demais a\u00e7\u00facares. Ao todo, o complexo alcan\u00e7ou US$ 2 bilh\u00f5es em receita, com a comercializa\u00e7\u00e3o de 4,2 milh\u00f5es de toneladas, representando 14% da pauta exportadora do agroneg\u00f3cio mineiro.<\/p>\n\n\n\n<p>Quanto aos produtos florestais, compostos por celulose, madeira, papel e borracha, as exporta\u00e7\u00f5es totalizaram US$ 943 milh\u00f5es e 1,4 milh\u00e3o de toneladas. A celulose, principal item do segmento, registrou US$ 918 milh\u00f5es e 1,3 milh\u00e3o de toneladas, representando 97% da receita do setor.<\/p>\n","protected":false},"excerpt":{"rendered":"<p>Produtos do agro responderam por 40,3% das exporta\u00e7\u00f5es totais de Minas Gerais, com novos recordes tanto em receita quanto em volume. Desta vez, carnes tamb\u00e9m obtiveram destaque No m\u00eas em que Minas Gerais recebeu um dos maiores eventos da cafeicultura na Am\u00e9rica Latina, a Semana Internacional do Caf\u00e9 (SIC 2024), o gr\u00e3o novamente \u00e9 destaque [&hellip;]<\/p>\n","protected":false},"author":5,"featured_media":139841,"comment_status":"closed","ping_status":"open","sticky":false,"template":"","format":"standard","meta":{"advgb_blocks_editor_width":"","advgb_blocks_columns_visual_guide":"","_exactmetrics_skip_tracking":false,"_exactmetrics_sitenote_active":false,"_exactmetrics_sitenote_note":"","_exactmetrics_sitenote_category":0,"footnotes":""},"categories":[7,2],"tags":[],"class_list":["post-139840","post","type-post","status-publish","format-standard","has-post-thumbnail","hentry","category-destaques","category-noticias"],"better_featured_image":{"id":139841,"alt_text":"","caption":"","description":"","media_type":"image","media_details":{"width":2560,"height":1441,"file":"2024\/11\/Cafe-Divulgacao-Seapa.jpg","filesize":946256,"sizes":{"medium":{"file":"Cafe-Divulgacao-Seapa-470x265.jpg","width":470,"height":265,"mime-type":"image\/jpeg","filesize":35266,"source_url":"https:\/\/lavras.tv\/site\/wp-content\/uploads\/2024\/11\/Cafe-Divulgacao-Seapa-470x265.jpg"},"large":{"file":"Cafe-Divulgacao-Seapa-970x546.jpg","width":970,"height":546,"mime-type":"image\/jpeg","filesize":103160,"source_url":"https:\/\/lavras.tv\/site\/wp-content\/uploads\/2024\/11\/Cafe-Divulgacao-Seapa-970x546.jpg"},"thumbnail":{"file":"Cafe-Divulgacao-Seapa-170x96.jpg","width":170,"height":96,"mime-type":"image\/jpeg","filesize":7761,"source_url":"https:\/\/lavras.tv\/site\/wp-content\/uploads\/2024\/11\/Cafe-Divulgacao-Seapa-170x96.jpg"},"lshowcase-thumb":{"file":"Cafe-Divulgacao-Seapa-200x113.jpg","width":200,"height":113,"mime-type":"image\/jpeg","filesize":10029,"source_url":"https:\/\/lavras.tv\/site\/wp-content\/uploads\/2024\/11\/Cafe-Divulgacao-Seapa-200x113.jpg"},"1536x1536":{"file":"Cafe-Divulgacao-Seapa-1536x865.jpg","width":1536,"height":865,"mime-type":"image\/jpeg","filesize":213524,"source_url":"https:\/\/lavras.tv\/site\/wp-content\/uploads\/2024\/11\/Cafe-Divulgacao-Seapa-1536x865.jpg"},"2048x2048":{"file":"Cafe-Divulgacao-Seapa-2048x1153.jpg","width":2048,"height":1153,"mime-type":"image\/jpeg","filesize":347632,"source_url":"https:\/\/lavras.tv\/site\/wp-content\/uploads\/2024\/11\/Cafe-Divulgacao-Seapa-2048x1153.jpg"},"alm-thumbnail":{"file":"Cafe-Divulgacao-Seapa-150x150.jpg","width":150,"height":150,"mime-type":"image\/jpeg","filesize":9375,"source_url":"https:\/\/lavras.tv\/site\/wp-content\/uploads\/2024\/11\/Cafe-Divulgacao-Seapa-150x150.jpg"}},"image_meta":{"aperture":"0","credit":"","camera":"","caption":"","created_timestamp":"0","copyright":"","focal_length":"0","iso":"0","shutter_speed":"0","title":"","orientation":"0","keywords":[]}},"post":139840,"source_url":"https:\/\/lavras.tv\/site\/wp-content\/uploads\/2024\/11\/Cafe-Divulgacao-Seapa.jpg"},"author_meta":{"display_name":"Vinicius Bustamante","author_link":"https:\/\/lavras.tv\/site\/author\/vinicius-bustamante\/"},"featured_img":"https:\/\/lavras.tv\/site\/wp-content\/uploads\/2024\/11\/Cafe-Divulgacao-Seapa-470x265.jpg","coauthors":[],"tax_additional":{"categories":{"linked":["<a href=\"https:\/\/lavras.tv\/site\/category\/destaques\/\" class=\"advgb-post-tax-term\">Destaques<\/a>","<a href=\"https:\/\/lavras.tv\/site\/category\/noticias\/\" class=\"advgb-post-tax-term\">Not\u00edcias<\/a>"],"unlinked":["<span class=\"advgb-post-tax-term\">Destaques<\/span>","<span class=\"advgb-post-tax-term\">Not\u00edcias<\/span>"]}},"comment_count":"0","relative_dates":{"created":"Publicado 1 ano atr\u00e1s","modified":"Atualizado 1 ano atr\u00e1s"},"absolute_dates":{"created":"Publicado em 26 de novembro de 2024","modified":"Atualizado em 26 de novembro de 2024"},"absolute_dates_time":{"created":"Publicado em 26 de novembro de 2024 18:55","modified":"Atualizado em 26 de novembro de 2024 18:55"},"featured_img_caption":"","series_order":"","_links":{"self":[{"href":"https:\/\/lavras.tv\/site\/wp-json\/wp\/v2\/posts\/139840","targetHints":{"allow":["GET"]}}],"collection":[{"href":"https:\/\/lavras.tv\/site\/wp-json\/wp\/v2\/posts"}],"about":[{"href":"https:\/\/lavras.tv\/site\/wp-json\/wp\/v2\/types\/post"}],"author":[{"embeddable":true,"href":"https:\/\/lavras.tv\/site\/wp-json\/wp\/v2\/users\/5"}],"replies":[{"embeddable":true,"href":"https:\/\/lavras.tv\/site\/wp-json\/wp\/v2\/comments?post=139840"}],"version-history":[{"count":1,"href":"https:\/\/lavras.tv\/site\/wp-json\/wp\/v2\/posts\/139840\/revisions"}],"predecessor-version":[{"id":139842,"href":"https:\/\/lavras.tv\/site\/wp-json\/wp\/v2\/posts\/139840\/revisions\/139842"}],"wp:featuredmedia":[{"embeddable":true,"href":"https:\/\/lavras.tv\/site\/wp-json\/wp\/v2\/media\/139841"}],"wp:attachment":[{"href":"https:\/\/lavras.tv\/site\/wp-json\/wp\/v2\/media?parent=139840"}],"wp:term":[{"taxonomy":"category","embeddable":true,"href":"https:\/\/lavras.tv\/site\/wp-json\/wp\/v2\/categories?post=139840"},{"taxonomy":"post_tag","embeddable":true,"href":"https:\/\/lavras.tv\/site\/wp-json\/wp\/v2\/tags?post=139840"}],"curies":[{"name":"wp","href":"https:\/\/api.w.org\/{rel}","templated":true}]}}