{"id":139843,"date":"2024-11-26T19:08:06","date_gmt":"2024-11-26T22:08:06","guid":{"rendered":"https:\/\/lavras.tv\/site\/?p=139843"},"modified":"2024-11-26T19:08:07","modified_gmt":"2024-11-26T22:08:07","slug":"black-friday-chegando-cemig-orienta-sobre-aparelhos-que-podem-encarecer-sua-conta-de-luz","status":"publish","type":"post","link":"https:\/\/lavras.tv\/site\/2024\/11\/26\/black-friday-chegando-cemig-orienta-sobre-aparelhos-que-podem-encarecer-sua-conta-de-luz\/","title":{"rendered":"Black Friday chegando: Cemig orienta sobre aparelhos que podem encarecer sua conta de luz"},"content":{"rendered":"<div class=\"lavra-antes-do-conteudo_2\" id=\"lavra-777807166\"><div id=\"lavra-slider-27\" class=\"custom-slider lavra-slider-1234210278 lavra-slider\"><ul><li><div style=\"margin-left: auto;margin-right: auto;text-align: center;\" id=\"lavra-3644586269\"><a href=\"https:\/\/sistemas.lavras.mg.gov.br\/portalcidadao\/#df1b1a7c7b2a290bcb31e32771e610784662739a88807c0dacac58ede5f391a7530e299dc302d611ee73cb143fc22eaf93592e53e7b5bdb01b00a0b8d28dae460c141dd2ff83412e4dc1c31b16b25f33144a9e5620ea73b13f5bc1c59411d98439ad226e8af03840603796067d87afe130812cf3de24982d0e306f9e61e764e5\" aria-label=\"Lavras-TV&#8211;720x104px (1) (1)\"><img src=\"https:\/\/lavras.tv\/site\/wp-content\/uploads\/2025\/01\/Lavras-TV-720x104px-1-1.png\" alt=\"\"  srcset=\"https:\/\/lavras.tv\/site\/wp-content\/uploads\/2025\/01\/Lavras-TV-720x104px-1-1.png 720w, https:\/\/lavras.tv\/site\/wp-content\/uploads\/2025\/01\/Lavras-TV-720x104px-1-1-470x68.png 470w, https:\/\/lavras.tv\/site\/wp-content\/uploads\/2025\/01\/Lavras-TV-720x104px-1-1-170x25.png 170w, https:\/\/lavras.tv\/site\/wp-content\/uploads\/2025\/01\/Lavras-TV-720x104px-1-1-200x29.png 200w\" sizes=\"(max-width: 720px) 100vw, 720px\" width=\"720\" height=\"104\"  style=\"display: inline-block;\" \/><\/a><\/div><\/li><li><a href=\"https:\/\/sistemas.lavras.mg.gov.br\/portalcidadao\/#df1b1a7c7b2a290bcb31e32771e610784662739a88807c0dacac58ede5f391a7530e299dc302d611ee73cb143fc22eaf93592e53e7b5bdb01b00a0b8d28dae460c141dd2ff83412e4dc1c31b16b25f33144a9e5620ea73b13f5bc1c59411d98439ad226e8af03840603796067d87afe130812cf3de24982d0e306f9e61e764e5\" aria-label=\"Banner_Emprego_PortallavrasTV\"><img src=\"https:\/\/lavras.tv\/site\/wp-content\/uploads\/2025\/03\/Banner_Emprego_PortallavrasTV.png\" alt=\"\"  srcset=\"https:\/\/lavras.tv\/site\/wp-content\/uploads\/2025\/03\/Banner_Emprego_PortallavrasTV.png 720w, https:\/\/lavras.tv\/site\/wp-content\/uploads\/2025\/03\/Banner_Emprego_PortallavrasTV-470x68.png 470w, https:\/\/lavras.tv\/site\/wp-content\/uploads\/2025\/03\/Banner_Emprego_PortallavrasTV-170x25.png 170w, https:\/\/lavras.tv\/site\/wp-content\/uploads\/2025\/03\/Banner_Emprego_PortallavrasTV-200x29.png 200w\" sizes=\"(max-width: 720px) 100vw, 720px\" width=\"720\" height=\"104\"   \/><\/a><\/li><li><a href=\"https:\/\/sistemas.lavras.mg.gov.br\/portalcidadao\/#df1b1a7c7b2a290bcb31e32771e610784662739a88807c0dacac58ede5f391a7530e299dc302d611ee73cb143fc22eaf93592e53e7b5bdb01b00a0b8d28dae460c141dd2ff83412e4dc1c31b16b25f33144a9e5620ea73b13f5bc1c59411d98439ad226e8af03840603796067d87afe130812cf3de24982d0e306f9e61e764e5\" aria-label=\"Banner_Obras_PortallavrasTV\"><img src=\"https:\/\/lavras.tv\/site\/wp-content\/uploads\/2025\/03\/Banner_Obras_PortallavrasTV.png\" alt=\"\"  srcset=\"https:\/\/lavras.tv\/site\/wp-content\/uploads\/2025\/03\/Banner_Obras_PortallavrasTV.png 720w, https:\/\/lavras.tv\/site\/wp-content\/uploads\/2025\/03\/Banner_Obras_PortallavrasTV-470x68.png 470w, https:\/\/lavras.tv\/site\/wp-content\/uploads\/2025\/03\/Banner_Obras_PortallavrasTV-170x25.png 170w, https:\/\/lavras.tv\/site\/wp-content\/uploads\/2025\/03\/Banner_Obras_PortallavrasTV-200x29.png 200w\" sizes=\"(max-width: 720px) 100vw, 720px\" width=\"720\" height=\"104\"   \/><\/a><\/li><li><div style=\"margin-left: auto;margin-right: auto;text-align: center;\" id=\"lavra-687526429\"><a href=\"https:\/\/sistemas.lavras.mg.gov.br\/portalcidadao\/#df1b1a7c7b2a290bcb31e32771e610784662739a88807c0dacac58ede5f391a7530e299dc302d611ee73cb143fc22eaf93592e53e7b5bdb01b00a0b8d28dae460c141dd2ff83412e4dc1c31b16b25f33144a9e5620ea73b13f5bc1c59411d98439ad226e8af03840603796067d87afe130812cf3de24982d0e306f9e61e764e5\" aria-label=\"Banner_Educa\u00e7\u00e3o_PortallavrasTV\"><img src=\"https:\/\/lavras.tv\/site\/wp-content\/uploads\/2025\/01\/Banner_Educacao_PortallavrasTV.png\" alt=\"\"  srcset=\"https:\/\/lavras.tv\/site\/wp-content\/uploads\/2025\/01\/Banner_Educacao_PortallavrasTV.png 720w, https:\/\/lavras.tv\/site\/wp-content\/uploads\/2025\/01\/Banner_Educacao_PortallavrasTV-470x68.png 470w, https:\/\/lavras.tv\/site\/wp-content\/uploads\/2025\/01\/Banner_Educacao_PortallavrasTV-170x25.png 170w, https:\/\/lavras.tv\/site\/wp-content\/uploads\/2025\/01\/Banner_Educacao_PortallavrasTV-200x29.png 200w\" sizes=\"(max-width: 720px) 100vw, 720px\" width=\"720\" height=\"104\"  style=\"display: inline-block;\" \/><\/a><\/div><\/li><li><a href=\"https:\/\/sistemas.lavras.mg.gov.br\/portalcidadao\/#df1b1a7c7b2a290bcb31e32771e610784662739a88807c0dacac58ede5f391a7530e299dc302d611ee73cb143fc22eaf93592e53e7b5bdb01b00a0b8d28dae460c141dd2ff83412e4dc1c31b16b25f33144a9e5620ea73b13f5bc1c59411d98439ad226e8af03840603796067d87afe130812cf3de24982d0e306f9e61e764e5\" aria-label=\"Banner_Sa\u00fade_PortallavrasTV\"><img src=\"https:\/\/lavras.tv\/site\/wp-content\/uploads\/2025\/03\/Banner_Saude_PortallavrasTV.png\" alt=\"\"  srcset=\"https:\/\/lavras.tv\/site\/wp-content\/uploads\/2025\/03\/Banner_Saude_PortallavrasTV.png 720w, https:\/\/lavras.tv\/site\/wp-content\/uploads\/2025\/03\/Banner_Saude_PortallavrasTV-470x68.png 470w, https:\/\/lavras.tv\/site\/wp-content\/uploads\/2025\/03\/Banner_Saude_PortallavrasTV-170x25.png 170w, https:\/\/lavras.tv\/site\/wp-content\/uploads\/2025\/03\/Banner_Saude_PortallavrasTV-200x29.png 200w\" sizes=\"(max-width: 720px) 100vw, 720px\" width=\"720\" height=\"104\"   \/><\/a><\/li><li><div id=\"lavra-2930339973\" style=\"width:720px;height:104px;background-color:#ddd;overflow:scroll;\">\n\t<strong>Sa\u00edda da depura\u00e7\u00e3o de an\u00fancios<\/strong>\n\t<br><br>\n\tO an\u00fancio n\u00e3o \u00e9 exibido na p\u00e1gina<br><br>post atual: Black Friday chegando: Cemig orienta sobre aparelhos que podem encarecer sua conta de luz, ID: 139843<br><br><span style=\"color: red;\">O post atual n\u00e3o \u00e9 id\u00eantico ao post principal.<\/span><br><br>An\u00fancios: ROXO - TOPO INTERNA - ROTATIVO 2 (197)<br \/>Grupo de an\u00fancios: Princ_Meio01_720x104 (27)<br><br>Condi\u00e7\u00f5es de exibi\u00e7\u00e3o<div style=\"margin-bottom: 20px; white-space: pre-wrap; font-family: monospace; width: 100%; background: #ffe9e9;\"><strong>condi\u00e7\u00f5es gerais<\/strong><table border=\"1\"><thead><tr><th><\/th><th>An\u00fancios<\/th><th>wp_the_query<\/th><\/tr><\/thead><tr><td>is_main_query<\/td><td>1<\/td><td>1<\/td><\/tr><tr><td>is_rest_api<\/td><td>0<\/td><td>1<\/td><\/tr><tr><td>page<\/td><td>0<\/td><td>1<\/td><\/tr><tr><td>numpages<\/td><td>0<\/td><td>1<\/td><\/tr><tr><td>is_archive<\/td><td>1<\/td><td><\/td><\/tr><tr><td>is_search<\/td><td>1<\/td><td><\/td><\/tr><tr><td>is_home<\/td><td>1<\/td><td><\/td><\/tr><tr><td>is_404<\/td><td>1<\/td><td><\/td><\/tr><tr><td>is_attachment<\/td><td>1<\/td><td><\/td><\/tr><tr><td>is_singular<\/td><td>1<\/td><td><\/td><\/tr><tr><td>is_front_page<\/td><td>1<\/td><td><\/td><\/tr><tr><td>is_feed<\/td><td>1<\/td><td><\/td><\/tr><\/table><\/div><br><br><span style=\"color: red;\">Seu site usa HTTPS, mas o c\u00f3digo do an\u00fancio cont\u00e9m HTTP e pode n\u00e3o funcionar.<\/span>\t<br><br>\n\t<a style=\"color: green;\" href=\"https:\/\/wpadvancedads.com\/manual\/ad-debug-mode\/?utm_source=advanced-ads&utm_medium=link&utm_campaign=ad-debug-mode\" target=\"_blank\" rel=\"nofollow\">Encontre solu\u00e7\u00f5es no manual<\/a>\n<\/div>\n<\/li><\/ul><\/div><script>( window.advanced_ads_ready || jQuery( document ).ready ).call( null, function() {var $lavraslider1234210278 = jQuery( \".lavra-slider-1234210278\" );$lavraslider1234210278.on( \"unslider.ready\", function() { jQuery( \"div.custom-slider ul li\" ).css( \"display\", \"block\" ); });$lavraslider1234210278.unslider({ delay:4000, autoplay:true, nav:false, arrows:false, infinite:true });$lavraslider1234210278.on(\"mouseover\", function() {$lavraslider1234210278.unslider(\"stop\");}).on(\"mouseout\", function() {$lavraslider1234210278.unslider(\"start\");});});<\/script><\/div>\n<p><em>Grande parte dos brasileiros planeja adquirir um equipamento eletr\u00f4nico na ocasi\u00e3o, de acordo com pesquisa<\/em><\/p>\n\n\n\n<figure class=\"wp-block-video\"><video height=\"480\" style=\"aspect-ratio: 848 \/ 480;\" width=\"848\" controls src=\"https:\/\/lavras.tv\/site\/wp-content\/uploads\/2024\/11\/Thiago_Batista_Black_Friday.mp4\"><\/video><\/figure>\n\n\n\n<p>A Black Friday, uma das principais datas do com\u00e9rcio brasileiro, acontecer\u00e1 na pr\u00f3xima sexta-feira, dia 29 de novembro. Segundo uma pesquisa da LWSA, 62% dos consumidores pretendem gastar at\u00e9 R$ 3 mil em compras. Entre os produtos mais buscados, 51% apontaram interesse em eletr\u00f4nicos.<\/p>\n\n\n\n<p>Com o aumento na procura por eletrodom\u00e9sticos, a Cemig alerta que o desconto obtido nas compras pode ser comprometido se a efici\u00eancia energ\u00e9tica do equipamento n\u00e3o for considerada. Segundo Thiago Batista, engenheiro de Efici\u00eancia Energ\u00e9tica da Cemig, \u00e9 essencial observar a pot\u00eancia e o tempo de uso do produto antes da compra.<\/p>\n\n\n\n<p>\u201cO cliente possui dois caminhos para evitar o desperd\u00edcio de energia: reduzir o tempo de uso do equipamento ou optar por modelos mais eficientes. Ao adquirir um eletrodom\u00e9stico, compare produtos similares e escolha os mais econ\u00f4micos. Comprar algo barato, mas ineficiente, pode pesar na conta de luz durante toda a vida \u00fatil do aparelho\u201d, destaca o especialista.<\/p>\n\n\n\n<p>Thiago Batista refor\u00e7a ainda a import\u00e2ncia de buscar equipamentos com o Selo Procel ou com a etiqueta do Inmetro com classifica\u00e7\u00e3o \u201cA\u201d, que indicam maior efici\u00eancia energ\u00e9tica.<\/p>\n\n\n\n<p>\u201cO Selo Procel \u00e9 amplamente conhecido e garante que o equipamento oferece o melhor desempenho energ\u00e9tico em sua categoria. Essa escolha beneficia o consumidor, reduzindo o consumo de energia e os gastos a longo prazo\u201d, explica.<\/p>\n\n\n\n<p>Criado na d\u00e9cada de 1990, o Selo Procel pode ser encontrado em diversos tipos de produtos, como geladeiras, lavadoras, TVs, micro-ondas, l\u00e2mpadas e sistemas de energia solar.<\/p>\n\n\n\n<p>Tabela ENCE tamb\u00e9m ajuda na escolha<\/p>\n\n\n\n<p>Durante a Black Friday, o principal atrativo \u00e9 o pre\u00e7o. No entanto, produtos mais baratos que os similares podem apresentar baixa efici\u00eancia energ\u00e9tica. Para avaliar isso, \u00e9 fundamental consultar a tabela ENCE (Etiqueta Nacional de Conserva\u00e7\u00e3o de Energia), do Inmetro, que classifica os equipamentos de A (mais eficiente) a G (menos eficiente).<\/p>\n\n\n\n<p>\u201cSe o aparelho adquirido estiver mal classificado, o desconto inicial da Black Friday pode n\u00e3o valer a pena, j\u00e1 que o elevado consumo compensar\u00e1 a economia inicial\u201d, afirma Thiago Batista.<\/p>\n\n\n\n<p>As compras online tamb\u00e9m merecem aten\u00e7\u00e3o, j\u00e1 que informa\u00e7\u00f5es sobre efici\u00eancia energ\u00e9tica nem sempre est\u00e3o dispon\u00edveis nos sites de e-commerce.<\/p>\n\n\n\n<p>\u201cVerifique o modelo no site do fabricante ou em outros canais confi\u00e1veis para garantir que o equipamento seja eficiente e traga economia na conta de luz\u201d, orienta.<\/p>\n\n\n\n<p>\u201cComprar um equipamento \u00e9 como firmar um contrato de longo prazo. Um produto ineficiente pode gerar custos extras durante anos. Por isso, \u00e9 sempre melhor investir na efici\u00eancia do produto para evitar dores de cabe\u00e7a com a conta de energia\u201d, completa.<\/p>\n","protected":false},"excerpt":{"rendered":"<p>Grande parte dos brasileiros planeja adquirir um equipamento eletr\u00f4nico na ocasi\u00e3o, de acordo com pesquisa A Black Friday, uma das principais datas do com\u00e9rcio brasileiro, acontecer\u00e1 na pr\u00f3xima sexta-feira, dia 29 de novembro. Segundo uma pesquisa da LWSA, 62% dos consumidores pretendem gastar at\u00e9 R$ 3 mil em compras. Entre os produtos mais buscados, 51% [&hellip;]<\/p>\n","protected":false},"author":5,"featured_media":139845,"comment_status":"closed","ping_status":"open","sticky":false,"template":"","format":"standard","meta":{"advgb_blocks_editor_width":"","advgb_blocks_columns_visual_guide":"","_exactmetrics_skip_tracking":false,"_exactmetrics_sitenote_active":false,"_exactmetrics_sitenote_note":"","_exactmetrics_sitenote_category":0,"footnotes":""},"categories":[7,2],"tags":[],"class_list":["post-139843","post","type-post","status-publish","format-standard","has-post-thumbnail","hentry","category-destaques","category-noticias"],"better_featured_image":{"id":139845,"alt_text":"","caption":"","description":"","media_type":"image","media_details":{"width":1000,"height":668,"file":"2024\/11\/25-11-24-black-friday.png","filesize":1278632,"sizes":{"medium":{"file":"25-11-24-black-friday-449x300.png","width":449,"height":300,"mime-type":"image\/png","filesize":252831,"source_url":"https:\/\/lavras.tv\/site\/wp-content\/uploads\/2024\/11\/25-11-24-black-friday-449x300.png"},"large":{"file":"25-11-24-black-friday-970x648.png","width":970,"height":648,"mime-type":"image\/png","filesize":962971,"source_url":"https:\/\/lavras.tv\/site\/wp-content\/uploads\/2024\/11\/25-11-24-black-friday-970x648.png"},"thumbnail":{"file":"25-11-24-black-friday-170x114.png","width":170,"height":114,"mime-type":"image\/png","filesize":46556,"source_url":"https:\/\/lavras.tv\/site\/wp-content\/uploads\/2024\/11\/25-11-24-black-friday-170x114.png"},"lshowcase-thumb":{"file":"25-11-24-black-friday-200x134.png","width":200,"height":134,"mime-type":"image\/png","filesize":62011,"source_url":"https:\/\/lavras.tv\/site\/wp-content\/uploads\/2024\/11\/25-11-24-black-friday-200x134.png"},"alm-thumbnail":{"file":"25-11-24-black-friday-150x150.png","width":150,"height":150,"mime-type":"image\/png","filesize":51985,"source_url":"https:\/\/lavras.tv\/site\/wp-content\/uploads\/2024\/11\/25-11-24-black-friday-150x150.png"}},"image_meta":{"aperture":"0","credit":"","camera":"","caption":"","created_timestamp":"0","copyright":"","focal_length":"0","iso":"0","shutter_speed":"0","title":"","orientation":"0","keywords":[]}},"post":139843,"source_url":"https:\/\/lavras.tv\/site\/wp-content\/uploads\/2024\/11\/25-11-24-black-friday.png"},"author_meta":{"display_name":"Vinicius Bustamante","author_link":"https:\/\/lavras.tv\/site\/author\/vinicius-bustamante\/"},"featured_img":"https:\/\/lavras.tv\/site\/wp-content\/uploads\/2024\/11\/25-11-24-black-friday-449x300.png","coauthors":[],"tax_additional":{"categories":{"linked":["<a href=\"https:\/\/lavras.tv\/site\/category\/destaques\/\" class=\"advgb-post-tax-term\">Destaques<\/a>","<a href=\"https:\/\/lavras.tv\/site\/category\/noticias\/\" class=\"advgb-post-tax-term\">Not\u00edcias<\/a>"],"unlinked":["<span class=\"advgb-post-tax-term\">Destaques<\/span>","<span class=\"advgb-post-tax-term\">Not\u00edcias<\/span>"]}},"comment_count":"0","relative_dates":{"created":"Publicado 1 ano atr\u00e1s","modified":"Atualizado 1 ano atr\u00e1s"},"absolute_dates":{"created":"Publicado em 26 de novembro de 2024","modified":"Atualizado em 26 de novembro de 2024"},"absolute_dates_time":{"created":"Publicado em 26 de novembro de 2024 19:08","modified":"Atualizado em 26 de novembro de 2024 19:08"},"featured_img_caption":"","series_order":"","_links":{"self":[{"href":"https:\/\/lavras.tv\/site\/wp-json\/wp\/v2\/posts\/139843","targetHints":{"allow":["GET"]}}],"collection":[{"href":"https:\/\/lavras.tv\/site\/wp-json\/wp\/v2\/posts"}],"about":[{"href":"https:\/\/lavras.tv\/site\/wp-json\/wp\/v2\/types\/post"}],"author":[{"embeddable":true,"href":"https:\/\/lavras.tv\/site\/wp-json\/wp\/v2\/users\/5"}],"replies":[{"embeddable":true,"href":"https:\/\/lavras.tv\/site\/wp-json\/wp\/v2\/comments?post=139843"}],"version-history":[{"count":1,"href":"https:\/\/lavras.tv\/site\/wp-json\/wp\/v2\/posts\/139843\/revisions"}],"predecessor-version":[{"id":139846,"href":"https:\/\/lavras.tv\/site\/wp-json\/wp\/v2\/posts\/139843\/revisions\/139846"}],"wp:featuredmedia":[{"embeddable":true,"href":"https:\/\/lavras.tv\/site\/wp-json\/wp\/v2\/media\/139845"}],"wp:attachment":[{"href":"https:\/\/lavras.tv\/site\/wp-json\/wp\/v2\/media?parent=139843"}],"wp:term":[{"taxonomy":"category","embeddable":true,"href":"https:\/\/lavras.tv\/site\/wp-json\/wp\/v2\/categories?post=139843"},{"taxonomy":"post_tag","embeddable":true,"href":"https:\/\/lavras.tv\/site\/wp-json\/wp\/v2\/tags?post=139843"}],"curies":[{"name":"wp","href":"https:\/\/api.w.org\/{rel}","templated":true}]}}