{"id":140040,"date":"2024-11-27T16:09:07","date_gmt":"2024-11-27T19:09:07","guid":{"rendered":"https:\/\/lavras.tv\/site\/?p=140040"},"modified":"2024-11-27T16:09:08","modified_gmt":"2024-11-27T19:09:08","slug":"pm-age-rapido-e-prende-envolvidos-em-crime-em-lavras","status":"publish","type":"post","link":"https:\/\/lavras.tv\/site\/2024\/11\/27\/pm-age-rapido-e-prende-envolvidos-em-crime-em-lavras\/","title":{"rendered":"PM AGE R\u00c1PIDO E PRENDE ENVOLVIDOS EM CRIME EM LAVRAS"},"content":{"rendered":"<div class=\"lavra-antes-do-conteudo_2\" id=\"lavra-883829281\"><div id=\"lavra-slider-27\" class=\"custom-slider lavra-slider-2424451083 lavra-slider\"><ul><li><div style=\"margin-left: auto;margin-right: auto;text-align: center;\" id=\"lavra-2289002926\"><a href=\"https:\/\/sistemas.lavras.mg.gov.br\/portalcidadao\/#df1b1a7c7b2a290bcb31e32771e610784662739a88807c0dacac58ede5f391a7530e299dc302d611ee73cb143fc22eaf93592e53e7b5bdb01b00a0b8d28dae460c141dd2ff83412e4dc1c31b16b25f33144a9e5620ea73b13f5bc1c59411d98439ad226e8af03840603796067d87afe130812cf3de24982d0e306f9e61e764e5\" aria-label=\"Lavras-TV&#8211;720x104px (1) (1)\"><img src=\"https:\/\/lavras.tv\/site\/wp-content\/uploads\/2025\/01\/Lavras-TV-720x104px-1-1.png\" alt=\"\"  srcset=\"https:\/\/lavras.tv\/site\/wp-content\/uploads\/2025\/01\/Lavras-TV-720x104px-1-1.png 720w, https:\/\/lavras.tv\/site\/wp-content\/uploads\/2025\/01\/Lavras-TV-720x104px-1-1-470x68.png 470w, https:\/\/lavras.tv\/site\/wp-content\/uploads\/2025\/01\/Lavras-TV-720x104px-1-1-170x25.png 170w, https:\/\/lavras.tv\/site\/wp-content\/uploads\/2025\/01\/Lavras-TV-720x104px-1-1-200x29.png 200w\" sizes=\"(max-width: 720px) 100vw, 720px\" width=\"720\" height=\"104\"  style=\"display: inline-block;\" \/><\/a><\/div><\/li><li><a href=\"https:\/\/sistemas.lavras.mg.gov.br\/portalcidadao\/#df1b1a7c7b2a290bcb31e32771e610784662739a88807c0dacac58ede5f391a7530e299dc302d611ee73cb143fc22eaf93592e53e7b5bdb01b00a0b8d28dae460c141dd2ff83412e4dc1c31b16b25f33144a9e5620ea73b13f5bc1c59411d98439ad226e8af03840603796067d87afe130812cf3de24982d0e306f9e61e764e5\" aria-label=\"Banner_Emprego_PortallavrasTV\"><img src=\"https:\/\/lavras.tv\/site\/wp-content\/uploads\/2025\/03\/Banner_Emprego_PortallavrasTV.png\" alt=\"\"  srcset=\"https:\/\/lavras.tv\/site\/wp-content\/uploads\/2025\/03\/Banner_Emprego_PortallavrasTV.png 720w, https:\/\/lavras.tv\/site\/wp-content\/uploads\/2025\/03\/Banner_Emprego_PortallavrasTV-470x68.png 470w, https:\/\/lavras.tv\/site\/wp-content\/uploads\/2025\/03\/Banner_Emprego_PortallavrasTV-170x25.png 170w, https:\/\/lavras.tv\/site\/wp-content\/uploads\/2025\/03\/Banner_Emprego_PortallavrasTV-200x29.png 200w\" sizes=\"(max-width: 720px) 100vw, 720px\" width=\"720\" height=\"104\"   \/><\/a><\/li><li><a href=\"https:\/\/sistemas.lavras.mg.gov.br\/portalcidadao\/#df1b1a7c7b2a290bcb31e32771e610784662739a88807c0dacac58ede5f391a7530e299dc302d611ee73cb143fc22eaf93592e53e7b5bdb01b00a0b8d28dae460c141dd2ff83412e4dc1c31b16b25f33144a9e5620ea73b13f5bc1c59411d98439ad226e8af03840603796067d87afe130812cf3de24982d0e306f9e61e764e5\" aria-label=\"Banner_Obras_PortallavrasTV\"><img src=\"https:\/\/lavras.tv\/site\/wp-content\/uploads\/2025\/03\/Banner_Obras_PortallavrasTV.png\" alt=\"\"  srcset=\"https:\/\/lavras.tv\/site\/wp-content\/uploads\/2025\/03\/Banner_Obras_PortallavrasTV.png 720w, https:\/\/lavras.tv\/site\/wp-content\/uploads\/2025\/03\/Banner_Obras_PortallavrasTV-470x68.png 470w, https:\/\/lavras.tv\/site\/wp-content\/uploads\/2025\/03\/Banner_Obras_PortallavrasTV-170x25.png 170w, https:\/\/lavras.tv\/site\/wp-content\/uploads\/2025\/03\/Banner_Obras_PortallavrasTV-200x29.png 200w\" sizes=\"(max-width: 720px) 100vw, 720px\" width=\"720\" height=\"104\"   \/><\/a><\/li><li><div style=\"margin-left: auto;margin-right: auto;text-align: center;\" id=\"lavra-3852907214\"><a href=\"https:\/\/sistemas.lavras.mg.gov.br\/portalcidadao\/#df1b1a7c7b2a290bcb31e32771e610784662739a88807c0dacac58ede5f391a7530e299dc302d611ee73cb143fc22eaf93592e53e7b5bdb01b00a0b8d28dae460c141dd2ff83412e4dc1c31b16b25f33144a9e5620ea73b13f5bc1c59411d98439ad226e8af03840603796067d87afe130812cf3de24982d0e306f9e61e764e5\" aria-label=\"Banner_Educa\u00e7\u00e3o_PortallavrasTV\"><img src=\"https:\/\/lavras.tv\/site\/wp-content\/uploads\/2025\/01\/Banner_Educacao_PortallavrasTV.png\" alt=\"\"  srcset=\"https:\/\/lavras.tv\/site\/wp-content\/uploads\/2025\/01\/Banner_Educacao_PortallavrasTV.png 720w, https:\/\/lavras.tv\/site\/wp-content\/uploads\/2025\/01\/Banner_Educacao_PortallavrasTV-470x68.png 470w, https:\/\/lavras.tv\/site\/wp-content\/uploads\/2025\/01\/Banner_Educacao_PortallavrasTV-170x25.png 170w, https:\/\/lavras.tv\/site\/wp-content\/uploads\/2025\/01\/Banner_Educacao_PortallavrasTV-200x29.png 200w\" sizes=\"(max-width: 720px) 100vw, 720px\" width=\"720\" height=\"104\"  style=\"display: inline-block;\" \/><\/a><\/div><\/li><li><a href=\"https:\/\/sistemas.lavras.mg.gov.br\/portalcidadao\/#df1b1a7c7b2a290bcb31e32771e610784662739a88807c0dacac58ede5f391a7530e299dc302d611ee73cb143fc22eaf93592e53e7b5bdb01b00a0b8d28dae460c141dd2ff83412e4dc1c31b16b25f33144a9e5620ea73b13f5bc1c59411d98439ad226e8af03840603796067d87afe130812cf3de24982d0e306f9e61e764e5\" aria-label=\"Banner_Sa\u00fade_PortallavrasTV\"><img src=\"https:\/\/lavras.tv\/site\/wp-content\/uploads\/2025\/03\/Banner_Saude_PortallavrasTV.png\" alt=\"\"  srcset=\"https:\/\/lavras.tv\/site\/wp-content\/uploads\/2025\/03\/Banner_Saude_PortallavrasTV.png 720w, https:\/\/lavras.tv\/site\/wp-content\/uploads\/2025\/03\/Banner_Saude_PortallavrasTV-470x68.png 470w, https:\/\/lavras.tv\/site\/wp-content\/uploads\/2025\/03\/Banner_Saude_PortallavrasTV-170x25.png 170w, https:\/\/lavras.tv\/site\/wp-content\/uploads\/2025\/03\/Banner_Saude_PortallavrasTV-200x29.png 200w\" sizes=\"(max-width: 720px) 100vw, 720px\" width=\"720\" height=\"104\"   \/><\/a><\/li><li><div id=\"lavra-3842187441\" style=\"width:720px;height:104px;background-color:#ddd;overflow:scroll;\">\n\t<strong>Sa\u00edda da depura\u00e7\u00e3o de an\u00fancios<\/strong>\n\t<br><br>\n\tO an\u00fancio n\u00e3o \u00e9 exibido na p\u00e1gina<br><br>post atual: PM AGE R\u00c1PIDO E PRENDE ENVOLVIDOS EM CRIME EM LAVRAS, ID: 140040<br><br><span style=\"color: red;\">O post atual n\u00e3o \u00e9 id\u00eantico ao post principal.<\/span><br><br>An\u00fancios: ROXO - TOPO INTERNA - ROTATIVO 2 (197)<br \/>Grupo de an\u00fancios: Princ_Meio01_720x104 (27)<br><br>Condi\u00e7\u00f5es de exibi\u00e7\u00e3o<div style=\"margin-bottom: 20px; white-space: pre-wrap; font-family: monospace; width: 100%; background: #ffe9e9;\"><strong>condi\u00e7\u00f5es gerais<\/strong><table border=\"1\"><thead><tr><th><\/th><th>An\u00fancios<\/th><th>wp_the_query<\/th><\/tr><\/thead><tr><td>is_main_query<\/td><td>1<\/td><td>1<\/td><\/tr><tr><td>is_rest_api<\/td><td>0<\/td><td>1<\/td><\/tr><tr><td>page<\/td><td>0<\/td><td>1<\/td><\/tr><tr><td>numpages<\/td><td>0<\/td><td>1<\/td><\/tr><tr><td>is_archive<\/td><td>1<\/td><td><\/td><\/tr><tr><td>is_search<\/td><td>1<\/td><td><\/td><\/tr><tr><td>is_home<\/td><td>1<\/td><td><\/td><\/tr><tr><td>is_404<\/td><td>1<\/td><td><\/td><\/tr><tr><td>is_attachment<\/td><td>1<\/td><td><\/td><\/tr><tr><td>is_singular<\/td><td>1<\/td><td><\/td><\/tr><tr><td>is_front_page<\/td><td>1<\/td><td><\/td><\/tr><tr><td>is_feed<\/td><td>1<\/td><td><\/td><\/tr><\/table><\/div><br><br><span style=\"color: red;\">Seu site usa HTTPS, mas o c\u00f3digo do an\u00fancio cont\u00e9m HTTP e pode n\u00e3o funcionar.<\/span>\t<br><br>\n\t<a style=\"color: green;\" href=\"https:\/\/wpadvancedads.com\/manual\/ad-debug-mode\/?utm_source=advanced-ads&utm_medium=link&utm_campaign=ad-debug-mode\" target=\"_blank\" rel=\"nofollow\">Encontre solu\u00e7\u00f5es no manual<\/a>\n<\/div>\n<\/li><\/ul><\/div><script>( window.advanced_ads_ready || jQuery( document ).ready ).call( null, function() {var $lavraslider2424451083 = jQuery( \".lavra-slider-2424451083\" );$lavraslider2424451083.on( \"unslider.ready\", function() { jQuery( \"div.custom-slider ul li\" ).css( \"display\", \"block\" ); });$lavraslider2424451083.unslider({ delay:4000, autoplay:true, nav:false, arrows:false, infinite:true });$lavraslider2424451083.on(\"mouseover\", function() {$lavraslider2424451083.unslider(\"stop\");}).on(\"mouseout\", function() {$lavraslider2424451083.unslider(\"start\");});});<\/script><\/div><div class=\"wp-block-image\">\n<figure class=\"aligncenter size-large is-resized\"><img fetchpriority=\"high\" decoding=\"async\" width=\"576\" height=\"1024\" src=\"https:\/\/lavras.tv\/site\/wp-content\/uploads\/2024\/11\/WhatsApp-Image-2024-11-27-at-16.04.20-576x1024.jpeg\" alt=\"\" class=\"wp-image-140041\" style=\"width:252px;height:auto\" srcset=\"https:\/\/lavras.tv\/site\/wp-content\/uploads\/2024\/11\/WhatsApp-Image-2024-11-27-at-16.04.20-576x1024.jpeg 576w, https:\/\/lavras.tv\/site\/wp-content\/uploads\/2024\/11\/WhatsApp-Image-2024-11-27-at-16.04.20-169x300.jpeg 169w, https:\/\/lavras.tv\/site\/wp-content\/uploads\/2024\/11\/WhatsApp-Image-2024-11-27-at-16.04.20-84x150.jpeg 84w, https:\/\/lavras.tv\/site\/wp-content\/uploads\/2024\/11\/WhatsApp-Image-2024-11-27-at-16.04.20-113x200.jpeg 113w, https:\/\/lavras.tv\/site\/wp-content\/uploads\/2024\/11\/WhatsApp-Image-2024-11-27-at-16.04.20-864x1536.jpeg 864w, https:\/\/lavras.tv\/site\/wp-content\/uploads\/2024\/11\/WhatsApp-Image-2024-11-27-at-16.04.20.jpeg 900w\" sizes=\"(max-width: 576px) 100vw, 576px\" \/><\/figure>\n<\/div>\n\n\n<p>Na tarde desta ter\u00e7a-feira (26\/11), a Pol\u00edcia Militar recebeu informa\u00e7\u00f5es via 190 sobre uma ocorr\u00eancia em que indiv\u00edduos, ocupando um ve\u00edculo suspeito, abordaram um caminh\u00e3o de uma empresa local, subtraindo um malote com uma quantia em dinheiro, nas proximidades do trevo de Lavras.<\/p>\n\n\n\n<p>De imediato, a PM iniciou as dilig\u00eancias e localizou o ve\u00edculo utilizado no crime, j\u00e1 abandonado, nas proximidades do trevo da cidade.<\/p>\n\n\n\n<p>Ap\u00f3s o abandono do carro pelos suspeitos, foi montado um cerco policial e iniciadas buscas na mata, sendo identificados e presos um homem e uma mulher, ambos com 18 anos.<\/p>\n\n\n\n<p>Com os autores, que confessaram o crime foram apreendidos objetos relacionados ao fato.<\/p>\n\n\n\n<p>Os autores foram conduzidos \u00e0 Delegacia de Pol\u00edcia, e o trabalho da PM segue com rastreamento para localizar os demais envolvidos.<\/p>\n\n\n\n<p>A Pol\u00edcia Militar orienta que malotes e grandes quantias em dinheiro n\u00e3o devem ser movimentadas em ve\u00edculos particulares, sendo recomendadas transfer\u00eancias banc\u00e1rias ou escolta de valores.<\/p>\n\n\n\n<p>Pol\u00edcia Militar de Minas Gerais, 249 anos. Ser essencial para o povo mineiro.<\/p>\n\n\n\n<p>ALCO\/8\u00ba BPM<\/p>\n","protected":false},"excerpt":{"rendered":"<p>Na tarde desta ter\u00e7a-feira (26\/11), a Pol\u00edcia Militar recebeu informa\u00e7\u00f5es via 190 sobre uma ocorr\u00eancia em que indiv\u00edduos, ocupando um ve\u00edculo suspeito, abordaram um caminh\u00e3o de uma empresa local, subtraindo um malote com uma quantia em dinheiro, nas proximidades do trevo de Lavras. De imediato, a PM iniciou as dilig\u00eancias e localizou o ve\u00edculo utilizado [&hellip;]<\/p>\n","protected":false},"author":5,"featured_media":140041,"comment_status":"closed","ping_status":"open","sticky":false,"template":"","format":"standard","meta":{"advgb_blocks_editor_width":"","advgb_blocks_columns_visual_guide":"","_exactmetrics_skip_tracking":false,"_exactmetrics_sitenote_active":false,"_exactmetrics_sitenote_note":"","_exactmetrics_sitenote_category":0,"footnotes":""},"categories":[7,2],"tags":[],"class_list":["post-140040","post","type-post","status-publish","format-standard","has-post-thumbnail","hentry","category-destaques","category-noticias"],"better_featured_image":{"id":140041,"alt_text":"","caption":"","description":"","media_type":"image","media_details":{"width":900,"height":1600,"file":"2024\/11\/WhatsApp-Image-2024-11-27-at-16.04.20.jpeg","filesize":308207,"sizes":{"medium":{"file":"WhatsApp-Image-2024-11-27-at-16.04.20-169x300.jpeg","width":169,"height":300,"mime-type":"image\/jpeg","filesize":15967,"source_url":"https:\/\/lavras.tv\/site\/wp-content\/uploads\/2024\/11\/WhatsApp-Image-2024-11-27-at-16.04.20-169x300.jpeg"},"large":{"file":"WhatsApp-Image-2024-11-27-at-16.04.20-576x1024.jpeg","width":576,"height":1024,"mime-type":"image\/jpeg","filesize":148658,"source_url":"https:\/\/lavras.tv\/site\/wp-content\/uploads\/2024\/11\/WhatsApp-Image-2024-11-27-at-16.04.20-576x1024.jpeg"},"thumbnail":{"file":"WhatsApp-Image-2024-11-27-at-16.04.20-84x150.jpeg","width":84,"height":150,"mime-type":"image\/jpeg","filesize":4653,"source_url":"https:\/\/lavras.tv\/site\/wp-content\/uploads\/2024\/11\/WhatsApp-Image-2024-11-27-at-16.04.20-84x150.jpeg"},"lshowcase-thumb":{"file":"WhatsApp-Image-2024-11-27-at-16.04.20-113x200.jpeg","width":113,"height":200,"mime-type":"image\/jpeg","filesize":7679,"source_url":"https:\/\/lavras.tv\/site\/wp-content\/uploads\/2024\/11\/WhatsApp-Image-2024-11-27-at-16.04.20-113x200.jpeg"},"1536x1536":{"file":"WhatsApp-Image-2024-11-27-at-16.04.20-864x1536.jpeg","width":864,"height":1536,"mime-type":"image\/jpeg","filesize":289523,"source_url":"https:\/\/lavras.tv\/site\/wp-content\/uploads\/2024\/11\/WhatsApp-Image-2024-11-27-at-16.04.20-864x1536.jpeg"},"alm-thumbnail":{"file":"WhatsApp-Image-2024-11-27-at-16.04.20-150x150.jpeg","width":150,"height":150,"mime-type":"image\/jpeg","filesize":7703,"source_url":"https:\/\/lavras.tv\/site\/wp-content\/uploads\/2024\/11\/WhatsApp-Image-2024-11-27-at-16.04.20-150x150.jpeg"}},"image_meta":{"aperture":"0","credit":"","camera":"","caption":"","created_timestamp":"0","copyright":"","focal_length":"0","iso":"0","shutter_speed":"0","title":"","orientation":"0","keywords":[]}},"post":140040,"source_url":"https:\/\/lavras.tv\/site\/wp-content\/uploads\/2024\/11\/WhatsApp-Image-2024-11-27-at-16.04.20.jpeg"},"author_meta":{"display_name":"Vinicius Bustamante","author_link":"https:\/\/lavras.tv\/site\/author\/vinicius-bustamante\/"},"featured_img":"https:\/\/lavras.tv\/site\/wp-content\/uploads\/2024\/11\/WhatsApp-Image-2024-11-27-at-16.04.20-169x300.jpeg","coauthors":[],"tax_additional":{"categories":{"linked":["<a href=\"https:\/\/lavras.tv\/site\/category\/destaques\/\" class=\"advgb-post-tax-term\">Destaques<\/a>","<a href=\"https:\/\/lavras.tv\/site\/category\/noticias\/\" class=\"advgb-post-tax-term\">Not\u00edcias<\/a>"],"unlinked":["<span class=\"advgb-post-tax-term\">Destaques<\/span>","<span class=\"advgb-post-tax-term\">Not\u00edcias<\/span>"]}},"comment_count":"0","relative_dates":{"created":"Publicado 1 ano atr\u00e1s","modified":"Atualizado 1 ano atr\u00e1s"},"absolute_dates":{"created":"Publicado em 27 de novembro de 2024","modified":"Atualizado em 27 de novembro de 2024"},"absolute_dates_time":{"created":"Publicado em 27 de novembro de 2024 16:09","modified":"Atualizado em 27 de novembro de 2024 16:09"},"featured_img_caption":"","series_order":"","_links":{"self":[{"href":"https:\/\/lavras.tv\/site\/wp-json\/wp\/v2\/posts\/140040","targetHints":{"allow":["GET"]}}],"collection":[{"href":"https:\/\/lavras.tv\/site\/wp-json\/wp\/v2\/posts"}],"about":[{"href":"https:\/\/lavras.tv\/site\/wp-json\/wp\/v2\/types\/post"}],"author":[{"embeddable":true,"href":"https:\/\/lavras.tv\/site\/wp-json\/wp\/v2\/users\/5"}],"replies":[{"embeddable":true,"href":"https:\/\/lavras.tv\/site\/wp-json\/wp\/v2\/comments?post=140040"}],"version-history":[{"count":1,"href":"https:\/\/lavras.tv\/site\/wp-json\/wp\/v2\/posts\/140040\/revisions"}],"predecessor-version":[{"id":140042,"href":"https:\/\/lavras.tv\/site\/wp-json\/wp\/v2\/posts\/140040\/revisions\/140042"}],"wp:featuredmedia":[{"embeddable":true,"href":"https:\/\/lavras.tv\/site\/wp-json\/wp\/v2\/media\/140041"}],"wp:attachment":[{"href":"https:\/\/lavras.tv\/site\/wp-json\/wp\/v2\/media?parent=140040"}],"wp:term":[{"taxonomy":"category","embeddable":true,"href":"https:\/\/lavras.tv\/site\/wp-json\/wp\/v2\/categories?post=140040"},{"taxonomy":"post_tag","embeddable":true,"href":"https:\/\/lavras.tv\/site\/wp-json\/wp\/v2\/tags?post=140040"}],"curies":[{"name":"wp","href":"https:\/\/api.w.org\/{rel}","templated":true}]}}