{"id":140064,"date":"2024-11-27T17:29:18","date_gmt":"2024-11-27T20:29:18","guid":{"rendered":"https:\/\/lavras.tv\/site\/?p=140064"},"modified":"2024-11-27T17:29:19","modified_gmt":"2024-11-27T20:29:19","slug":"governo-de-minas-implanta-transferencia-digital-de-veiculos-em-todo-o-estado-levando-mais-facilidade-e-agilidade-para-vendedor-e-comprador","status":"publish","type":"post","link":"https:\/\/lavras.tv\/site\/2024\/11\/27\/governo-de-minas-implanta-transferencia-digital-de-veiculos-em-todo-o-estado-levando-mais-facilidade-e-agilidade-para-vendedor-e-comprador\/","title":{"rendered":"Governo de Minas implanta transfer\u00eancia digital de ve\u00edculos em todo o estado, levando mais facilidade e agilidade para vendedor e comprador"},"content":{"rendered":"<div class=\"lavra-antes-do-conteudo_2\" id=\"lavra-3891652716\"><div id=\"lavra-slider-27\" class=\"custom-slider lavra-slider-643859267 lavra-slider\"><ul><li><div style=\"margin-left: auto;margin-right: auto;text-align: center;\" id=\"lavra-3063416653\"><a href=\"https:\/\/sistemas.lavras.mg.gov.br\/portalcidadao\/#df1b1a7c7b2a290bcb31e32771e610784662739a88807c0dacac58ede5f391a7530e299dc302d611ee73cb143fc22eaf93592e53e7b5bdb01b00a0b8d28dae460c141dd2ff83412e4dc1c31b16b25f33144a9e5620ea73b13f5bc1c59411d98439ad226e8af03840603796067d87afe130812cf3de24982d0e306f9e61e764e5\" aria-label=\"Lavras-TV&#8211;720x104px (1) (1)\"><img src=\"https:\/\/lavras.tv\/site\/wp-content\/uploads\/2025\/01\/Lavras-TV-720x104px-1-1.png\" alt=\"\"  srcset=\"https:\/\/lavras.tv\/site\/wp-content\/uploads\/2025\/01\/Lavras-TV-720x104px-1-1.png 720w, https:\/\/lavras.tv\/site\/wp-content\/uploads\/2025\/01\/Lavras-TV-720x104px-1-1-470x68.png 470w, https:\/\/lavras.tv\/site\/wp-content\/uploads\/2025\/01\/Lavras-TV-720x104px-1-1-170x25.png 170w, https:\/\/lavras.tv\/site\/wp-content\/uploads\/2025\/01\/Lavras-TV-720x104px-1-1-200x29.png 200w\" sizes=\"(max-width: 720px) 100vw, 720px\" width=\"720\" height=\"104\"  style=\"display: inline-block;\" \/><\/a><\/div><\/li><li><a href=\"https:\/\/sistemas.lavras.mg.gov.br\/portalcidadao\/#df1b1a7c7b2a290bcb31e32771e610784662739a88807c0dacac58ede5f391a7530e299dc302d611ee73cb143fc22eaf93592e53e7b5bdb01b00a0b8d28dae460c141dd2ff83412e4dc1c31b16b25f33144a9e5620ea73b13f5bc1c59411d98439ad226e8af03840603796067d87afe130812cf3de24982d0e306f9e61e764e5\" aria-label=\"Banner_Emprego_PortallavrasTV\"><img src=\"https:\/\/lavras.tv\/site\/wp-content\/uploads\/2025\/03\/Banner_Emprego_PortallavrasTV.png\" alt=\"\"  srcset=\"https:\/\/lavras.tv\/site\/wp-content\/uploads\/2025\/03\/Banner_Emprego_PortallavrasTV.png 720w, https:\/\/lavras.tv\/site\/wp-content\/uploads\/2025\/03\/Banner_Emprego_PortallavrasTV-470x68.png 470w, https:\/\/lavras.tv\/site\/wp-content\/uploads\/2025\/03\/Banner_Emprego_PortallavrasTV-170x25.png 170w, https:\/\/lavras.tv\/site\/wp-content\/uploads\/2025\/03\/Banner_Emprego_PortallavrasTV-200x29.png 200w\" sizes=\"(max-width: 720px) 100vw, 720px\" width=\"720\" height=\"104\"   \/><\/a><\/li><li><a href=\"https:\/\/sistemas.lavras.mg.gov.br\/portalcidadao\/#df1b1a7c7b2a290bcb31e32771e610784662739a88807c0dacac58ede5f391a7530e299dc302d611ee73cb143fc22eaf93592e53e7b5bdb01b00a0b8d28dae460c141dd2ff83412e4dc1c31b16b25f33144a9e5620ea73b13f5bc1c59411d98439ad226e8af03840603796067d87afe130812cf3de24982d0e306f9e61e764e5\" aria-label=\"Banner_Obras_PortallavrasTV\"><img src=\"https:\/\/lavras.tv\/site\/wp-content\/uploads\/2025\/03\/Banner_Obras_PortallavrasTV.png\" alt=\"\"  srcset=\"https:\/\/lavras.tv\/site\/wp-content\/uploads\/2025\/03\/Banner_Obras_PortallavrasTV.png 720w, https:\/\/lavras.tv\/site\/wp-content\/uploads\/2025\/03\/Banner_Obras_PortallavrasTV-470x68.png 470w, https:\/\/lavras.tv\/site\/wp-content\/uploads\/2025\/03\/Banner_Obras_PortallavrasTV-170x25.png 170w, https:\/\/lavras.tv\/site\/wp-content\/uploads\/2025\/03\/Banner_Obras_PortallavrasTV-200x29.png 200w\" sizes=\"(max-width: 720px) 100vw, 720px\" width=\"720\" height=\"104\"   \/><\/a><\/li><li><div style=\"margin-left: auto;margin-right: auto;text-align: center;\" id=\"lavra-1584689821\"><a href=\"https:\/\/sistemas.lavras.mg.gov.br\/portalcidadao\/#df1b1a7c7b2a290bcb31e32771e610784662739a88807c0dacac58ede5f391a7530e299dc302d611ee73cb143fc22eaf93592e53e7b5bdb01b00a0b8d28dae460c141dd2ff83412e4dc1c31b16b25f33144a9e5620ea73b13f5bc1c59411d98439ad226e8af03840603796067d87afe130812cf3de24982d0e306f9e61e764e5\" aria-label=\"Banner_Educa\u00e7\u00e3o_PortallavrasTV\"><img src=\"https:\/\/lavras.tv\/site\/wp-content\/uploads\/2025\/01\/Banner_Educacao_PortallavrasTV.png\" alt=\"\"  srcset=\"https:\/\/lavras.tv\/site\/wp-content\/uploads\/2025\/01\/Banner_Educacao_PortallavrasTV.png 720w, https:\/\/lavras.tv\/site\/wp-content\/uploads\/2025\/01\/Banner_Educacao_PortallavrasTV-470x68.png 470w, https:\/\/lavras.tv\/site\/wp-content\/uploads\/2025\/01\/Banner_Educacao_PortallavrasTV-170x25.png 170w, https:\/\/lavras.tv\/site\/wp-content\/uploads\/2025\/01\/Banner_Educacao_PortallavrasTV-200x29.png 200w\" sizes=\"(max-width: 720px) 100vw, 720px\" width=\"720\" height=\"104\"  style=\"display: inline-block;\" \/><\/a><\/div><\/li><li><a href=\"https:\/\/sistemas.lavras.mg.gov.br\/portalcidadao\/#df1b1a7c7b2a290bcb31e32771e610784662739a88807c0dacac58ede5f391a7530e299dc302d611ee73cb143fc22eaf93592e53e7b5bdb01b00a0b8d28dae460c141dd2ff83412e4dc1c31b16b25f33144a9e5620ea73b13f5bc1c59411d98439ad226e8af03840603796067d87afe130812cf3de24982d0e306f9e61e764e5\" aria-label=\"Banner_Sa\u00fade_PortallavrasTV\"><img src=\"https:\/\/lavras.tv\/site\/wp-content\/uploads\/2025\/03\/Banner_Saude_PortallavrasTV.png\" alt=\"\"  srcset=\"https:\/\/lavras.tv\/site\/wp-content\/uploads\/2025\/03\/Banner_Saude_PortallavrasTV.png 720w, https:\/\/lavras.tv\/site\/wp-content\/uploads\/2025\/03\/Banner_Saude_PortallavrasTV-470x68.png 470w, https:\/\/lavras.tv\/site\/wp-content\/uploads\/2025\/03\/Banner_Saude_PortallavrasTV-170x25.png 170w, https:\/\/lavras.tv\/site\/wp-content\/uploads\/2025\/03\/Banner_Saude_PortallavrasTV-200x29.png 200w\" sizes=\"(max-width: 720px) 100vw, 720px\" width=\"720\" height=\"104\"   \/><\/a><\/li><li><div id=\"lavra-4060098585\" style=\"width:720px;height:104px;background-color:#ddd;overflow:scroll;\">\n\t<strong>Sa\u00edda da depura\u00e7\u00e3o de an\u00fancios<\/strong>\n\t<br><br>\n\tO an\u00fancio n\u00e3o \u00e9 exibido na p\u00e1gina<br><br>post atual: Governo de Minas implanta transfer\u00eancia digital de ve\u00edculos em todo o estado, levando mais facilidade e agilidade para vendedor e comprador, ID: 140064<br><br><span style=\"color: red;\">O post atual n\u00e3o \u00e9 id\u00eantico ao post principal.<\/span><br><br>An\u00fancios: ROXO - TOPO INTERNA - ROTATIVO 2 (197)<br \/>Grupo de an\u00fancios: Princ_Meio01_720x104 (27)<br><br>Condi\u00e7\u00f5es de exibi\u00e7\u00e3o<div style=\"margin-bottom: 20px; white-space: pre-wrap; font-family: monospace; width: 100%; background: #ffe9e9;\"><strong>condi\u00e7\u00f5es gerais<\/strong><table border=\"1\"><thead><tr><th><\/th><th>An\u00fancios<\/th><th>wp_the_query<\/th><\/tr><\/thead><tr><td>is_main_query<\/td><td>1<\/td><td>1<\/td><\/tr><tr><td>is_rest_api<\/td><td>0<\/td><td>1<\/td><\/tr><tr><td>page<\/td><td>0<\/td><td>1<\/td><\/tr><tr><td>numpages<\/td><td>0<\/td><td>1<\/td><\/tr><tr><td>is_archive<\/td><td>1<\/td><td><\/td><\/tr><tr><td>is_search<\/td><td>1<\/td><td><\/td><\/tr><tr><td>is_home<\/td><td>1<\/td><td><\/td><\/tr><tr><td>is_404<\/td><td>1<\/td><td><\/td><\/tr><tr><td>is_attachment<\/td><td>1<\/td><td><\/td><\/tr><tr><td>is_singular<\/td><td>1<\/td><td><\/td><\/tr><tr><td>is_front_page<\/td><td>1<\/td><td><\/td><\/tr><tr><td>is_feed<\/td><td>1<\/td><td><\/td><\/tr><\/table><\/div><br><br><span style=\"color: red;\">Seu site usa HTTPS, mas o c\u00f3digo do an\u00fancio cont\u00e9m HTTP e pode n\u00e3o funcionar.<\/span>\t<br><br>\n\t<a style=\"color: green;\" href=\"https:\/\/wpadvancedads.com\/manual\/ad-debug-mode\/?utm_source=advanced-ads&utm_medium=link&utm_campaign=ad-debug-mode\" target=\"_blank\" rel=\"nofollow\">Encontre solu\u00e7\u00f5es no manual<\/a>\n<\/div>\n<\/li><\/ul><\/div><script>( window.advanced_ads_ready || jQuery( document ).ready ).call( null, function() {var $lavraslider643859267 = jQuery( \".lavra-slider-643859267\" );$lavraslider643859267.on( \"unslider.ready\", function() { jQuery( \"div.custom-slider ul li\" ).css( \"display\", \"block\" ); });$lavraslider643859267.unslider({ delay:4000, autoplay:true, nav:false, arrows:false, infinite:true });$lavraslider643859267.on(\"mouseover\", function() {$lavraslider643859267.unslider(\"stop\");}).on(\"mouseout\", function() {$lavraslider643859267.unslider(\"start\");});});<\/script><\/div>\n<p><em>Com o novo servi\u00e7o disponibilizado pela Seplag-MG, mais um avan\u00e7o na transforma\u00e7\u00e3o digital em Minas Gerais em 2024, cidad\u00e3o n\u00e3o precisar\u00e1 reconhecer firma em cart\u00f3rio ou ir at\u00e9 o \u00f3rg\u00e3o p\u00fablico para concluir a transfer\u00eancia<\/em><\/p>\n\n\n\n<figure class=\"wp-block-image size-large\"><img fetchpriority=\"high\" decoding=\"async\" width=\"970\" height=\"645\" src=\"http:\/\/lavras.tv\/site\/wp-content\/uploads\/2024\/11\/MG_4057-970x645.jpg\" alt=\"\" class=\"wp-image-140065\" srcset=\"https:\/\/lavras.tv\/site\/wp-content\/uploads\/2024\/11\/MG_4057-970x645.jpg 970w, https:\/\/lavras.tv\/site\/wp-content\/uploads\/2024\/11\/MG_4057-451x300.jpg 451w, https:\/\/lavras.tv\/site\/wp-content\/uploads\/2024\/11\/MG_4057-170x113.jpg 170w, https:\/\/lavras.tv\/site\/wp-content\/uploads\/2024\/11\/MG_4057-200x133.jpg 200w, https:\/\/lavras.tv\/site\/wp-content\/uploads\/2024\/11\/MG_4057-1536x1022.jpg 1536w\" sizes=\"(max-width: 970px) 100vw, 970px\" \/><\/figure>\n\n\n\n<p>Cidad\u00e3os de Minas Gerais t\u00eam mais facilidade e agilidade na hora de vender e comprar um ve\u00edculo usado. Com a transfer\u00eancia digital implementada pelo&nbsp;<a href=\"https:\/\/www.mg.gov.br\/\" target=\"_blank\" rel=\"noreferrer noopener\">Governo de Minas<\/a>&nbsp;em todo o estado e anunciada nesta ter\u00e7a-feira (26\/11) pelo governador Romeu Zema, o processo ser\u00e1 feito pela internet de maneira pr\u00e1tica e segura, em qualquer momento do dia, efetivando o neg\u00f3cio de forma instant\u00e2nea.<\/p>\n\n\n\n<p>A nova funcionalidade, que busca modernizar a transfer\u00eancia de propriedade de ve\u00edculos, est\u00e1 entre os avan\u00e7os alcan\u00e7ados em 2024 pela&nbsp;<a href=\"https:\/\/www.mg.gov.br\/planejamento\" target=\"_blank\" rel=\"noreferrer noopener\">Secretaria de Estado de Planejamento e Gest\u00e3o (Seplag-MG)<\/a>, no objetivo de facilitar a vida dos cidad\u00e3os mineiros com iniciativas de transforma\u00e7\u00e3o digital e simplifica\u00e7\u00e3o dos servi\u00e7os de tr\u00e2nsito.<br><br>Realizado por meio da&nbsp;<a href=\"https:\/\/www.transito.mg.gov.br\/\" target=\"_blank\" rel=\"noreferrer noopener\">Coordenadoria Estadual de Gest\u00e3o de Tr\u00e2nsito (CET-MG)<\/a>, inicialmente, o servi\u00e7o foi disponibilizado para testes em Divin\u00f3polis, na regi\u00e3o Centro-Oeste do estado, e recentemente em Varginha, na regi\u00e3o Sul. Com os testes conclu\u00eddos, a novidade j\u00e1 poder\u00e1 ser acessada em todos os munic\u00edpios mineiros.<br><br>A princ\u00edpio, a transfer\u00eancia digital estar\u00e1 dispon\u00edvel para pessoas f\u00edsicas, sendo necess\u00e1rio que o ve\u00edculo possua o Certificado de Registro de Ve\u00edculo Eletr\u00f4nico (CRV-e) emitido a partir de 2021. Tanto o comprador quanto o vendedor devem acessar o aplicativo Carteira Digital de Tr\u00e2nsito (CDT) com um cadastro no portal&nbsp;<a href=\"http:\/\/gov.br\/\" target=\"_blank\" rel=\"noreferrer noopener\">gov.br<\/a>, nos n\u00edveis prata ou ouro. A seguran\u00e7a do processo \u00e9 garantida por meio da autentica\u00e7\u00e3o on-line.<br><br>O novo servi\u00e7o dispensa intermedi\u00e1rios, elimina o reconhecimento de firma em cart\u00f3rio e a ida \u00e0 uma Unidade de Atendimento Integrado (UAI) ou Circunscri\u00e7\u00e3o Regional de Tr\u00e2nsito (Ciretran) para concluir a transfer\u00eancia.<br><br>Com a transfer\u00eancia digital, o vendedor formaliza a transa\u00e7\u00e3o no momento da venda, e as informa\u00e7\u00f5es s\u00e3o registradas instantaneamente nas bases estaduais. O comprador apenas dever\u00e1 levar o ve\u00edculo ao ponto de vistoria para que, ap\u00f3s a inspe\u00e7\u00e3o, a transfer\u00eancia de propriedade seja finalizada. Todo o processo \u00e9 monitorado pela equipe da CET-MG.<br>&nbsp;<\/p>\n\n\n\n<p><strong>&#8220;O que n\u00f3s estamos anunciando aqui hoje \u00e9 a amplia\u00e7\u00e3o o servi\u00e7o de transfer\u00eancia digital para toda Minas Gerais, melhorando, simplificando e colocando mais facilidade no celular, na m\u00e3o do mineiro. O Estado n\u00e3o pode ser um agente complicador, um obst\u00e1culo para pessoas fazerem as coisas&#8221;, destacou o governador Romeu Zema.<\/strong><strong><\/strong><\/p>\n\n\n\n<p><br>A secret\u00e1ria de Estado de Planejamento e Gest\u00e3o, Lu\u00edsa Barreto, destacou a import\u00e2ncia de modernizar o servi\u00e7o de transfer\u00eancia veicular o que vai proporcionar mais transpar\u00eancia e agilidade para o processo.<br><br>\u201cQuando o governador tomou a decis\u00e3o de transferir os servi\u00e7os de tr\u00e2nsito para a Seplag, o intuito sempre foi de modernizar e de trazer melhores processos. Isso \u00e9 um pouco do que a gente vem fazendo aqui hoje. E quando a gente fala de servi\u00e7os digitais \u00e9 basicamente facilitar o acesso dos servi\u00e7os p\u00fablicos mineiros \u00e0s pessoas\u201d, disse.<br>&nbsp;<\/p>\n\n\n\n<p><strong>&#8220;\u00c9 um servi\u00e7o inovador que vai deixar para tr\u00e1s muita burocracia e muito tempo de deslocamento do cidad\u00e3o. Aquilo que antes dependia de reunir papel, ir ao cart\u00f3rio, vai ser feito pelo celular ou pelo computador. \u00c9 uma economia de dinheiro, de papel e de tempo para o cidad\u00e3o mineiro&#8221;, acrescentou Lu\u00edsa Barreto.<\/strong><strong><\/strong><\/p>\n\n\n\n<p><br>Inicialmente, a expectativa \u00e9 de que a ferramenta, desenvolvida pela&nbsp;<a href=\"https:\/\/www.prodemge.gov.br\/\" target=\"_blank\" rel=\"noreferrer noopener\">Companhia de Tecnologia da Informa\u00e7\u00e3o do Estado de Minas Gerais (Prodemge)<\/a>, seja usada em 30% das transfer\u00eancias de ve\u00edculos realizadas diariamente no estado.<br><br>O presidente da Prodemge, Roberto Reis, destacou o compromisso da companhia em desenvolver solu\u00e7\u00f5es que promovem inclus\u00e3o digital e facilitam o acesso dos mineiros aos servi\u00e7os p\u00fablicos.<br>&nbsp;<\/p>\n\n\n\n<p><strong>&#8220;Como Companhia de Tecnologia do Governo de Minas, temos a miss\u00e3o simplificar a vida dos mineiros ao aproximar o Estado do cidad\u00e3o. Por meio de solu\u00e7\u00f5es digitais inovadoras, tornamos servi\u00e7os p\u00fablicos mais acess\u00edveis, \u00e1geis e eficientes, eliminando burocracias e promovendo a inclus\u00e3o digital&#8221;, explicou Roberto Reis.<\/strong><strong><\/strong><\/p>\n\n\n\n<p><br>Durante o evento, a superintendente de Transforma\u00e7\u00e3o de Servi\u00e7os de Tr\u00e2nsito da CET\/MG, Caroliny Aparecida Silva de Miranda, apresentou os detalhes do processo de transfer\u00eancia digital, destacando a praticidade, agilidade, economia e seguran\u00e7a assegurados pelo novo servi\u00e7o.<br><br><strong>Transforma\u00e7\u00e3o digital<\/strong><br><br>Na perspectiva de aprimorar a transforma\u00e7\u00e3o digital para os servi\u00e7os de tr\u00e2nsito, assim como compartilhar iniciativas inovadoras que visam melhorar o atendimento ao p\u00fablico, o Governo de Minas ampliou, em 2024, os servi\u00e7os disponibilizados, como a solicita\u00e7\u00e3o pela internet do alvar\u00e1 de libera\u00e7\u00e3o para ve\u00edculos removidos para p\u00e1tios credenciados.<br><br>O servi\u00e7o de renova\u00e7\u00e3o da Carteira Nacional de Habilita\u00e7\u00e3o (CNH), que antes necessitava de v\u00e1rios deslocamentos, hoje pode ser resolvido em casa, no computador ou celular com apenas alguns cliques.<br><br>Al\u00e9m disso, o cidad\u00e3o pode realizar a consulta do status do andamento de diversos servi\u00e7os relacionados a ve\u00edculos por meio do MG App \u2013 aplicativo oficial do Governo de Minas \u2013 ou do portal\u00a0<a href=\"https:\/\/www.cidadao.mg.gov.br\/#\/login\" target=\"_blank\" rel=\"noreferrer noopener\">Cidad\u00e3o MG<\/a>, sem a necessidade de comparecimento a uma Unidade de Atendimento Integrado (UAI), como era feito anteriormente. Veja mais servi\u00e7os de tr\u00e2nsito digitalizados\u00a0<a href=\"https:\/\/transito.mg.gov.br\/\" target=\"_blank\" rel=\"noreferrer noopener\">aqui<\/a>.<br><br>Atualmente, mais de 81% das etapas dos servi\u00e7os p\u00fablicos de Minas Gerais podem ser realizadas de forma digital. O\u00a0<a href=\"https:\/\/www.mg.gov.br\/\" target=\"_blank\" rel=\"noreferrer noopener\">Portal MG<\/a>\u00a0conta com mais de 1,2 mil servi\u00e7os dispon\u00edveis para os cidad\u00e3os, empresas e munic\u00edpios. J\u00e1 o MG App ultrapassou a marca de 5 milh\u00f5es de usu\u00e1rios cadastrados e mais de cem servi\u00e7os de diferentes \u00f3rg\u00e3os estaduais. Essas e outras a\u00e7\u00f5es fizeram com que o \u00cdndice de Transforma\u00e7\u00e3o Digital (ITD) do Estado sa\u00edsse de 48%, em 2019, para 81,7%.<br><br>Acesse\u00a0<a href=\"https:\/\/www.mg.gov.br\/planejamento\" target=\"_blank\" rel=\"noreferrer noopener\">www.planejamento.mg.gov.br<\/a>\u00a0e confira os avan\u00e7os, em 2024, na digitaliza\u00e7\u00e3o, desburocratiza\u00e7\u00e3o e facilidade dos servi\u00e7os prestados para o cidad\u00e3o por meio da transforma\u00e7\u00e3o digital.<\/p>\n\n\n\n<figure class=\"wp-block-image size-full\"><img decoding=\"async\" width=\"643\" height=\"767\" src=\"https:\/\/lavras.tv\/site\/wp-content\/uploads\/2024\/11\/unnamed-1-1.png\" alt=\"\" class=\"wp-image-140066\" srcset=\"https:\/\/lavras.tv\/site\/wp-content\/uploads\/2024\/11\/unnamed-1-1.png 643w, https:\/\/lavras.tv\/site\/wp-content\/uploads\/2024\/11\/unnamed-1-1-251x300.png 251w, https:\/\/lavras.tv\/site\/wp-content\/uploads\/2024\/11\/unnamed-1-1-126x150.png 126w, https:\/\/lavras.tv\/site\/wp-content\/uploads\/2024\/11\/unnamed-1-1-168x200.png 168w\" sizes=\"(max-width: 643px) 100vw, 643px\" \/><\/figure>\n","protected":false},"excerpt":{"rendered":"<p>Com o novo servi\u00e7o disponibilizado pela Seplag-MG, mais um avan\u00e7o na transforma\u00e7\u00e3o digital em Minas Gerais em 2024, cidad\u00e3o n\u00e3o precisar\u00e1 reconhecer firma em cart\u00f3rio ou ir at\u00e9 o \u00f3rg\u00e3o p\u00fablico para concluir a transfer\u00eancia Cidad\u00e3os de Minas Gerais t\u00eam mais facilidade e agilidade na hora de vender e comprar um ve\u00edculo usado. Com a [&hellip;]<\/p>\n","protected":false},"author":5,"featured_media":140065,"comment_status":"closed","ping_status":"open","sticky":false,"template":"","format":"standard","meta":{"advgb_blocks_editor_width":"","advgb_blocks_columns_visual_guide":"","_exactmetrics_skip_tracking":false,"_exactmetrics_sitenote_active":false,"_exactmetrics_sitenote_note":"","_exactmetrics_sitenote_category":0,"footnotes":""},"categories":[7,2],"tags":[],"class_list":["post-140064","post","type-post","status-publish","format-standard","has-post-thumbnail","hentry","category-destaques","category-noticias"],"better_featured_image":{"id":140065,"alt_text":"","caption":"","description":"","media_type":"image","media_details":{"width":2560,"height":1703,"file":"2024\/11\/MG_4057-scaled.jpg","filesize":524653,"sizes":{"medium":{"file":"MG_4057-451x300.jpg","width":451,"height":300,"mime-type":"image\/jpeg","filesize":43390,"source_url":"https:\/\/lavras.tv\/site\/wp-content\/uploads\/2024\/11\/MG_4057-451x300.jpg"},"large":{"file":"MG_4057-970x645.jpg","width":970,"height":645,"mime-type":"image\/jpeg","filesize":96729,"source_url":"https:\/\/lavras.tv\/site\/wp-content\/uploads\/2024\/11\/MG_4057-970x645.jpg"},"thumbnail":{"file":"MG_4057-170x113.jpg","width":170,"height":113,"mime-type":"image\/jpeg","filesize":24678,"source_url":"https:\/\/lavras.tv\/site\/wp-content\/uploads\/2024\/11\/MG_4057-170x113.jpg"},"lshowcase-thumb":{"file":"MG_4057-200x133.jpg","width":200,"height":133,"mime-type":"image\/jpeg","filesize":26082,"source_url":"https:\/\/lavras.tv\/site\/wp-content\/uploads\/2024\/11\/MG_4057-200x133.jpg"},"1536x1536":{"file":"MG_4057-1536x1022.jpg","width":1536,"height":1022,"mime-type":"image\/jpeg","filesize":186972,"source_url":"https:\/\/lavras.tv\/site\/wp-content\/uploads\/2024\/11\/MG_4057-1536x1022.jpg"}},"image_meta":{"aperture":"5,6","credit":"","camera":"Canon EOS 6D Mark II","caption":"","created_timestamp":"1732643230","copyright":"","focal_length":"135","iso":"4000","shutter_speed":"0,008","title":"","orientation":"1","keywords":[]},"original_image":"MG_4057.jpg"},"post":140064,"source_url":"https:\/\/lavras.tv\/site\/wp-content\/uploads\/2024\/11\/MG_4057-scaled.jpg"},"author_meta":{"display_name":"Vinicius Bustamante","author_link":"https:\/\/lavras.tv\/site\/author\/vinicius-bustamante\/"},"featured_img":"https:\/\/lavras.tv\/site\/wp-content\/uploads\/2024\/11\/MG_4057-451x300.jpg","coauthors":[],"tax_additional":{"categories":{"linked":["<a href=\"https:\/\/lavras.tv\/site\/category\/destaques\/\" class=\"advgb-post-tax-term\">Destaques<\/a>","<a href=\"https:\/\/lavras.tv\/site\/category\/noticias\/\" class=\"advgb-post-tax-term\">Not\u00edcias<\/a>"],"unlinked":["<span class=\"advgb-post-tax-term\">Destaques<\/span>","<span class=\"advgb-post-tax-term\">Not\u00edcias<\/span>"]}},"comment_count":"0","relative_dates":{"created":"Publicado 1 ano atr\u00e1s","modified":"Atualizado 1 ano atr\u00e1s"},"absolute_dates":{"created":"Publicado em 27 de novembro de 2024","modified":"Atualizado em 27 de novembro de 2024"},"absolute_dates_time":{"created":"Publicado em 27 de novembro de 2024 17:29","modified":"Atualizado em 27 de novembro de 2024 17:29"},"featured_img_caption":"","series_order":"","_links":{"self":[{"href":"https:\/\/lavras.tv\/site\/wp-json\/wp\/v2\/posts\/140064","targetHints":{"allow":["GET"]}}],"collection":[{"href":"https:\/\/lavras.tv\/site\/wp-json\/wp\/v2\/posts"}],"about":[{"href":"https:\/\/lavras.tv\/site\/wp-json\/wp\/v2\/types\/post"}],"author":[{"embeddable":true,"href":"https:\/\/lavras.tv\/site\/wp-json\/wp\/v2\/users\/5"}],"replies":[{"embeddable":true,"href":"https:\/\/lavras.tv\/site\/wp-json\/wp\/v2\/comments?post=140064"}],"version-history":[{"count":1,"href":"https:\/\/lavras.tv\/site\/wp-json\/wp\/v2\/posts\/140064\/revisions"}],"predecessor-version":[{"id":140067,"href":"https:\/\/lavras.tv\/site\/wp-json\/wp\/v2\/posts\/140064\/revisions\/140067"}],"wp:featuredmedia":[{"embeddable":true,"href":"https:\/\/lavras.tv\/site\/wp-json\/wp\/v2\/media\/140065"}],"wp:attachment":[{"href":"https:\/\/lavras.tv\/site\/wp-json\/wp\/v2\/media?parent=140064"}],"wp:term":[{"taxonomy":"category","embeddable":true,"href":"https:\/\/lavras.tv\/site\/wp-json\/wp\/v2\/categories?post=140064"},{"taxonomy":"post_tag","embeddable":true,"href":"https:\/\/lavras.tv\/site\/wp-json\/wp\/v2\/tags?post=140064"}],"curies":[{"name":"wp","href":"https:\/\/api.w.org\/{rel}","templated":true}]}}