{"id":140318,"date":"2024-11-28T18:43:02","date_gmt":"2024-11-28T21:43:02","guid":{"rendered":"https:\/\/lavras.tv\/site\/?p=140318"},"modified":"2024-11-28T18:43:03","modified_gmt":"2024-11-28T21:43:03","slug":"minas-mantem-saldo-positivo-de-empregos-e-esta-mais-perto-de-superar-meta-de-1-milhao-de-vagas-com-carteira-assinada","status":"publish","type":"post","link":"https:\/\/lavras.tv\/site\/2024\/11\/28\/minas-mantem-saldo-positivo-de-empregos-e-esta-mais-perto-de-superar-meta-de-1-milhao-de-vagas-com-carteira-assinada\/","title":{"rendered":"Minas mant\u00e9m saldo positivo de empregos e est\u00e1 mais perto de superar meta de 1 milh\u00e3o de vagas com carteira assinada"},"content":{"rendered":"<div class=\"lavra-antes-do-conteudo_2\" id=\"lavra-2500015034\"><div id=\"lavra-slider-27\" class=\"custom-slider lavra-slider-3717489053 lavra-slider\"><ul><li><div style=\"margin-left: auto;margin-right: auto;text-align: center;\" id=\"lavra-1804140621\"><a href=\"https:\/\/sistemas.lavras.mg.gov.br\/portalcidadao\/#df1b1a7c7b2a290bcb31e32771e610784662739a88807c0dacac58ede5f391a7530e299dc302d611ee73cb143fc22eaf93592e53e7b5bdb01b00a0b8d28dae460c141dd2ff83412e4dc1c31b16b25f33144a9e5620ea73b13f5bc1c59411d98439ad226e8af03840603796067d87afe130812cf3de24982d0e306f9e61e764e5\" aria-label=\"Lavras-TV&#8211;720x104px (1) (1)\"><img src=\"https:\/\/lavras.tv\/site\/wp-content\/uploads\/2025\/01\/Lavras-TV-720x104px-1-1.png\" alt=\"\"  srcset=\"https:\/\/lavras.tv\/site\/wp-content\/uploads\/2025\/01\/Lavras-TV-720x104px-1-1.png 720w, https:\/\/lavras.tv\/site\/wp-content\/uploads\/2025\/01\/Lavras-TV-720x104px-1-1-470x68.png 470w, https:\/\/lavras.tv\/site\/wp-content\/uploads\/2025\/01\/Lavras-TV-720x104px-1-1-170x25.png 170w, https:\/\/lavras.tv\/site\/wp-content\/uploads\/2025\/01\/Lavras-TV-720x104px-1-1-200x29.png 200w\" sizes=\"(max-width: 720px) 100vw, 720px\" width=\"720\" height=\"104\"  style=\"display: inline-block;\" \/><\/a><\/div><\/li><li><a href=\"https:\/\/sistemas.lavras.mg.gov.br\/portalcidadao\/#df1b1a7c7b2a290bcb31e32771e610784662739a88807c0dacac58ede5f391a7530e299dc302d611ee73cb143fc22eaf93592e53e7b5bdb01b00a0b8d28dae460c141dd2ff83412e4dc1c31b16b25f33144a9e5620ea73b13f5bc1c59411d98439ad226e8af03840603796067d87afe130812cf3de24982d0e306f9e61e764e5\" aria-label=\"Banner_Emprego_PortallavrasTV\"><img src=\"https:\/\/lavras.tv\/site\/wp-content\/uploads\/2025\/03\/Banner_Emprego_PortallavrasTV.png\" alt=\"\"  srcset=\"https:\/\/lavras.tv\/site\/wp-content\/uploads\/2025\/03\/Banner_Emprego_PortallavrasTV.png 720w, https:\/\/lavras.tv\/site\/wp-content\/uploads\/2025\/03\/Banner_Emprego_PortallavrasTV-470x68.png 470w, https:\/\/lavras.tv\/site\/wp-content\/uploads\/2025\/03\/Banner_Emprego_PortallavrasTV-170x25.png 170w, https:\/\/lavras.tv\/site\/wp-content\/uploads\/2025\/03\/Banner_Emprego_PortallavrasTV-200x29.png 200w\" sizes=\"(max-width: 720px) 100vw, 720px\" width=\"720\" height=\"104\"   \/><\/a><\/li><li><a href=\"https:\/\/sistemas.lavras.mg.gov.br\/portalcidadao\/#df1b1a7c7b2a290bcb31e32771e610784662739a88807c0dacac58ede5f391a7530e299dc302d611ee73cb143fc22eaf93592e53e7b5bdb01b00a0b8d28dae460c141dd2ff83412e4dc1c31b16b25f33144a9e5620ea73b13f5bc1c59411d98439ad226e8af03840603796067d87afe130812cf3de24982d0e306f9e61e764e5\" aria-label=\"Banner_Obras_PortallavrasTV\"><img src=\"https:\/\/lavras.tv\/site\/wp-content\/uploads\/2025\/03\/Banner_Obras_PortallavrasTV.png\" alt=\"\"  srcset=\"https:\/\/lavras.tv\/site\/wp-content\/uploads\/2025\/03\/Banner_Obras_PortallavrasTV.png 720w, https:\/\/lavras.tv\/site\/wp-content\/uploads\/2025\/03\/Banner_Obras_PortallavrasTV-470x68.png 470w, https:\/\/lavras.tv\/site\/wp-content\/uploads\/2025\/03\/Banner_Obras_PortallavrasTV-170x25.png 170w, https:\/\/lavras.tv\/site\/wp-content\/uploads\/2025\/03\/Banner_Obras_PortallavrasTV-200x29.png 200w\" sizes=\"(max-width: 720px) 100vw, 720px\" width=\"720\" height=\"104\"   \/><\/a><\/li><li><div style=\"margin-left: auto;margin-right: auto;text-align: center;\" id=\"lavra-3322860361\"><a href=\"https:\/\/sistemas.lavras.mg.gov.br\/portalcidadao\/#df1b1a7c7b2a290bcb31e32771e610784662739a88807c0dacac58ede5f391a7530e299dc302d611ee73cb143fc22eaf93592e53e7b5bdb01b00a0b8d28dae460c141dd2ff83412e4dc1c31b16b25f33144a9e5620ea73b13f5bc1c59411d98439ad226e8af03840603796067d87afe130812cf3de24982d0e306f9e61e764e5\" aria-label=\"Banner_Educa\u00e7\u00e3o_PortallavrasTV\"><img src=\"https:\/\/lavras.tv\/site\/wp-content\/uploads\/2025\/01\/Banner_Educacao_PortallavrasTV.png\" alt=\"\"  srcset=\"https:\/\/lavras.tv\/site\/wp-content\/uploads\/2025\/01\/Banner_Educacao_PortallavrasTV.png 720w, https:\/\/lavras.tv\/site\/wp-content\/uploads\/2025\/01\/Banner_Educacao_PortallavrasTV-470x68.png 470w, https:\/\/lavras.tv\/site\/wp-content\/uploads\/2025\/01\/Banner_Educacao_PortallavrasTV-170x25.png 170w, https:\/\/lavras.tv\/site\/wp-content\/uploads\/2025\/01\/Banner_Educacao_PortallavrasTV-200x29.png 200w\" sizes=\"(max-width: 720px) 100vw, 720px\" width=\"720\" height=\"104\"  style=\"display: inline-block;\" \/><\/a><\/div><\/li><li><a href=\"https:\/\/sistemas.lavras.mg.gov.br\/portalcidadao\/#df1b1a7c7b2a290bcb31e32771e610784662739a88807c0dacac58ede5f391a7530e299dc302d611ee73cb143fc22eaf93592e53e7b5bdb01b00a0b8d28dae460c141dd2ff83412e4dc1c31b16b25f33144a9e5620ea73b13f5bc1c59411d98439ad226e8af03840603796067d87afe130812cf3de24982d0e306f9e61e764e5\" aria-label=\"Banner_Sa\u00fade_PortallavrasTV\"><img src=\"https:\/\/lavras.tv\/site\/wp-content\/uploads\/2025\/03\/Banner_Saude_PortallavrasTV.png\" alt=\"\"  srcset=\"https:\/\/lavras.tv\/site\/wp-content\/uploads\/2025\/03\/Banner_Saude_PortallavrasTV.png 720w, https:\/\/lavras.tv\/site\/wp-content\/uploads\/2025\/03\/Banner_Saude_PortallavrasTV-470x68.png 470w, https:\/\/lavras.tv\/site\/wp-content\/uploads\/2025\/03\/Banner_Saude_PortallavrasTV-170x25.png 170w, https:\/\/lavras.tv\/site\/wp-content\/uploads\/2025\/03\/Banner_Saude_PortallavrasTV-200x29.png 200w\" sizes=\"(max-width: 720px) 100vw, 720px\" width=\"720\" height=\"104\"   \/><\/a><\/li><li><div id=\"lavra-1012349059\" style=\"width:720px;height:104px;background-color:#ddd;overflow:scroll;\">\n\t<strong>Sa\u00edda da depura\u00e7\u00e3o de an\u00fancios<\/strong>\n\t<br><br>\n\tO an\u00fancio n\u00e3o \u00e9 exibido na p\u00e1gina<br><br>post atual: Minas mant\u00e9m saldo positivo de empregos e est\u00e1 mais perto de superar meta de 1 milh\u00e3o de vagas com carteira assinada, ID: 140318<br><br><span style=\"color: red;\">O post atual n\u00e3o \u00e9 id\u00eantico ao post principal.<\/span><br><br>An\u00fancios: ROXO - TOPO INTERNA - ROTATIVO 2 (197)<br \/>Grupo de an\u00fancios: Princ_Meio01_720x104 (27)<br><br>Condi\u00e7\u00f5es de exibi\u00e7\u00e3o<div style=\"margin-bottom: 20px; white-space: pre-wrap; font-family: monospace; width: 100%; background: #ffe9e9;\"><strong>condi\u00e7\u00f5es gerais<\/strong><table border=\"1\"><thead><tr><th><\/th><th>An\u00fancios<\/th><th>wp_the_query<\/th><\/tr><\/thead><tr><td>is_main_query<\/td><td>1<\/td><td>1<\/td><\/tr><tr><td>is_rest_api<\/td><td>0<\/td><td>1<\/td><\/tr><tr><td>page<\/td><td>0<\/td><td>1<\/td><\/tr><tr><td>numpages<\/td><td>0<\/td><td>1<\/td><\/tr><tr><td>is_archive<\/td><td>1<\/td><td><\/td><\/tr><tr><td>is_search<\/td><td>1<\/td><td><\/td><\/tr><tr><td>is_home<\/td><td>1<\/td><td><\/td><\/tr><tr><td>is_404<\/td><td>1<\/td><td><\/td><\/tr><tr><td>is_attachment<\/td><td>1<\/td><td><\/td><\/tr><tr><td>is_singular<\/td><td>1<\/td><td><\/td><\/tr><tr><td>is_front_page<\/td><td>1<\/td><td><\/td><\/tr><tr><td>is_feed<\/td><td>1<\/td><td><\/td><\/tr><\/table><\/div><br><br><span style=\"color: red;\">Seu site usa HTTPS, mas o c\u00f3digo do an\u00fancio cont\u00e9m HTTP e pode n\u00e3o funcionar.<\/span>\t<br><br>\n\t<a style=\"color: green;\" href=\"https:\/\/wpadvancedads.com\/manual\/ad-debug-mode\/?utm_source=advanced-ads&utm_medium=link&utm_campaign=ad-debug-mode\" target=\"_blank\" rel=\"nofollow\">Encontre solu\u00e7\u00f5es no manual<\/a>\n<\/div>\n<\/li><\/ul><\/div><script>( window.advanced_ads_ready || jQuery( document ).ready ).call( null, function() {var $lavraslider3717489053 = jQuery( \".lavra-slider-3717489053\" );$lavraslider3717489053.on( \"unslider.ready\", function() { jQuery( \"div.custom-slider ul li\" ).css( \"display\", \"block\" ); });$lavraslider3717489053.unslider({ delay:4000, autoplay:true, nav:false, arrows:false, infinite:true });$lavraslider3717489053.on(\"mouseover\", function() {$lavraslider3717489053.unslider(\"stop\");}).on(\"mouseout\", function() {$lavraslider3717489053.unslider(\"start\");});});<\/script><\/div>\n<p><em>Dados do Caged mostram que, no acumulado do ano at\u00e9 outubro, j\u00e1 s\u00e3o 207.363 novas oportunidades para os mineiros<\/em><\/p>\n\n\n\n<figure class=\"wp-block-image size-large\"><img fetchpriority=\"high\" decoding=\"async\" width=\"970\" height=\"647\" src=\"http:\/\/lavras.tv\/site\/wp-content\/uploads\/2024\/11\/Gil_Leonardi_ImprensaMG____IMG_3021-1-970x647.jpg\" alt=\"\" class=\"wp-image-140319\" srcset=\"https:\/\/lavras.tv\/site\/wp-content\/uploads\/2024\/11\/Gil_Leonardi_ImprensaMG____IMG_3021-1-970x647.jpg 970w, https:\/\/lavras.tv\/site\/wp-content\/uploads\/2024\/11\/Gil_Leonardi_ImprensaMG____IMG_3021-1-450x300.jpg 450w, https:\/\/lavras.tv\/site\/wp-content\/uploads\/2024\/11\/Gil_Leonardi_ImprensaMG____IMG_3021-1-170x113.jpg 170w, https:\/\/lavras.tv\/site\/wp-content\/uploads\/2024\/11\/Gil_Leonardi_ImprensaMG____IMG_3021-1-200x133.jpg 200w, https:\/\/lavras.tv\/site\/wp-content\/uploads\/2024\/11\/Gil_Leonardi_ImprensaMG____IMG_3021-1-1536x1024.jpg 1536w\" sizes=\"(max-width: 970px) 100vw, 970px\" \/><\/figure>\n\n\n\n<p>Pelo d\u00e9cimo m\u00eas consecutivo, Minas Gerais mant\u00e9m saldo positivo na gera\u00e7\u00e3o de empregos com carteira assinada. Dados do Novo Cadastro Geral de Empregados e Desempregados (Caged), do Minist\u00e9rio do Trabalho e Emprego, mostram que o estado criou em outubro 3.176 postos de trabalho.<\/p>\n\n\n\n<p>Com o desempenho positivo na gera\u00e7\u00e3o&nbsp;de emprego, Minas Gerais j\u00e1 acumula no ano 207.363 oportunidades de janeiro a outubro. De 2019 at\u00e9 agora, o estado est\u00e1 mais pr\u00f3ximo tamb\u00e9m de superar a marca de 1 milh\u00e3o de empregos formais criados at\u00e9 2026, com a gera\u00e7\u00e3o acumulada de 943 mil postos de trabalho com carteira assinada.<\/p>\n\n\n\n<p>\u201cQuando o Estado abre portas para quem quer empreender, diminui as burocracias e digitaliza os processos relacionados \u00e0 empregabilidade, os resultados tendem a ser positivos. Os trabalhos continuam para alcan\u00e7armos a meta de um milh\u00e3o de empregos formais at\u00e9 2026\u201d, afirma Ricardo Alves, subsecret\u00e1rio de Inclus\u00e3o Produtiva, Trabalho, Emprego e Renda da&nbsp;<a href=\"https:\/\/social.mg.gov.br\/\" target=\"_blank\" rel=\"noreferrer noopener\">Secretaria de Estado de Desenvolvimento Social (Sedese)<\/a>.<\/p>\n\n\n\n<p>Com a nova divulga\u00e7\u00e3o dos dados do Caged de outubro, Minas continua em segundo lugar no ranking com o segundo maior estoque de empregos do pa\u00eds, com 4,9 milh\u00f5es de pessoas trabalhando de carteira assinada.<\/p>\n\n\n\n<p><strong>Ano de destaque<\/strong><\/p>\n\n\n\n<p>Neste ano, Minas Gerais j\u00e1 se consolidou como o maior saldo na gera\u00e7\u00e3o de empregos formais desde 2021.<\/p>\n\n\n\n<p>Por setor de atividade econ\u00f4mica, o com\u00e9rcio liderou a gera\u00e7\u00e3o de empregos, com 3.314 postos formais, seguido por ind\u00fastria (1.713), constru\u00e7\u00e3o civil (1.271) e servi\u00e7os (586).&nbsp;<\/p>\n\n\n\n<p>No ano, o setor de servi\u00e7os lidera a gera\u00e7\u00e3o de postos de trabalho, com a cria\u00e7\u00e3o de 103.459 vagas formais.<\/p>\n","protected":false},"excerpt":{"rendered":"<p>Dados do Caged mostram que, no acumulado do ano at\u00e9 outubro, j\u00e1 s\u00e3o 207.363 novas oportunidades para os mineiros Pelo d\u00e9cimo m\u00eas consecutivo, Minas Gerais mant\u00e9m saldo positivo na gera\u00e7\u00e3o de empregos com carteira assinada. Dados do Novo Cadastro Geral de Empregados e Desempregados (Caged), do Minist\u00e9rio do Trabalho e Emprego, mostram que o estado [&hellip;]<\/p>\n","protected":false},"author":5,"featured_media":140319,"comment_status":"closed","ping_status":"open","sticky":false,"template":"","format":"standard","meta":{"advgb_blocks_editor_width":"","advgb_blocks_columns_visual_guide":"","_exactmetrics_skip_tracking":false,"_exactmetrics_sitenote_active":false,"_exactmetrics_sitenote_note":"","_exactmetrics_sitenote_category":0,"footnotes":""},"categories":[7,2],"tags":[],"class_list":["post-140318","post","type-post","status-publish","format-standard","has-post-thumbnail","hentry","category-destaques","category-noticias"],"better_featured_image":{"id":140319,"alt_text":"","caption":"","description":"","media_type":"image","media_details":{"width":2560,"height":1706,"file":"2024\/11\/Gil_Leonardi_ImprensaMG____IMG_3021-1-scaled.jpg","filesize":266190,"sizes":{"medium":{"file":"Gil_Leonardi_ImprensaMG____IMG_3021-1-450x300.jpg","width":450,"height":300,"mime-type":"image\/jpeg","filesize":40354,"source_url":"https:\/\/lavras.tv\/site\/wp-content\/uploads\/2024\/11\/Gil_Leonardi_ImprensaMG____IMG_3021-1-450x300.jpg"},"large":{"file":"Gil_Leonardi_ImprensaMG____IMG_3021-1-970x647.jpg","width":970,"height":647,"mime-type":"image\/jpeg","filesize":76193,"source_url":"https:\/\/lavras.tv\/site\/wp-content\/uploads\/2024\/11\/Gil_Leonardi_ImprensaMG____IMG_3021-1-970x647.jpg"},"thumbnail":{"file":"Gil_Leonardi_ImprensaMG____IMG_3021-1-170x113.jpg","width":170,"height":113,"mime-type":"image\/jpeg","filesize":27516,"source_url":"https:\/\/lavras.tv\/site\/wp-content\/uploads\/2024\/11\/Gil_Leonardi_ImprensaMG____IMG_3021-1-170x113.jpg"},"lshowcase-thumb":{"file":"Gil_Leonardi_ImprensaMG____IMG_3021-1-200x133.jpg","width":200,"height":133,"mime-type":"image\/jpeg","filesize":28498,"source_url":"https:\/\/lavras.tv\/site\/wp-content\/uploads\/2024\/11\/Gil_Leonardi_ImprensaMG____IMG_3021-1-200x133.jpg"},"1536x1536":{"file":"Gil_Leonardi_ImprensaMG____IMG_3021-1-1536x1024.jpg","width":1536,"height":1024,"mime-type":"image\/jpeg","filesize":129686,"source_url":"https:\/\/lavras.tv\/site\/wp-content\/uploads\/2024\/11\/Gil_Leonardi_ImprensaMG____IMG_3021-1-1536x1024.jpg"}},"image_meta":{"aperture":"4,5","credit":"Gil Leonardi","camera":"Canon EOS 6D","caption":"","created_timestamp":"1648753914","copyright":"","focal_length":"70","iso":"2500","shutter_speed":"0,008","title":"","orientation":"0","keywords":[]},"original_image":"Gil_Leonardi_ImprensaMG____IMG_3021-1.jpg"},"post":140318,"source_url":"https:\/\/lavras.tv\/site\/wp-content\/uploads\/2024\/11\/Gil_Leonardi_ImprensaMG____IMG_3021-1-scaled.jpg"},"author_meta":{"display_name":"Vinicius Bustamante","author_link":"https:\/\/lavras.tv\/site\/author\/vinicius-bustamante\/"},"featured_img":"https:\/\/lavras.tv\/site\/wp-content\/uploads\/2024\/11\/Gil_Leonardi_ImprensaMG____IMG_3021-1-450x300.jpg","coauthors":[],"tax_additional":{"categories":{"linked":["<a href=\"https:\/\/lavras.tv\/site\/category\/destaques\/\" class=\"advgb-post-tax-term\">Destaques<\/a>","<a href=\"https:\/\/lavras.tv\/site\/category\/noticias\/\" class=\"advgb-post-tax-term\">Not\u00edcias<\/a>"],"unlinked":["<span class=\"advgb-post-tax-term\">Destaques<\/span>","<span class=\"advgb-post-tax-term\">Not\u00edcias<\/span>"]}},"comment_count":"0","relative_dates":{"created":"Publicado 1 ano atr\u00e1s","modified":"Atualizado 1 ano atr\u00e1s"},"absolute_dates":{"created":"Publicado em 28 de novembro de 2024","modified":"Atualizado em 28 de novembro de 2024"},"absolute_dates_time":{"created":"Publicado em 28 de novembro de 2024 18:43","modified":"Atualizado em 28 de novembro de 2024 18:43"},"featured_img_caption":"","series_order":"","_links":{"self":[{"href":"https:\/\/lavras.tv\/site\/wp-json\/wp\/v2\/posts\/140318","targetHints":{"allow":["GET"]}}],"collection":[{"href":"https:\/\/lavras.tv\/site\/wp-json\/wp\/v2\/posts"}],"about":[{"href":"https:\/\/lavras.tv\/site\/wp-json\/wp\/v2\/types\/post"}],"author":[{"embeddable":true,"href":"https:\/\/lavras.tv\/site\/wp-json\/wp\/v2\/users\/5"}],"replies":[{"embeddable":true,"href":"https:\/\/lavras.tv\/site\/wp-json\/wp\/v2\/comments?post=140318"}],"version-history":[{"count":1,"href":"https:\/\/lavras.tv\/site\/wp-json\/wp\/v2\/posts\/140318\/revisions"}],"predecessor-version":[{"id":140320,"href":"https:\/\/lavras.tv\/site\/wp-json\/wp\/v2\/posts\/140318\/revisions\/140320"}],"wp:featuredmedia":[{"embeddable":true,"href":"https:\/\/lavras.tv\/site\/wp-json\/wp\/v2\/media\/140319"}],"wp:attachment":[{"href":"https:\/\/lavras.tv\/site\/wp-json\/wp\/v2\/media?parent=140318"}],"wp:term":[{"taxonomy":"category","embeddable":true,"href":"https:\/\/lavras.tv\/site\/wp-json\/wp\/v2\/categories?post=140318"},{"taxonomy":"post_tag","embeddable":true,"href":"https:\/\/lavras.tv\/site\/wp-json\/wp\/v2\/tags?post=140318"}],"curies":[{"name":"wp","href":"https:\/\/api.w.org\/{rel}","templated":true}]}}