{"id":14038,"date":"2018-01-02T09:39:13","date_gmt":"2018-01-02T11:39:13","guid":{"rendered":"http:\/\/lavras.tv\/site\/?p=14038"},"modified":"2018-01-02T09:39:13","modified_gmt":"2018-01-02T11:39:13","slug":"sem-contrato-robinho-encerra-passagem-pelo-atletico-e-fica-livre-no-mercado","status":"publish","type":"post","link":"https:\/\/lavras.tv\/site\/2018\/01\/02\/sem-contrato-robinho-encerra-passagem-pelo-atletico-e-fica-livre-no-mercado\/","title":{"rendered":"Sem contrato, Robinho encerra passagem pelo Atl\u00e9tico e fica livre no mercado"},"content":{"rendered":"<div class=\"lavra-antes-do-conteudo_2\" id=\"lavra-496555740\"><div id=\"lavra-slider-27\" class=\"custom-slider lavra-slider-760457767 lavra-slider\"><ul><li><div style=\"margin-left: auto;margin-right: auto;text-align: center;\" id=\"lavra-3280588738\"><a href=\"https:\/\/sistemas.lavras.mg.gov.br\/portalcidadao\/#df1b1a7c7b2a290bcb31e32771e610784662739a88807c0dacac58ede5f391a7530e299dc302d611ee73cb143fc22eaf93592e53e7b5bdb01b00a0b8d28dae460c141dd2ff83412e4dc1c31b16b25f33144a9e5620ea73b13f5bc1c59411d98439ad226e8af03840603796067d87afe130812cf3de24982d0e306f9e61e764e5\" aria-label=\"Lavras-TV&#8211;720x104px (1) (1)\"><img src=\"https:\/\/lavras.tv\/site\/wp-content\/uploads\/2025\/01\/Lavras-TV-720x104px-1-1.png\" alt=\"\"  srcset=\"https:\/\/lavras.tv\/site\/wp-content\/uploads\/2025\/01\/Lavras-TV-720x104px-1-1.png 720w, https:\/\/lavras.tv\/site\/wp-content\/uploads\/2025\/01\/Lavras-TV-720x104px-1-1-470x68.png 470w, https:\/\/lavras.tv\/site\/wp-content\/uploads\/2025\/01\/Lavras-TV-720x104px-1-1-170x25.png 170w, https:\/\/lavras.tv\/site\/wp-content\/uploads\/2025\/01\/Lavras-TV-720x104px-1-1-200x29.png 200w\" sizes=\"(max-width: 720px) 100vw, 720px\" width=\"720\" height=\"104\"  style=\"display: inline-block;\" \/><\/a><\/div><\/li><li><a href=\"https:\/\/sistemas.lavras.mg.gov.br\/portalcidadao\/#df1b1a7c7b2a290bcb31e32771e610784662739a88807c0dacac58ede5f391a7530e299dc302d611ee73cb143fc22eaf93592e53e7b5bdb01b00a0b8d28dae460c141dd2ff83412e4dc1c31b16b25f33144a9e5620ea73b13f5bc1c59411d98439ad226e8af03840603796067d87afe130812cf3de24982d0e306f9e61e764e5\" aria-label=\"Banner_Emprego_PortallavrasTV\"><img src=\"https:\/\/lavras.tv\/site\/wp-content\/uploads\/2025\/03\/Banner_Emprego_PortallavrasTV.png\" alt=\"\"  srcset=\"https:\/\/lavras.tv\/site\/wp-content\/uploads\/2025\/03\/Banner_Emprego_PortallavrasTV.png 720w, https:\/\/lavras.tv\/site\/wp-content\/uploads\/2025\/03\/Banner_Emprego_PortallavrasTV-470x68.png 470w, https:\/\/lavras.tv\/site\/wp-content\/uploads\/2025\/03\/Banner_Emprego_PortallavrasTV-170x25.png 170w, https:\/\/lavras.tv\/site\/wp-content\/uploads\/2025\/03\/Banner_Emprego_PortallavrasTV-200x29.png 200w\" sizes=\"(max-width: 720px) 100vw, 720px\" width=\"720\" height=\"104\"   \/><\/a><\/li><li><a href=\"https:\/\/sistemas.lavras.mg.gov.br\/portalcidadao\/#df1b1a7c7b2a290bcb31e32771e610784662739a88807c0dacac58ede5f391a7530e299dc302d611ee73cb143fc22eaf93592e53e7b5bdb01b00a0b8d28dae460c141dd2ff83412e4dc1c31b16b25f33144a9e5620ea73b13f5bc1c59411d98439ad226e8af03840603796067d87afe130812cf3de24982d0e306f9e61e764e5\" aria-label=\"Banner_Obras_PortallavrasTV\"><img src=\"https:\/\/lavras.tv\/site\/wp-content\/uploads\/2025\/03\/Banner_Obras_PortallavrasTV.png\" alt=\"\"  srcset=\"https:\/\/lavras.tv\/site\/wp-content\/uploads\/2025\/03\/Banner_Obras_PortallavrasTV.png 720w, https:\/\/lavras.tv\/site\/wp-content\/uploads\/2025\/03\/Banner_Obras_PortallavrasTV-470x68.png 470w, https:\/\/lavras.tv\/site\/wp-content\/uploads\/2025\/03\/Banner_Obras_PortallavrasTV-170x25.png 170w, https:\/\/lavras.tv\/site\/wp-content\/uploads\/2025\/03\/Banner_Obras_PortallavrasTV-200x29.png 200w\" sizes=\"(max-width: 720px) 100vw, 720px\" width=\"720\" height=\"104\"   \/><\/a><\/li><li><div style=\"margin-left: auto;margin-right: auto;text-align: center;\" id=\"lavra-291173240\"><a href=\"https:\/\/sistemas.lavras.mg.gov.br\/portalcidadao\/#df1b1a7c7b2a290bcb31e32771e610784662739a88807c0dacac58ede5f391a7530e299dc302d611ee73cb143fc22eaf93592e53e7b5bdb01b00a0b8d28dae460c141dd2ff83412e4dc1c31b16b25f33144a9e5620ea73b13f5bc1c59411d98439ad226e8af03840603796067d87afe130812cf3de24982d0e306f9e61e764e5\" aria-label=\"Banner_Educa\u00e7\u00e3o_PortallavrasTV\"><img src=\"https:\/\/lavras.tv\/site\/wp-content\/uploads\/2025\/01\/Banner_Educacao_PortallavrasTV.png\" alt=\"\"  srcset=\"https:\/\/lavras.tv\/site\/wp-content\/uploads\/2025\/01\/Banner_Educacao_PortallavrasTV.png 720w, https:\/\/lavras.tv\/site\/wp-content\/uploads\/2025\/01\/Banner_Educacao_PortallavrasTV-470x68.png 470w, https:\/\/lavras.tv\/site\/wp-content\/uploads\/2025\/01\/Banner_Educacao_PortallavrasTV-170x25.png 170w, https:\/\/lavras.tv\/site\/wp-content\/uploads\/2025\/01\/Banner_Educacao_PortallavrasTV-200x29.png 200w\" sizes=\"(max-width: 720px) 100vw, 720px\" width=\"720\" height=\"104\"  style=\"display: inline-block;\" \/><\/a><\/div><\/li><li><a href=\"https:\/\/sistemas.lavras.mg.gov.br\/portalcidadao\/#df1b1a7c7b2a290bcb31e32771e610784662739a88807c0dacac58ede5f391a7530e299dc302d611ee73cb143fc22eaf93592e53e7b5bdb01b00a0b8d28dae460c141dd2ff83412e4dc1c31b16b25f33144a9e5620ea73b13f5bc1c59411d98439ad226e8af03840603796067d87afe130812cf3de24982d0e306f9e61e764e5\" aria-label=\"Banner_Sa\u00fade_PortallavrasTV\"><img src=\"https:\/\/lavras.tv\/site\/wp-content\/uploads\/2025\/03\/Banner_Saude_PortallavrasTV.png\" alt=\"\"  srcset=\"https:\/\/lavras.tv\/site\/wp-content\/uploads\/2025\/03\/Banner_Saude_PortallavrasTV.png 720w, https:\/\/lavras.tv\/site\/wp-content\/uploads\/2025\/03\/Banner_Saude_PortallavrasTV-470x68.png 470w, https:\/\/lavras.tv\/site\/wp-content\/uploads\/2025\/03\/Banner_Saude_PortallavrasTV-170x25.png 170w, https:\/\/lavras.tv\/site\/wp-content\/uploads\/2025\/03\/Banner_Saude_PortallavrasTV-200x29.png 200w\" sizes=\"(max-width: 720px) 100vw, 720px\" width=\"720\" height=\"104\"   \/><\/a><\/li><li><div id=\"lavra-707263725\" style=\"width:720px;height:104px;background-color:#ddd;overflow:scroll;\">\n\t<strong>Sa\u00edda da depura\u00e7\u00e3o de an\u00fancios<\/strong>\n\t<br><br>\n\tO an\u00fancio n\u00e3o \u00e9 exibido na p\u00e1gina<br><br>post atual: Sem contrato, Robinho encerra passagem pelo Atl\u00e9tico e fica livre no mercado, ID: 14038<br><br><span style=\"color: red;\">O post atual n\u00e3o \u00e9 id\u00eantico ao post principal.<\/span><br><br>An\u00fancios: ROXO - TOPO INTERNA - ROTATIVO 2 (197)<br \/>Grupo de an\u00fancios: Princ_Meio01_720x104 (27)<br><br>Condi\u00e7\u00f5es de exibi\u00e7\u00e3o<div style=\"margin-bottom: 20px; white-space: pre-wrap; font-family: monospace; width: 100%; background: #ffe9e9;\"><strong>condi\u00e7\u00f5es gerais<\/strong><table border=\"1\"><thead><tr><th><\/th><th>An\u00fancios<\/th><th>wp_the_query<\/th><\/tr><\/thead><tr><td>is_main_query<\/td><td>1<\/td><td>1<\/td><\/tr><tr><td>is_rest_api<\/td><td>0<\/td><td>1<\/td><\/tr><tr><td>page<\/td><td>0<\/td><td>1<\/td><\/tr><tr><td>numpages<\/td><td>0<\/td><td>1<\/td><\/tr><tr><td>is_archive<\/td><td>1<\/td><td><\/td><\/tr><tr><td>is_search<\/td><td>1<\/td><td><\/td><\/tr><tr><td>is_home<\/td><td>1<\/td><td><\/td><\/tr><tr><td>is_404<\/td><td>1<\/td><td><\/td><\/tr><tr><td>is_attachment<\/td><td>1<\/td><td><\/td><\/tr><tr><td>is_singular<\/td><td>1<\/td><td><\/td><\/tr><tr><td>is_front_page<\/td><td>1<\/td><td><\/td><\/tr><tr><td>is_feed<\/td><td>1<\/td><td><\/td><\/tr><\/table><\/div><br><br><span style=\"color: red;\">Seu site usa HTTPS, mas o c\u00f3digo do an\u00fancio cont\u00e9m HTTP e pode n\u00e3o funcionar.<\/span>\t<br><br>\n\t<a style=\"color: green;\" href=\"https:\/\/wpadvancedads.com\/manual\/ad-debug-mode\/?utm_source=advanced-ads&utm_medium=link&utm_campaign=ad-debug-mode\" target=\"_blank\" rel=\"nofollow\">Encontre solu\u00e7\u00f5es no manual<\/a>\n<\/div>\n<\/li><\/ul><\/div><script>( window.advanced_ads_ready || jQuery( document ).ready ).call( null, function() {var $lavraslider760457767 = jQuery( \".lavra-slider-760457767\" );$lavraslider760457767.on( \"unslider.ready\", function() { jQuery( \"div.custom-slider ul li\" ).css( \"display\", \"block\" ); });$lavraslider760457767.unslider({ delay:4000, autoplay:true, nav:false, arrows:false, infinite:true });$lavraslider760457767.on(\"mouseover\", function() {$lavraslider760457767.unslider(\"stop\");}).on(\"mouseout\", function() {$lavraslider760457767.unslider(\"start\");});});<\/script><\/div><p>A passagem de quase dois anos do atacante Robinho pelo Atl\u00e9tico est\u00e1 oficialmente encerrada. <!--more-->O contrato do jogador com o clube mineiro se encerrou em 31 de dezembro de 2017 e, como n\u00e3o chegou a um acordo para renov\u00e1-lo, ele agora est\u00e1 sem time, livre no mercado e com o futuro indefinido para 2018.<\/p>\n<p>No ano passado, ainda durante a disputa do Campeonato Brasileiro Robinho declarou que aceitaria uma redu\u00e7\u00e3o no seu sal\u00e1rio para permanecer no Galo em 2018, mas a proposta feita pelo clube para renovar o acordo acabou n\u00e3o sendo aceita.<\/p>\n<p><img fetchpriority=\"high\" decoding=\"async\" class=\"alignnone size-full wp-image-14039 aligncenter\" src=\"http:\/\/lavras.tv\/site\/wp-content\/uploads\/2018\/01\/robinho.jpg\" alt=\"robinho\" width=\"615\" height=\"300\" srcset=\"https:\/\/lavras.tv\/site\/wp-content\/uploads\/2018\/01\/robinho.jpg 615w, https:\/\/lavras.tv\/site\/wp-content\/uploads\/2018\/01\/robinho-150x73.jpg 150w, https:\/\/lavras.tv\/site\/wp-content\/uploads\/2018\/01\/robinho-300x146.jpg 300w\" sizes=\"(max-width: 615px) 100vw, 615px\" \/><\/p>\n<p>&#8220;Aceitaria, sim. Quando h\u00e1 interesse de ambas as partes \u00e9 s\u00f3 conversar e sentar. N\u00e3o h\u00e1 dificuldade nenhuma&#8221;, afirmara Robinho no fim de outubro, quando recebeu uma homenagem de Daniel Nepomuceno, ent\u00e3o presidente do Atl\u00e9tico, pela marca de cem jogos disputados pelo time.<\/p>\n<p>Como o clube enfrenta problemas financeiros, a diretoria rec\u00e9m-eleita para comandar o Atl\u00e9tico nos pr\u00f3ximos tr\u00eas anos adotou uma pol\u00edtica de redu\u00e7\u00e3o salarial, algo que provocou inclusive a sa\u00edda do centroavante Fred. O discurso, por\u00e9m, foi de que havia interesse na perman\u00eancia de Robinho, ainda que com um sal\u00e1rio mais baixo do que o recebido em 2016 e 2017, mas como uma oferta para um v\u00ednculo por mais duas temporadas com o jogador de 33 anos. No entanto, a oferta foi rejeitada por Robinho e sua advogada, Marisa Alija, como explicou Alexandre Gallo, diretor de futebol do Atl\u00e9tico.<\/p>\n<p>&#8220;Queremos a continuidade dele. Tivemos a negativa inicial e vamos o que acontece nos pr\u00f3ximos dias. A ideia \u00e9 dar maior tranquilidade poss\u00edvel para ele. Entendo que, vestindo a camisa com essa faixa et\u00e1ria, mas entregando bom futebol, ele queira tranquilidade para trabalhar. Pensei em dar os 24 meses, porque ele gosta da cidade e est\u00e1 muito bem adaptado. A conversa foi saud\u00e1vel com a representante e ela entendeu o projeto que t\u00ednhamos para o Robinho. Queremos um projeto para a vida dele. Ele j\u00e1 um jogador realizado, mas queremos dar tranquilidade a ele, entendendo nosso momento e nossas necessidades. Essa defini\u00e7\u00e3o fica para ele e sua representante&#8221;, disse Gallo, durante a apresenta\u00e7\u00e3o oficial da nova diretoria do Atl\u00e9tico, no m\u00eas passado.<\/p>\n<p>Por\u00e9m, as negocia\u00e7\u00f5es entre Robinho e o clube n\u00e3o foram al\u00e9m da primeira proposta. E assim est\u00e1 encerrada a passagem de quase dois anos de Robinho pelo time, iniciada em fevereiro de 2016, quando a sua contrata\u00e7\u00e3o foi anunciada ap\u00f3s uma apagada passagem pelo chin\u00eas Guangzhou Evergrande.<\/p>\n<p>Com a sua contrata\u00e7\u00e3o, o Atl\u00e9tico manteve uma recente estrat\u00e9gia de se refor\u00e7ar com jogadores renomados, que teve Ronaldinho Ga\u00facho como seu principal expoente. E, especialmente na sua primeira temporada pelo clube, Robinho deu uma resposta positiva dentro de campo ao investimento.<\/p>\n<p>Afinal, em 2016 ele foi o jogador que mais marcou gols no futebol brasileiro &#8211; 25. Robinho tamb\u00e9m foi o artilheiro do Campeonato Mineiro e marcou gols importantes do time, como nas semifinais da Copa do Brasil, torneio em que o Atl\u00e9tico foi vice-campe\u00e3o, assim como ocorreu na competi\u00e7\u00e3o estadual. E tamb\u00e9m foi pe\u00e7a importante da campanha no Brasileir\u00e3o que classificou a equipe \u00e0 fase de grupos da Copa Libertadores de 2017.<\/p>\n<p>Esse desempenho, por\u00e9m, n\u00e3o se repetiu em 2017, ano em que Robinho foi apenas 13 vezes \u00e0s redes. Ainda assim, alguns gols foram decisivos, especialmente em cl\u00e1ssicos contra o Cruzeiro, na final\u00edssima do Mineiro, vencida pelo Atl\u00e9tico, e no segundo turno do Brasileir\u00e3o.<\/p>\n<p>Isso, por\u00e9m, n\u00e3o foi suficiente para que Robinho fosse mantido em 2018 no clube, ainda mais que o time ter\u00e1 receita reduzida em rela\u00e7\u00e3o a anos anteriores, especialmente por n\u00e3o ter conquistado uma vaga na pr\u00f3xima Libertadores. Assim, ele encerra a passagem pelo Atl\u00e9tico com 35 gols marcados em 109 jogos, al\u00e9m de um t\u00edtulo mineiro. E a sua sa\u00edda intensifica a reformula\u00e7\u00e3o do setor ofensivo, que j\u00e1 havia perdido Fred e ter\u00e1 uma nova &#8220;cara&#8221; em 2018.<\/p>\n<p>J\u00e1 Robinho agora precisa definir o seu futuro profissional. O Santos, onde iniciou a sua carreira e teve tr\u00eas passagens, \u00e9 sempre um clube que tem seu nome ligado ao atacante, mesmo que o presidente eleito Jos\u00e9 Carlos Peres tenha declarado anteriormente que n\u00e3o estava em negocia\u00e7\u00f5es com ele. Al\u00e9m disso, admitiu que a condena\u00e7\u00e3o em primeira inst\u00e2ncia a nove anos de pris\u00e3o na It\u00e1lia por caso de viol\u00eancia sexual, em incidente ocorrido quando era jogador do Milan, poderia pesar na sua decis\u00e3o de n\u00e3o contrat\u00e1-lo.<\/p>\n<p>&#8220;N\u00e3o prometi Robinho. Entendo que \u00e9 um jogador identificado, tem que ser bem tratado na Vila, \u00e9 um \u00eddolo, mas h\u00e1 essa quest\u00e3o da It\u00e1lia. O Robinho tem que se defender. Se estiver culpado, ter\u00e1 que pagar. N\u00e3o podemos massacrar quem est\u00e1 em julgamento. Ele tem todo direito de se defender na segunda inst\u00e2ncia&#8221;, afirmou, dias ap\u00f3s sua vit\u00f3ria na elei\u00e7\u00e3o do Santos, em entrevista \u00e0 ESPN Brasil.<\/p>\n<p>O Santos, por\u00e9m, poderia rever essa postura, ainda mais por ter sofrido v\u00e1rias perdas recentes no setor ofensivo, com as sa\u00eddas de Lucas Lima e Ricardo Oliveira. E o fato de Robinho estar livre de contrato, poderia facilitar a negocia\u00e7\u00e3o para o clube, que sofre com problemas financeiros e vem encontrando dificuldades para se refor\u00e7ar e at\u00e9 oficializar a chegada do t\u00e9cnico Jair Ventura.<\/p>\n<p>O atacante, por\u00e9m, garante n\u00e3o ter pressa para definir o seu destino para 2018. Ao menos foi o que ele afirmou no final de dezembro, durante um jogo beneficente em Caieiras, na regi\u00e3o metropolitana de S\u00e3o Paulo.<\/p>\n<p>&#8220;Sinceramente ainda n\u00e3o decidi. Estou descansando mesmo, desligando o telefone. Estou procurando descansar com a fam\u00edlia, porque \u00e9 muito curto o per\u00edodo de f\u00e9rias. L\u00e1 para janeiro, eu tomo a decis\u00e3o onde eu vou jogar, uma decis\u00e3o tranquila, sem pressa&#8221;, afirmou, ao SporTV, Robinho, estrela do futebol brasileiro que agora est\u00e1 oficialmente sem time.<\/p>\n<p>Fonte: Itatiaia<\/p>\n","protected":false},"excerpt":{"rendered":"<p>A passagem de quase dois anos do atacante Robinho pelo Atl\u00e9tico est\u00e1 oficialmente encerrada.<\/p>\n","protected":false},"author":2,"featured_media":14039,"comment_status":"closed","ping_status":"open","sticky":false,"template":"","format":"standard","meta":{"advgb_blocks_editor_width":"","advgb_blocks_columns_visual_guide":"","_exactmetrics_skip_tracking":false,"_exactmetrics_sitenote_active":false,"_exactmetrics_sitenote_note":"","_exactmetrics_sitenote_category":0,"footnotes":""},"categories":[3],"tags":[923,1036,1524,4402],"class_list":["post-14038","post","type-post","status-publish","format-standard","has-post-thumbnail","hentry","category-esportes","tag-atletico","tag-futebol","tag-robinho","tag-time"],"better_featured_image":{"id":14039,"alt_text":"","caption":"","description":"","media_type":"image","media_details":{"width":615,"height":300,"file":"2018\/01\/robinho.jpg","sizes":{"thumbnail":{"file":"robinho-150x73.jpg","width":150,"height":73,"mime-type":"image\/jpeg","source_url":"https:\/\/lavras.tv\/site\/wp-content\/uploads\/2018\/01\/robinho-150x73.jpg"},"medium":{"file":"robinho-300x146.jpg","width":300,"height":146,"mime-type":"image\/jpeg","source_url":"https:\/\/lavras.tv\/site\/wp-content\/uploads\/2018\/01\/robinho-300x146.jpg"},"featured-post-img":{"file":"robinho-480x300.jpg","width":480,"height":300,"mime-type":"image\/jpeg","source_url":"https:\/\/lavras.tv\/site\/wp-content\/uploads\/2018\/01\/robinho-480x300.jpg"},"sow-carousel-default":{"file":"robinho-272x182.jpg","width":272,"height":182,"mime-type":"image\/jpeg","source_url":"https:\/\/lavras.tv\/site\/wp-content\/uploads\/2018\/01\/robinho-272x182.jpg"}},"image_meta":{"aperture":"0","credit":"","camera":"","caption":"","created_timestamp":"0","copyright":"","focal_length":"0","iso":"0","shutter_speed":"0","title":"","orientation":"0","keywords":[]}},"post":14038,"source_url":"https:\/\/lavras.tv\/site\/wp-content\/uploads\/2018\/01\/robinho.jpg"},"author_meta":{"display_name":"Lavras TV","author_link":"https:\/\/lavras.tv\/site\/author\/lavrastv\/"},"featured_img":"https:\/\/lavras.tv\/site\/wp-content\/uploads\/2018\/01\/robinho-300x146.jpg","coauthors":[],"tax_additional":{"categories":{"linked":["<a href=\"https:\/\/lavras.tv\/site\/category\/esportes\/\" class=\"advgb-post-tax-term\">Esportes<\/a>"],"unlinked":["<span class=\"advgb-post-tax-term\">Esportes<\/span>"]},"tags":{"linked":["<a href=\"https:\/\/lavras.tv\/site\/category\/esportes\/\" class=\"advgb-post-tax-term\">atl\u00e9tico<\/a>","<a href=\"https:\/\/lavras.tv\/site\/category\/esportes\/\" class=\"advgb-post-tax-term\">futebol<\/a>","<a href=\"https:\/\/lavras.tv\/site\/category\/esportes\/\" class=\"advgb-post-tax-term\">Robinho<\/a>","<a href=\"https:\/\/lavras.tv\/site\/category\/esportes\/\" class=\"advgb-post-tax-term\">time<\/a>"],"unlinked":["<span class=\"advgb-post-tax-term\">atl\u00e9tico<\/span>","<span class=\"advgb-post-tax-term\">futebol<\/span>","<span class=\"advgb-post-tax-term\">Robinho<\/span>","<span class=\"advgb-post-tax-term\">time<\/span>"]}},"comment_count":"0","relative_dates":{"created":"Publicado 8 anos atr\u00e1s","modified":"Atualizado 8 anos atr\u00e1s"},"absolute_dates":{"created":"Publicado em 2 de janeiro de 2018","modified":"Atualizado em 2 de janeiro de 2018"},"absolute_dates_time":{"created":"Publicado em 2 de janeiro de 2018 09:39","modified":"Atualizado em 2 de janeiro de 2018 09:39"},"featured_img_caption":"","series_order":"","_links":{"self":[{"href":"https:\/\/lavras.tv\/site\/wp-json\/wp\/v2\/posts\/14038","targetHints":{"allow":["GET"]}}],"collection":[{"href":"https:\/\/lavras.tv\/site\/wp-json\/wp\/v2\/posts"}],"about":[{"href":"https:\/\/lavras.tv\/site\/wp-json\/wp\/v2\/types\/post"}],"author":[{"embeddable":true,"href":"https:\/\/lavras.tv\/site\/wp-json\/wp\/v2\/users\/2"}],"replies":[{"embeddable":true,"href":"https:\/\/lavras.tv\/site\/wp-json\/wp\/v2\/comments?post=14038"}],"version-history":[{"count":1,"href":"https:\/\/lavras.tv\/site\/wp-json\/wp\/v2\/posts\/14038\/revisions"}],"predecessor-version":[{"id":14040,"href":"https:\/\/lavras.tv\/site\/wp-json\/wp\/v2\/posts\/14038\/revisions\/14040"}],"wp:featuredmedia":[{"embeddable":true,"href":"https:\/\/lavras.tv\/site\/wp-json\/wp\/v2\/media\/14039"}],"wp:attachment":[{"href":"https:\/\/lavras.tv\/site\/wp-json\/wp\/v2\/media?parent=14038"}],"wp:term":[{"taxonomy":"category","embeddable":true,"href":"https:\/\/lavras.tv\/site\/wp-json\/wp\/v2\/categories?post=14038"},{"taxonomy":"post_tag","embeddable":true,"href":"https:\/\/lavras.tv\/site\/wp-json\/wp\/v2\/tags?post=14038"}],"curies":[{"name":"wp","href":"https:\/\/api.w.org\/{rel}","templated":true}]}}