{"id":14055,"date":"2018-01-03T08:00:21","date_gmt":"2018-01-03T10:00:21","guid":{"rendered":"http:\/\/lavras.tv\/site\/?p=14055"},"modified":"2018-01-03T08:00:21","modified_gmt":"2018-01-03T10:00:21","slug":"temer-sanciona-orcamento-com-previsao-de-r-17-bilhao-para-campanhas-eleitorais","status":"publish","type":"post","link":"https:\/\/lavras.tv\/site\/2018\/01\/03\/temer-sanciona-orcamento-com-previsao-de-r-17-bilhao-para-campanhas-eleitorais\/","title":{"rendered":"Temer sanciona Or\u00e7amento com previs\u00e3o de R$ 1,7 bilh\u00e3o para campanhas eleitorais"},"content":{"rendered":"<div class=\"lavra-antes-do-conteudo_2\" id=\"lavra-2613863851\"><div id=\"lavra-slider-27\" class=\"custom-slider lavra-slider-2824748062 lavra-slider\"><ul><li><div style=\"margin-left: auto;margin-right: auto;text-align: center;\" id=\"lavra-2203023620\"><a href=\"https:\/\/sistemas.lavras.mg.gov.br\/portalcidadao\/#df1b1a7c7b2a290bcb31e32771e610784662739a88807c0dacac58ede5f391a7530e299dc302d611ee73cb143fc22eaf93592e53e7b5bdb01b00a0b8d28dae460c141dd2ff83412e4dc1c31b16b25f33144a9e5620ea73b13f5bc1c59411d98439ad226e8af03840603796067d87afe130812cf3de24982d0e306f9e61e764e5\" aria-label=\"Lavras-TV&#8211;720x104px (1) (1)\"><img src=\"https:\/\/lavras.tv\/site\/wp-content\/uploads\/2025\/01\/Lavras-TV-720x104px-1-1.png\" alt=\"\"  srcset=\"https:\/\/lavras.tv\/site\/wp-content\/uploads\/2025\/01\/Lavras-TV-720x104px-1-1.png 720w, https:\/\/lavras.tv\/site\/wp-content\/uploads\/2025\/01\/Lavras-TV-720x104px-1-1-470x68.png 470w, https:\/\/lavras.tv\/site\/wp-content\/uploads\/2025\/01\/Lavras-TV-720x104px-1-1-170x25.png 170w, https:\/\/lavras.tv\/site\/wp-content\/uploads\/2025\/01\/Lavras-TV-720x104px-1-1-200x29.png 200w\" sizes=\"(max-width: 720px) 100vw, 720px\" width=\"720\" height=\"104\"  style=\"display: inline-block;\" \/><\/a><\/div><\/li><li><a href=\"https:\/\/sistemas.lavras.mg.gov.br\/portalcidadao\/#df1b1a7c7b2a290bcb31e32771e610784662739a88807c0dacac58ede5f391a7530e299dc302d611ee73cb143fc22eaf93592e53e7b5bdb01b00a0b8d28dae460c141dd2ff83412e4dc1c31b16b25f33144a9e5620ea73b13f5bc1c59411d98439ad226e8af03840603796067d87afe130812cf3de24982d0e306f9e61e764e5\" aria-label=\"Banner_Emprego_PortallavrasTV\"><img src=\"https:\/\/lavras.tv\/site\/wp-content\/uploads\/2025\/03\/Banner_Emprego_PortallavrasTV.png\" alt=\"\"  srcset=\"https:\/\/lavras.tv\/site\/wp-content\/uploads\/2025\/03\/Banner_Emprego_PortallavrasTV.png 720w, https:\/\/lavras.tv\/site\/wp-content\/uploads\/2025\/03\/Banner_Emprego_PortallavrasTV-470x68.png 470w, https:\/\/lavras.tv\/site\/wp-content\/uploads\/2025\/03\/Banner_Emprego_PortallavrasTV-170x25.png 170w, https:\/\/lavras.tv\/site\/wp-content\/uploads\/2025\/03\/Banner_Emprego_PortallavrasTV-200x29.png 200w\" sizes=\"(max-width: 720px) 100vw, 720px\" width=\"720\" height=\"104\"   \/><\/a><\/li><li><a href=\"https:\/\/sistemas.lavras.mg.gov.br\/portalcidadao\/#df1b1a7c7b2a290bcb31e32771e610784662739a88807c0dacac58ede5f391a7530e299dc302d611ee73cb143fc22eaf93592e53e7b5bdb01b00a0b8d28dae460c141dd2ff83412e4dc1c31b16b25f33144a9e5620ea73b13f5bc1c59411d98439ad226e8af03840603796067d87afe130812cf3de24982d0e306f9e61e764e5\" aria-label=\"Banner_Obras_PortallavrasTV\"><img src=\"https:\/\/lavras.tv\/site\/wp-content\/uploads\/2025\/03\/Banner_Obras_PortallavrasTV.png\" alt=\"\"  srcset=\"https:\/\/lavras.tv\/site\/wp-content\/uploads\/2025\/03\/Banner_Obras_PortallavrasTV.png 720w, https:\/\/lavras.tv\/site\/wp-content\/uploads\/2025\/03\/Banner_Obras_PortallavrasTV-470x68.png 470w, https:\/\/lavras.tv\/site\/wp-content\/uploads\/2025\/03\/Banner_Obras_PortallavrasTV-170x25.png 170w, https:\/\/lavras.tv\/site\/wp-content\/uploads\/2025\/03\/Banner_Obras_PortallavrasTV-200x29.png 200w\" sizes=\"(max-width: 720px) 100vw, 720px\" width=\"720\" height=\"104\"   \/><\/a><\/li><li><div style=\"margin-left: auto;margin-right: auto;text-align: center;\" id=\"lavra-3137669627\"><a href=\"https:\/\/sistemas.lavras.mg.gov.br\/portalcidadao\/#df1b1a7c7b2a290bcb31e32771e610784662739a88807c0dacac58ede5f391a7530e299dc302d611ee73cb143fc22eaf93592e53e7b5bdb01b00a0b8d28dae460c141dd2ff83412e4dc1c31b16b25f33144a9e5620ea73b13f5bc1c59411d98439ad226e8af03840603796067d87afe130812cf3de24982d0e306f9e61e764e5\" aria-label=\"Banner_Educa\u00e7\u00e3o_PortallavrasTV\"><img src=\"https:\/\/lavras.tv\/site\/wp-content\/uploads\/2025\/01\/Banner_Educacao_PortallavrasTV.png\" alt=\"\"  srcset=\"https:\/\/lavras.tv\/site\/wp-content\/uploads\/2025\/01\/Banner_Educacao_PortallavrasTV.png 720w, https:\/\/lavras.tv\/site\/wp-content\/uploads\/2025\/01\/Banner_Educacao_PortallavrasTV-470x68.png 470w, https:\/\/lavras.tv\/site\/wp-content\/uploads\/2025\/01\/Banner_Educacao_PortallavrasTV-170x25.png 170w, https:\/\/lavras.tv\/site\/wp-content\/uploads\/2025\/01\/Banner_Educacao_PortallavrasTV-200x29.png 200w\" sizes=\"(max-width: 720px) 100vw, 720px\" width=\"720\" height=\"104\"  style=\"display: inline-block;\" \/><\/a><\/div><\/li><li><a href=\"https:\/\/sistemas.lavras.mg.gov.br\/portalcidadao\/#df1b1a7c7b2a290bcb31e32771e610784662739a88807c0dacac58ede5f391a7530e299dc302d611ee73cb143fc22eaf93592e53e7b5bdb01b00a0b8d28dae460c141dd2ff83412e4dc1c31b16b25f33144a9e5620ea73b13f5bc1c59411d98439ad226e8af03840603796067d87afe130812cf3de24982d0e306f9e61e764e5\" aria-label=\"Banner_Sa\u00fade_PortallavrasTV\"><img src=\"https:\/\/lavras.tv\/site\/wp-content\/uploads\/2025\/03\/Banner_Saude_PortallavrasTV.png\" alt=\"\"  srcset=\"https:\/\/lavras.tv\/site\/wp-content\/uploads\/2025\/03\/Banner_Saude_PortallavrasTV.png 720w, https:\/\/lavras.tv\/site\/wp-content\/uploads\/2025\/03\/Banner_Saude_PortallavrasTV-470x68.png 470w, https:\/\/lavras.tv\/site\/wp-content\/uploads\/2025\/03\/Banner_Saude_PortallavrasTV-170x25.png 170w, https:\/\/lavras.tv\/site\/wp-content\/uploads\/2025\/03\/Banner_Saude_PortallavrasTV-200x29.png 200w\" sizes=\"(max-width: 720px) 100vw, 720px\" width=\"720\" height=\"104\"   \/><\/a><\/li><li><div id=\"lavra-4098463820\" style=\"width:720px;height:104px;background-color:#ddd;overflow:scroll;\">\n\t<strong>Sa\u00edda da depura\u00e7\u00e3o de an\u00fancios<\/strong>\n\t<br><br>\n\tO an\u00fancio n\u00e3o \u00e9 exibido na p\u00e1gina<br><br>post atual: Temer sanciona Or\u00e7amento com previs\u00e3o de R$ 1,7 bilh\u00e3o para campanhas eleitorais, ID: 14055<br><br><span style=\"color: red;\">O post atual n\u00e3o \u00e9 id\u00eantico ao post principal.<\/span><br><br>An\u00fancios: ROXO - TOPO INTERNA - ROTATIVO 2 (197)<br \/>Grupo de an\u00fancios: Princ_Meio01_720x104 (27)<br><br>Condi\u00e7\u00f5es de exibi\u00e7\u00e3o<div style=\"margin-bottom: 20px; white-space: pre-wrap; font-family: monospace; width: 100%; background: #ffe9e9;\"><strong>condi\u00e7\u00f5es gerais<\/strong><table border=\"1\"><thead><tr><th><\/th><th>An\u00fancios<\/th><th>wp_the_query<\/th><\/tr><\/thead><tr><td>is_main_query<\/td><td>1<\/td><td>1<\/td><\/tr><tr><td>is_rest_api<\/td><td>0<\/td><td>1<\/td><\/tr><tr><td>page<\/td><td>0<\/td><td>1<\/td><\/tr><tr><td>numpages<\/td><td>0<\/td><td>1<\/td><\/tr><tr><td>is_archive<\/td><td>1<\/td><td><\/td><\/tr><tr><td>is_search<\/td><td>1<\/td><td><\/td><\/tr><tr><td>is_home<\/td><td>1<\/td><td><\/td><\/tr><tr><td>is_404<\/td><td>1<\/td><td><\/td><\/tr><tr><td>is_attachment<\/td><td>1<\/td><td><\/td><\/tr><tr><td>is_singular<\/td><td>1<\/td><td><\/td><\/tr><tr><td>is_front_page<\/td><td>1<\/td><td><\/td><\/tr><tr><td>is_feed<\/td><td>1<\/td><td><\/td><\/tr><\/table><\/div><br><br><span style=\"color: red;\">Seu site usa HTTPS, mas o c\u00f3digo do an\u00fancio cont\u00e9m HTTP e pode n\u00e3o funcionar.<\/span>\t<br><br>\n\t<a style=\"color: green;\" href=\"https:\/\/wpadvancedads.com\/manual\/ad-debug-mode\/?utm_source=advanced-ads&utm_medium=link&utm_campaign=ad-debug-mode\" target=\"_blank\" rel=\"nofollow\">Encontre solu\u00e7\u00f5es no manual<\/a>\n<\/div>\n<\/li><\/ul><\/div><script>( window.advanced_ads_ready || jQuery( document ).ready ).call( null, function() {var $lavraslider2824748062 = jQuery( \".lavra-slider-2824748062\" );$lavraslider2824748062.on( \"unslider.ready\", function() { jQuery( \"div.custom-slider ul li\" ).css( \"display\", \"block\" ); });$lavraslider2824748062.unslider({ delay:4000, autoplay:true, nav:false, arrows:false, infinite:true });$lavraslider2824748062.on(\"mouseover\", function() {$lavraslider2824748062.unslider(\"stop\");}).on(\"mouseout\", function() {$lavraslider2824748062.unslider(\"start\");});});<\/script><\/div><p>O presidente Michel Temer sancionou com um veto a Lei Or\u00e7ament\u00e1ria Anual (LOA) para 2018, que prev\u00ea as receitas e despesas da Uni\u00e3o para o exerc\u00edcio financeiro deste ano. <!--more-->Temer vetou a estimativa de recurso extra de R$ 1,5 bilh\u00e3o para o Fundo de Manuten\u00e7\u00e3o e Desenvolvimento da Educa\u00e7\u00e3o B\u00e1sica e de Valoriza\u00e7\u00e3o dos Profissionais da Educa\u00e7\u00e3o (Fundeb).<\/p>\n<p><img fetchpriority=\"high\" decoding=\"async\" class=\"alignnone size-full wp-image-8161 aligncenter\" src=\"http:\/\/lavras.tv\/site\/wp-content\/uploads\/2017\/04\/temer.jpg\" alt=\"temer\" width=\"405\" height=\"272\" srcset=\"https:\/\/lavras.tv\/site\/wp-content\/uploads\/2017\/04\/temer.jpg 405w, https:\/\/lavras.tv\/site\/wp-content\/uploads\/2017\/04\/temer-150x101.jpg 150w, https:\/\/lavras.tv\/site\/wp-content\/uploads\/2017\/04\/temer-300x201.jpg 300w, https:\/\/lavras.tv\/site\/wp-content\/uploads\/2017\/04\/temer-272x182.jpg 272w\" sizes=\"(max-width: 405px) 100vw, 405px\" \/><\/p>\n<p>O projeto de lei or\u00e7ament\u00e1ria foi aprovado em dezembro passado pelo Congresso Nacional, ap\u00f3s passar por v\u00e1rias discuss\u00f5es na Comiss\u00e3o Mista de Or\u00e7amento. Uma das principais novidades deste ano \u00e9 a destina\u00e7\u00e3o de R$ 1,716 bilh\u00e3o para um fundo eleitoral, chamado de Fundo Especial de Financiamento de Campanha (FEFC), que vai custear com recursos p\u00fablicos as elei\u00e7\u00f5es de 2018. Este ser\u00e1 tamb\u00e9m o primeiro Or\u00e7amento aprovado ap\u00f3s a vig\u00eancia da Emenda Constitucional do Teto de Gastos, que limita as despesas p\u00fablicas \u00e0 infla\u00e7\u00e3o do ano anterior pelos pr\u00f3ximos 20 anos.<\/p>\n<p>De acordo com o Pal\u00e1cio do Planalto, apesar do veto aos recursos extras, o Fundeb j\u00e1 possui provis\u00e3o de cerca de R$ 14 bilh\u00f5es para este ano. O texto da LOA ser\u00e1 publicado nesta quarta-feira (3) no Di\u00e1rio Oficial da Uni\u00e3o.<\/p>\n<p>O Or\u00e7amento prev\u00ea um d\u00e9ficit prim\u00e1rio de R$ 157 bilh\u00f5es para 2018, diferentemente da Lei de Diretrizes Or\u00e7ament\u00e1rias (LDO), aprovada anteriormente, que previa uma meta fiscal deficit\u00e1ria de R$ 159 bilh\u00f5es. A proposta prev\u00ea crescimento de 2,5% do Produto Interno Bruto (PIB) para os pr\u00f3ximos 12 meses.<\/p>\n<p>No texto aprovado pelo Congresso, a previs\u00e3o para o sal\u00e1rio m\u00ednimo de 2018 era de R$ 965. No entanto, o c\u00e1lculo para o reajuste foi atualizado, levando em conta o PIB e a infla\u00e7\u00e3o, e o governo confirmou na \u00faltima semana o novo m\u00ednimo de R$ 954, em vigor desde ontem (1\u00b0).<\/p>\n<p><strong>Despesas<\/strong><\/p>\n<p>A lei or\u00e7ament\u00e1ria prev\u00ea despesas da ordem de R$ 3,5 trilh\u00f5es em 2018, sendo que R$ 1,16 trilh\u00e3o se destinam ao refinanciamento da d\u00edvida p\u00fablica. Tirando os recursos para refinanciamento, sobram \u00e0 Uni\u00e3o cerca de R$ 2,42 trilh\u00f5es. Desses, apenas R$ 112,9 bilh\u00f5es s\u00e3o destinados a investimentos p\u00fablicos. Os gastos com Previd\u00eancia Social somam R$ 585 bilh\u00f5es e o pagamento de juros da d\u00edvida p\u00fablica dever\u00e1 custar R$ 316 bilh\u00f5es.<\/p>\n<p>O gasto com funcionalismo p\u00fablico foi estimado em R$ 322,8 bilh\u00f5es para 2018. Esse montante contempla o adiamento de reajustes salariais e o aumento da contribui\u00e7\u00e3o previdenci\u00e1ria dos servidores (de 11% para 14%), conforme determinado pela Medida Provis\u00f3ria 805\/17.<\/p>\n<p>Elei\u00e7\u00f5es<\/p>\n<p>A lei prev\u00ea a aloca\u00e7\u00e3o de R$ 1,716 bilh\u00e3o para o Fundo Especial de Financiamento de Campanha, criado na minirreforma eleitoral aprovada no ano passado pelo Congresso. Esses recursos se destinam ao custeio de parte das campanhas para as elei\u00e7\u00f5es gerais de outubro.<\/p>\n<p>As regras do novo fundo estabelecem tamb\u00e9m o repasse de 30% dos recursos destinados \u00e0s emendas de bancada de execu\u00e7\u00e3o obrigat\u00f3ria no Or\u00e7amento e do dinheiro proveniente da compensa\u00e7\u00e3o fiscal das emissoras de radiodifus\u00e3o com o fim de parte da propaganda partid\u00e1ria eleitoral. A estimativa \u00e9 de que esses recursos cheguem a R$ 400 milh\u00f5es e se somem aos valores previstos no Or\u00e7amento.<\/p>\n<p>Fonte: Itatiaia<\/p>\n","protected":false},"excerpt":{"rendered":"<p>O presidente Michel Temer sancionou com um veto a Lei Or\u00e7ament\u00e1ria Anual (LOA) para 2018, que prev\u00ea as receitas e despesas da Uni\u00e3o para o exerc\u00edcio financeiro deste ano.<\/p>\n","protected":false},"author":2,"featured_media":8161,"comment_status":"closed","ping_status":"open","sticky":false,"template":"","format":"standard","meta":{"advgb_blocks_editor_width":"","advgb_blocks_columns_visual_guide":"","_exactmetrics_skip_tracking":false,"_exactmetrics_sitenote_active":false,"_exactmetrics_sitenote_note":"","_exactmetrics_sitenote_category":0,"footnotes":""},"categories":[12],"tags":[423,4405,1933],"class_list":["post-14055","post","type-post","status-publish","format-standard","has-post-thumbnail","hentry","category-politica","tag-eleicoes","tag-orcamento","tag-temer"],"better_featured_image":{"id":8161,"alt_text":"","caption":"","description":"","media_type":"image","media_details":{"width":405,"height":272,"file":"2017\/04\/temer.jpg","sizes":{"thumbnail":{"file":"temer-150x101.jpg","width":150,"height":101,"mime-type":"image\/jpeg","source_url":"https:\/\/lavras.tv\/site\/wp-content\/uploads\/2017\/04\/temer-150x101.jpg"},"medium":{"file":"temer-300x201.jpg","width":300,"height":201,"mime-type":"image\/jpeg","source_url":"https:\/\/lavras.tv\/site\/wp-content\/uploads\/2017\/04\/temer-300x201.jpg"},"sow-carousel-default":{"file":"temer-272x182.jpg","width":272,"height":182,"mime-type":"image\/jpeg","source_url":"https:\/\/lavras.tv\/site\/wp-content\/uploads\/2017\/04\/temer-272x182.jpg"}},"image_meta":{"aperture":"0","credit":"","camera":"","caption":"","created_timestamp":"0","copyright":"","focal_length":"0","iso":"0","shutter_speed":"0","title":"","orientation":"0","keywords":[]}},"post":8160,"source_url":"https:\/\/lavras.tv\/site\/wp-content\/uploads\/2017\/04\/temer.jpg"},"author_meta":{"display_name":"Lavras TV","author_link":"https:\/\/lavras.tv\/site\/author\/lavrastv\/"},"featured_img":"https:\/\/lavras.tv\/site\/wp-content\/uploads\/2017\/04\/temer-300x201.jpg","coauthors":[],"tax_additional":{"categories":{"linked":["<a href=\"https:\/\/lavras.tv\/site\/category\/politica\/\" class=\"advgb-post-tax-term\">Pol\u00edtica<\/a>"],"unlinked":["<span class=\"advgb-post-tax-term\">Pol\u00edtica<\/span>"]},"tags":{"linked":["<a href=\"https:\/\/lavras.tv\/site\/category\/politica\/\" class=\"advgb-post-tax-term\">elei\u00e7\u00f5es<\/a>","<a href=\"https:\/\/lavras.tv\/site\/category\/politica\/\" class=\"advgb-post-tax-term\">or\u00e7amento<\/a>","<a href=\"https:\/\/lavras.tv\/site\/category\/politica\/\" class=\"advgb-post-tax-term\">Temer<\/a>"],"unlinked":["<span class=\"advgb-post-tax-term\">elei\u00e7\u00f5es<\/span>","<span class=\"advgb-post-tax-term\">or\u00e7amento<\/span>","<span class=\"advgb-post-tax-term\">Temer<\/span>"]}},"comment_count":"0","relative_dates":{"created":"Publicado 8 anos atr\u00e1s","modified":"Atualizado 8 anos atr\u00e1s"},"absolute_dates":{"created":"Publicado em 3 de janeiro de 2018","modified":"Atualizado em 3 de janeiro de 2018"},"absolute_dates_time":{"created":"Publicado em 3 de janeiro de 2018 08:00","modified":"Atualizado em 3 de janeiro de 2018 08:00"},"featured_img_caption":"","series_order":"","_links":{"self":[{"href":"https:\/\/lavras.tv\/site\/wp-json\/wp\/v2\/posts\/14055","targetHints":{"allow":["GET"]}}],"collection":[{"href":"https:\/\/lavras.tv\/site\/wp-json\/wp\/v2\/posts"}],"about":[{"href":"https:\/\/lavras.tv\/site\/wp-json\/wp\/v2\/types\/post"}],"author":[{"embeddable":true,"href":"https:\/\/lavras.tv\/site\/wp-json\/wp\/v2\/users\/2"}],"replies":[{"embeddable":true,"href":"https:\/\/lavras.tv\/site\/wp-json\/wp\/v2\/comments?post=14055"}],"version-history":[{"count":1,"href":"https:\/\/lavras.tv\/site\/wp-json\/wp\/v2\/posts\/14055\/revisions"}],"predecessor-version":[{"id":14056,"href":"https:\/\/lavras.tv\/site\/wp-json\/wp\/v2\/posts\/14055\/revisions\/14056"}],"wp:featuredmedia":[{"embeddable":true,"href":"https:\/\/lavras.tv\/site\/wp-json\/wp\/v2\/media\/8161"}],"wp:attachment":[{"href":"https:\/\/lavras.tv\/site\/wp-json\/wp\/v2\/media?parent=14055"}],"wp:term":[{"taxonomy":"category","embeddable":true,"href":"https:\/\/lavras.tv\/site\/wp-json\/wp\/v2\/categories?post=14055"},{"taxonomy":"post_tag","embeddable":true,"href":"https:\/\/lavras.tv\/site\/wp-json\/wp\/v2\/tags?post=14055"}],"curies":[{"name":"wp","href":"https:\/\/api.w.org\/{rel}","templated":true}]}}