{"id":141194,"date":"2024-12-02T18:46:24","date_gmt":"2024-12-02T21:46:24","guid":{"rendered":"https:\/\/lavras.tv\/site\/?p=141194"},"modified":"2024-12-02T18:46:25","modified_gmt":"2024-12-02T21:46:25","slug":"sul-de-minas-contrata-um-terco-dos-recursos-do-funcafe-oferecidos-pelo-bdmg-na-safra-2024-2025","status":"publish","type":"post","link":"https:\/\/lavras.tv\/site\/2024\/12\/02\/sul-de-minas-contrata-um-terco-dos-recursos-do-funcafe-oferecidos-pelo-bdmg-na-safra-2024-2025\/","title":{"rendered":"Sul de Minas contrata um ter\u00e7o dos recursos do Funcaf\u00e9 oferecidos pelo BDMG na Safra 2024\/2025"},"content":{"rendered":"<div class=\"lavra-antes-do-conteudo_2\" id=\"lavra-129667890\"><div id=\"lavra-slider-27\" class=\"custom-slider lavra-slider-2745763122 lavra-slider\"><ul><li><div style=\"margin-left: auto;margin-right: auto;text-align: center;\" id=\"lavra-1833251545\"><a href=\"https:\/\/sistemas.lavras.mg.gov.br\/portalcidadao\/#df1b1a7c7b2a290bcb31e32771e610784662739a88807c0dacac58ede5f391a7530e299dc302d611ee73cb143fc22eaf93592e53e7b5bdb01b00a0b8d28dae460c141dd2ff83412e4dc1c31b16b25f33144a9e5620ea73b13f5bc1c59411d98439ad226e8af03840603796067d87afe130812cf3de24982d0e306f9e61e764e5\" aria-label=\"Lavras-TV&#8211;720x104px (1) (1)\"><img src=\"https:\/\/lavras.tv\/site\/wp-content\/uploads\/2025\/01\/Lavras-TV-720x104px-1-1.png\" alt=\"\"  srcset=\"https:\/\/lavras.tv\/site\/wp-content\/uploads\/2025\/01\/Lavras-TV-720x104px-1-1.png 720w, https:\/\/lavras.tv\/site\/wp-content\/uploads\/2025\/01\/Lavras-TV-720x104px-1-1-470x68.png 470w, https:\/\/lavras.tv\/site\/wp-content\/uploads\/2025\/01\/Lavras-TV-720x104px-1-1-170x25.png 170w, https:\/\/lavras.tv\/site\/wp-content\/uploads\/2025\/01\/Lavras-TV-720x104px-1-1-200x29.png 200w\" sizes=\"(max-width: 720px) 100vw, 720px\" width=\"720\" height=\"104\"  style=\"display: inline-block;\" \/><\/a><\/div><\/li><li><a href=\"https:\/\/sistemas.lavras.mg.gov.br\/portalcidadao\/#df1b1a7c7b2a290bcb31e32771e610784662739a88807c0dacac58ede5f391a7530e299dc302d611ee73cb143fc22eaf93592e53e7b5bdb01b00a0b8d28dae460c141dd2ff83412e4dc1c31b16b25f33144a9e5620ea73b13f5bc1c59411d98439ad226e8af03840603796067d87afe130812cf3de24982d0e306f9e61e764e5\" aria-label=\"Banner_Emprego_PortallavrasTV\"><img src=\"https:\/\/lavras.tv\/site\/wp-content\/uploads\/2025\/03\/Banner_Emprego_PortallavrasTV.png\" alt=\"\"  srcset=\"https:\/\/lavras.tv\/site\/wp-content\/uploads\/2025\/03\/Banner_Emprego_PortallavrasTV.png 720w, https:\/\/lavras.tv\/site\/wp-content\/uploads\/2025\/03\/Banner_Emprego_PortallavrasTV-470x68.png 470w, https:\/\/lavras.tv\/site\/wp-content\/uploads\/2025\/03\/Banner_Emprego_PortallavrasTV-170x25.png 170w, https:\/\/lavras.tv\/site\/wp-content\/uploads\/2025\/03\/Banner_Emprego_PortallavrasTV-200x29.png 200w\" sizes=\"(max-width: 720px) 100vw, 720px\" width=\"720\" height=\"104\"   \/><\/a><\/li><li><a href=\"https:\/\/sistemas.lavras.mg.gov.br\/portalcidadao\/#df1b1a7c7b2a290bcb31e32771e610784662739a88807c0dacac58ede5f391a7530e299dc302d611ee73cb143fc22eaf93592e53e7b5bdb01b00a0b8d28dae460c141dd2ff83412e4dc1c31b16b25f33144a9e5620ea73b13f5bc1c59411d98439ad226e8af03840603796067d87afe130812cf3de24982d0e306f9e61e764e5\" aria-label=\"Banner_Obras_PortallavrasTV\"><img src=\"https:\/\/lavras.tv\/site\/wp-content\/uploads\/2025\/03\/Banner_Obras_PortallavrasTV.png\" alt=\"\"  srcset=\"https:\/\/lavras.tv\/site\/wp-content\/uploads\/2025\/03\/Banner_Obras_PortallavrasTV.png 720w, https:\/\/lavras.tv\/site\/wp-content\/uploads\/2025\/03\/Banner_Obras_PortallavrasTV-470x68.png 470w, https:\/\/lavras.tv\/site\/wp-content\/uploads\/2025\/03\/Banner_Obras_PortallavrasTV-170x25.png 170w, https:\/\/lavras.tv\/site\/wp-content\/uploads\/2025\/03\/Banner_Obras_PortallavrasTV-200x29.png 200w\" sizes=\"(max-width: 720px) 100vw, 720px\" width=\"720\" height=\"104\"   \/><\/a><\/li><li><div style=\"margin-left: auto;margin-right: auto;text-align: center;\" id=\"lavra-2576344082\"><a href=\"https:\/\/sistemas.lavras.mg.gov.br\/portalcidadao\/#df1b1a7c7b2a290bcb31e32771e610784662739a88807c0dacac58ede5f391a7530e299dc302d611ee73cb143fc22eaf93592e53e7b5bdb01b00a0b8d28dae460c141dd2ff83412e4dc1c31b16b25f33144a9e5620ea73b13f5bc1c59411d98439ad226e8af03840603796067d87afe130812cf3de24982d0e306f9e61e764e5\" aria-label=\"Banner_Educa\u00e7\u00e3o_PortallavrasTV\"><img src=\"https:\/\/lavras.tv\/site\/wp-content\/uploads\/2025\/01\/Banner_Educacao_PortallavrasTV.png\" alt=\"\"  srcset=\"https:\/\/lavras.tv\/site\/wp-content\/uploads\/2025\/01\/Banner_Educacao_PortallavrasTV.png 720w, https:\/\/lavras.tv\/site\/wp-content\/uploads\/2025\/01\/Banner_Educacao_PortallavrasTV-470x68.png 470w, https:\/\/lavras.tv\/site\/wp-content\/uploads\/2025\/01\/Banner_Educacao_PortallavrasTV-170x25.png 170w, https:\/\/lavras.tv\/site\/wp-content\/uploads\/2025\/01\/Banner_Educacao_PortallavrasTV-200x29.png 200w\" sizes=\"(max-width: 720px) 100vw, 720px\" width=\"720\" height=\"104\"  style=\"display: inline-block;\" \/><\/a><\/div><\/li><li><a href=\"https:\/\/sistemas.lavras.mg.gov.br\/portalcidadao\/#df1b1a7c7b2a290bcb31e32771e610784662739a88807c0dacac58ede5f391a7530e299dc302d611ee73cb143fc22eaf93592e53e7b5bdb01b00a0b8d28dae460c141dd2ff83412e4dc1c31b16b25f33144a9e5620ea73b13f5bc1c59411d98439ad226e8af03840603796067d87afe130812cf3de24982d0e306f9e61e764e5\" aria-label=\"Banner_Sa\u00fade_PortallavrasTV\"><img src=\"https:\/\/lavras.tv\/site\/wp-content\/uploads\/2025\/03\/Banner_Saude_PortallavrasTV.png\" alt=\"\"  srcset=\"https:\/\/lavras.tv\/site\/wp-content\/uploads\/2025\/03\/Banner_Saude_PortallavrasTV.png 720w, https:\/\/lavras.tv\/site\/wp-content\/uploads\/2025\/03\/Banner_Saude_PortallavrasTV-470x68.png 470w, https:\/\/lavras.tv\/site\/wp-content\/uploads\/2025\/03\/Banner_Saude_PortallavrasTV-170x25.png 170w, https:\/\/lavras.tv\/site\/wp-content\/uploads\/2025\/03\/Banner_Saude_PortallavrasTV-200x29.png 200w\" sizes=\"(max-width: 720px) 100vw, 720px\" width=\"720\" height=\"104\"   \/><\/a><\/li><li><div id=\"lavra-2918593993\" style=\"width:720px;height:104px;background-color:#ddd;overflow:scroll;\">\n\t<strong>Sa\u00edda da depura\u00e7\u00e3o de an\u00fancios<\/strong>\n\t<br><br>\n\tO an\u00fancio n\u00e3o \u00e9 exibido na p\u00e1gina<br><br>post atual: Sul de Minas contrata um ter\u00e7o dos recursos do Funcaf\u00e9 oferecidos pelo BDMG na Safra 2024\/2025, ID: 141194<br><br><span style=\"color: red;\">O post atual n\u00e3o \u00e9 id\u00eantico ao post principal.<\/span><br><br>An\u00fancios: ROXO - TOPO INTERNA - ROTATIVO 2 (197)<br \/>Grupo de an\u00fancios: Princ_Meio01_720x104 (27)<br><br>Condi\u00e7\u00f5es de exibi\u00e7\u00e3o<div style=\"margin-bottom: 20px; white-space: pre-wrap; font-family: monospace; width: 100%; background: #ffe9e9;\"><strong>condi\u00e7\u00f5es gerais<\/strong><table border=\"1\"><thead><tr><th><\/th><th>An\u00fancios<\/th><th>wp_the_query<\/th><\/tr><\/thead><tr><td>is_main_query<\/td><td>1<\/td><td>1<\/td><\/tr><tr><td>is_rest_api<\/td><td>0<\/td><td>1<\/td><\/tr><tr><td>page<\/td><td>0<\/td><td>1<\/td><\/tr><tr><td>numpages<\/td><td>0<\/td><td>1<\/td><\/tr><tr><td>is_archive<\/td><td>1<\/td><td><\/td><\/tr><tr><td>is_search<\/td><td>1<\/td><td><\/td><\/tr><tr><td>is_home<\/td><td>1<\/td><td><\/td><\/tr><tr><td>is_404<\/td><td>1<\/td><td><\/td><\/tr><tr><td>is_attachment<\/td><td>1<\/td><td><\/td><\/tr><tr><td>is_singular<\/td><td>1<\/td><td><\/td><\/tr><tr><td>is_front_page<\/td><td>1<\/td><td><\/td><\/tr><tr><td>is_feed<\/td><td>1<\/td><td><\/td><\/tr><\/table><\/div><br><br><span style=\"color: red;\">Seu site usa HTTPS, mas o c\u00f3digo do an\u00fancio cont\u00e9m HTTP e pode n\u00e3o funcionar.<\/span>\t<br><br>\n\t<a style=\"color: green;\" href=\"https:\/\/wpadvancedads.com\/manual\/ad-debug-mode\/?utm_source=advanced-ads&utm_medium=link&utm_campaign=ad-debug-mode\" target=\"_blank\" rel=\"nofollow\">Encontre solu\u00e7\u00f5es no manual<\/a>\n<\/div>\n<\/li><\/ul><\/div><script>( window.advanced_ads_ready || jQuery( document ).ready ).call( null, function() {var $lavraslider2745763122 = jQuery( \".lavra-slider-2745763122\" );$lavraslider2745763122.on( \"unslider.ready\", function() { jQuery( \"div.custom-slider ul li\" ).css( \"display\", \"block\" ); });$lavraslider2745763122.unslider({ delay:4000, autoplay:true, nav:false, arrows:false, infinite:true });$lavraslider2745763122.on(\"mouseover\", function() {$lavraslider2745763122.unslider(\"stop\");}).on(\"mouseout\", function() {$lavraslider2745763122.unslider(\"start\");});});<\/script><\/div>\n<p><em>Na regi\u00e3o ocorrer\u00e3o as \u00faltimas aulas pr\u00e1ticas da capacita\u00e7\u00e3o gratuita sobre agricultura regenerativa com foco na cafeicultura oferecida pelo banco<\/em><\/p>\n\n\n\n<figure class=\"wp-block-image size-large\"><img fetchpriority=\"high\" decoding=\"async\" width=\"970\" height=\"647\" src=\"https:\/\/lavras.tv\/site\/wp-content\/uploads\/2024\/12\/agminas-970x647.jpg\" alt=\"\" class=\"wp-image-141205\" srcset=\"https:\/\/lavras.tv\/site\/wp-content\/uploads\/2024\/12\/agminas-970x647.jpg 970w, https:\/\/lavras.tv\/site\/wp-content\/uploads\/2024\/12\/agminas-450x300.jpg 450w, https:\/\/lavras.tv\/site\/wp-content\/uploads\/2024\/12\/agminas-170x113.jpg 170w, https:\/\/lavras.tv\/site\/wp-content\/uploads\/2024\/12\/agminas-200x133.jpg 200w, https:\/\/lavras.tv\/site\/wp-content\/uploads\/2024\/12\/agminas-1536x1024.jpg 1536w, https:\/\/lavras.tv\/site\/wp-content\/uploads\/2024\/12\/agminas.jpg 1620w\" sizes=\"(max-width: 970px) 100vw, 970px\" \/><\/figure>\n\n\n\n<p>O Sul de Minas \u00e9 respons\u00e1vel por mais de um ter\u00e7o de todas as contrata\u00e7\u00f5es de cr\u00e9dito na linha Funcaf\u00e9 na Safra atual 2024\/2025 disponibilizada pelo&nbsp;<a href=\"https:\/\/www.bdmg.mg.gov.br\/\" target=\"_blank\" rel=\"noreferrer noopener\">Banco de Desenvolvimento de Minas Gerais (BDMG)<\/a>, de um total de R$ 230 milh\u00f5es. O dado refor\u00e7a a relev\u00e2ncia da regi\u00e3o para a produ\u00e7\u00e3o cafeeira mineira, setor em que \u00e9 l\u00edder nacional. Nesta semana, o presidente do banco, Gabriel Vi\u00e9gas Neto, esteve na regi\u00e3o, onde ocorreu o Coffee Connect, evento realizado em Varginha que re\u00fane produtores e empres\u00e1rios do setor.<\/p>\n\n\n\n<p>Desde o ano safra 2018\/2019, o BDMG desembolsa 100% dos recursos do Funcaf\u00e9 e, na \u00faltima d\u00e9cada, j\u00e1 foram mais de R$ 2 bilh\u00f5es em cr\u00e9ditos liberados para Comercializa\u00e7\u00e3o, Aquisi\u00e7\u00e3o e Capital de Giro na produ\u00e7\u00e3o de caf\u00e9.<\/p>\n\n\n\n<p>Entre as cooperativas mineiras que buscaram cr\u00e9dito junto ao BDMG est\u00e1 a MinaSul, que recebeu, nesta quinta-feira (27\/11), a visita da comitiva do banco, na sua sede, em Varginha.<\/p>\n\n\n\n<p>A cooperativa conta com quase 10 mil cooperados e produtores de 250 munic\u00edpios mineiros e tem o BDMG como seu segundo maior parceiro em termos de capta\u00e7\u00e3o de recursos. Desde 2017, s\u00e3o R$ 338,7 milh\u00f5es em cr\u00e9ditos contratados pela MinaSul.<\/p>\n\n\n\n<p>\u201cO caf\u00e9 \u00e9, hoje, o maior destaque nas exporta\u00e7\u00f5es de produtos agropecu\u00e1rios do estado. Por isso, o apoio do banco na oferta de financiamentos \u00e9 de fundamental import\u00e2ncia para quem produz. Nossa atua\u00e7\u00e3o crescente demonstra isso\u201d, refor\u00e7a o presidente do banco.<\/p>\n\n\n\n<p>Entre janeiro e outubro deste ano, o gr\u00e3o respondeu por 44% das exporta\u00e7\u00f5es do agroneg\u00f3cio mineiro, segundo a&nbsp;<a href=\"https:\/\/www.mg.gov.br\/agricultura\" target=\"_blank\" rel=\"noreferrer noopener\">Secretaria de Estado de Agricultura, Pecu\u00e1ria e Abastecimento (Seapa-MG)<\/a>.<\/p>\n\n\n\n<p><strong>Capacita\u00e7\u00e3o caf\u00e9<\/strong><\/p>\n\n\n\n<p>Tamb\u00e9m no Sul de Minas, em Tr\u00eas Pontas, ser\u00e1 realizado neste s\u00e1bado (30\/11) o \u00faltimo m\u00f3dulo da capacita\u00e7\u00e3o gratuita sobre agricultura regenerativa com foco na cafeicultura, realizada pelo BDMG em parceria com a Embrapa Cerrados.<\/p>\n\n\n\n<p>O curso, que teve dura\u00e7\u00e3o de tr\u00eas meses e recebeu mais de mil inscritos, objetiva fomentar a agricultura regenerativa e descarbonizante no estado e contribuir para a competitividade do agroneg\u00f3cio mineiro. Entre os participantes da capacita\u00e7\u00e3o, quase 40% deles s\u00e3o de cidades do Sul do estado.<\/p>\n\n\n\n<p><strong>Atua\u00e7\u00e3o do BDMG<\/strong><\/p>\n\n\n\n<p>O BDMG tem forte atua\u00e7\u00e3o na regi\u00e3o Sul tamb\u00e9m entre os micro e pequenos empres\u00e1rios. De janeiro a outubro deste ano, o banco ampliou em 20% os financiamentos para os pequenos neg\u00f3cios na regi\u00e3o, atingindo R$ 40 milh\u00f5es em cr\u00e9ditos liberados. No mesmo per\u00edodo de 2023, foram R$ 32,5 milh\u00f5es.<\/p>\n\n\n\n<p>\u201cO aumento na busca pelo cr\u00e9dito demonstra que os empres\u00e1rios mineiros est\u00e3o procurando cr\u00e9dito para investir e ampliar seus neg\u00f3cios, apoiando o desenvolvimento regional e a gera\u00e7\u00e3o de empregos no estado\u201d, completa Vi\u00e9gas Neto.<\/p>\n\n\n\n<p>O financiamento \u00e0s prefeituras da regi\u00e3o tamb\u00e9m cresceu e chegou a R$ 63,7 milh\u00f5es de janeiro a outubro de 2024, a 48 cidades. No mesmo per\u00edodo de 2023, foram R$ 46 milh\u00f5es, aumento de quase 40%.<\/p>\n\n\n\n<p>Com esses financiamentos, as prefeituras est\u00e3o desenvolvendo cada vez mais projetos para beneficiar a popula\u00e7\u00e3o que ali reside, levando qualidade de vida aos mineiros.<\/p>\n","protected":false},"excerpt":{"rendered":"<p>Na regi\u00e3o ocorrer\u00e3o as \u00faltimas aulas pr\u00e1ticas da capacita\u00e7\u00e3o gratuita sobre agricultura regenerativa com foco na cafeicultura oferecida pelo banco O Sul de Minas \u00e9 respons\u00e1vel por mais de um ter\u00e7o de todas as contrata\u00e7\u00f5es de cr\u00e9dito na linha Funcaf\u00e9 na Safra atual 2024\/2025 disponibilizada pelo&nbsp;Banco de Desenvolvimento de Minas Gerais (BDMG), de um total [&hellip;]<\/p>\n","protected":false},"author":5,"featured_media":141205,"comment_status":"closed","ping_status":"open","sticky":false,"template":"","format":"standard","meta":{"advgb_blocks_editor_width":"","advgb_blocks_columns_visual_guide":"","_exactmetrics_skip_tracking":false,"_exactmetrics_sitenote_active":false,"_exactmetrics_sitenote_note":"","_exactmetrics_sitenote_category":0,"footnotes":""},"categories":[7,2],"tags":[],"class_list":["post-141194","post","type-post","status-publish","format-standard","has-post-thumbnail","hentry","category-destaques","category-noticias"],"better_featured_image":{"id":141205,"alt_text":"","caption":"","description":"","media_type":"image","media_details":{"width":1620,"height":1080,"file":"2024\/12\/agminas.jpg","filesize":241146,"sizes":{"medium":{"file":"agminas-450x300.jpg","width":450,"height":300,"mime-type":"image\/jpeg","filesize":64281,"source_url":"https:\/\/lavras.tv\/site\/wp-content\/uploads\/2024\/12\/agminas-450x300.jpg"},"large":{"file":"agminas-970x647.jpg","width":970,"height":647,"mime-type":"image\/jpeg","filesize":106985,"source_url":"https:\/\/lavras.tv\/site\/wp-content\/uploads\/2024\/12\/agminas-970x647.jpg"},"thumbnail":{"file":"agminas-170x113.jpg","width":170,"height":113,"mime-type":"image\/jpeg","filesize":47904,"source_url":"https:\/\/lavras.tv\/site\/wp-content\/uploads\/2024\/12\/agminas-170x113.jpg"},"lshowcase-thumb":{"file":"agminas-200x133.jpg","width":200,"height":133,"mime-type":"image\/jpeg","filesize":49216,"source_url":"https:\/\/lavras.tv\/site\/wp-content\/uploads\/2024\/12\/agminas-200x133.jpg"},"1536x1536":{"file":"agminas-1536x1024.jpg","width":1536,"height":1024,"mime-type":"image\/jpeg","filesize":165223,"source_url":"https:\/\/lavras.tv\/site\/wp-content\/uploads\/2024\/12\/agminas-1536x1024.jpg"},"alm-thumbnail":{"file":"agminas-150x150.jpg","width":150,"height":150,"mime-type":"image\/jpeg","filesize":48275,"source_url":"https:\/\/lavras.tv\/site\/wp-content\/uploads\/2024\/12\/agminas-150x150.jpg"}},"image_meta":{"aperture":"1,8","credit":"","camera":"Canon EOS R7","caption":"","created_timestamp":"1732795853","copyright":"","focal_length":"19","iso":"250","shutter_speed":"0,00625","title":"","orientation":"1","keywords":[]}},"post":141194,"source_url":"https:\/\/lavras.tv\/site\/wp-content\/uploads\/2024\/12\/agminas.jpg"},"author_meta":{"display_name":"Vinicius Bustamante","author_link":"https:\/\/lavras.tv\/site\/author\/vinicius-bustamante\/"},"featured_img":"https:\/\/lavras.tv\/site\/wp-content\/uploads\/2024\/12\/agminas-450x300.jpg","coauthors":[],"tax_additional":{"categories":{"linked":["<a href=\"https:\/\/lavras.tv\/site\/category\/destaques\/\" class=\"advgb-post-tax-term\">Destaques<\/a>","<a href=\"https:\/\/lavras.tv\/site\/category\/noticias\/\" class=\"advgb-post-tax-term\">Not\u00edcias<\/a>"],"unlinked":["<span class=\"advgb-post-tax-term\">Destaques<\/span>","<span class=\"advgb-post-tax-term\">Not\u00edcias<\/span>"]}},"comment_count":"0","relative_dates":{"created":"Publicado 1 ano atr\u00e1s","modified":"Atualizado 1 ano atr\u00e1s"},"absolute_dates":{"created":"Publicado em 2 de dezembro de 2024","modified":"Atualizado em 2 de dezembro de 2024"},"absolute_dates_time":{"created":"Publicado em 2 de dezembro de 2024 18:46","modified":"Atualizado em 2 de dezembro de 2024 18:46"},"featured_img_caption":"","series_order":"","_links":{"self":[{"href":"https:\/\/lavras.tv\/site\/wp-json\/wp\/v2\/posts\/141194","targetHints":{"allow":["GET"]}}],"collection":[{"href":"https:\/\/lavras.tv\/site\/wp-json\/wp\/v2\/posts"}],"about":[{"href":"https:\/\/lavras.tv\/site\/wp-json\/wp\/v2\/types\/post"}],"author":[{"embeddable":true,"href":"https:\/\/lavras.tv\/site\/wp-json\/wp\/v2\/users\/5"}],"replies":[{"embeddable":true,"href":"https:\/\/lavras.tv\/site\/wp-json\/wp\/v2\/comments?post=141194"}],"version-history":[{"count":1,"href":"https:\/\/lavras.tv\/site\/wp-json\/wp\/v2\/posts\/141194\/revisions"}],"predecessor-version":[{"id":141206,"href":"https:\/\/lavras.tv\/site\/wp-json\/wp\/v2\/posts\/141194\/revisions\/141206"}],"wp:featuredmedia":[{"embeddable":true,"href":"https:\/\/lavras.tv\/site\/wp-json\/wp\/v2\/media\/141205"}],"wp:attachment":[{"href":"https:\/\/lavras.tv\/site\/wp-json\/wp\/v2\/media?parent=141194"}],"wp:term":[{"taxonomy":"category","embeddable":true,"href":"https:\/\/lavras.tv\/site\/wp-json\/wp\/v2\/categories?post=141194"},{"taxonomy":"post_tag","embeddable":true,"href":"https:\/\/lavras.tv\/site\/wp-json\/wp\/v2\/tags?post=141194"}],"curies":[{"name":"wp","href":"https:\/\/api.w.org\/{rel}","templated":true}]}}