{"id":141207,"date":"2024-12-02T18:51:25","date_gmt":"2024-12-02T21:51:25","guid":{"rendered":"https:\/\/lavras.tv\/site\/?p=141207"},"modified":"2024-12-02T18:51:27","modified_gmt":"2024-12-02T21:51:27","slug":"governo-de-minas-promove-seminario-sobre-acoes-de-combate-a-violencia-contra-criancas-e-adolescentes","status":"publish","type":"post","link":"https:\/\/lavras.tv\/site\/2024\/12\/02\/governo-de-minas-promove-seminario-sobre-acoes-de-combate-a-violencia-contra-criancas-e-adolescentes\/","title":{"rendered":"Governo de Minas promove semin\u00e1rio sobre a\u00e7\u00f5es de combate \u00e0 viol\u00eancia contra crian\u00e7as e adolescentes"},"content":{"rendered":"<div class=\"lavra-antes-do-conteudo_2\" id=\"lavra-464055106\"><div id=\"lavra-slider-27\" class=\"custom-slider lavra-slider-332860874 lavra-slider\"><ul><li><div style=\"margin-left: auto;margin-right: auto;text-align: center;\" id=\"lavra-569943483\"><a href=\"https:\/\/sistemas.lavras.mg.gov.br\/portalcidadao\/#df1b1a7c7b2a290bcb31e32771e610784662739a88807c0dacac58ede5f391a7530e299dc302d611ee73cb143fc22eaf93592e53e7b5bdb01b00a0b8d28dae460c141dd2ff83412e4dc1c31b16b25f33144a9e5620ea73b13f5bc1c59411d98439ad226e8af03840603796067d87afe130812cf3de24982d0e306f9e61e764e5\" aria-label=\"Lavras-TV&#8211;720x104px (1) (1)\"><img src=\"https:\/\/lavras.tv\/site\/wp-content\/uploads\/2025\/01\/Lavras-TV-720x104px-1-1.png\" alt=\"\"  srcset=\"https:\/\/lavras.tv\/site\/wp-content\/uploads\/2025\/01\/Lavras-TV-720x104px-1-1.png 720w, https:\/\/lavras.tv\/site\/wp-content\/uploads\/2025\/01\/Lavras-TV-720x104px-1-1-470x68.png 470w, https:\/\/lavras.tv\/site\/wp-content\/uploads\/2025\/01\/Lavras-TV-720x104px-1-1-170x25.png 170w, https:\/\/lavras.tv\/site\/wp-content\/uploads\/2025\/01\/Lavras-TV-720x104px-1-1-200x29.png 200w\" sizes=\"(max-width: 720px) 100vw, 720px\" width=\"720\" height=\"104\"  style=\"display: inline-block;\" \/><\/a><\/div><\/li><li><a href=\"https:\/\/sistemas.lavras.mg.gov.br\/portalcidadao\/#df1b1a7c7b2a290bcb31e32771e610784662739a88807c0dacac58ede5f391a7530e299dc302d611ee73cb143fc22eaf93592e53e7b5bdb01b00a0b8d28dae460c141dd2ff83412e4dc1c31b16b25f33144a9e5620ea73b13f5bc1c59411d98439ad226e8af03840603796067d87afe130812cf3de24982d0e306f9e61e764e5\" aria-label=\"Banner_Emprego_PortallavrasTV\"><img src=\"https:\/\/lavras.tv\/site\/wp-content\/uploads\/2025\/03\/Banner_Emprego_PortallavrasTV.png\" alt=\"\"  srcset=\"https:\/\/lavras.tv\/site\/wp-content\/uploads\/2025\/03\/Banner_Emprego_PortallavrasTV.png 720w, https:\/\/lavras.tv\/site\/wp-content\/uploads\/2025\/03\/Banner_Emprego_PortallavrasTV-470x68.png 470w, https:\/\/lavras.tv\/site\/wp-content\/uploads\/2025\/03\/Banner_Emprego_PortallavrasTV-170x25.png 170w, https:\/\/lavras.tv\/site\/wp-content\/uploads\/2025\/03\/Banner_Emprego_PortallavrasTV-200x29.png 200w\" sizes=\"(max-width: 720px) 100vw, 720px\" width=\"720\" height=\"104\"   \/><\/a><\/li><li><a href=\"https:\/\/sistemas.lavras.mg.gov.br\/portalcidadao\/#df1b1a7c7b2a290bcb31e32771e610784662739a88807c0dacac58ede5f391a7530e299dc302d611ee73cb143fc22eaf93592e53e7b5bdb01b00a0b8d28dae460c141dd2ff83412e4dc1c31b16b25f33144a9e5620ea73b13f5bc1c59411d98439ad226e8af03840603796067d87afe130812cf3de24982d0e306f9e61e764e5\" aria-label=\"Banner_Obras_PortallavrasTV\"><img src=\"https:\/\/lavras.tv\/site\/wp-content\/uploads\/2025\/03\/Banner_Obras_PortallavrasTV.png\" alt=\"\"  srcset=\"https:\/\/lavras.tv\/site\/wp-content\/uploads\/2025\/03\/Banner_Obras_PortallavrasTV.png 720w, https:\/\/lavras.tv\/site\/wp-content\/uploads\/2025\/03\/Banner_Obras_PortallavrasTV-470x68.png 470w, https:\/\/lavras.tv\/site\/wp-content\/uploads\/2025\/03\/Banner_Obras_PortallavrasTV-170x25.png 170w, https:\/\/lavras.tv\/site\/wp-content\/uploads\/2025\/03\/Banner_Obras_PortallavrasTV-200x29.png 200w\" sizes=\"(max-width: 720px) 100vw, 720px\" width=\"720\" height=\"104\"   \/><\/a><\/li><li><div style=\"margin-left: auto;margin-right: auto;text-align: center;\" id=\"lavra-3745344840\"><a href=\"https:\/\/sistemas.lavras.mg.gov.br\/portalcidadao\/#df1b1a7c7b2a290bcb31e32771e610784662739a88807c0dacac58ede5f391a7530e299dc302d611ee73cb143fc22eaf93592e53e7b5bdb01b00a0b8d28dae460c141dd2ff83412e4dc1c31b16b25f33144a9e5620ea73b13f5bc1c59411d98439ad226e8af03840603796067d87afe130812cf3de24982d0e306f9e61e764e5\" aria-label=\"Banner_Educa\u00e7\u00e3o_PortallavrasTV\"><img src=\"https:\/\/lavras.tv\/site\/wp-content\/uploads\/2025\/01\/Banner_Educacao_PortallavrasTV.png\" alt=\"\"  srcset=\"https:\/\/lavras.tv\/site\/wp-content\/uploads\/2025\/01\/Banner_Educacao_PortallavrasTV.png 720w, https:\/\/lavras.tv\/site\/wp-content\/uploads\/2025\/01\/Banner_Educacao_PortallavrasTV-470x68.png 470w, https:\/\/lavras.tv\/site\/wp-content\/uploads\/2025\/01\/Banner_Educacao_PortallavrasTV-170x25.png 170w, https:\/\/lavras.tv\/site\/wp-content\/uploads\/2025\/01\/Banner_Educacao_PortallavrasTV-200x29.png 200w\" sizes=\"(max-width: 720px) 100vw, 720px\" width=\"720\" height=\"104\"  style=\"display: inline-block;\" \/><\/a><\/div><\/li><li><a href=\"https:\/\/sistemas.lavras.mg.gov.br\/portalcidadao\/#df1b1a7c7b2a290bcb31e32771e610784662739a88807c0dacac58ede5f391a7530e299dc302d611ee73cb143fc22eaf93592e53e7b5bdb01b00a0b8d28dae460c141dd2ff83412e4dc1c31b16b25f33144a9e5620ea73b13f5bc1c59411d98439ad226e8af03840603796067d87afe130812cf3de24982d0e306f9e61e764e5\" aria-label=\"Banner_Sa\u00fade_PortallavrasTV\"><img src=\"https:\/\/lavras.tv\/site\/wp-content\/uploads\/2025\/03\/Banner_Saude_PortallavrasTV.png\" alt=\"\"  srcset=\"https:\/\/lavras.tv\/site\/wp-content\/uploads\/2025\/03\/Banner_Saude_PortallavrasTV.png 720w, https:\/\/lavras.tv\/site\/wp-content\/uploads\/2025\/03\/Banner_Saude_PortallavrasTV-470x68.png 470w, https:\/\/lavras.tv\/site\/wp-content\/uploads\/2025\/03\/Banner_Saude_PortallavrasTV-170x25.png 170w, https:\/\/lavras.tv\/site\/wp-content\/uploads\/2025\/03\/Banner_Saude_PortallavrasTV-200x29.png 200w\" sizes=\"(max-width: 720px) 100vw, 720px\" width=\"720\" height=\"104\"   \/><\/a><\/li><li><div id=\"lavra-200804785\" style=\"width:720px;height:104px;background-color:#ddd;overflow:scroll;\">\n\t<strong>Sa\u00edda da depura\u00e7\u00e3o de an\u00fancios<\/strong>\n\t<br><br>\n\tO an\u00fancio n\u00e3o \u00e9 exibido na p\u00e1gina<br><br>post atual: Governo de Minas promove semin\u00e1rio sobre a\u00e7\u00f5es de combate \u00e0 viol\u00eancia contra crian\u00e7as e adolescentes, ID: 141207<br><br><span style=\"color: red;\">O post atual n\u00e3o \u00e9 id\u00eantico ao post principal.<\/span><br><br>An\u00fancios: ROXO - TOPO INTERNA - ROTATIVO 2 (197)<br \/>Grupo de an\u00fancios: Princ_Meio01_720x104 (27)<br><br>Condi\u00e7\u00f5es de exibi\u00e7\u00e3o<div style=\"margin-bottom: 20px; white-space: pre-wrap; font-family: monospace; width: 100%; background: #ffe9e9;\"><strong>condi\u00e7\u00f5es gerais<\/strong><table border=\"1\"><thead><tr><th><\/th><th>An\u00fancios<\/th><th>wp_the_query<\/th><\/tr><\/thead><tr><td>is_main_query<\/td><td>1<\/td><td>1<\/td><\/tr><tr><td>is_rest_api<\/td><td>0<\/td><td>1<\/td><\/tr><tr><td>page<\/td><td>0<\/td><td>1<\/td><\/tr><tr><td>numpages<\/td><td>0<\/td><td>1<\/td><\/tr><tr><td>is_archive<\/td><td>1<\/td><td><\/td><\/tr><tr><td>is_search<\/td><td>1<\/td><td><\/td><\/tr><tr><td>is_home<\/td><td>1<\/td><td><\/td><\/tr><tr><td>is_404<\/td><td>1<\/td><td><\/td><\/tr><tr><td>is_attachment<\/td><td>1<\/td><td><\/td><\/tr><tr><td>is_singular<\/td><td>1<\/td><td><\/td><\/tr><tr><td>is_front_page<\/td><td>1<\/td><td><\/td><\/tr><tr><td>is_feed<\/td><td>1<\/td><td><\/td><\/tr><\/table><\/div><br><br><span style=\"color: red;\">Seu site usa HTTPS, mas o c\u00f3digo do an\u00fancio cont\u00e9m HTTP e pode n\u00e3o funcionar.<\/span>\t<br><br>\n\t<a style=\"color: green;\" href=\"https:\/\/wpadvancedads.com\/manual\/ad-debug-mode\/?utm_source=advanced-ads&utm_medium=link&utm_campaign=ad-debug-mode\" target=\"_blank\" rel=\"nofollow\">Encontre solu\u00e7\u00f5es no manual<\/a>\n<\/div>\n<\/li><\/ul><\/div><script>( window.advanced_ads_ready || jQuery( document ).ready ).call( null, function() {var $lavraslider332860874 = jQuery( \".lavra-slider-332860874\" );$lavraslider332860874.on( \"unslider.ready\", function() { jQuery( \"div.custom-slider ul li\" ).css( \"display\", \"block\" ); });$lavraslider332860874.unslider({ delay:4000, autoplay:true, nav:false, arrows:false, infinite:true });$lavraslider332860874.on(\"mouseover\", function() {$lavraslider332860874.unslider(\"stop\");}).on(\"mouseout\", function() {$lavraslider332860874.unslider(\"start\");});});<\/script><\/div>\n<p><em>Secretarias promoveram discuss\u00f5es para auxiliar na identifica\u00e7\u00e3o de sinais, causas e consequ\u00eancias do problema<\/em><\/p>\n\n\n\n<figure class=\"wp-block-image size-large\"><img fetchpriority=\"high\" decoding=\"async\" width=\"970\" height=\"483\" src=\"https:\/\/lavras.tv\/site\/wp-content\/uploads\/2024\/12\/Seminario-Violencia-Criancas-1-Ricardo-Moreira_Sedese-MG-970x483.jpeg\" alt=\"\" class=\"wp-image-141208\" srcset=\"https:\/\/lavras.tv\/site\/wp-content\/uploads\/2024\/12\/Seminario-Violencia-Criancas-1-Ricardo-Moreira_Sedese-MG-970x483.jpeg 970w, https:\/\/lavras.tv\/site\/wp-content\/uploads\/2024\/12\/Seminario-Violencia-Criancas-1-Ricardo-Moreira_Sedese-MG-470x234.jpeg 470w, https:\/\/lavras.tv\/site\/wp-content\/uploads\/2024\/12\/Seminario-Violencia-Criancas-1-Ricardo-Moreira_Sedese-MG-170x85.jpeg 170w, https:\/\/lavras.tv\/site\/wp-content\/uploads\/2024\/12\/Seminario-Violencia-Criancas-1-Ricardo-Moreira_Sedese-MG-200x100.jpeg 200w, https:\/\/lavras.tv\/site\/wp-content\/uploads\/2024\/12\/Seminario-Violencia-Criancas-1-Ricardo-Moreira_Sedese-MG.jpeg 1011w\" sizes=\"(max-width: 970px) 100vw, 970px\" \/><\/figure>\n\n\n\n<p>Direitos das crian\u00e7as e adolescentes, riscos do ambiente virtual, bullying e preven\u00e7\u00e3o de diversos tipos de viol\u00eancia foram alguns dos temas apresentados no \u201cSemin\u00e1rio Viol\u00eancia Contra Crian\u00e7as e Adolescentes: entender para combater\u201d, que mobilizou servidores e funcion\u00e1rios do\u00a0<a href=\"https:\/\/www.mg.gov.br\/\" target=\"_blank\" rel=\"noreferrer noopener\">Governo de Minas<\/a>, ao longo desta sexta-feira (29\/11).<br><br>O evento \u00e9 fruto da parceria a entre\u00a0<a href=\"https:\/\/social.mg.gov.br\/\" target=\"_blank\" rel=\"noreferrer noopener\">Secretaria de Estado de Desenvolvimento Social (Sedese-MG)<\/a>\u00a0e a\u00a0<a href=\"https:\/\/www.seguranca.mg.gov.br\/\" target=\"_blank\" rel=\"noreferrer noopener\">Secretaria de Estado de Justi\u00e7a e Seguran\u00e7a P\u00fablica (Sejusp)<\/a>. As pastas somaram esfor\u00e7os para levar informa\u00e7\u00f5es importantes para todo o p\u00fablico presente no Audit\u00f3rio JK da Cidade Administrativa.<br><br>O semin\u00e1rio foi dividido em cinco pain\u00e9is ao longo do dia, apresentados por representantes da Sedese-MG, da Sejusp, da\u00a0<a href=\"https:\/\/www.saude.mg.gov.br\/\" target=\"_blank\" rel=\"noreferrer noopener\">Secretaria de Estado de Sa\u00fade de Minas Gerais (SES-MG)<\/a>, parlamentares e outras autoridades. Na abertura, alunos da Escola Municipal Honorina Rabello apresentaram um ato musical, com can\u00e7\u00f5es de combate ao racismo e \u00e0 viol\u00eancia contra crian\u00e7as e adolescentes.<br><br>Na sequ\u00eancia, o secret\u00e1rio de Estado Adjunto da Sedese-MG, Ricardo Alves, refor\u00e7ou a import\u00e2ncia da mobiliza\u00e7\u00e3o. \u201cHoje, o nosso foco est\u00e1 voltado para as crian\u00e7as e adolescentes e \u00e9 importante que aprendamos a identificar as causas e consequ\u00eancias dessas viol\u00eancias. Temos que ser capacitados para ver as pistas e poder atuar, em rede, para reduzir os casos e proteger nossas crian\u00e7as\u201d, explica Ricardo Alves.<br><br><strong>Programa\u00e7\u00e3o e debates<\/strong><br><br>Todas as apresenta\u00e7\u00f5es envolvem temas relacionados \u00e0 preven\u00e7\u00e3o e combate \u00e0 viol\u00eancia contra as crian\u00e7as em diferentes espa\u00e7os, ampliando o entendimento sobre as causas e consequ\u00eancias desse problema, capacitando profissionais de diferentes \u00e1reas para identifica\u00e7\u00e3o de sinais dessa viol\u00eancia, promovendo o fortalecimento da rede intersetorial de trabalhos e apresentando boas pr\u00e1ticas estaduais.<br><br>A diretora Estadual de Pol\u00edticas para Crian\u00e7as e Adolescentes da Sedese-MG, Eliane Quaresma, pontuou a import\u00e2ncia do trabalho em rede, afirmando que \u201co semin\u00e1rio \u00e9 uma resposta \u00e0 necessidade de construir estrat\u00e9gias unificadas, dialogando sobre as viol\u00eancias e trabalhando de forma intersetorial\u201d.<br><br><strong>Trabalho cont\u00ednuo\u00a0<\/strong><br><br>O Semin\u00e1rio Viol\u00eancia Contra Crian\u00e7as e Adolescentes faz parte de uma s\u00e9rie de a\u00e7\u00f5es da Sedese-MG para proteger crian\u00e7as e adolescentes em Minas Gerais. Entre elas, est\u00e1 o Comit\u00ea Estadual de Atendimento Humanizado \u00e0s V\u00edtimas de Viol\u00eancia Sexual (Ceahvis), que re\u00fane \u00f3rg\u00e3os de seguran\u00e7a, sa\u00fade, educa\u00e7\u00e3o e justi\u00e7a, entre outros, para oferecer atendimento humanizado \u00e0s v\u00edtimas.<br><br>A secretaria tamb\u00e9m desenvolve a forma\u00e7\u00e3o de conselheiros tutelares e de direitos, em todos os 853 munic\u00edpios mineiros, por meio de cursos, visa capacitar esses profissionais para o fortalecimento do Sistema de Garantia de Direitos.<\/p>\n","protected":false},"excerpt":{"rendered":"<p>Secretarias promoveram discuss\u00f5es para auxiliar na identifica\u00e7\u00e3o de sinais, causas e consequ\u00eancias do problema Direitos das crian\u00e7as e adolescentes, riscos do ambiente virtual, bullying e preven\u00e7\u00e3o de diversos tipos de viol\u00eancia foram alguns dos temas apresentados no \u201cSemin\u00e1rio Viol\u00eancia Contra Crian\u00e7as e Adolescentes: entender para combater\u201d, que mobilizou servidores e funcion\u00e1rios do\u00a0Governo de Minas, ao [&hellip;]<\/p>\n","protected":false},"author":5,"featured_media":141208,"comment_status":"closed","ping_status":"open","sticky":false,"template":"","format":"standard","meta":{"advgb_blocks_editor_width":"","advgb_blocks_columns_visual_guide":"","_exactmetrics_skip_tracking":false,"_exactmetrics_sitenote_active":false,"_exactmetrics_sitenote_note":"","_exactmetrics_sitenote_category":0,"footnotes":""},"categories":[7,2],"tags":[],"class_list":["post-141207","post","type-post","status-publish","format-standard","has-post-thumbnail","hentry","category-destaques","category-noticias"],"better_featured_image":{"id":141208,"alt_text":"","caption":"","description":"","media_type":"image","media_details":{"width":1011,"height":503,"file":"2024\/12\/Seminario-Violencia-Criancas-1-Ricardo-Moreira_Sedese-MG.jpeg","filesize":173850,"sizes":{"medium":{"file":"Seminario-Violencia-Criancas-1-Ricardo-Moreira_Sedese-MG-470x234.jpeg","width":470,"height":234,"mime-type":"image\/jpeg","filesize":22851,"source_url":"https:\/\/lavras.tv\/site\/wp-content\/uploads\/2024\/12\/Seminario-Violencia-Criancas-1-Ricardo-Moreira_Sedese-MG-470x234.jpeg"},"large":{"file":"Seminario-Violencia-Criancas-1-Ricardo-Moreira_Sedese-MG-970x483.jpeg","width":970,"height":483,"mime-type":"image\/jpeg","filesize":80788,"source_url":"https:\/\/lavras.tv\/site\/wp-content\/uploads\/2024\/12\/Seminario-Violencia-Criancas-1-Ricardo-Moreira_Sedese-MG-970x483.jpeg"},"thumbnail":{"file":"Seminario-Violencia-Criancas-1-Ricardo-Moreira_Sedese-MG-170x85.jpeg","width":170,"height":85,"mime-type":"image\/jpeg","filesize":4159,"source_url":"https:\/\/lavras.tv\/site\/wp-content\/uploads\/2024\/12\/Seminario-Violencia-Criancas-1-Ricardo-Moreira_Sedese-MG-170x85.jpeg"},"lshowcase-thumb":{"file":"Seminario-Violencia-Criancas-1-Ricardo-Moreira_Sedese-MG-200x100.jpeg","width":200,"height":100,"mime-type":"image\/jpeg","filesize":5348,"source_url":"https:\/\/lavras.tv\/site\/wp-content\/uploads\/2024\/12\/Seminario-Violencia-Criancas-1-Ricardo-Moreira_Sedese-MG-200x100.jpeg"},"alm-thumbnail":{"file":"Seminario-Violencia-Criancas-1-Ricardo-Moreira_Sedese-MG-150x150.jpeg","width":150,"height":150,"mime-type":"image\/jpeg","filesize":5785,"source_url":"https:\/\/lavras.tv\/site\/wp-content\/uploads\/2024\/12\/Seminario-Violencia-Criancas-1-Ricardo-Moreira_Sedese-MG-150x150.jpeg"}},"image_meta":{"aperture":"0","credit":"","camera":"","caption":"","created_timestamp":"0","copyright":"","focal_length":"0","iso":"0","shutter_speed":"0","title":"","orientation":"1","keywords":[]}},"post":141207,"source_url":"https:\/\/lavras.tv\/site\/wp-content\/uploads\/2024\/12\/Seminario-Violencia-Criancas-1-Ricardo-Moreira_Sedese-MG.jpeg"},"author_meta":{"display_name":"Vinicius Bustamante","author_link":"https:\/\/lavras.tv\/site\/author\/vinicius-bustamante\/"},"featured_img":"https:\/\/lavras.tv\/site\/wp-content\/uploads\/2024\/12\/Seminario-Violencia-Criancas-1-Ricardo-Moreira_Sedese-MG-470x234.jpeg","coauthors":[],"tax_additional":{"categories":{"linked":["<a href=\"https:\/\/lavras.tv\/site\/category\/destaques\/\" class=\"advgb-post-tax-term\">Destaques<\/a>","<a href=\"https:\/\/lavras.tv\/site\/category\/noticias\/\" class=\"advgb-post-tax-term\">Not\u00edcias<\/a>"],"unlinked":["<span class=\"advgb-post-tax-term\">Destaques<\/span>","<span class=\"advgb-post-tax-term\">Not\u00edcias<\/span>"]}},"comment_count":"0","relative_dates":{"created":"Publicado 1 ano atr\u00e1s","modified":"Atualizado 1 ano atr\u00e1s"},"absolute_dates":{"created":"Publicado em 2 de dezembro de 2024","modified":"Atualizado em 2 de dezembro de 2024"},"absolute_dates_time":{"created":"Publicado em 2 de dezembro de 2024 18:51","modified":"Atualizado em 2 de dezembro de 2024 18:51"},"featured_img_caption":"","series_order":"","_links":{"self":[{"href":"https:\/\/lavras.tv\/site\/wp-json\/wp\/v2\/posts\/141207","targetHints":{"allow":["GET"]}}],"collection":[{"href":"https:\/\/lavras.tv\/site\/wp-json\/wp\/v2\/posts"}],"about":[{"href":"https:\/\/lavras.tv\/site\/wp-json\/wp\/v2\/types\/post"}],"author":[{"embeddable":true,"href":"https:\/\/lavras.tv\/site\/wp-json\/wp\/v2\/users\/5"}],"replies":[{"embeddable":true,"href":"https:\/\/lavras.tv\/site\/wp-json\/wp\/v2\/comments?post=141207"}],"version-history":[{"count":1,"href":"https:\/\/lavras.tv\/site\/wp-json\/wp\/v2\/posts\/141207\/revisions"}],"predecessor-version":[{"id":141209,"href":"https:\/\/lavras.tv\/site\/wp-json\/wp\/v2\/posts\/141207\/revisions\/141209"}],"wp:featuredmedia":[{"embeddable":true,"href":"https:\/\/lavras.tv\/site\/wp-json\/wp\/v2\/media\/141208"}],"wp:attachment":[{"href":"https:\/\/lavras.tv\/site\/wp-json\/wp\/v2\/media?parent=141207"}],"wp:term":[{"taxonomy":"category","embeddable":true,"href":"https:\/\/lavras.tv\/site\/wp-json\/wp\/v2\/categories?post=141207"},{"taxonomy":"post_tag","embeddable":true,"href":"https:\/\/lavras.tv\/site\/wp-json\/wp\/v2\/tags?post=141207"}],"curies":[{"name":"wp","href":"https:\/\/api.w.org\/{rel}","templated":true}]}}