{"id":141210,"date":"2024-12-02T19:13:07","date_gmt":"2024-12-02T22:13:07","guid":{"rendered":"https:\/\/lavras.tv\/site\/?p=141210"},"modified":"2024-12-02T19:13:09","modified_gmt":"2024-12-02T22:13:09","slug":"cemig-aprimora-tecnologia-de-deteccao-de-raios-e-melhora-tempo-de-resposta-durante-ocorrencias-com-tempestades","status":"publish","type":"post","link":"https:\/\/lavras.tv\/site\/2024\/12\/02\/cemig-aprimora-tecnologia-de-deteccao-de-raios-e-melhora-tempo-de-resposta-durante-ocorrencias-com-tempestades\/","title":{"rendered":"Cemig aprimora tecnologia de detec\u00e7\u00e3o de raios e melhora tempo de resposta durante ocorr\u00eancias com tempestades"},"content":{"rendered":"<div class=\"lavra-antes-do-conteudo_2\" id=\"lavra-1659406393\"><div id=\"lavra-slider-27\" class=\"custom-slider lavra-slider-3706824214 lavra-slider\"><ul><li><div style=\"margin-left: auto;margin-right: auto;text-align: center;\" id=\"lavra-4135776142\"><a href=\"https:\/\/sistemas.lavras.mg.gov.br\/portalcidadao\/#df1b1a7c7b2a290bcb31e32771e610784662739a88807c0dacac58ede5f391a7530e299dc302d611ee73cb143fc22eaf93592e53e7b5bdb01b00a0b8d28dae460c141dd2ff83412e4dc1c31b16b25f33144a9e5620ea73b13f5bc1c59411d98439ad226e8af03840603796067d87afe130812cf3de24982d0e306f9e61e764e5\" aria-label=\"Lavras-TV&#8211;720x104px (1) (1)\"><img src=\"https:\/\/lavras.tv\/site\/wp-content\/uploads\/2025\/01\/Lavras-TV-720x104px-1-1.png\" alt=\"\"  srcset=\"https:\/\/lavras.tv\/site\/wp-content\/uploads\/2025\/01\/Lavras-TV-720x104px-1-1.png 720w, https:\/\/lavras.tv\/site\/wp-content\/uploads\/2025\/01\/Lavras-TV-720x104px-1-1-470x68.png 470w, https:\/\/lavras.tv\/site\/wp-content\/uploads\/2025\/01\/Lavras-TV-720x104px-1-1-170x25.png 170w, https:\/\/lavras.tv\/site\/wp-content\/uploads\/2025\/01\/Lavras-TV-720x104px-1-1-200x29.png 200w\" sizes=\"(max-width: 720px) 100vw, 720px\" width=\"720\" height=\"104\"  style=\"display: inline-block;\" \/><\/a><\/div><\/li><li><a href=\"https:\/\/sistemas.lavras.mg.gov.br\/portalcidadao\/#df1b1a7c7b2a290bcb31e32771e610784662739a88807c0dacac58ede5f391a7530e299dc302d611ee73cb143fc22eaf93592e53e7b5bdb01b00a0b8d28dae460c141dd2ff83412e4dc1c31b16b25f33144a9e5620ea73b13f5bc1c59411d98439ad226e8af03840603796067d87afe130812cf3de24982d0e306f9e61e764e5\" aria-label=\"Banner_Emprego_PortallavrasTV\"><img src=\"https:\/\/lavras.tv\/site\/wp-content\/uploads\/2025\/03\/Banner_Emprego_PortallavrasTV.png\" alt=\"\"  srcset=\"https:\/\/lavras.tv\/site\/wp-content\/uploads\/2025\/03\/Banner_Emprego_PortallavrasTV.png 720w, https:\/\/lavras.tv\/site\/wp-content\/uploads\/2025\/03\/Banner_Emprego_PortallavrasTV-470x68.png 470w, https:\/\/lavras.tv\/site\/wp-content\/uploads\/2025\/03\/Banner_Emprego_PortallavrasTV-170x25.png 170w, https:\/\/lavras.tv\/site\/wp-content\/uploads\/2025\/03\/Banner_Emprego_PortallavrasTV-200x29.png 200w\" sizes=\"(max-width: 720px) 100vw, 720px\" width=\"720\" height=\"104\"   \/><\/a><\/li><li><a href=\"https:\/\/sistemas.lavras.mg.gov.br\/portalcidadao\/#df1b1a7c7b2a290bcb31e32771e610784662739a88807c0dacac58ede5f391a7530e299dc302d611ee73cb143fc22eaf93592e53e7b5bdb01b00a0b8d28dae460c141dd2ff83412e4dc1c31b16b25f33144a9e5620ea73b13f5bc1c59411d98439ad226e8af03840603796067d87afe130812cf3de24982d0e306f9e61e764e5\" aria-label=\"Banner_Obras_PortallavrasTV\"><img src=\"https:\/\/lavras.tv\/site\/wp-content\/uploads\/2025\/03\/Banner_Obras_PortallavrasTV.png\" alt=\"\"  srcset=\"https:\/\/lavras.tv\/site\/wp-content\/uploads\/2025\/03\/Banner_Obras_PortallavrasTV.png 720w, https:\/\/lavras.tv\/site\/wp-content\/uploads\/2025\/03\/Banner_Obras_PortallavrasTV-470x68.png 470w, https:\/\/lavras.tv\/site\/wp-content\/uploads\/2025\/03\/Banner_Obras_PortallavrasTV-170x25.png 170w, https:\/\/lavras.tv\/site\/wp-content\/uploads\/2025\/03\/Banner_Obras_PortallavrasTV-200x29.png 200w\" sizes=\"(max-width: 720px) 100vw, 720px\" width=\"720\" height=\"104\"   \/><\/a><\/li><li><div style=\"margin-left: auto;margin-right: auto;text-align: center;\" id=\"lavra-339628441\"><a href=\"https:\/\/sistemas.lavras.mg.gov.br\/portalcidadao\/#df1b1a7c7b2a290bcb31e32771e610784662739a88807c0dacac58ede5f391a7530e299dc302d611ee73cb143fc22eaf93592e53e7b5bdb01b00a0b8d28dae460c141dd2ff83412e4dc1c31b16b25f33144a9e5620ea73b13f5bc1c59411d98439ad226e8af03840603796067d87afe130812cf3de24982d0e306f9e61e764e5\" aria-label=\"Banner_Educa\u00e7\u00e3o_PortallavrasTV\"><img src=\"https:\/\/lavras.tv\/site\/wp-content\/uploads\/2025\/01\/Banner_Educacao_PortallavrasTV.png\" alt=\"\"  srcset=\"https:\/\/lavras.tv\/site\/wp-content\/uploads\/2025\/01\/Banner_Educacao_PortallavrasTV.png 720w, https:\/\/lavras.tv\/site\/wp-content\/uploads\/2025\/01\/Banner_Educacao_PortallavrasTV-470x68.png 470w, https:\/\/lavras.tv\/site\/wp-content\/uploads\/2025\/01\/Banner_Educacao_PortallavrasTV-170x25.png 170w, https:\/\/lavras.tv\/site\/wp-content\/uploads\/2025\/01\/Banner_Educacao_PortallavrasTV-200x29.png 200w\" sizes=\"(max-width: 720px) 100vw, 720px\" width=\"720\" height=\"104\"  style=\"display: inline-block;\" \/><\/a><\/div><\/li><li><a href=\"https:\/\/sistemas.lavras.mg.gov.br\/portalcidadao\/#df1b1a7c7b2a290bcb31e32771e610784662739a88807c0dacac58ede5f391a7530e299dc302d611ee73cb143fc22eaf93592e53e7b5bdb01b00a0b8d28dae460c141dd2ff83412e4dc1c31b16b25f33144a9e5620ea73b13f5bc1c59411d98439ad226e8af03840603796067d87afe130812cf3de24982d0e306f9e61e764e5\" aria-label=\"Banner_Sa\u00fade_PortallavrasTV\"><img src=\"https:\/\/lavras.tv\/site\/wp-content\/uploads\/2025\/03\/Banner_Saude_PortallavrasTV.png\" alt=\"\"  srcset=\"https:\/\/lavras.tv\/site\/wp-content\/uploads\/2025\/03\/Banner_Saude_PortallavrasTV.png 720w, https:\/\/lavras.tv\/site\/wp-content\/uploads\/2025\/03\/Banner_Saude_PortallavrasTV-470x68.png 470w, https:\/\/lavras.tv\/site\/wp-content\/uploads\/2025\/03\/Banner_Saude_PortallavrasTV-170x25.png 170w, https:\/\/lavras.tv\/site\/wp-content\/uploads\/2025\/03\/Banner_Saude_PortallavrasTV-200x29.png 200w\" sizes=\"(max-width: 720px) 100vw, 720px\" width=\"720\" height=\"104\"   \/><\/a><\/li><li><div id=\"lavra-237069770\" style=\"width:720px;height:104px;background-color:#ddd;overflow:scroll;\">\n\t<strong>Sa\u00edda da depura\u00e7\u00e3o de an\u00fancios<\/strong>\n\t<br><br>\n\tO an\u00fancio n\u00e3o \u00e9 exibido na p\u00e1gina<br><br>post atual: Cemig aprimora tecnologia de detec\u00e7\u00e3o de raios e melhora tempo de resposta durante ocorr\u00eancias com tempestades, ID: 141210<br><br><span style=\"color: red;\">O post atual n\u00e3o \u00e9 id\u00eantico ao post principal.<\/span><br><br>An\u00fancios: ROXO - TOPO INTERNA - ROTATIVO 2 (197)<br \/>Grupo de an\u00fancios: Princ_Meio01_720x104 (27)<br><br>Condi\u00e7\u00f5es de exibi\u00e7\u00e3o<div style=\"margin-bottom: 20px; white-space: pre-wrap; font-family: monospace; width: 100%; background: #ffe9e9;\"><strong>condi\u00e7\u00f5es gerais<\/strong><table border=\"1\"><thead><tr><th><\/th><th>An\u00fancios<\/th><th>wp_the_query<\/th><\/tr><\/thead><tr><td>is_main_query<\/td><td>1<\/td><td>1<\/td><\/tr><tr><td>is_rest_api<\/td><td>0<\/td><td>1<\/td><\/tr><tr><td>page<\/td><td>0<\/td><td>1<\/td><\/tr><tr><td>numpages<\/td><td>0<\/td><td>1<\/td><\/tr><tr><td>is_archive<\/td><td>1<\/td><td><\/td><\/tr><tr><td>is_search<\/td><td>1<\/td><td><\/td><\/tr><tr><td>is_home<\/td><td>1<\/td><td><\/td><\/tr><tr><td>is_404<\/td><td>1<\/td><td><\/td><\/tr><tr><td>is_attachment<\/td><td>1<\/td><td><\/td><\/tr><tr><td>is_singular<\/td><td>1<\/td><td><\/td><\/tr><tr><td>is_front_page<\/td><td>1<\/td><td><\/td><\/tr><tr><td>is_feed<\/td><td>1<\/td><td><\/td><\/tr><\/table><\/div><br><br><span style=\"color: red;\">Seu site usa HTTPS, mas o c\u00f3digo do an\u00fancio cont\u00e9m HTTP e pode n\u00e3o funcionar.<\/span>\t<br><br>\n\t<a style=\"color: green;\" href=\"https:\/\/wpadvancedads.com\/manual\/ad-debug-mode\/?utm_source=advanced-ads&utm_medium=link&utm_campaign=ad-debug-mode\" target=\"_blank\" rel=\"nofollow\">Encontre solu\u00e7\u00f5es no manual<\/a>\n<\/div>\n<\/li><\/ul><\/div><script>( window.advanced_ads_ready || jQuery( document ).ready ).call( null, function() {var $lavraslider3706824214 = jQuery( \".lavra-slider-3706824214\" );$lavraslider3706824214.on( \"unslider.ready\", function() { jQuery( \"div.custom-slider ul li\" ).css( \"display\", \"block\" ); });$lavraslider3706824214.unslider({ delay:4000, autoplay:true, nav:false, arrows:false, infinite:true });$lavraslider3706824214.on(\"mouseover\", function() {$lavraslider3706824214.unslider(\"stop\");}).on(\"mouseout\", function() {$lavraslider3706824214.unslider(\"start\");});});<\/script><\/div>\n<p><em>Sistema auxilia as equipes de campo na identifica\u00e7\u00e3o de problemas causados por descargas atmosf\u00e9ricas\u00a0\u202f\u00a0<\/em><\/p>\n\n\n\n<figure class=\"wp-block-video\"><video height=\"720\" style=\"aspect-ratio: 1280 \/ 720;\" width=\"1280\" controls src=\"https:\/\/lavras.tv\/site\/wp-content\/uploads\/2024\/12\/Sist-Localizacao-de-Tempestade-2.mp4\"><\/video><\/figure>\n\n\n\n<p>Em fun\u00e7\u00e3o dos eventos clim\u00e1ticos extremos que est\u00e3o se acentuando no Brasil nos \u00faltimos anos, a Cemig investiu R$ 7 milh\u00f5es e promoveu uma atualiza\u00e7\u00e3o do sistema que faz a detec\u00e7\u00e3o de raios em sua \u00e1rea de concess\u00e3o em Minas Gerais. A ferramenta \u00e9 fundamental para o aux\u00edlio na previs\u00e3o do tempo feita pela Centro de Meteorologia da empresa.<br><\/p>\n\n\n\n<p>\u201cEsse sistema \u00e9 composto por uma rede de sensores que detectam a ocorr\u00eancia de descargas atmosf\u00e9ricas. Ap\u00f3s os sinais dos rel\u00e2mpagos serem registrados pelos sensores, eles s\u00e3o enviados \u00e0s centrais de processamento que identificam a localiza\u00e7\u00e3o e as caracter\u00edsticas do fen\u00f4meno. Esses dados s\u00e3o disponibilizados para visualiza\u00e7\u00e3o em tempo real e armazenados para an\u00e1lises hist\u00f3ricas\u201d, explica o gerente de Planejamento Energ\u00e9tico da Cemig, Ivan Carneiro.<br><\/p>\n\n\n\n<p>Apenas em 2023, a \u00e1rea especializada em analisar as condi\u00e7\u00f5es atmosf\u00e9ricas da companhia contabilizou dois milh\u00f5es de descargas atmosf\u00e9ricas no estado, n\u00famero que \u00e9 150% maior do que o registrado no ano anterior.<br><\/p>\n\n\n\n<p>De acordo com o Grupo de Eletricidade Atmosf\u00e9rica (ELAT), cerca de 70% dos desligamentos das linhas de transmiss\u00e3o e 40% das ocorr\u00eancias na distribui\u00e7\u00e3o s\u00e3o provocados por raios. Al\u00e9m disso, o ELAT informa que, aproximadamente, 40% dos transformadores tamb\u00e9m s\u00e3o queimados pelo mesmo motivo.<br>O desligamento de uma linha causado por uma descarga atmosf\u00e9rica ocorre quando o raio atinge diretamente uma das fases, resultando na ruptura do isolamento e na forma\u00e7\u00e3o de um curto-circuito vis\u00edvel como um arco el\u00e9trico. Esse fen\u00f4meno tamb\u00e9m pode ocorrer quando a descarga atinge o cabo de guarda ou a torre de energia, gerando um arco el\u00e9trico entre estes elementos e uma das fases da rede.<\/p>\n\n\n\n<p>Pioneirismo no setor el\u00e9trico<br>A Cemig \u00e9 uma empresa do Setor El\u00e9trico pioneira no monitoramento do tempo, muito em fun\u00e7\u00e3o da caracter\u00edstica da sua rede el\u00e9trica, predominantemente a\u00e9rea. Dessa forma, \u00e9 necess\u00e1rio que a companhia mantenha informa\u00e7\u00f5es precisas sobre as condi\u00e7\u00f5es adversas do tempo.<br>Como o Brasil est\u00e1 localizado em uma zona tropical, o clima quente favorece a forma\u00e7\u00e3o de tempestades. O pa\u00eds registra uma das maiores incid\u00eancias de rel\u00e2mpagos do planeta. No ano passado, a empresa fez investimentos e atualizou parte do seu sistema de contabiliza\u00e7\u00e3o de raios, que registrou a quantidade significativa de descargas atmosf\u00e9ricas em sua \u00e1rea de atua\u00e7\u00e3o.<br><\/p>\n\n\n\n<p>&#8220;Beneficiando-se de todas estas ferramentas e equipe t\u00e9cnica, o setor de meteorologia da Cemig fornece \u00e0 empresa monitoramento e previs\u00e3o de tempo h\u00e1 mais de tr\u00eas d\u00e9cadas, o que comprova o compromisso da companhia com o restabelecimento de energia o mais breve poss\u00edvel para os seus clientes\u201d, completa Ivan Carneiro.<\/p>\n","protected":false},"excerpt":{"rendered":"<p>Sistema auxilia as equipes de campo na identifica\u00e7\u00e3o de problemas causados por descargas atmosf\u00e9ricas\u00a0\u202f\u00a0 Em fun\u00e7\u00e3o dos eventos clim\u00e1ticos extremos que est\u00e3o se acentuando no Brasil nos \u00faltimos anos, a Cemig investiu R$ 7 milh\u00f5es e promoveu uma atualiza\u00e7\u00e3o do sistema que faz a detec\u00e7\u00e3o de raios em sua \u00e1rea de concess\u00e3o em Minas Gerais. [&hellip;]<\/p>\n","protected":false},"author":5,"featured_media":141211,"comment_status":"closed","ping_status":"open","sticky":false,"template":"","format":"standard","meta":{"advgb_blocks_editor_width":"","advgb_blocks_columns_visual_guide":"","_exactmetrics_skip_tracking":false,"_exactmetrics_sitenote_active":false,"_exactmetrics_sitenote_note":"","_exactmetrics_sitenote_category":0,"footnotes":""},"categories":[7,2],"tags":[],"class_list":["post-141210","post","type-post","status-publish","format-standard","has-post-thumbnail","hentry","category-destaques","category-noticias"],"better_featured_image":{"id":141211,"alt_text":"","caption":"","description":"","media_type":"image","media_details":{"width":1024,"height":768,"file":"2024\/12\/WhatsApp-Image-2024-12-02-at-16.22.08.jpeg","filesize":168128,"sizes":{"medium":{"file":"WhatsApp-Image-2024-12-02-at-16.22.08-400x300.jpeg","width":400,"height":300,"mime-type":"image\/jpeg","filesize":20671,"source_url":"https:\/\/lavras.tv\/site\/wp-content\/uploads\/2024\/12\/WhatsApp-Image-2024-12-02-at-16.22.08-400x300.jpeg"},"large":{"file":"WhatsApp-Image-2024-12-02-at-16.22.08-970x728.jpeg","width":970,"height":728,"mime-type":"image\/jpeg","filesize":91833,"source_url":"https:\/\/lavras.tv\/site\/wp-content\/uploads\/2024\/12\/WhatsApp-Image-2024-12-02-at-16.22.08-970x728.jpeg"},"thumbnail":{"file":"WhatsApp-Image-2024-12-02-at-16.22.08-170x128.jpeg","width":170,"height":128,"mime-type":"image\/jpeg","filesize":4865,"source_url":"https:\/\/lavras.tv\/site\/wp-content\/uploads\/2024\/12\/WhatsApp-Image-2024-12-02-at-16.22.08-170x128.jpeg"},"lshowcase-thumb":{"file":"WhatsApp-Image-2024-12-02-at-16.22.08-200x150.jpeg","width":200,"height":150,"mime-type":"image\/jpeg","filesize":6468,"source_url":"https:\/\/lavras.tv\/site\/wp-content\/uploads\/2024\/12\/WhatsApp-Image-2024-12-02-at-16.22.08-200x150.jpeg"},"alm-thumbnail":{"file":"WhatsApp-Image-2024-12-02-at-16.22.08-150x150.jpeg","width":150,"height":150,"mime-type":"image\/jpeg","filesize":5309,"source_url":"https:\/\/lavras.tv\/site\/wp-content\/uploads\/2024\/12\/WhatsApp-Image-2024-12-02-at-16.22.08-150x150.jpeg"}},"image_meta":{"aperture":"0","credit":"","camera":"","caption":"","created_timestamp":"0","copyright":"","focal_length":"0","iso":"0","shutter_speed":"0","title":"","orientation":"0","keywords":[]}},"post":141210,"source_url":"https:\/\/lavras.tv\/site\/wp-content\/uploads\/2024\/12\/WhatsApp-Image-2024-12-02-at-16.22.08.jpeg"},"author_meta":{"display_name":"Vinicius Bustamante","author_link":"https:\/\/lavras.tv\/site\/author\/vinicius-bustamante\/"},"featured_img":"https:\/\/lavras.tv\/site\/wp-content\/uploads\/2024\/12\/WhatsApp-Image-2024-12-02-at-16.22.08-400x300.jpeg","coauthors":[],"tax_additional":{"categories":{"linked":["<a href=\"https:\/\/lavras.tv\/site\/category\/destaques\/\" class=\"advgb-post-tax-term\">Destaques<\/a>","<a href=\"https:\/\/lavras.tv\/site\/category\/noticias\/\" class=\"advgb-post-tax-term\">Not\u00edcias<\/a>"],"unlinked":["<span class=\"advgb-post-tax-term\">Destaques<\/span>","<span class=\"advgb-post-tax-term\">Not\u00edcias<\/span>"]}},"comment_count":"0","relative_dates":{"created":"Publicado 1 ano atr\u00e1s","modified":"Atualizado 1 ano atr\u00e1s"},"absolute_dates":{"created":"Publicado em 2 de dezembro de 2024","modified":"Atualizado em 2 de dezembro de 2024"},"absolute_dates_time":{"created":"Publicado em 2 de dezembro de 2024 19:13","modified":"Atualizado em 2 de dezembro de 2024 19:13"},"featured_img_caption":"","series_order":"","_links":{"self":[{"href":"https:\/\/lavras.tv\/site\/wp-json\/wp\/v2\/posts\/141210","targetHints":{"allow":["GET"]}}],"collection":[{"href":"https:\/\/lavras.tv\/site\/wp-json\/wp\/v2\/posts"}],"about":[{"href":"https:\/\/lavras.tv\/site\/wp-json\/wp\/v2\/types\/post"}],"author":[{"embeddable":true,"href":"https:\/\/lavras.tv\/site\/wp-json\/wp\/v2\/users\/5"}],"replies":[{"embeddable":true,"href":"https:\/\/lavras.tv\/site\/wp-json\/wp\/v2\/comments?post=141210"}],"version-history":[{"count":1,"href":"https:\/\/lavras.tv\/site\/wp-json\/wp\/v2\/posts\/141210\/revisions"}],"predecessor-version":[{"id":141213,"href":"https:\/\/lavras.tv\/site\/wp-json\/wp\/v2\/posts\/141210\/revisions\/141213"}],"wp:featuredmedia":[{"embeddable":true,"href":"https:\/\/lavras.tv\/site\/wp-json\/wp\/v2\/media\/141211"}],"wp:attachment":[{"href":"https:\/\/lavras.tv\/site\/wp-json\/wp\/v2\/media?parent=141210"}],"wp:term":[{"taxonomy":"category","embeddable":true,"href":"https:\/\/lavras.tv\/site\/wp-json\/wp\/v2\/categories?post=141210"},{"taxonomy":"post_tag","embeddable":true,"href":"https:\/\/lavras.tv\/site\/wp-json\/wp\/v2\/tags?post=141210"}],"curies":[{"name":"wp","href":"https:\/\/api.w.org\/{rel}","templated":true}]}}