{"id":142116,"date":"2024-12-06T15:32:57","date_gmt":"2024-12-06T18:32:57","guid":{"rendered":"https:\/\/lavras.tv\/site\/?p=142116"},"modified":"2024-12-06T15:32:58","modified_gmt":"2024-12-06T18:32:58","slug":"abertas-as-inscricoes-para-o-concurso-publico-do-banco-de-desenvolvimento-de-minas-gerais-com-32-vagas-de-nivel-superior","status":"publish","type":"post","link":"https:\/\/lavras.tv\/site\/2024\/12\/06\/abertas-as-inscricoes-para-o-concurso-publico-do-banco-de-desenvolvimento-de-minas-gerais-com-32-vagas-de-nivel-superior\/","title":{"rendered":"Abertas as inscri\u00e7\u00f5es para o concurso p\u00fablico do Banco de Desenvolvimento de Minas Gerais com 32 vagas de n\u00edvel superior"},"content":{"rendered":"<div class=\"lavra-antes-do-conteudo_2\" id=\"lavra-833551391\"><div id=\"lavra-slider-27\" class=\"custom-slider lavra-slider-1353757923 lavra-slider\"><ul><li><div style=\"margin-left: auto;margin-right: auto;text-align: center;\" id=\"lavra-1083593627\"><a href=\"https:\/\/sistemas.lavras.mg.gov.br\/portalcidadao\/#df1b1a7c7b2a290bcb31e32771e610784662739a88807c0dacac58ede5f391a7530e299dc302d611ee73cb143fc22eaf93592e53e7b5bdb01b00a0b8d28dae460c141dd2ff83412e4dc1c31b16b25f33144a9e5620ea73b13f5bc1c59411d98439ad226e8af03840603796067d87afe130812cf3de24982d0e306f9e61e764e5\" aria-label=\"Lavras-TV&#8211;720x104px (1) (1)\"><img src=\"https:\/\/lavras.tv\/site\/wp-content\/uploads\/2025\/01\/Lavras-TV-720x104px-1-1.png\" alt=\"\"  srcset=\"https:\/\/lavras.tv\/site\/wp-content\/uploads\/2025\/01\/Lavras-TV-720x104px-1-1.png 720w, https:\/\/lavras.tv\/site\/wp-content\/uploads\/2025\/01\/Lavras-TV-720x104px-1-1-470x68.png 470w, https:\/\/lavras.tv\/site\/wp-content\/uploads\/2025\/01\/Lavras-TV-720x104px-1-1-170x25.png 170w, https:\/\/lavras.tv\/site\/wp-content\/uploads\/2025\/01\/Lavras-TV-720x104px-1-1-200x29.png 200w\" sizes=\"(max-width: 720px) 100vw, 720px\" width=\"720\" height=\"104\"  style=\"display: inline-block;\" \/><\/a><\/div><\/li><li><a href=\"https:\/\/sistemas.lavras.mg.gov.br\/portalcidadao\/#df1b1a7c7b2a290bcb31e32771e610784662739a88807c0dacac58ede5f391a7530e299dc302d611ee73cb143fc22eaf93592e53e7b5bdb01b00a0b8d28dae460c141dd2ff83412e4dc1c31b16b25f33144a9e5620ea73b13f5bc1c59411d98439ad226e8af03840603796067d87afe130812cf3de24982d0e306f9e61e764e5\" aria-label=\"Banner_Emprego_PortallavrasTV\"><img src=\"https:\/\/lavras.tv\/site\/wp-content\/uploads\/2025\/03\/Banner_Emprego_PortallavrasTV.png\" alt=\"\"  srcset=\"https:\/\/lavras.tv\/site\/wp-content\/uploads\/2025\/03\/Banner_Emprego_PortallavrasTV.png 720w, https:\/\/lavras.tv\/site\/wp-content\/uploads\/2025\/03\/Banner_Emprego_PortallavrasTV-470x68.png 470w, https:\/\/lavras.tv\/site\/wp-content\/uploads\/2025\/03\/Banner_Emprego_PortallavrasTV-170x25.png 170w, https:\/\/lavras.tv\/site\/wp-content\/uploads\/2025\/03\/Banner_Emprego_PortallavrasTV-200x29.png 200w\" sizes=\"(max-width: 720px) 100vw, 720px\" width=\"720\" height=\"104\"   \/><\/a><\/li><li><a href=\"https:\/\/sistemas.lavras.mg.gov.br\/portalcidadao\/#df1b1a7c7b2a290bcb31e32771e610784662739a88807c0dacac58ede5f391a7530e299dc302d611ee73cb143fc22eaf93592e53e7b5bdb01b00a0b8d28dae460c141dd2ff83412e4dc1c31b16b25f33144a9e5620ea73b13f5bc1c59411d98439ad226e8af03840603796067d87afe130812cf3de24982d0e306f9e61e764e5\" aria-label=\"Banner_Obras_PortallavrasTV\"><img src=\"https:\/\/lavras.tv\/site\/wp-content\/uploads\/2025\/03\/Banner_Obras_PortallavrasTV.png\" alt=\"\"  srcset=\"https:\/\/lavras.tv\/site\/wp-content\/uploads\/2025\/03\/Banner_Obras_PortallavrasTV.png 720w, https:\/\/lavras.tv\/site\/wp-content\/uploads\/2025\/03\/Banner_Obras_PortallavrasTV-470x68.png 470w, https:\/\/lavras.tv\/site\/wp-content\/uploads\/2025\/03\/Banner_Obras_PortallavrasTV-170x25.png 170w, https:\/\/lavras.tv\/site\/wp-content\/uploads\/2025\/03\/Banner_Obras_PortallavrasTV-200x29.png 200w\" sizes=\"(max-width: 720px) 100vw, 720px\" width=\"720\" height=\"104\"   \/><\/a><\/li><li><div style=\"margin-left: auto;margin-right: auto;text-align: center;\" id=\"lavra-1294420379\"><a href=\"https:\/\/sistemas.lavras.mg.gov.br\/portalcidadao\/#df1b1a7c7b2a290bcb31e32771e610784662739a88807c0dacac58ede5f391a7530e299dc302d611ee73cb143fc22eaf93592e53e7b5bdb01b00a0b8d28dae460c141dd2ff83412e4dc1c31b16b25f33144a9e5620ea73b13f5bc1c59411d98439ad226e8af03840603796067d87afe130812cf3de24982d0e306f9e61e764e5\" aria-label=\"Banner_Educa\u00e7\u00e3o_PortallavrasTV\"><img src=\"https:\/\/lavras.tv\/site\/wp-content\/uploads\/2025\/01\/Banner_Educacao_PortallavrasTV.png\" alt=\"\"  srcset=\"https:\/\/lavras.tv\/site\/wp-content\/uploads\/2025\/01\/Banner_Educacao_PortallavrasTV.png 720w, https:\/\/lavras.tv\/site\/wp-content\/uploads\/2025\/01\/Banner_Educacao_PortallavrasTV-470x68.png 470w, https:\/\/lavras.tv\/site\/wp-content\/uploads\/2025\/01\/Banner_Educacao_PortallavrasTV-170x25.png 170w, https:\/\/lavras.tv\/site\/wp-content\/uploads\/2025\/01\/Banner_Educacao_PortallavrasTV-200x29.png 200w\" sizes=\"(max-width: 720px) 100vw, 720px\" width=\"720\" height=\"104\"  style=\"display: inline-block;\" \/><\/a><\/div><\/li><li><a href=\"https:\/\/sistemas.lavras.mg.gov.br\/portalcidadao\/#df1b1a7c7b2a290bcb31e32771e610784662739a88807c0dacac58ede5f391a7530e299dc302d611ee73cb143fc22eaf93592e53e7b5bdb01b00a0b8d28dae460c141dd2ff83412e4dc1c31b16b25f33144a9e5620ea73b13f5bc1c59411d98439ad226e8af03840603796067d87afe130812cf3de24982d0e306f9e61e764e5\" aria-label=\"Banner_Sa\u00fade_PortallavrasTV\"><img src=\"https:\/\/lavras.tv\/site\/wp-content\/uploads\/2025\/03\/Banner_Saude_PortallavrasTV.png\" alt=\"\"  srcset=\"https:\/\/lavras.tv\/site\/wp-content\/uploads\/2025\/03\/Banner_Saude_PortallavrasTV.png 720w, https:\/\/lavras.tv\/site\/wp-content\/uploads\/2025\/03\/Banner_Saude_PortallavrasTV-470x68.png 470w, https:\/\/lavras.tv\/site\/wp-content\/uploads\/2025\/03\/Banner_Saude_PortallavrasTV-170x25.png 170w, https:\/\/lavras.tv\/site\/wp-content\/uploads\/2025\/03\/Banner_Saude_PortallavrasTV-200x29.png 200w\" sizes=\"(max-width: 720px) 100vw, 720px\" width=\"720\" height=\"104\"   \/><\/a><\/li><li><div id=\"lavra-1612120004\" style=\"width:720px;height:104px;background-color:#ddd;overflow:scroll;\">\n\t<strong>Sa\u00edda da depura\u00e7\u00e3o de an\u00fancios<\/strong>\n\t<br><br>\n\tO an\u00fancio n\u00e3o \u00e9 exibido na p\u00e1gina<br><br>post atual: Abertas as inscri\u00e7\u00f5es para o concurso p\u00fablico do Banco de Desenvolvimento de Minas Gerais com 32 vagas de n\u00edvel superior, ID: 142116<br><br><span style=\"color: red;\">O post atual n\u00e3o \u00e9 id\u00eantico ao post principal.<\/span><br><br>An\u00fancios: ROXO - TOPO INTERNA - ROTATIVO 2 (197)<br \/>Grupo de an\u00fancios: Princ_Meio01_720x104 (27)<br><br>Condi\u00e7\u00f5es de exibi\u00e7\u00e3o<div style=\"margin-bottom: 20px; white-space: pre-wrap; font-family: monospace; width: 100%; background: #ffe9e9;\"><strong>condi\u00e7\u00f5es gerais<\/strong><table border=\"1\"><thead><tr><th><\/th><th>An\u00fancios<\/th><th>wp_the_query<\/th><\/tr><\/thead><tr><td>is_main_query<\/td><td>1<\/td><td>1<\/td><\/tr><tr><td>is_rest_api<\/td><td>0<\/td><td>1<\/td><\/tr><tr><td>page<\/td><td>0<\/td><td>1<\/td><\/tr><tr><td>numpages<\/td><td>0<\/td><td>1<\/td><\/tr><tr><td>is_archive<\/td><td>1<\/td><td><\/td><\/tr><tr><td>is_search<\/td><td>1<\/td><td><\/td><\/tr><tr><td>is_home<\/td><td>1<\/td><td><\/td><\/tr><tr><td>is_404<\/td><td>1<\/td><td><\/td><\/tr><tr><td>is_attachment<\/td><td>1<\/td><td><\/td><\/tr><tr><td>is_singular<\/td><td>1<\/td><td><\/td><\/tr><tr><td>is_front_page<\/td><td>1<\/td><td><\/td><\/tr><tr><td>is_feed<\/td><td>1<\/td><td><\/td><\/tr><\/table><\/div><br><br><span style=\"color: red;\">Seu site usa HTTPS, mas o c\u00f3digo do an\u00fancio cont\u00e9m HTTP e pode n\u00e3o funcionar.<\/span>\t<br><br>\n\t<a style=\"color: green;\" href=\"https:\/\/wpadvancedads.com\/manual\/ad-debug-mode\/?utm_source=advanced-ads&utm_medium=link&utm_campaign=ad-debug-mode\" target=\"_blank\" rel=\"nofollow\">Encontre solu\u00e7\u00f5es no manual<\/a>\n<\/div>\n<\/li><\/ul><\/div><script>( window.advanced_ads_ready || jQuery( document ).ready ).call( null, function() {var $lavraslider1353757923 = jQuery( \".lavra-slider-1353757923\" );$lavraslider1353757923.on( \"unslider.ready\", function() { jQuery( \"div.custom-slider ul li\" ).css( \"display\", \"block\" ); });$lavraslider1353757923.unslider({ delay:4000, autoplay:true, nav:false, arrows:false, infinite:true });$lavraslider1353757923.on(\"mouseover\", function() {$lavraslider1353757923.unslider(\"stop\");}).on(\"mouseout\", function() {$lavraslider1353757923.unslider(\"start\");});});<\/script><\/div>\n<p><em>A partir desta quinta-feira (5\/12) e at\u00e9 6\/1&nbsp;os candidatos interessados j\u00e1 podem se inscrever<\/em><em><\/em><\/p>\n\n\n\n<figure class=\"wp-block-image size-large\"><img fetchpriority=\"high\" decoding=\"async\" width=\"970\" height=\"508\" src=\"https:\/\/lavras.tv\/site\/wp-content\/uploads\/2024\/12\/4dd2d6_a1de22d02c434abaaaf980bf18adf85dmv2-970x508.png\" alt=\"\" class=\"wp-image-142117\" srcset=\"https:\/\/lavras.tv\/site\/wp-content\/uploads\/2024\/12\/4dd2d6_a1de22d02c434abaaaf980bf18adf85dmv2-970x508.png 970w, https:\/\/lavras.tv\/site\/wp-content\/uploads\/2024\/12\/4dd2d6_a1de22d02c434abaaaf980bf18adf85dmv2-470x246.png 470w, https:\/\/lavras.tv\/site\/wp-content\/uploads\/2024\/12\/4dd2d6_a1de22d02c434abaaaf980bf18adf85dmv2-170x89.png 170w, https:\/\/lavras.tv\/site\/wp-content\/uploads\/2024\/12\/4dd2d6_a1de22d02c434abaaaf980bf18adf85dmv2-200x105.png 200w, https:\/\/lavras.tv\/site\/wp-content\/uploads\/2024\/12\/4dd2d6_a1de22d02c434abaaaf980bf18adf85dmv2.png 1200w\" sizes=\"(max-width: 970px) 100vw, 970px\" \/><\/figure>\n\n\n\n<p>Os candidatos interessados em fazer&nbsp;o concurso do&nbsp;<a href=\"https:\/\/www.bdmg.mg.gov.br\/\" target=\"_blank\" rel=\"noreferrer noopener\">Banco de Desenvolvimento de Minas Gerais (BDMG)<\/a>&nbsp;podem realizar a inscri\u00e7\u00e3o a partir desta quinta-feira (5\/12) no&nbsp;<a href=\"https:\/\/www.bdmg.mg.gov.br\/\" target=\"_blank\" rel=\"noreferrer noopener\">site do banco<\/a>. Ser\u00e3o disponibilizadas 32 vagas de n\u00edvel superior. O prazo se encerra em 6\/1&nbsp;e o valor da inscri\u00e7\u00e3o para qualquer vaga \u00e9 de R$ 114.<br><br>Os empregados admitidos ingressar\u00e3o no cargo de Analista de Desenvolvimento, com sal\u00e1rio inicial de R$ 9.571,25, al\u00e9m de benef\u00edcios previstos no Acordo Coletivo de Trabalho.<br><br>Ser\u00e3o quatro \u00eanfases: Gest\u00e3o, finan\u00e7as e controladoria, com 13 vagas; Infraestrutura e seguran\u00e7a cibern\u00e9tica, com cinco vagas; Engenharias, com quatro vagas; Sistemas, arquitetura de solu\u00e7\u00f5es e dados; com dez vagas.<br><br>A jornada de trabalho \u00e9 de 30 horas semanais. Haver\u00e1 forma\u00e7\u00e3o de cadastro de reserva.<br><br>As provas ser\u00e3o realizadas em Belo Horizonte com aplica\u00e7\u00e3o agendada para 16\/3\/2025.<br><br>O \u00faltimo concurso realizado no BDMG foi em 2011. Os novos admitidos ter\u00e3o a oportunidade de ingressar na carreira p\u00fablica e ir\u00e3o contribuir de forma efetiva para o desenvolvimento de Minas Gerais a partir das suas atividades, no dia a dia da institui\u00e7\u00e3o.<br><br>O Centro Brasileiro de Pesquisa em Avalia\u00e7\u00e3o e Sele\u00e7\u00e3o e de Promo\u00e7\u00e3o de Eventos (Cebraspe) \u00e9 a banca organizadora do certame. O edital est\u00e1 dispon\u00edvel&nbsp;<a href=\"https:\/\/www.bdmg.mg.gov.br\/\" target=\"_blank\" rel=\"noreferrer noopener\">neste&nbsp;site<\/a>.<strong><\/strong><\/p>\n","protected":false},"excerpt":{"rendered":"<p>A partir desta quinta-feira (5\/12) e at\u00e9 6\/1&nbsp;os candidatos interessados j\u00e1 podem se inscrever Os candidatos interessados em fazer&nbsp;o concurso do&nbsp;Banco de Desenvolvimento de Minas Gerais (BDMG)&nbsp;podem realizar a inscri\u00e7\u00e3o a partir desta quinta-feira (5\/12) no&nbsp;site do banco. Ser\u00e3o disponibilizadas 32 vagas de n\u00edvel superior. O prazo se encerra em 6\/1&nbsp;e o valor da inscri\u00e7\u00e3o [&hellip;]<\/p>\n","protected":false},"author":5,"featured_media":142117,"comment_status":"closed","ping_status":"open","sticky":false,"template":"","format":"standard","meta":{"advgb_blocks_editor_width":"","advgb_blocks_columns_visual_guide":"","_exactmetrics_skip_tracking":false,"_exactmetrics_sitenote_active":false,"_exactmetrics_sitenote_note":"","_exactmetrics_sitenote_category":0,"footnotes":""},"categories":[7,2],"tags":[],"class_list":["post-142116","post","type-post","status-publish","format-standard","has-post-thumbnail","hentry","category-destaques","category-noticias"],"better_featured_image":{"id":142117,"alt_text":"","caption":"","description":"","media_type":"image","media_details":{"width":1200,"height":628,"file":"2024\/12\/4dd2d6_a1de22d02c434abaaaf980bf18adf85dmv2.png","filesize":1380287,"sizes":{"medium":{"file":"4dd2d6_a1de22d02c434abaaaf980bf18adf85dmv2-470x246.png","width":470,"height":246,"mime-type":"image\/png","filesize":183012,"source_url":"https:\/\/lavras.tv\/site\/wp-content\/uploads\/2024\/12\/4dd2d6_a1de22d02c434abaaaf980bf18adf85dmv2-470x246.png"},"large":{"file":"4dd2d6_a1de22d02c434abaaaf980bf18adf85dmv2-970x508.png","width":970,"height":508,"mime-type":"image\/png","filesize":635637,"source_url":"https:\/\/lavras.tv\/site\/wp-content\/uploads\/2024\/12\/4dd2d6_a1de22d02c434abaaaf980bf18adf85dmv2-970x508.png"},"thumbnail":{"file":"4dd2d6_a1de22d02c434abaaaf980bf18adf85dmv2-170x89.png","width":170,"height":89,"mime-type":"image\/png","filesize":29895,"source_url":"https:\/\/lavras.tv\/site\/wp-content\/uploads\/2024\/12\/4dd2d6_a1de22d02c434abaaaf980bf18adf85dmv2-170x89.png"},"lshowcase-thumb":{"file":"4dd2d6_a1de22d02c434abaaaf980bf18adf85dmv2-200x105.png","width":200,"height":105,"mime-type":"image\/png","filesize":40149,"source_url":"https:\/\/lavras.tv\/site\/wp-content\/uploads\/2024\/12\/4dd2d6_a1de22d02c434abaaaf980bf18adf85dmv2-200x105.png"},"alm-thumbnail":{"file":"4dd2d6_a1de22d02c434abaaaf980bf18adf85dmv2-150x150.png","width":150,"height":150,"mime-type":"image\/png","filesize":38749,"source_url":"https:\/\/lavras.tv\/site\/wp-content\/uploads\/2024\/12\/4dd2d6_a1de22d02c434abaaaf980bf18adf85dmv2-150x150.png"}},"image_meta":{"aperture":"0","credit":"","camera":"","caption":"","created_timestamp":"0","copyright":"","focal_length":"0","iso":"0","shutter_speed":"0","title":"","orientation":"0","keywords":[]}},"post":142116,"source_url":"https:\/\/lavras.tv\/site\/wp-content\/uploads\/2024\/12\/4dd2d6_a1de22d02c434abaaaf980bf18adf85dmv2.png"},"author_meta":{"display_name":"Vinicius Bustamante","author_link":"https:\/\/lavras.tv\/site\/author\/vinicius-bustamante\/"},"featured_img":"https:\/\/lavras.tv\/site\/wp-content\/uploads\/2024\/12\/4dd2d6_a1de22d02c434abaaaf980bf18adf85dmv2-470x246.png","coauthors":[],"tax_additional":{"categories":{"linked":["<a href=\"https:\/\/lavras.tv\/site\/category\/destaques\/\" class=\"advgb-post-tax-term\">Destaques<\/a>","<a href=\"https:\/\/lavras.tv\/site\/category\/noticias\/\" class=\"advgb-post-tax-term\">Not\u00edcias<\/a>"],"unlinked":["<span class=\"advgb-post-tax-term\">Destaques<\/span>","<span class=\"advgb-post-tax-term\">Not\u00edcias<\/span>"]}},"comment_count":"0","relative_dates":{"created":"Publicado 1 ano atr\u00e1s","modified":"Atualizado 1 ano atr\u00e1s"},"absolute_dates":{"created":"Publicado em 6 de dezembro de 2024","modified":"Atualizado em 6 de dezembro de 2024"},"absolute_dates_time":{"created":"Publicado em 6 de dezembro de 2024 15:32","modified":"Atualizado em 6 de dezembro de 2024 15:32"},"featured_img_caption":"","series_order":"","_links":{"self":[{"href":"https:\/\/lavras.tv\/site\/wp-json\/wp\/v2\/posts\/142116","targetHints":{"allow":["GET"]}}],"collection":[{"href":"https:\/\/lavras.tv\/site\/wp-json\/wp\/v2\/posts"}],"about":[{"href":"https:\/\/lavras.tv\/site\/wp-json\/wp\/v2\/types\/post"}],"author":[{"embeddable":true,"href":"https:\/\/lavras.tv\/site\/wp-json\/wp\/v2\/users\/5"}],"replies":[{"embeddable":true,"href":"https:\/\/lavras.tv\/site\/wp-json\/wp\/v2\/comments?post=142116"}],"version-history":[{"count":1,"href":"https:\/\/lavras.tv\/site\/wp-json\/wp\/v2\/posts\/142116\/revisions"}],"predecessor-version":[{"id":142118,"href":"https:\/\/lavras.tv\/site\/wp-json\/wp\/v2\/posts\/142116\/revisions\/142118"}],"wp:featuredmedia":[{"embeddable":true,"href":"https:\/\/lavras.tv\/site\/wp-json\/wp\/v2\/media\/142117"}],"wp:attachment":[{"href":"https:\/\/lavras.tv\/site\/wp-json\/wp\/v2\/media?parent=142116"}],"wp:term":[{"taxonomy":"category","embeddable":true,"href":"https:\/\/lavras.tv\/site\/wp-json\/wp\/v2\/categories?post=142116"},{"taxonomy":"post_tag","embeddable":true,"href":"https:\/\/lavras.tv\/site\/wp-json\/wp\/v2\/tags?post=142116"}],"curies":[{"name":"wp","href":"https:\/\/api.w.org\/{rel}","templated":true}]}}