{"id":14220,"date":"2018-01-13T10:35:19","date_gmt":"2018-01-13T12:35:19","guid":{"rendered":"http:\/\/lavras.tv\/site\/?p=14220"},"modified":"2018-01-13T10:36:38","modified_gmt":"2018-01-13T12:36:38","slug":"informe-parlamentar-deputado-fabio-cherem-trabalha-em-prol-da-melhoria-na-infraestrutura-da-policia-civil-em-lavras","status":"publish","type":"post","link":"https:\/\/lavras.tv\/site\/2018\/01\/13\/informe-parlamentar-deputado-fabio-cherem-trabalha-em-prol-da-melhoria-na-infraestrutura-da-policia-civil-em-lavras\/","title":{"rendered":"[Informe Parlamentar] Deputado F\u00e1bio Cherem trabalha em prol da melhoria na infraestrutura da Pol\u00edcia Civil em Lavras"},"content":{"rendered":"<div class=\"lavra-antes-do-conteudo_2\" id=\"lavra-1789794539\"><div id=\"lavra-slider-27\" class=\"custom-slider lavra-slider-3260211862 lavra-slider\"><ul><li><div style=\"margin-left: auto;margin-right: auto;text-align: center;\" id=\"lavra-1438620038\"><a href=\"https:\/\/sistemas.lavras.mg.gov.br\/portalcidadao\/#df1b1a7c7b2a290bcb31e32771e610784662739a88807c0dacac58ede5f391a7530e299dc302d611ee73cb143fc22eaf93592e53e7b5bdb01b00a0b8d28dae460c141dd2ff83412e4dc1c31b16b25f33144a9e5620ea73b13f5bc1c59411d98439ad226e8af03840603796067d87afe130812cf3de24982d0e306f9e61e764e5\" aria-label=\"Lavras-TV&#8211;720x104px (1) (1)\"><img src=\"https:\/\/lavras.tv\/site\/wp-content\/uploads\/2025\/01\/Lavras-TV-720x104px-1-1.png\" alt=\"\"  srcset=\"https:\/\/lavras.tv\/site\/wp-content\/uploads\/2025\/01\/Lavras-TV-720x104px-1-1.png 720w, https:\/\/lavras.tv\/site\/wp-content\/uploads\/2025\/01\/Lavras-TV-720x104px-1-1-470x68.png 470w, https:\/\/lavras.tv\/site\/wp-content\/uploads\/2025\/01\/Lavras-TV-720x104px-1-1-170x25.png 170w, https:\/\/lavras.tv\/site\/wp-content\/uploads\/2025\/01\/Lavras-TV-720x104px-1-1-200x29.png 200w\" sizes=\"(max-width: 720px) 100vw, 720px\" width=\"720\" height=\"104\"  style=\"display: inline-block;\" \/><\/a><\/div><\/li><li><a href=\"https:\/\/sistemas.lavras.mg.gov.br\/portalcidadao\/#df1b1a7c7b2a290bcb31e32771e610784662739a88807c0dacac58ede5f391a7530e299dc302d611ee73cb143fc22eaf93592e53e7b5bdb01b00a0b8d28dae460c141dd2ff83412e4dc1c31b16b25f33144a9e5620ea73b13f5bc1c59411d98439ad226e8af03840603796067d87afe130812cf3de24982d0e306f9e61e764e5\" aria-label=\"Banner_Emprego_PortallavrasTV\"><img src=\"https:\/\/lavras.tv\/site\/wp-content\/uploads\/2025\/03\/Banner_Emprego_PortallavrasTV.png\" alt=\"\"  srcset=\"https:\/\/lavras.tv\/site\/wp-content\/uploads\/2025\/03\/Banner_Emprego_PortallavrasTV.png 720w, https:\/\/lavras.tv\/site\/wp-content\/uploads\/2025\/03\/Banner_Emprego_PortallavrasTV-470x68.png 470w, https:\/\/lavras.tv\/site\/wp-content\/uploads\/2025\/03\/Banner_Emprego_PortallavrasTV-170x25.png 170w, https:\/\/lavras.tv\/site\/wp-content\/uploads\/2025\/03\/Banner_Emprego_PortallavrasTV-200x29.png 200w\" sizes=\"(max-width: 720px) 100vw, 720px\" width=\"720\" height=\"104\"   \/><\/a><\/li><li><a href=\"https:\/\/sistemas.lavras.mg.gov.br\/portalcidadao\/#df1b1a7c7b2a290bcb31e32771e610784662739a88807c0dacac58ede5f391a7530e299dc302d611ee73cb143fc22eaf93592e53e7b5bdb01b00a0b8d28dae460c141dd2ff83412e4dc1c31b16b25f33144a9e5620ea73b13f5bc1c59411d98439ad226e8af03840603796067d87afe130812cf3de24982d0e306f9e61e764e5\" aria-label=\"Banner_Obras_PortallavrasTV\"><img src=\"https:\/\/lavras.tv\/site\/wp-content\/uploads\/2025\/03\/Banner_Obras_PortallavrasTV.png\" alt=\"\"  srcset=\"https:\/\/lavras.tv\/site\/wp-content\/uploads\/2025\/03\/Banner_Obras_PortallavrasTV.png 720w, https:\/\/lavras.tv\/site\/wp-content\/uploads\/2025\/03\/Banner_Obras_PortallavrasTV-470x68.png 470w, https:\/\/lavras.tv\/site\/wp-content\/uploads\/2025\/03\/Banner_Obras_PortallavrasTV-170x25.png 170w, https:\/\/lavras.tv\/site\/wp-content\/uploads\/2025\/03\/Banner_Obras_PortallavrasTV-200x29.png 200w\" sizes=\"(max-width: 720px) 100vw, 720px\" width=\"720\" height=\"104\"   \/><\/a><\/li><li><div style=\"margin-left: auto;margin-right: auto;text-align: center;\" id=\"lavra-960324609\"><a href=\"https:\/\/sistemas.lavras.mg.gov.br\/portalcidadao\/#df1b1a7c7b2a290bcb31e32771e610784662739a88807c0dacac58ede5f391a7530e299dc302d611ee73cb143fc22eaf93592e53e7b5bdb01b00a0b8d28dae460c141dd2ff83412e4dc1c31b16b25f33144a9e5620ea73b13f5bc1c59411d98439ad226e8af03840603796067d87afe130812cf3de24982d0e306f9e61e764e5\" aria-label=\"Banner_Educa\u00e7\u00e3o_PortallavrasTV\"><img src=\"https:\/\/lavras.tv\/site\/wp-content\/uploads\/2025\/01\/Banner_Educacao_PortallavrasTV.png\" alt=\"\"  srcset=\"https:\/\/lavras.tv\/site\/wp-content\/uploads\/2025\/01\/Banner_Educacao_PortallavrasTV.png 720w, https:\/\/lavras.tv\/site\/wp-content\/uploads\/2025\/01\/Banner_Educacao_PortallavrasTV-470x68.png 470w, https:\/\/lavras.tv\/site\/wp-content\/uploads\/2025\/01\/Banner_Educacao_PortallavrasTV-170x25.png 170w, https:\/\/lavras.tv\/site\/wp-content\/uploads\/2025\/01\/Banner_Educacao_PortallavrasTV-200x29.png 200w\" sizes=\"(max-width: 720px) 100vw, 720px\" width=\"720\" height=\"104\"  style=\"display: inline-block;\" \/><\/a><\/div><\/li><li><a href=\"https:\/\/sistemas.lavras.mg.gov.br\/portalcidadao\/#df1b1a7c7b2a290bcb31e32771e610784662739a88807c0dacac58ede5f391a7530e299dc302d611ee73cb143fc22eaf93592e53e7b5bdb01b00a0b8d28dae460c141dd2ff83412e4dc1c31b16b25f33144a9e5620ea73b13f5bc1c59411d98439ad226e8af03840603796067d87afe130812cf3de24982d0e306f9e61e764e5\" aria-label=\"Banner_Sa\u00fade_PortallavrasTV\"><img src=\"https:\/\/lavras.tv\/site\/wp-content\/uploads\/2025\/03\/Banner_Saude_PortallavrasTV.png\" alt=\"\"  srcset=\"https:\/\/lavras.tv\/site\/wp-content\/uploads\/2025\/03\/Banner_Saude_PortallavrasTV.png 720w, https:\/\/lavras.tv\/site\/wp-content\/uploads\/2025\/03\/Banner_Saude_PortallavrasTV-470x68.png 470w, https:\/\/lavras.tv\/site\/wp-content\/uploads\/2025\/03\/Banner_Saude_PortallavrasTV-170x25.png 170w, https:\/\/lavras.tv\/site\/wp-content\/uploads\/2025\/03\/Banner_Saude_PortallavrasTV-200x29.png 200w\" sizes=\"(max-width: 720px) 100vw, 720px\" width=\"720\" height=\"104\"   \/><\/a><\/li><li><div id=\"lavra-992843123\" style=\"width:720px;height:104px;background-color:#ddd;overflow:scroll;\">\n\t<strong>Sa\u00edda da depura\u00e7\u00e3o de an\u00fancios<\/strong>\n\t<br><br>\n\tO an\u00fancio n\u00e3o \u00e9 exibido na p\u00e1gina<br><br>post atual: [Informe Parlamentar] Deputado F\u00e1bio Cherem trabalha em prol da melhoria na infraestrutura da Pol\u00edcia Civil em Lavras, ID: 14220<br><br><span style=\"color: red;\">O post atual n\u00e3o \u00e9 id\u00eantico ao post principal.<\/span><br><br>An\u00fancios: ROXO - TOPO INTERNA - ROTATIVO 2 (197)<br \/>Grupo de an\u00fancios: Princ_Meio01_720x104 (27)<br><br>Condi\u00e7\u00f5es de exibi\u00e7\u00e3o<div style=\"margin-bottom: 20px; white-space: pre-wrap; font-family: monospace; width: 100%; background: #ffe9e9;\"><strong>condi\u00e7\u00f5es gerais<\/strong><table border=\"1\"><thead><tr><th><\/th><th>An\u00fancios<\/th><th>wp_the_query<\/th><\/tr><\/thead><tr><td>is_main_query<\/td><td>1<\/td><td>1<\/td><\/tr><tr><td>is_rest_api<\/td><td>0<\/td><td>1<\/td><\/tr><tr><td>page<\/td><td>0<\/td><td>1<\/td><\/tr><tr><td>numpages<\/td><td>0<\/td><td>1<\/td><\/tr><tr><td>is_archive<\/td><td>1<\/td><td><\/td><\/tr><tr><td>is_search<\/td><td>1<\/td><td><\/td><\/tr><tr><td>is_home<\/td><td>1<\/td><td><\/td><\/tr><tr><td>is_404<\/td><td>1<\/td><td><\/td><\/tr><tr><td>is_attachment<\/td><td>1<\/td><td><\/td><\/tr><tr><td>is_singular<\/td><td>1<\/td><td><\/td><\/tr><tr><td>is_front_page<\/td><td>1<\/td><td><\/td><\/tr><tr><td>is_feed<\/td><td>1<\/td><td><\/td><\/tr><\/table><\/div><br><br><span style=\"color: red;\">Seu site usa HTTPS, mas o c\u00f3digo do an\u00fancio cont\u00e9m HTTP e pode n\u00e3o funcionar.<\/span>\t<br><br>\n\t<a style=\"color: green;\" href=\"https:\/\/wpadvancedads.com\/manual\/ad-debug-mode\/?utm_source=advanced-ads&utm_medium=link&utm_campaign=ad-debug-mode\" target=\"_blank\" rel=\"nofollow\">Encontre solu\u00e7\u00f5es no manual<\/a>\n<\/div>\n<\/li><\/ul><\/div><script>( window.advanced_ads_ready || jQuery( document ).ready ).call( null, function() {var $lavraslider3260211862 = jQuery( \".lavra-slider-3260211862\" );$lavraslider3260211862.on( \"unslider.ready\", function() { jQuery( \"div.custom-slider ul li\" ).css( \"display\", \"block\" ); });$lavraslider3260211862.unslider({ delay:4000, autoplay:true, nav:false, arrows:false, infinite:true });$lavraslider3260211862.on(\"mouseover\", function() {$lavraslider3260211862.unslider(\"stop\");}).on(\"mouseout\", function() {$lavraslider3260211862.unslider(\"start\");});});<\/script><\/div><p>O deputado F\u00e1bio Cherem participou na manh\u00e3 desta sexta-feira (12) de uma reuni\u00e3o com o Chefe da 6\u00aa Regi\u00e3o da Pol\u00edcia Civil de Minas Gerais (6\u00aa RPC), Dr. Pedro Paulo Marques, o Delegado de Tr\u00e2nsito da Pol\u00edcia Civil em Lavras, Dr. Ailton Pereira, o vereador Matusal\u00e9m Machado e o empres\u00e1rio Tovar Costa Loureiro. <!--more-->O encontro teve como objetivo tra\u00e7ar um plano de trabalho que visa promover a melhoria da infraestrutura operacional da sede da 30\u00aa Delegacia de Pol\u00edcia Civil em Lavras, bem como a moderniza\u00e7\u00e3o do atendimento prestada \u00e0 popula\u00e7\u00e3o.<\/p>\n<p><img fetchpriority=\"high\" decoding=\"async\" class=\"alignnone size-full wp-image-14221 aligncenter\" src=\"http:\/\/lavras.tv\/site\/wp-content\/uploads\/2018\/01\/DSC_0747.jpg\" alt=\"DSC_0747\" width=\"1715\" height=\"1139\" srcset=\"https:\/\/lavras.tv\/site\/wp-content\/uploads\/2018\/01\/DSC_0747.jpg 1715w, https:\/\/lavras.tv\/site\/wp-content\/uploads\/2018\/01\/DSC_0747-150x100.jpg 150w, https:\/\/lavras.tv\/site\/wp-content\/uploads\/2018\/01\/DSC_0747-300x199.jpg 300w, https:\/\/lavras.tv\/site\/wp-content\/uploads\/2018\/01\/DSC_0747-1024x680.jpg 1024w, https:\/\/lavras.tv\/site\/wp-content\/uploads\/2018\/01\/DSC_0747-480x320.jpg 480w, https:\/\/lavras.tv\/site\/wp-content\/uploads\/2018\/01\/DSC_0747-272x182.jpg 272w\" sizes=\"(max-width: 1715px) 100vw, 1715px\" \/><\/p>\n<p>Durante a reuni\u00e3o realizada na nova sede Administrativa da 6\u00aa RPC em Lavras, no bairro Monte L\u00edbano, foi discutidas um cronograma de a\u00e7\u00f5es que ir\u00e3o viabilizar a reforma do pr\u00e9dio da delegacia da Pol\u00edcia Civil na cidade, que dever\u00e1 ser remodelado para atender de forma plena o trabalho das equipes que atuam em prol da seguran\u00e7a p\u00fablica na regi\u00e3o. O deputado F\u00e1bio Cherem se comprometeu em buscar os recursos necess\u00e1rios junto ao Governo do Estado para a execu\u00e7\u00e3o deste importante projeto que ir\u00e1 beneficiar diretamente a comunidade.<\/p>\n<p>Outro ponto importante abordado durante a reuni\u00e3o foi a transfer\u00eancia dos servi\u00e7os do Setor de Tr\u00e2nsito, como renova\u00e7\u00e3o de CNH e expedi\u00e7\u00e3o de documentos de ve\u00edculos, entre outros, para o posto da Unidade de Atendimento Integrado em Lavras (UAI), localizado na Pra\u00e7a Monsenhor Domingos, no centro, o que ir\u00e1 proporcionar uma maior agilidade para no atendimento \u00e0 popula\u00e7\u00e3o na busca dos servi\u00e7os que hoje s\u00e3o realizados na sede da 30\u00aa DPC, onde dever\u00e1 permanecer apenas o servi\u00e7o de vistoria de ve\u00edculos.<\/p>\n<p>O deputado F\u00e1bio Cherem destacou a import\u00e2ncia do encontro com os representantes da Pol\u00edcia Civil em Lavras e da participa\u00e7\u00e3o do cidad\u00e3o na busca de melhorias para a comunidade. \u201cEu queria ressaltar a iniciativa do empres\u00e1rio Tovar Pereira, que nos trouxe a preocupa\u00e7\u00e3o quanto \u00e0s condi\u00e7\u00f5es prec\u00e1rias da sede da delegacia da Pol\u00edcia Civil em Lavras, o que resultou neste trabalho iniciado hoje e que visa elaborar um plano de a\u00e7\u00e3o para promover as melhorias necess\u00e1rias \u00e0 30\u00aa DPC e tamb\u00e9m a moderniza\u00e7\u00e3o do atendimento ao cidad\u00e3o. Vamos buscar os recursos necess\u00e1rios para a execu\u00e7\u00e3o deste importante projeto que ir\u00e1 fortalecer ainda mais o trabalho da nossa Policia Civil na garantia da seguran\u00e7a p\u00fablica da cidade\u201d, afirmou F\u00e1bio Cherem.<\/p>\n<p>Fonte: Assessoria do deputado F\u00e1bio Cherem<\/p>\n","protected":false},"excerpt":{"rendered":"<p>O deputado F\u00e1bio Cherem participou na manh\u00e3 desta sexta-feira (12) de uma reuni\u00e3o com o Chefe da 6\u00aa Regi\u00e3o da Pol\u00edcia Civil de Minas Gerais (6\u00aa RPC), Dr. Pedro Paulo Marques, o Delegado de Tr\u00e2nsito da Pol\u00edcia Civil em Lavras, Dr. Ailton Pereira, o vereador Matusal\u00e9m Machado e o empres\u00e1rio Tovar Costa Loureiro.<\/p>\n","protected":false},"author":2,"featured_media":14221,"comment_status":"closed","ping_status":"open","sticky":false,"template":"","format":"standard","meta":{"advgb_blocks_editor_width":"","advgb_blocks_columns_visual_guide":"","_exactmetrics_skip_tracking":false,"_exactmetrics_sitenote_active":false,"_exactmetrics_sitenote_note":"","_exactmetrics_sitenote_category":0,"footnotes":""},"categories":[7,12],"tags":[1462,672,34],"class_list":["post-14220","post","type-post","status-publish","format-standard","has-post-thumbnail","hentry","category-destaques","category-politica","tag-delegacia","tag-fabio-cherem","tag-lavras"],"better_featured_image":{"id":14221,"alt_text":"","caption":"","description":"","media_type":"image","media_details":{"width":1715,"height":1139,"file":"2018\/01\/DSC_0747.jpg","sizes":{"thumbnail":{"file":"DSC_0747-150x100.jpg","width":150,"height":100,"mime-type":"image\/jpeg","source_url":"https:\/\/lavras.tv\/site\/wp-content\/uploads\/2018\/01\/DSC_0747-150x100.jpg"},"medium":{"file":"DSC_0747-300x199.jpg","width":300,"height":199,"mime-type":"image\/jpeg","source_url":"https:\/\/lavras.tv\/site\/wp-content\/uploads\/2018\/01\/DSC_0747-300x199.jpg"},"large":{"file":"DSC_0747-1024x680.jpg","width":1024,"height":680,"mime-type":"image\/jpeg","source_url":"https:\/\/lavras.tv\/site\/wp-content\/uploads\/2018\/01\/DSC_0747-1024x680.jpg"},"featured-slider-img":{"file":"DSC_0747-640x480.jpg","width":640,"height":480,"mime-type":"image\/jpeg","source_url":"https:\/\/lavras.tv\/site\/wp-content\/uploads\/2018\/01\/DSC_0747-640x480.jpg"},"featured-post-img":{"file":"DSC_0747-480x320.jpg","width":480,"height":320,"mime-type":"image\/jpeg","source_url":"https:\/\/lavras.tv\/site\/wp-content\/uploads\/2018\/01\/DSC_0747-480x320.jpg"},"sow-carousel-default":{"file":"DSC_0747-272x182.jpg","width":272,"height":182,"mime-type":"image\/jpeg","source_url":"https:\/\/lavras.tv\/site\/wp-content\/uploads\/2018\/01\/DSC_0747-272x182.jpg"}},"image_meta":{"aperture":"3.5","credit":"","camera":"NIKON D90","caption":"","created_timestamp":"1515760148","copyright":"","focal_length":"18","iso":"200","shutter_speed":"0.04","title":"","orientation":"1","keywords":[]}},"post":14220,"source_url":"https:\/\/lavras.tv\/site\/wp-content\/uploads\/2018\/01\/DSC_0747.jpg"},"author_meta":{"display_name":"Lavras TV","author_link":"https:\/\/lavras.tv\/site\/author\/lavrastv\/"},"featured_img":"https:\/\/lavras.tv\/site\/wp-content\/uploads\/2018\/01\/DSC_0747-300x199.jpg","coauthors":[],"tax_additional":{"categories":{"linked":["<a href=\"https:\/\/lavras.tv\/site\/category\/destaques\/\" class=\"advgb-post-tax-term\">Destaques<\/a>","<a href=\"https:\/\/lavras.tv\/site\/category\/politica\/\" class=\"advgb-post-tax-term\">Pol\u00edtica<\/a>"],"unlinked":["<span class=\"advgb-post-tax-term\">Destaques<\/span>","<span class=\"advgb-post-tax-term\">Pol\u00edtica<\/span>"]},"tags":{"linked":["<a href=\"https:\/\/lavras.tv\/site\/category\/politica\/\" class=\"advgb-post-tax-term\">delegacia<\/a>","<a href=\"https:\/\/lavras.tv\/site\/category\/politica\/\" class=\"advgb-post-tax-term\">fabio cherem<\/a>","<a href=\"https:\/\/lavras.tv\/site\/category\/politica\/\" class=\"advgb-post-tax-term\">lavras<\/a>"],"unlinked":["<span class=\"advgb-post-tax-term\">delegacia<\/span>","<span class=\"advgb-post-tax-term\">fabio cherem<\/span>","<span class=\"advgb-post-tax-term\">lavras<\/span>"]}},"comment_count":"0","relative_dates":{"created":"Publicado 8 anos atr\u00e1s","modified":"Atualizado 8 anos atr\u00e1s"},"absolute_dates":{"created":"Publicado em 13 de janeiro de 2018","modified":"Atualizado em 13 de janeiro de 2018"},"absolute_dates_time":{"created":"Publicado em 13 de janeiro de 2018 10:35","modified":"Atualizado em 13 de janeiro de 2018 10:36"},"featured_img_caption":"","series_order":"","_links":{"self":[{"href":"https:\/\/lavras.tv\/site\/wp-json\/wp\/v2\/posts\/14220","targetHints":{"allow":["GET"]}}],"collection":[{"href":"https:\/\/lavras.tv\/site\/wp-json\/wp\/v2\/posts"}],"about":[{"href":"https:\/\/lavras.tv\/site\/wp-json\/wp\/v2\/types\/post"}],"author":[{"embeddable":true,"href":"https:\/\/lavras.tv\/site\/wp-json\/wp\/v2\/users\/2"}],"replies":[{"embeddable":true,"href":"https:\/\/lavras.tv\/site\/wp-json\/wp\/v2\/comments?post=14220"}],"version-history":[{"count":1,"href":"https:\/\/lavras.tv\/site\/wp-json\/wp\/v2\/posts\/14220\/revisions"}],"predecessor-version":[{"id":14222,"href":"https:\/\/lavras.tv\/site\/wp-json\/wp\/v2\/posts\/14220\/revisions\/14222"}],"wp:featuredmedia":[{"embeddable":true,"href":"https:\/\/lavras.tv\/site\/wp-json\/wp\/v2\/media\/14221"}],"wp:attachment":[{"href":"https:\/\/lavras.tv\/site\/wp-json\/wp\/v2\/media?parent=14220"}],"wp:term":[{"taxonomy":"category","embeddable":true,"href":"https:\/\/lavras.tv\/site\/wp-json\/wp\/v2\/categories?post=14220"},{"taxonomy":"post_tag","embeddable":true,"href":"https:\/\/lavras.tv\/site\/wp-json\/wp\/v2\/tags?post=14220"}],"curies":[{"name":"wp","href":"https:\/\/api.w.org\/{rel}","templated":true}]}}