{"id":143035,"date":"2024-12-10T19:58:26","date_gmt":"2024-12-10T22:58:26","guid":{"rendered":"https:\/\/lavras.tv\/site\/?p=143035"},"modified":"2024-12-10T19:58:27","modified_gmt":"2024-12-10T22:58:27","slug":"governo-de-minas-amplia-teste-do-pezinho-para-60-doencas","status":"publish","type":"post","link":"https:\/\/lavras.tv\/site\/2024\/12\/10\/governo-de-minas-amplia-teste-do-pezinho-para-60-doencas\/","title":{"rendered":"Governo de Minas amplia teste do pezinho para 60 doen\u00e7as"},"content":{"rendered":"<div class=\"lavra-antes-do-conteudo_2\" id=\"lavra-3323467156\"><div id=\"lavra-slider-27\" class=\"custom-slider lavra-slider-3311799010 lavra-slider\"><ul><li><div style=\"margin-left: auto;margin-right: auto;text-align: center;\" id=\"lavra-3493814694\"><a href=\"https:\/\/sistemas.lavras.mg.gov.br\/portalcidadao\/#df1b1a7c7b2a290bcb31e32771e610784662739a88807c0dacac58ede5f391a7530e299dc302d611ee73cb143fc22eaf93592e53e7b5bdb01b00a0b8d28dae460c141dd2ff83412e4dc1c31b16b25f33144a9e5620ea73b13f5bc1c59411d98439ad226e8af03840603796067d87afe130812cf3de24982d0e306f9e61e764e5\" aria-label=\"Lavras-TV&#8211;720x104px (1) (1)\"><img src=\"https:\/\/lavras.tv\/site\/wp-content\/uploads\/2025\/01\/Lavras-TV-720x104px-1-1.png\" alt=\"\"  srcset=\"https:\/\/lavras.tv\/site\/wp-content\/uploads\/2025\/01\/Lavras-TV-720x104px-1-1.png 720w, https:\/\/lavras.tv\/site\/wp-content\/uploads\/2025\/01\/Lavras-TV-720x104px-1-1-470x68.png 470w, https:\/\/lavras.tv\/site\/wp-content\/uploads\/2025\/01\/Lavras-TV-720x104px-1-1-170x25.png 170w, https:\/\/lavras.tv\/site\/wp-content\/uploads\/2025\/01\/Lavras-TV-720x104px-1-1-200x29.png 200w\" sizes=\"(max-width: 720px) 100vw, 720px\" width=\"720\" height=\"104\"  style=\"display: inline-block;\" \/><\/a><\/div><\/li><li><a href=\"https:\/\/sistemas.lavras.mg.gov.br\/portalcidadao\/#df1b1a7c7b2a290bcb31e32771e610784662739a88807c0dacac58ede5f391a7530e299dc302d611ee73cb143fc22eaf93592e53e7b5bdb01b00a0b8d28dae460c141dd2ff83412e4dc1c31b16b25f33144a9e5620ea73b13f5bc1c59411d98439ad226e8af03840603796067d87afe130812cf3de24982d0e306f9e61e764e5\" aria-label=\"Banner_Emprego_PortallavrasTV\"><img src=\"https:\/\/lavras.tv\/site\/wp-content\/uploads\/2025\/03\/Banner_Emprego_PortallavrasTV.png\" alt=\"\"  srcset=\"https:\/\/lavras.tv\/site\/wp-content\/uploads\/2025\/03\/Banner_Emprego_PortallavrasTV.png 720w, https:\/\/lavras.tv\/site\/wp-content\/uploads\/2025\/03\/Banner_Emprego_PortallavrasTV-470x68.png 470w, https:\/\/lavras.tv\/site\/wp-content\/uploads\/2025\/03\/Banner_Emprego_PortallavrasTV-170x25.png 170w, https:\/\/lavras.tv\/site\/wp-content\/uploads\/2025\/03\/Banner_Emprego_PortallavrasTV-200x29.png 200w\" sizes=\"(max-width: 720px) 100vw, 720px\" width=\"720\" height=\"104\"   \/><\/a><\/li><li><a href=\"https:\/\/sistemas.lavras.mg.gov.br\/portalcidadao\/#df1b1a7c7b2a290bcb31e32771e610784662739a88807c0dacac58ede5f391a7530e299dc302d611ee73cb143fc22eaf93592e53e7b5bdb01b00a0b8d28dae460c141dd2ff83412e4dc1c31b16b25f33144a9e5620ea73b13f5bc1c59411d98439ad226e8af03840603796067d87afe130812cf3de24982d0e306f9e61e764e5\" aria-label=\"Banner_Obras_PortallavrasTV\"><img src=\"https:\/\/lavras.tv\/site\/wp-content\/uploads\/2025\/03\/Banner_Obras_PortallavrasTV.png\" alt=\"\"  srcset=\"https:\/\/lavras.tv\/site\/wp-content\/uploads\/2025\/03\/Banner_Obras_PortallavrasTV.png 720w, https:\/\/lavras.tv\/site\/wp-content\/uploads\/2025\/03\/Banner_Obras_PortallavrasTV-470x68.png 470w, https:\/\/lavras.tv\/site\/wp-content\/uploads\/2025\/03\/Banner_Obras_PortallavrasTV-170x25.png 170w, https:\/\/lavras.tv\/site\/wp-content\/uploads\/2025\/03\/Banner_Obras_PortallavrasTV-200x29.png 200w\" sizes=\"(max-width: 720px) 100vw, 720px\" width=\"720\" height=\"104\"   \/><\/a><\/li><li><div style=\"margin-left: auto;margin-right: auto;text-align: center;\" id=\"lavra-648632376\"><a href=\"https:\/\/sistemas.lavras.mg.gov.br\/portalcidadao\/#df1b1a7c7b2a290bcb31e32771e610784662739a88807c0dacac58ede5f391a7530e299dc302d611ee73cb143fc22eaf93592e53e7b5bdb01b00a0b8d28dae460c141dd2ff83412e4dc1c31b16b25f33144a9e5620ea73b13f5bc1c59411d98439ad226e8af03840603796067d87afe130812cf3de24982d0e306f9e61e764e5\" aria-label=\"Banner_Educa\u00e7\u00e3o_PortallavrasTV\"><img src=\"https:\/\/lavras.tv\/site\/wp-content\/uploads\/2025\/01\/Banner_Educacao_PortallavrasTV.png\" alt=\"\"  srcset=\"https:\/\/lavras.tv\/site\/wp-content\/uploads\/2025\/01\/Banner_Educacao_PortallavrasTV.png 720w, https:\/\/lavras.tv\/site\/wp-content\/uploads\/2025\/01\/Banner_Educacao_PortallavrasTV-470x68.png 470w, https:\/\/lavras.tv\/site\/wp-content\/uploads\/2025\/01\/Banner_Educacao_PortallavrasTV-170x25.png 170w, https:\/\/lavras.tv\/site\/wp-content\/uploads\/2025\/01\/Banner_Educacao_PortallavrasTV-200x29.png 200w\" sizes=\"(max-width: 720px) 100vw, 720px\" width=\"720\" height=\"104\"  style=\"display: inline-block;\" \/><\/a><\/div><\/li><li><a href=\"https:\/\/sistemas.lavras.mg.gov.br\/portalcidadao\/#df1b1a7c7b2a290bcb31e32771e610784662739a88807c0dacac58ede5f391a7530e299dc302d611ee73cb143fc22eaf93592e53e7b5bdb01b00a0b8d28dae460c141dd2ff83412e4dc1c31b16b25f33144a9e5620ea73b13f5bc1c59411d98439ad226e8af03840603796067d87afe130812cf3de24982d0e306f9e61e764e5\" aria-label=\"Banner_Sa\u00fade_PortallavrasTV\"><img src=\"https:\/\/lavras.tv\/site\/wp-content\/uploads\/2025\/03\/Banner_Saude_PortallavrasTV.png\" alt=\"\"  srcset=\"https:\/\/lavras.tv\/site\/wp-content\/uploads\/2025\/03\/Banner_Saude_PortallavrasTV.png 720w, https:\/\/lavras.tv\/site\/wp-content\/uploads\/2025\/03\/Banner_Saude_PortallavrasTV-470x68.png 470w, https:\/\/lavras.tv\/site\/wp-content\/uploads\/2025\/03\/Banner_Saude_PortallavrasTV-170x25.png 170w, https:\/\/lavras.tv\/site\/wp-content\/uploads\/2025\/03\/Banner_Saude_PortallavrasTV-200x29.png 200w\" sizes=\"(max-width: 720px) 100vw, 720px\" width=\"720\" height=\"104\"   \/><\/a><\/li><li><div id=\"lavra-1058959103\" style=\"width:720px;height:104px;background-color:#ddd;overflow:scroll;\">\n\t<strong>Sa\u00edda da depura\u00e7\u00e3o de an\u00fancios<\/strong>\n\t<br><br>\n\tO an\u00fancio n\u00e3o \u00e9 exibido na p\u00e1gina<br><br>post atual: Governo de Minas amplia teste do pezinho para 60 doen\u00e7as, ID: 143035<br><br><span style=\"color: red;\">O post atual n\u00e3o \u00e9 id\u00eantico ao post principal.<\/span><br><br>An\u00fancios: ROXO - TOPO INTERNA - ROTATIVO 2 (197)<br \/>Grupo de an\u00fancios: Princ_Meio01_720x104 (27)<br><br>Condi\u00e7\u00f5es de exibi\u00e7\u00e3o<div style=\"margin-bottom: 20px; white-space: pre-wrap; font-family: monospace; width: 100%; background: #ffe9e9;\"><strong>condi\u00e7\u00f5es gerais<\/strong><table border=\"1\"><thead><tr><th><\/th><th>An\u00fancios<\/th><th>wp_the_query<\/th><\/tr><\/thead><tr><td>is_main_query<\/td><td>1<\/td><td>1<\/td><\/tr><tr><td>is_rest_api<\/td><td>0<\/td><td>1<\/td><\/tr><tr><td>page<\/td><td>0<\/td><td>1<\/td><\/tr><tr><td>numpages<\/td><td>0<\/td><td>1<\/td><\/tr><tr><td>is_archive<\/td><td>1<\/td><td><\/td><\/tr><tr><td>is_search<\/td><td>1<\/td><td><\/td><\/tr><tr><td>is_home<\/td><td>1<\/td><td><\/td><\/tr><tr><td>is_404<\/td><td>1<\/td><td><\/td><\/tr><tr><td>is_attachment<\/td><td>1<\/td><td><\/td><\/tr><tr><td>is_singular<\/td><td>1<\/td><td><\/td><\/tr><tr><td>is_front_page<\/td><td>1<\/td><td><\/td><\/tr><tr><td>is_feed<\/td><td>1<\/td><td><\/td><\/tr><\/table><\/div><br><br><span style=\"color: red;\">Seu site usa HTTPS, mas o c\u00f3digo do an\u00fancio cont\u00e9m HTTP e pode n\u00e3o funcionar.<\/span>\t<br><br>\n\t<a style=\"color: green;\" href=\"https:\/\/wpadvancedads.com\/manual\/ad-debug-mode\/?utm_source=advanced-ads&utm_medium=link&utm_campaign=ad-debug-mode\" target=\"_blank\" rel=\"nofollow\">Encontre solu\u00e7\u00f5es no manual<\/a>\n<\/div>\n<\/li><\/ul><\/div><script>( window.advanced_ads_ready || jQuery( document ).ready ).call( null, function() {var $lavraslider3311799010 = jQuery( \".lavra-slider-3311799010\" );$lavraslider3311799010.on( \"unslider.ready\", function() { jQuery( \"div.custom-slider ul li\" ).css( \"display\", \"block\" ); });$lavraslider3311799010.unslider({ delay:4000, autoplay:true, nav:false, arrows:false, infinite:true });$lavraslider3311799010.on(\"mouseover\", function() {$lavraslider3311799010.unslider(\"stop\");}).on(\"mouseout\", function() {$lavraslider3311799010.unslider(\"start\");});});<\/script><\/div>\n<p><em>N\u00famero de condi\u00e7\u00f5es triadas \u00e9 in\u00e9dito entre os estados brasileiros, com investimento estadual de mais de R$ 64 milh\u00f5es anuais<\/em><\/p>\n\n\n\n<figure class=\"wp-block-image size-full\"><img decoding=\"async\" src=\"http:\/\/lavras.tv\/site\/wp-content\/uploads\/2024\/12\/MG_6177-1.jpg\" alt=\"\" class=\"wp-image-143039\"\/><\/figure>\n\n\n\n<p>O&nbsp;<a href=\"https:\/\/www.mg.gov.br\/\" target=\"_blank\" rel=\"noreferrer noopener\">Governo de Minas<\/a>&nbsp;anunciou, nesta segunda-feira (9\/12), a amplia\u00e7\u00e3o de 23 para 60 doen\u00e7as triadas pelo Programa de Triagem Neonatal (PTN-MG), conhecido como teste do pezinho, que identifica doen\u00e7as raras de naturezas metab\u00f3licas, gen\u00e9ticas e infecciosas nos primeiros dias de vida dos beb\u00eas.<br><br>Em evento realizado na Cidade Administrativa, em Belo Horizonte, o governador Romeu Zema e o vice-governador Professor Mateus anunciaram tamb\u00e9m o investimento anual de R$ 64,2 milh\u00f5es para custeio de exames de triagem, exames complementares, diagn\u00f3sticos e tratamento do total de doen\u00e7as que ser\u00e3o triadas pelo teste do pezinho a partir de janeiro de 2025.<br><br>Com essa amplia\u00e7\u00e3o, Minas Gerais se torna o primeiro estado brasileiro a contemplar, de forma efetiva, todos os grupos e doen\u00e7as previstos na Lei Federal n\u00ba 14.154, que alterou o Estatuto da Crian\u00e7a e do Adolescente (Lei n\u00ba 8.069, de 13\/7\/1990) para melhorar o Programa Nacional de Triagem Neonatal (PNTN).<\/p>\n\n\n\n<p>&nbsp;<strong>\u201cEstamos aqui em um momento de grande orgulho para Minas Gerais e para n\u00f3s, mineiros, j\u00e1 que nos tornamos o primeiro estado do Brasil a oferecer o teste do pezinho completo, abrangendo mais de 60 doen\u00e7as&#8221;, enfatizou o governador Romeu Zema.<\/strong><\/p>\n\n\n\n<p>&#8220;Mesmo antes de atingirmos essa marca, j\u00e1 observamos os impactos positivos dessa iniciativa. Diversas crian\u00e7as, pelo que temos registrado at\u00e9 agora, foram salvas gra\u00e7as ao teste. Al\u00e9m disso, muitas outras conseguiram evitar sequelas, muitas vezes definitivas, devido \u00e0 detec\u00e7\u00e3o precoce proporcionada por esse exame\u201d, disse o governador Romeu Zema.<br><br>O diagn\u00f3stico precoce dessas doen\u00e7as amplia as op\u00e7\u00f5es de tratamentos ou terapias poss\u00edveis, com o prop\u00f3sito de amenizar os sintomas e proporcionar uma vida t\u00edpica e de mais qualidade aos pacientes e \u00e0s fam\u00edlias. Para o vice-governador, o avan\u00e7o trar\u00e1 um impacto imensur\u00e1vel.<\/p>\n\n\n\n<p><strong>\u201cQuero parabenizar o trabalho de todos os envolvidos nesta a\u00e7\u00e3o, que \u00e9 um marco em Minas Gerais. Tenho a certeza que, em alguns anos, poderemos dizer que evitamos a morte de milhares de crian\u00e7as por doen\u00e7as raras e que muitas outras tiveram a chance de crescer sem sequelas graves&#8221;, disse Professor Mateus.<\/strong><\/p>\n\n\n\n<p>&#8220;Ainda temos muitos desafios pela frente, pois sa\u00fade n\u00e3o tem limite de demanda de or\u00e7amento. E, por isso, precisamos ter a intelig\u00eancia e capacidade t\u00e9cnica de orientar as tomadas de decis\u00f5es. E isso realmente transforma a sa\u00fade no estado\u201d, enfatizou.<br><br><strong>Realiza\u00e7\u00e3o do exame<\/strong><br><br>O exame \u00e9 feito a partir do sangue coletado do calcanhar do beb\u00ea. O material \u00e9 encaminhado para processamento ao N\u00facleo de A\u00e7\u00f5es e Pesquisa em Apoio Diagn\u00f3stico (Nupad), da Faculdade de Medicina da Universidade Federal de Minas Gerais (UFMG), que analisa mil amostras di\u00e1rias do teste.<br><br>O resultado \u00e9 disponibilizado no site da institui\u00e7\u00e3o e, caso o resultado apresente altera\u00e7\u00e3o, o munic\u00edpio de resid\u00eancia do paciente \u00e9 acionado. Dessa forma, as consultas e exames especializados s\u00e3o agendados para que seja feita a confirma\u00e7\u00e3o do diagn\u00f3stico e, caso o resultado para alguma das doen\u00e7as triadas seja confirmado, o paciente \u00e9 encaminhado imediatamente para o tratamento pelo Sistema \u00danico de Sa\u00fade (SUS).<br><br>O teste do pezinho \u00e9 realizado nas Unidades B\u00e1sicas de Sa\u00fade (UBS) dos 853 munic\u00edpios de Minas Gerais.<br><br>De acordo com o secret\u00e1rio de Estado de&nbsp;<a href=\"https:\/\/www.saude.mg.gov.br\/\" target=\"_blank\" rel=\"noreferrer noopener\">Sa\u00fade<\/a>, F\u00e1bio Baccheretti, novas medidas preventivas ser\u00e3o adotadas para expandir o atendimento aos pacientes diagnosticados, reduzindo impactos no futuro. &#8220;Muitas doen\u00e7as raras causam problemas graves porque n\u00e3o recebem os devidos cuidados logo ap\u00f3s o nascimento. Com as novas a\u00e7\u00f5es, conseguiremos evitar muitos casos\u201d, disse.<\/p>\n\n\n\n<p><strong>&#8220;Na \u00faltima semana, pactuamos na Comiss\u00e3o Intergestores Bipartite (CIB) a amplia\u00e7\u00e3o do Centro de Refer\u00eancia, que atender\u00e1 todo o estado. Estamos em discuss\u00e3o com os hospitais de refer\u00eancia, como o Jo\u00e3o Paulo II, o Hospital J\u00falia Kubitschek e outros, para a cria\u00e7\u00e3o de uma rede integrada. Essa rede n\u00e3o ser\u00e1 composta apenas por hospitais especializados, mas ser\u00e1 estruturada para que, assim que uma crian\u00e7a seja diagnosticada, ela receba atendimento r\u00e1pido e adequado\u201d, acrescentou F\u00e1bio Bacheretti.<\/strong><\/p>\n\n\n\n<p><strong>Hist\u00f3rico<\/strong><\/p>\n\n\n\n<p>At\u00e9 o ano de 2021, Minas Gerais realizava a triagem para hipotireoidismo cong\u00eanito, fenilceton\u00faria, doen\u00e7a falciforme e outras hemoglobinopatias, fibrose c\u00edstica, defici\u00eancia de biotinidase e hiperplasia adrenal cong\u00eanita.<\/p>\n\n\n\n<p>Em dezembro de 2021, o Estado publicou a Delibera\u00e7\u00e3o CIB-SUS\/MG N\u00ba 3.662 que ampliou o Programa de Triagem Neonatal e tamb\u00e9m passou a oferecer todo o amparo e suporte necess\u00e1rio para o tratamento, seguimento e continuidade no cuidado na Rede de Aten\u00e7\u00e3o \u00e0 Sa\u00fade. Sendo assim, a partir de janeiro de 2022, o teste do pezinho passou a ser realizado, em territ\u00f3rio mineiro, para 14 doen\u00e7as e, posteriormente, foram acrescidas na fase 1 de amplia\u00e7\u00e3o outras seis, totalizando 20 doen\u00e7as diagnosticadas.<\/p>\n\n\n\n<p>J\u00e1 em novembro de 2023, por meio da Delibera\u00e7\u00e3o CIB-SUS\/MG n\u00ba 4.458, teve in\u00edcio a fase 2 de amplia\u00e7\u00e3o do Programa Nacional de Triagem Neonatal de Minas Gerais, com a inclus\u00e3o de tr\u00eas doen\u00e7as: Atrofia Muscular Espinhal (AME), Imunodefici\u00eancia Prim\u00e1ria Combinada Grave (SCID &#8211; Severe Combined Immunodeficiency) e Agamaglobulinemia.<\/p>\n\n\n\n<p>A partir de agora, na fase 3 de amplia\u00e7\u00e3o do programa, que come\u00e7a em 2025, ser\u00e3o inclu\u00eddas mais 37 doen\u00e7as a serem diagnosticadas, sendo elas:<\/p>\n\n\n\n<figure class=\"wp-block-image size-full\"><img fetchpriority=\"high\" decoding=\"async\" width=\"647\" height=\"686\" src=\"https:\/\/lavras.tv\/site\/wp-content\/uploads\/2024\/12\/unnamed-1.png\" alt=\"\" class=\"wp-image-143037\" srcset=\"https:\/\/lavras.tv\/site\/wp-content\/uploads\/2024\/12\/unnamed-1.png 647w, https:\/\/lavras.tv\/site\/wp-content\/uploads\/2024\/12\/unnamed-1-283x300.png 283w, https:\/\/lavras.tv\/site\/wp-content\/uploads\/2024\/12\/unnamed-1-141x150.png 141w, https:\/\/lavras.tv\/site\/wp-content\/uploads\/2024\/12\/unnamed-1-189x200.png 189w\" sizes=\"(max-width: 647px) 100vw, 647px\" \/><\/figure>\n\n\n\n<p><strong>Balan\u00e7o da Sa\u00fade 2024<\/strong><\/p>\n\n\n\n<p>O Governo de Minas tamb\u00e9m fez um balan\u00e7o das a\u00e7\u00f5es do Estado para a Sa\u00fade no ano de 2024, em que Minas Gerais alcan\u00e7ou o recorde hist\u00f3rico de 665 cidades com 100% do territ\u00f3rio coberto pelas equipes da Aten\u00e7\u00e3o Prim\u00e1ria \u00e0 Sa\u00fade. At\u00e9 2026, a expectativa \u00e9 cobrir todos os 853 munic\u00edpios.<\/p>\n\n\n\n<p>Desde 2021, o Governo de Minas repassou R$ 904 milh\u00f5es para qualificar a estrutura f\u00edsica da Aten\u00e7\u00e3o Prim\u00e1ria, o que inclui repasse de recursos para manuten\u00e7\u00e3o de Unidades B\u00e1sicas de Sa\u00fade (UBS), retomada de obras paralisadas e constru\u00e7\u00e3o de novas unidades.<\/p>\n\n\n\n<p><strong>Cirurgias eletivas<\/strong><\/p>\n\n\n\n<p>A Pol\u00edtica do Opera Mais, Minas, que repassa recursos para incentivar a realiza\u00e7\u00e3o dos procedimentos eletivos, \u00e9 uma das principais iniciativas da SES-MG. De janeiro a setembro deste ano, foram 708.744 procedimentos, sendo 184.377 incentivados pelo programa, e a expectativa \u00e9 de que, at\u00e9 dezembro de 2024, este n\u00famero chegue a 1 milh\u00e3o.<\/p>\n\n\n\n<p>Para operacionalizar o Opera Mais, Minas, o Estado vai investir R$ 421 milh\u00f5es, dos quais R$ 313 milh\u00f5es j\u00e1 foram pagos, o que representa 74,4% do total.<\/p>\n\n\n\n<p><strong>Vacina\u00e7\u00e3o<\/strong><br><br>A vacina\u00e7\u00e3o \u00e9 tema priorit\u00e1rio para o Estado e a meta \u00e9 aumentar os \u00edndices de cobertura vacinal nos 853 munic\u00edpios mineiros. Para tanto, desde 2023, foram investidos R$ 165 milh\u00f5es por meio do Programa Vacina Mais, Minas, que tem como objetivo expandir os hor\u00e1rios das salas de vacinas e realizar a\u00e7\u00f5es de vacina\u00e7\u00e3o extramuros em escolas, creches e locais p\u00fablicos.<\/p>\n\n\n\n<p>Tamb\u00e9m foram investidos mais de R$ 100 milh\u00f5es nos vacim\u00f3veis, que s\u00e3o vans adaptadas para funcionarem como salas de vacina itinerante. At\u00e9 o momento, 123 vacim\u00f3veis foram entregues, sendo que 77 munic\u00edpios receberam recursos para adquirir os ve\u00edculos diretamente, e as demais cidades ser\u00e3o atendidas por meio de 51 Cons\u00f3rcios Intermunicipais de Sa\u00fade.<\/p>\n\n\n\n<p>Abaixo, as coberturas vacinais dos imunizantes destinados a crian\u00e7as menores de 1 ano e de 1 ano de idade, de acordo com dados do Sistema de Informa\u00e7\u00e3o do Programa Nacional de Imuniza\u00e7\u00f5es. A meta de cobertura estipulada pelo Minist\u00e9rio da Sa\u00fade \u00e9 de 90% para as vacinas BCG e rotav\u00edrus e de 95% para os demais imunizantes.<\/p>\n\n\n\n<figure class=\"wp-block-image size-full\"><img decoding=\"async\" width=\"685\" height=\"248\" src=\"https:\/\/lavras.tv\/site\/wp-content\/uploads\/2024\/12\/unnamed-2.png\" alt=\"\" class=\"wp-image-143038\" srcset=\"https:\/\/lavras.tv\/site\/wp-content\/uploads\/2024\/12\/unnamed-2.png 685w, https:\/\/lavras.tv\/site\/wp-content\/uploads\/2024\/12\/unnamed-2-470x170.png 470w, https:\/\/lavras.tv\/site\/wp-content\/uploads\/2024\/12\/unnamed-2-170x62.png 170w, https:\/\/lavras.tv\/site\/wp-content\/uploads\/2024\/12\/unnamed-2-200x72.png 200w\" sizes=\"(max-width: 685px) 100vw, 685px\" \/><\/figure>\n","protected":false},"excerpt":{"rendered":"<p>N\u00famero de condi\u00e7\u00f5es triadas \u00e9 in\u00e9dito entre os estados brasileiros, com investimento estadual de mais de R$ 64 milh\u00f5es anuais O&nbsp;Governo de Minas&nbsp;anunciou, nesta segunda-feira (9\/12), a amplia\u00e7\u00e3o de 23 para 60 doen\u00e7as triadas pelo Programa de Triagem Neonatal (PTN-MG), conhecido como teste do pezinho, que identifica doen\u00e7as raras de naturezas metab\u00f3licas, gen\u00e9ticas e infecciosas [&hellip;]<\/p>\n","protected":false},"author":5,"featured_media":143039,"comment_status":"closed","ping_status":"open","sticky":false,"template":"","format":"standard","meta":{"advgb_blocks_editor_width":"","advgb_blocks_columns_visual_guide":"","_exactmetrics_skip_tracking":false,"_exactmetrics_sitenote_active":false,"_exactmetrics_sitenote_note":"","_exactmetrics_sitenote_category":0,"footnotes":""},"categories":[7,2],"tags":[],"class_list":["post-143035","post","type-post","status-publish","format-standard","has-post-thumbnail","hentry","category-destaques","category-noticias"],"better_featured_image":{"id":143039,"alt_text":"","caption":"","description":"","media_type":"image","media_details":{"width":2560,"height":1703,"file":"2024\/12\/MG_6177-1-scaled.jpg","filesize":555422,"sizes":{"medium":{"file":"MG_6177-1-451x300.jpg","width":451,"height":300,"mime-type":"image\/jpeg","filesize":58758,"source_url":"https:\/\/lavras.tv\/site\/wp-content\/uploads\/2024\/12\/MG_6177-1-451x300.jpg"},"large":{"file":"MG_6177-1-970x645.jpg","width":970,"height":645,"mime-type":"image\/jpeg","filesize":124070,"source_url":"https:\/\/lavras.tv\/site\/wp-content\/uploads\/2024\/12\/MG_6177-1-970x645.jpg"},"thumbnail":{"file":"MG_6177-1-170x113.jpg","width":170,"height":113,"mime-type":"image\/jpeg","filesize":35093,"source_url":"https:\/\/lavras.tv\/site\/wp-content\/uploads\/2024\/12\/MG_6177-1-170x113.jpg"},"lshowcase-thumb":{"file":"MG_6177-1-200x133.jpg","width":200,"height":133,"mime-type":"image\/jpeg","filesize":36571,"source_url":"https:\/\/lavras.tv\/site\/wp-content\/uploads\/2024\/12\/MG_6177-1-200x133.jpg"},"1536x1536":{"file":"MG_6177-1-1536x1022.jpg","width":1536,"height":1022,"mime-type":"image\/jpeg","filesize":222190,"source_url":"https:\/\/lavras.tv\/site\/wp-content\/uploads\/2024\/12\/MG_6177-1-1536x1022.jpg"}},"image_meta":{"aperture":"6,3","credit":"","camera":"Canon EOS 6D Mark II","caption":"","created_timestamp":"1733751052","copyright":"","focal_length":"108","iso":"4000","shutter_speed":"0,008","title":"","orientation":"0","keywords":[]},"original_image":"MG_6177-1.jpg"},"post":143035,"source_url":"https:\/\/lavras.tv\/site\/wp-content\/uploads\/2024\/12\/MG_6177-1-scaled.jpg"},"author_meta":{"display_name":"Vinicius Bustamante","author_link":"https:\/\/lavras.tv\/site\/author\/vinicius-bustamante\/"},"featured_img":"https:\/\/lavras.tv\/site\/wp-content\/uploads\/2024\/12\/MG_6177-1-451x300.jpg","coauthors":[],"tax_additional":{"categories":{"linked":["<a href=\"https:\/\/lavras.tv\/site\/category\/destaques\/\" class=\"advgb-post-tax-term\">Destaques<\/a>","<a href=\"https:\/\/lavras.tv\/site\/category\/noticias\/\" class=\"advgb-post-tax-term\">Not\u00edcias<\/a>"],"unlinked":["<span class=\"advgb-post-tax-term\">Destaques<\/span>","<span class=\"advgb-post-tax-term\">Not\u00edcias<\/span>"]}},"comment_count":"0","relative_dates":{"created":"Publicado 1 ano atr\u00e1s","modified":"Atualizado 1 ano atr\u00e1s"},"absolute_dates":{"created":"Publicado em 10 de dezembro de 2024","modified":"Atualizado em 10 de dezembro de 2024"},"absolute_dates_time":{"created":"Publicado em 10 de dezembro de 2024 19:58","modified":"Atualizado em 10 de dezembro de 2024 19:58"},"featured_img_caption":"","series_order":"","_links":{"self":[{"href":"https:\/\/lavras.tv\/site\/wp-json\/wp\/v2\/posts\/143035","targetHints":{"allow":["GET"]}}],"collection":[{"href":"https:\/\/lavras.tv\/site\/wp-json\/wp\/v2\/posts"}],"about":[{"href":"https:\/\/lavras.tv\/site\/wp-json\/wp\/v2\/types\/post"}],"author":[{"embeddable":true,"href":"https:\/\/lavras.tv\/site\/wp-json\/wp\/v2\/users\/5"}],"replies":[{"embeddable":true,"href":"https:\/\/lavras.tv\/site\/wp-json\/wp\/v2\/comments?post=143035"}],"version-history":[{"count":1,"href":"https:\/\/lavras.tv\/site\/wp-json\/wp\/v2\/posts\/143035\/revisions"}],"predecessor-version":[{"id":143040,"href":"https:\/\/lavras.tv\/site\/wp-json\/wp\/v2\/posts\/143035\/revisions\/143040"}],"wp:featuredmedia":[{"embeddable":true,"href":"https:\/\/lavras.tv\/site\/wp-json\/wp\/v2\/media\/143039"}],"wp:attachment":[{"href":"https:\/\/lavras.tv\/site\/wp-json\/wp\/v2\/media?parent=143035"}],"wp:term":[{"taxonomy":"category","embeddable":true,"href":"https:\/\/lavras.tv\/site\/wp-json\/wp\/v2\/categories?post=143035"},{"taxonomy":"post_tag","embeddable":true,"href":"https:\/\/lavras.tv\/site\/wp-json\/wp\/v2\/tags?post=143035"}],"curies":[{"name":"wp","href":"https:\/\/api.w.org\/{rel}","templated":true}]}}