{"id":143258,"date":"2024-12-11T19:24:13","date_gmt":"2024-12-11T22:24:13","guid":{"rendered":"https:\/\/lavras.tv\/site\/?p=143258"},"modified":"2024-12-11T19:24:14","modified_gmt":"2024-12-11T22:24:14","slug":"ufla-e-ifsuldeminas-celebram-bons-resultados-na-oferta-de-cursos-tecnicos-e-avancam-para-a-proposta-de-novo-modelo","status":"publish","type":"post","link":"https:\/\/lavras.tv\/site\/2024\/12\/11\/ufla-e-ifsuldeminas-celebram-bons-resultados-na-oferta-de-cursos-tecnicos-e-avancam-para-a-proposta-de-novo-modelo\/","title":{"rendered":"UFLA e IFSuldeMinas celebram bons resultados na oferta de cursos t\u00e9cnicos e avan\u00e7am para a proposta de novo modelo"},"content":{"rendered":"<div class=\"lavra-antes-do-conteudo_2\" id=\"lavra-3597732662\"><div id=\"lavra-slider-27\" class=\"custom-slider lavra-slider-2685878114 lavra-slider\"><ul><li><div style=\"margin-left: auto;margin-right: auto;text-align: center;\" id=\"lavra-2827932986\"><a href=\"https:\/\/sistemas.lavras.mg.gov.br\/portalcidadao\/#df1b1a7c7b2a290bcb31e32771e610784662739a88807c0dacac58ede5f391a7530e299dc302d611ee73cb143fc22eaf93592e53e7b5bdb01b00a0b8d28dae460c141dd2ff83412e4dc1c31b16b25f33144a9e5620ea73b13f5bc1c59411d98439ad226e8af03840603796067d87afe130812cf3de24982d0e306f9e61e764e5\" aria-label=\"Lavras-TV&#8211;720x104px (1) (1)\"><img src=\"https:\/\/lavras.tv\/site\/wp-content\/uploads\/2025\/01\/Lavras-TV-720x104px-1-1.png\" alt=\"\"  srcset=\"https:\/\/lavras.tv\/site\/wp-content\/uploads\/2025\/01\/Lavras-TV-720x104px-1-1.png 720w, https:\/\/lavras.tv\/site\/wp-content\/uploads\/2025\/01\/Lavras-TV-720x104px-1-1-470x68.png 470w, https:\/\/lavras.tv\/site\/wp-content\/uploads\/2025\/01\/Lavras-TV-720x104px-1-1-170x25.png 170w, https:\/\/lavras.tv\/site\/wp-content\/uploads\/2025\/01\/Lavras-TV-720x104px-1-1-200x29.png 200w\" sizes=\"(max-width: 720px) 100vw, 720px\" width=\"720\" height=\"104\"  style=\"display: inline-block;\" \/><\/a><\/div><\/li><li><a href=\"https:\/\/sistemas.lavras.mg.gov.br\/portalcidadao\/#df1b1a7c7b2a290bcb31e32771e610784662739a88807c0dacac58ede5f391a7530e299dc302d611ee73cb143fc22eaf93592e53e7b5bdb01b00a0b8d28dae460c141dd2ff83412e4dc1c31b16b25f33144a9e5620ea73b13f5bc1c59411d98439ad226e8af03840603796067d87afe130812cf3de24982d0e306f9e61e764e5\" aria-label=\"Banner_Emprego_PortallavrasTV\"><img src=\"https:\/\/lavras.tv\/site\/wp-content\/uploads\/2025\/03\/Banner_Emprego_PortallavrasTV.png\" alt=\"\"  srcset=\"https:\/\/lavras.tv\/site\/wp-content\/uploads\/2025\/03\/Banner_Emprego_PortallavrasTV.png 720w, https:\/\/lavras.tv\/site\/wp-content\/uploads\/2025\/03\/Banner_Emprego_PortallavrasTV-470x68.png 470w, https:\/\/lavras.tv\/site\/wp-content\/uploads\/2025\/03\/Banner_Emprego_PortallavrasTV-170x25.png 170w, https:\/\/lavras.tv\/site\/wp-content\/uploads\/2025\/03\/Banner_Emprego_PortallavrasTV-200x29.png 200w\" sizes=\"(max-width: 720px) 100vw, 720px\" width=\"720\" height=\"104\"   \/><\/a><\/li><li><a href=\"https:\/\/sistemas.lavras.mg.gov.br\/portalcidadao\/#df1b1a7c7b2a290bcb31e32771e610784662739a88807c0dacac58ede5f391a7530e299dc302d611ee73cb143fc22eaf93592e53e7b5bdb01b00a0b8d28dae460c141dd2ff83412e4dc1c31b16b25f33144a9e5620ea73b13f5bc1c59411d98439ad226e8af03840603796067d87afe130812cf3de24982d0e306f9e61e764e5\" aria-label=\"Banner_Obras_PortallavrasTV\"><img src=\"https:\/\/lavras.tv\/site\/wp-content\/uploads\/2025\/03\/Banner_Obras_PortallavrasTV.png\" alt=\"\"  srcset=\"https:\/\/lavras.tv\/site\/wp-content\/uploads\/2025\/03\/Banner_Obras_PortallavrasTV.png 720w, https:\/\/lavras.tv\/site\/wp-content\/uploads\/2025\/03\/Banner_Obras_PortallavrasTV-470x68.png 470w, https:\/\/lavras.tv\/site\/wp-content\/uploads\/2025\/03\/Banner_Obras_PortallavrasTV-170x25.png 170w, https:\/\/lavras.tv\/site\/wp-content\/uploads\/2025\/03\/Banner_Obras_PortallavrasTV-200x29.png 200w\" sizes=\"(max-width: 720px) 100vw, 720px\" width=\"720\" height=\"104\"   \/><\/a><\/li><li><div style=\"margin-left: auto;margin-right: auto;text-align: center;\" id=\"lavra-3747457007\"><a href=\"https:\/\/sistemas.lavras.mg.gov.br\/portalcidadao\/#df1b1a7c7b2a290bcb31e32771e610784662739a88807c0dacac58ede5f391a7530e299dc302d611ee73cb143fc22eaf93592e53e7b5bdb01b00a0b8d28dae460c141dd2ff83412e4dc1c31b16b25f33144a9e5620ea73b13f5bc1c59411d98439ad226e8af03840603796067d87afe130812cf3de24982d0e306f9e61e764e5\" aria-label=\"Banner_Educa\u00e7\u00e3o_PortallavrasTV\"><img src=\"https:\/\/lavras.tv\/site\/wp-content\/uploads\/2025\/01\/Banner_Educacao_PortallavrasTV.png\" alt=\"\"  srcset=\"https:\/\/lavras.tv\/site\/wp-content\/uploads\/2025\/01\/Banner_Educacao_PortallavrasTV.png 720w, https:\/\/lavras.tv\/site\/wp-content\/uploads\/2025\/01\/Banner_Educacao_PortallavrasTV-470x68.png 470w, https:\/\/lavras.tv\/site\/wp-content\/uploads\/2025\/01\/Banner_Educacao_PortallavrasTV-170x25.png 170w, https:\/\/lavras.tv\/site\/wp-content\/uploads\/2025\/01\/Banner_Educacao_PortallavrasTV-200x29.png 200w\" sizes=\"(max-width: 720px) 100vw, 720px\" width=\"720\" height=\"104\"  style=\"display: inline-block;\" \/><\/a><\/div><\/li><li><a href=\"https:\/\/sistemas.lavras.mg.gov.br\/portalcidadao\/#df1b1a7c7b2a290bcb31e32771e610784662739a88807c0dacac58ede5f391a7530e299dc302d611ee73cb143fc22eaf93592e53e7b5bdb01b00a0b8d28dae460c141dd2ff83412e4dc1c31b16b25f33144a9e5620ea73b13f5bc1c59411d98439ad226e8af03840603796067d87afe130812cf3de24982d0e306f9e61e764e5\" aria-label=\"Banner_Sa\u00fade_PortallavrasTV\"><img src=\"https:\/\/lavras.tv\/site\/wp-content\/uploads\/2025\/03\/Banner_Saude_PortallavrasTV.png\" alt=\"\"  srcset=\"https:\/\/lavras.tv\/site\/wp-content\/uploads\/2025\/03\/Banner_Saude_PortallavrasTV.png 720w, https:\/\/lavras.tv\/site\/wp-content\/uploads\/2025\/03\/Banner_Saude_PortallavrasTV-470x68.png 470w, https:\/\/lavras.tv\/site\/wp-content\/uploads\/2025\/03\/Banner_Saude_PortallavrasTV-170x25.png 170w, https:\/\/lavras.tv\/site\/wp-content\/uploads\/2025\/03\/Banner_Saude_PortallavrasTV-200x29.png 200w\" sizes=\"(max-width: 720px) 100vw, 720px\" width=\"720\" height=\"104\"   \/><\/a><\/li><li><div id=\"lavra-3032241803\" style=\"width:720px;height:104px;background-color:#ddd;overflow:scroll;\">\n\t<strong>Sa\u00edda da depura\u00e7\u00e3o de an\u00fancios<\/strong>\n\t<br><br>\n\tO an\u00fancio n\u00e3o \u00e9 exibido na p\u00e1gina<br><br>post atual: UFLA e IFSuldeMinas celebram bons resultados na oferta de cursos t\u00e9cnicos e avan\u00e7am para a proposta de novo modelo, ID: 143258<br><br><span style=\"color: red;\">O post atual n\u00e3o \u00e9 id\u00eantico ao post principal.<\/span><br><br>An\u00fancios: ROXO - TOPO INTERNA - ROTATIVO 2 (197)<br \/>Grupo de an\u00fancios: Princ_Meio01_720x104 (27)<br><br>Condi\u00e7\u00f5es de exibi\u00e7\u00e3o<div style=\"margin-bottom: 20px; white-space: pre-wrap; font-family: monospace; width: 100%; background: #ffe9e9;\"><strong>condi\u00e7\u00f5es gerais<\/strong><table border=\"1\"><thead><tr><th><\/th><th>An\u00fancios<\/th><th>wp_the_query<\/th><\/tr><\/thead><tr><td>is_main_query<\/td><td>1<\/td><td>1<\/td><\/tr><tr><td>is_rest_api<\/td><td>0<\/td><td>1<\/td><\/tr><tr><td>page<\/td><td>0<\/td><td>1<\/td><\/tr><tr><td>numpages<\/td><td>0<\/td><td>1<\/td><\/tr><tr><td>is_archive<\/td><td>1<\/td><td><\/td><\/tr><tr><td>is_search<\/td><td>1<\/td><td><\/td><\/tr><tr><td>is_home<\/td><td>1<\/td><td><\/td><\/tr><tr><td>is_404<\/td><td>1<\/td><td><\/td><\/tr><tr><td>is_attachment<\/td><td>1<\/td><td><\/td><\/tr><tr><td>is_singular<\/td><td>1<\/td><td><\/td><\/tr><tr><td>is_front_page<\/td><td>1<\/td><td><\/td><\/tr><tr><td>is_feed<\/td><td>1<\/td><td><\/td><\/tr><\/table><\/div><br><br><span style=\"color: red;\">Seu site usa HTTPS, mas o c\u00f3digo do an\u00fancio cont\u00e9m HTTP e pode n\u00e3o funcionar.<\/span>\t<br><br>\n\t<a style=\"color: green;\" href=\"https:\/\/wpadvancedads.com\/manual\/ad-debug-mode\/?utm_source=advanced-ads&utm_medium=link&utm_campaign=ad-debug-mode\" target=\"_blank\" rel=\"nofollow\">Encontre solu\u00e7\u00f5es no manual<\/a>\n<\/div>\n<\/li><\/ul><\/div><script>( window.advanced_ads_ready || jQuery( document ).ready ).call( null, function() {var $lavraslider2685878114 = jQuery( \".lavra-slider-2685878114\" );$lavraslider2685878114.on( \"unslider.ready\", function() { jQuery( \"div.custom-slider ul li\" ).css( \"display\", \"block\" ); });$lavraslider2685878114.unslider({ delay:4000, autoplay:true, nav:false, arrows:false, infinite:true });$lavraslider2685878114.on(\"mouseover\", function() {$lavraslider2685878114.unslider(\"stop\");}).on(\"mouseout\", function() {$lavraslider2685878114.unslider(\"start\");});});<\/script><\/div>\n<figure class=\"wp-block-image size-full\"><img fetchpriority=\"high\" decoding=\"async\" width=\"675\" height=\"450\" src=\"https:\/\/lavras.tv\/site\/wp-content\/uploads\/2024\/12\/IMG_0013-2.jpg\" alt=\"\" class=\"wp-image-143259\" srcset=\"https:\/\/lavras.tv\/site\/wp-content\/uploads\/2024\/12\/IMG_0013-2.jpg 675w, https:\/\/lavras.tv\/site\/wp-content\/uploads\/2024\/12\/IMG_0013-2-450x300.jpg 450w, https:\/\/lavras.tv\/site\/wp-content\/uploads\/2024\/12\/IMG_0013-2-170x113.jpg 170w, https:\/\/lavras.tv\/site\/wp-content\/uploads\/2024\/12\/IMG_0013-2-200x133.jpg 200w\" sizes=\"(max-width: 675px) 100vw, 675px\" \/><\/figure>\n\n\n\n<p>Equipes da Universidade Federal de Lavras (UFLA) e do Instituto Federal do Sul de Minas (IFSuldeMinas) reuniram-se na \u00faltima sexta-feira (6\/12), na Reitoria da UFLA, para encaminhar os procedimentos de renova\u00e7\u00e3o da parceria entre as institui\u00e7\u00f5es na oferta de cursos t\u00e9cnicos no c\u00e2mpus da UFLA em Lavras. O grupo tamb\u00e9m deliberou pela estrutura\u00e7\u00e3o da proposta de uma nova iniciativa conjunta, que inaugure um modelo in\u00e9dito para cursos dessa modalidade em Lavras.<\/p>\n\n\n\n<p>Participaram do encontro, pela UFLA, o reitor, professor Jos\u00e9 Roberto Soares Scolforo; o vice-reitor, professor Jackson Ant\u00f4nio Barbosa; a pr\u00f3-reitora de Gradua\u00e7\u00e3o, professora M\u00edriam Monteiro de Castro Graciano; e o coordenador de Conv\u00eanios Acad\u00eamicos, Jo\u00e3o Ant\u00f4nio da Cruz Pedrozo. Pelo IFSuldeMinas estiveram presentes o reitor, professor Cleber \u00c1vila Barbosa; o coordenador do Centro de Refer\u00eancia IFSuldeMinas\/UFLA, Gustavo Clemente Valadares; o coordenador-adjunto do Centro de Refer\u00eancia, Raphael Nogueira Rezende; o vice-reitor e pr\u00f3-reitor de Pesquisa e Inova\u00e7\u00e3o, professor Carlos Henrique Rodrigues Reinato; o pr\u00f3-reitor de Ensino, professor Luiz Carlos Dias Rocha; a diretora-geral do c\u00e2mpus Machado, Aline Manke Nachtigall; e o diretor em exerc\u00edcio do c\u00e2mpus Muzambinho, Hugo Baldan J\u00fanior.<\/p>\n\n\n\n<p>A parceria atual ter\u00e1 continuidade, com a renova\u00e7\u00e3o do Acordo de Coopera\u00e7\u00e3o entre a UFLA, IFSuldeMinas e Prefeitura de Lavras, com interm\u00e9dio da Funda\u00e7\u00e3o de Apoio ao Desenvolvimento da Extens\u00e3o, Pesquisa, Ensino Profissionalizante e Tecnol\u00f3gico (Fadema), parceria por meio da qual foram ofertados, a partir de agosto de 2023, quatro cursos t\u00e9cnicos presenciais em Lavras: Agropecu\u00e1ria, Administra\u00e7\u00e3o, Inform\u00e1tica para Internet e Seguran\u00e7a do Trabalho. Dos 110 estudantes que ingressaram em 2023, cerca de 80 estar\u00e3o com os cursos conclu\u00eddos em janeiro de 2024, quando ocorrer\u00e3o as cerim\u00f4nias finais de encerramento das atividades. A iniciativa do Centro de Refer\u00eancia Integrado foi a primeira do Pa\u00eds envolvendo Instituto Federal, Universidade e Prefeitura, para a oferta de cursos t\u00e9cnicos presenciais.<\/p>\n\n\n\n<p>A partir do sucesso da experi\u00eancia inicial, as institui\u00e7\u00f5es planejam conceber um novo projeto in\u00e9dito de articula\u00e7\u00e3o, que agregue valor \u00e0 atua\u00e7\u00e3o de cada uma delas. \u201cAl\u00e9m de dar sequ\u00eancia \u00e0s atividades j\u00e1 em andamento, com a renova\u00e7\u00e3o do acordo que vence em maio de 2025 e oferta de mais 135 vagas nos cursos j\u00e1 pactuados, vamos nos organizar para apresentar ao Minist\u00e9rio da Educa\u00e7\u00e3o uma nova modelagem para as atividades de cursos t\u00e9cnicos em parceria com a Universidade. Podemos trabalhar para que tenhamos uma infraestrutura f\u00edsica espec\u00edfica, onde funcione uma unidade do IFSuldeMinas no c\u00e2mpus da UFLA Lavras, de forma que as institui\u00e7\u00f5es se unam para ofertar o que h\u00e1 de melhor em forma\u00e7\u00e3o para a nossa sociedade, cada uma delas mantendo sua independ\u00eancia, mas otimizando o uso de recursos, de laborat\u00f3rios e de pessoal especializado\u201d, defendeu Scolforo.<\/p>\n\n\n\n<p>Ficou definida a composi\u00e7\u00e3o de uma comiss\u00e3o, com representantes da UFLA e do IF SuldeMinas, para a elabora\u00e7\u00e3o da proposta, que deve prever eixos de forma\u00e7\u00e3o para novos cursos que atendam \u00e0s demandas do mercado regional e que inovem em metodologia e em grade curricular. O professor Jackson \u00e9 o respons\u00e1vel, pela UFLA, para a condu\u00e7\u00e3o das reuni\u00f5es, que j\u00e1 tiveram in\u00edcio nesta segunda-feira (9\/12).<\/p>\n\n\n\n<p>Na avalia\u00e7\u00e3o do reitor do IFSuldeMinas, professor Cl\u00e9ber \u00c1vila Barbosa, a experi\u00eancia com a UFLA foi exitosa. \u201c\u00c9 uma parceria que potencializa nossos resultados, porque une nossa expertise com cursos t\u00e9cnicos e a estrutura que a Universidade possui. Essa jun\u00e7\u00e3o de for\u00e7as oportunizou quatro cursos t\u00e9cnicos subsequentes [modalidade cursada ap\u00f3s conclus\u00e3o do Ensino M\u00e9dio], contando ainda com a interconex\u00e3o com os p\u00f3s-graduandos da Universidade. Tivemos, inclusive, nessa primeira turma, estudantes que est\u00e3o seguindo aqui na UFLA, com ingresso na gradua\u00e7\u00e3o. Vamos replicar a oferta, e trabalhar em um projeto mais amplo\u201d, diz.<\/p>\n\n\n\n<p>Centro de Refer\u00eancia Integrado<\/p>\n\n\n\n<p>Pela parceria atual, est\u00e1 em funcionamento o Centro de Refer\u00eancia Integrado, em que o IFSuldeMinas \u00e9 respons\u00e1vel pela sele\u00e7\u00e3o do corpo docente dos cursos, pela execu\u00e7\u00e3o do projeto pedag\u00f3gico e pela coordena\u00e7\u00e3o das pol\u00edticas de aux\u00edlio e assist\u00eancia estudantil. A UFLA disponibiliza toda a infraestrutura necess\u00e1ria, como acesso a salas de aula, laborat\u00f3rios, biblioteca etc.<\/p>\n\n\n\n<p>J\u00e1 a prefeitura de Lavras contribui com um aporte de recursos para custear a alimenta\u00e7\u00e3o dos estudantes e cede servidores para apoio \u00e0s atividades. A iniciativa conta, ainda, com o apoio da Secretaria de Educa\u00e7\u00e3o Profissional e Tecnol\u00f3gica do Minist\u00e9rio da Educa\u00e7\u00e3o (Setec\/MEC).<\/p>\n\n\n\n<p>Na primeira etapa de atividades, de 2023 a 2024, o corpo docente dos cursos t\u00e9cnicos foi composto por professores do IFSuldeMinas, p\u00f3s-graduandos da UFLA (mestrado, doutorado e p\u00f3s-doutorado) e servidores t\u00e9cnico-administrativos.<\/p>\n","protected":false},"excerpt":{"rendered":"<p>Equipes da Universidade Federal de Lavras (UFLA) e do Instituto Federal do Sul de Minas (IFSuldeMinas) reuniram-se na \u00faltima sexta-feira (6\/12), na Reitoria da UFLA, para encaminhar os procedimentos de renova\u00e7\u00e3o da parceria entre as institui\u00e7\u00f5es na oferta de cursos t\u00e9cnicos no c\u00e2mpus da UFLA em Lavras. O grupo tamb\u00e9m deliberou pela estrutura\u00e7\u00e3o da proposta [&hellip;]<\/p>\n","protected":false},"author":5,"featured_media":143259,"comment_status":"closed","ping_status":"open","sticky":false,"template":"","format":"standard","meta":{"advgb_blocks_editor_width":"","advgb_blocks_columns_visual_guide":"","_exactmetrics_skip_tracking":false,"_exactmetrics_sitenote_active":false,"_exactmetrics_sitenote_note":"","_exactmetrics_sitenote_category":0,"footnotes":""},"categories":[7,2],"tags":[],"class_list":["post-143258","post","type-post","status-publish","format-standard","has-post-thumbnail","hentry","category-destaques","category-noticias"],"better_featured_image":{"id":143259,"alt_text":"","caption":"","description":"","media_type":"image","media_details":{"width":675,"height":450,"file":"2024\/12\/IMG_0013-2.jpg","filesize":300797,"sizes":{"medium":{"file":"IMG_0013-2-450x300.jpg","width":450,"height":300,"mime-type":"image\/jpeg","filesize":53259,"source_url":"https:\/\/lavras.tv\/site\/wp-content\/uploads\/2024\/12\/IMG_0013-2-450x300.jpg"},"thumbnail":{"file":"IMG_0013-2-170x113.jpg","width":170,"height":113,"mime-type":"image\/jpeg","filesize":32454,"source_url":"https:\/\/lavras.tv\/site\/wp-content\/uploads\/2024\/12\/IMG_0013-2-170x113.jpg"},"lshowcase-thumb":{"file":"IMG_0013-2-200x133.jpg","width":200,"height":133,"mime-type":"image\/jpeg","filesize":33837,"source_url":"https:\/\/lavras.tv\/site\/wp-content\/uploads\/2024\/12\/IMG_0013-2-200x133.jpg"},"alm-thumbnail":{"file":"IMG_0013-2-150x150.jpg","width":150,"height":150,"mime-type":"image\/jpeg","filesize":32169,"source_url":"https:\/\/lavras.tv\/site\/wp-content\/uploads\/2024\/12\/IMG_0013-2-150x150.jpg"}},"image_meta":{"aperture":"3,5","credit":"","camera":"Canon EOS 60D","caption":"","created_timestamp":"1715477155","copyright":"","focal_length":"19","iso":"100","shutter_speed":"0,033333333333333","title":"","orientation":"0","keywords":[]}},"post":143258,"source_url":"https:\/\/lavras.tv\/site\/wp-content\/uploads\/2024\/12\/IMG_0013-2.jpg"},"author_meta":{"display_name":"Vinicius Bustamante","author_link":"https:\/\/lavras.tv\/site\/author\/vinicius-bustamante\/"},"featured_img":"https:\/\/lavras.tv\/site\/wp-content\/uploads\/2024\/12\/IMG_0013-2-450x300.jpg","coauthors":[],"tax_additional":{"categories":{"linked":["<a href=\"https:\/\/lavras.tv\/site\/category\/destaques\/\" class=\"advgb-post-tax-term\">Destaques<\/a>","<a href=\"https:\/\/lavras.tv\/site\/category\/noticias\/\" class=\"advgb-post-tax-term\">Not\u00edcias<\/a>"],"unlinked":["<span class=\"advgb-post-tax-term\">Destaques<\/span>","<span class=\"advgb-post-tax-term\">Not\u00edcias<\/span>"]}},"comment_count":"0","relative_dates":{"created":"Publicado 1 ano atr\u00e1s","modified":"Atualizado 1 ano atr\u00e1s"},"absolute_dates":{"created":"Publicado em 11 de dezembro de 2024","modified":"Atualizado em 11 de dezembro de 2024"},"absolute_dates_time":{"created":"Publicado em 11 de dezembro de 2024 19:24","modified":"Atualizado em 11 de dezembro de 2024 19:24"},"featured_img_caption":"","series_order":"","_links":{"self":[{"href":"https:\/\/lavras.tv\/site\/wp-json\/wp\/v2\/posts\/143258","targetHints":{"allow":["GET"]}}],"collection":[{"href":"https:\/\/lavras.tv\/site\/wp-json\/wp\/v2\/posts"}],"about":[{"href":"https:\/\/lavras.tv\/site\/wp-json\/wp\/v2\/types\/post"}],"author":[{"embeddable":true,"href":"https:\/\/lavras.tv\/site\/wp-json\/wp\/v2\/users\/5"}],"replies":[{"embeddable":true,"href":"https:\/\/lavras.tv\/site\/wp-json\/wp\/v2\/comments?post=143258"}],"version-history":[{"count":1,"href":"https:\/\/lavras.tv\/site\/wp-json\/wp\/v2\/posts\/143258\/revisions"}],"predecessor-version":[{"id":143260,"href":"https:\/\/lavras.tv\/site\/wp-json\/wp\/v2\/posts\/143258\/revisions\/143260"}],"wp:featuredmedia":[{"embeddable":true,"href":"https:\/\/lavras.tv\/site\/wp-json\/wp\/v2\/media\/143259"}],"wp:attachment":[{"href":"https:\/\/lavras.tv\/site\/wp-json\/wp\/v2\/media?parent=143258"}],"wp:term":[{"taxonomy":"category","embeddable":true,"href":"https:\/\/lavras.tv\/site\/wp-json\/wp\/v2\/categories?post=143258"},{"taxonomy":"post_tag","embeddable":true,"href":"https:\/\/lavras.tv\/site\/wp-json\/wp\/v2\/tags?post=143258"}],"curies":[{"name":"wp","href":"https:\/\/api.w.org\/{rel}","templated":true}]}}