{"id":143261,"date":"2024-12-11T19:32:21","date_gmt":"2024-12-11T22:32:21","guid":{"rendered":"https:\/\/lavras.tv\/site\/?p=143261"},"modified":"2024-12-11T19:32:22","modified_gmt":"2024-12-11T22:32:22","slug":"projeto-aquarelas-musicais-recitais-infantis-estreia-em-perdoes-com-apresentacao-de-choro-e-oficina-de-musicalizacao-gratuita","status":"publish","type":"post","link":"https:\/\/lavras.tv\/site\/2024\/12\/11\/projeto-aquarelas-musicais-recitais-infantis-estreia-em-perdoes-com-apresentacao-de-choro-e-oficina-de-musicalizacao-gratuita\/","title":{"rendered":"Projeto &#8216;Aquarelas Musicais &#8211; Recitais Infantis&#8217; estreia em Perd\u00f5es com\u00a0apresenta\u00e7\u00e3o de choro e oficina de musicaliza\u00e7\u00e3o gratuita\u00a0"},"content":{"rendered":"<div class=\"lavra-antes-do-conteudo_2\" id=\"lavra-2152395696\"><div id=\"lavra-slider-27\" class=\"custom-slider lavra-slider-3264726085 lavra-slider\"><ul><li><div style=\"margin-left: auto;margin-right: auto;text-align: center;\" id=\"lavra-1227042860\"><a href=\"https:\/\/sistemas.lavras.mg.gov.br\/portalcidadao\/#df1b1a7c7b2a290bcb31e32771e610784662739a88807c0dacac58ede5f391a7530e299dc302d611ee73cb143fc22eaf93592e53e7b5bdb01b00a0b8d28dae460c141dd2ff83412e4dc1c31b16b25f33144a9e5620ea73b13f5bc1c59411d98439ad226e8af03840603796067d87afe130812cf3de24982d0e306f9e61e764e5\" aria-label=\"Lavras-TV&#8211;720x104px (1) (1)\"><img src=\"https:\/\/lavras.tv\/site\/wp-content\/uploads\/2025\/01\/Lavras-TV-720x104px-1-1.png\" alt=\"\"  srcset=\"https:\/\/lavras.tv\/site\/wp-content\/uploads\/2025\/01\/Lavras-TV-720x104px-1-1.png 720w, https:\/\/lavras.tv\/site\/wp-content\/uploads\/2025\/01\/Lavras-TV-720x104px-1-1-470x68.png 470w, https:\/\/lavras.tv\/site\/wp-content\/uploads\/2025\/01\/Lavras-TV-720x104px-1-1-170x25.png 170w, https:\/\/lavras.tv\/site\/wp-content\/uploads\/2025\/01\/Lavras-TV-720x104px-1-1-200x29.png 200w\" sizes=\"(max-width: 720px) 100vw, 720px\" width=\"720\" height=\"104\"  style=\"display: inline-block;\" \/><\/a><\/div><\/li><li><a href=\"https:\/\/sistemas.lavras.mg.gov.br\/portalcidadao\/#df1b1a7c7b2a290bcb31e32771e610784662739a88807c0dacac58ede5f391a7530e299dc302d611ee73cb143fc22eaf93592e53e7b5bdb01b00a0b8d28dae460c141dd2ff83412e4dc1c31b16b25f33144a9e5620ea73b13f5bc1c59411d98439ad226e8af03840603796067d87afe130812cf3de24982d0e306f9e61e764e5\" aria-label=\"Banner_Emprego_PortallavrasTV\"><img src=\"https:\/\/lavras.tv\/site\/wp-content\/uploads\/2025\/03\/Banner_Emprego_PortallavrasTV.png\" alt=\"\"  srcset=\"https:\/\/lavras.tv\/site\/wp-content\/uploads\/2025\/03\/Banner_Emprego_PortallavrasTV.png 720w, https:\/\/lavras.tv\/site\/wp-content\/uploads\/2025\/03\/Banner_Emprego_PortallavrasTV-470x68.png 470w, https:\/\/lavras.tv\/site\/wp-content\/uploads\/2025\/03\/Banner_Emprego_PortallavrasTV-170x25.png 170w, https:\/\/lavras.tv\/site\/wp-content\/uploads\/2025\/03\/Banner_Emprego_PortallavrasTV-200x29.png 200w\" sizes=\"(max-width: 720px) 100vw, 720px\" width=\"720\" height=\"104\"   \/><\/a><\/li><li><a href=\"https:\/\/sistemas.lavras.mg.gov.br\/portalcidadao\/#df1b1a7c7b2a290bcb31e32771e610784662739a88807c0dacac58ede5f391a7530e299dc302d611ee73cb143fc22eaf93592e53e7b5bdb01b00a0b8d28dae460c141dd2ff83412e4dc1c31b16b25f33144a9e5620ea73b13f5bc1c59411d98439ad226e8af03840603796067d87afe130812cf3de24982d0e306f9e61e764e5\" aria-label=\"Banner_Obras_PortallavrasTV\"><img src=\"https:\/\/lavras.tv\/site\/wp-content\/uploads\/2025\/03\/Banner_Obras_PortallavrasTV.png\" alt=\"\"  srcset=\"https:\/\/lavras.tv\/site\/wp-content\/uploads\/2025\/03\/Banner_Obras_PortallavrasTV.png 720w, https:\/\/lavras.tv\/site\/wp-content\/uploads\/2025\/03\/Banner_Obras_PortallavrasTV-470x68.png 470w, https:\/\/lavras.tv\/site\/wp-content\/uploads\/2025\/03\/Banner_Obras_PortallavrasTV-170x25.png 170w, https:\/\/lavras.tv\/site\/wp-content\/uploads\/2025\/03\/Banner_Obras_PortallavrasTV-200x29.png 200w\" sizes=\"(max-width: 720px) 100vw, 720px\" width=\"720\" height=\"104\"   \/><\/a><\/li><li><div style=\"margin-left: auto;margin-right: auto;text-align: center;\" id=\"lavra-851404696\"><a href=\"https:\/\/sistemas.lavras.mg.gov.br\/portalcidadao\/#df1b1a7c7b2a290bcb31e32771e610784662739a88807c0dacac58ede5f391a7530e299dc302d611ee73cb143fc22eaf93592e53e7b5bdb01b00a0b8d28dae460c141dd2ff83412e4dc1c31b16b25f33144a9e5620ea73b13f5bc1c59411d98439ad226e8af03840603796067d87afe130812cf3de24982d0e306f9e61e764e5\" aria-label=\"Banner_Educa\u00e7\u00e3o_PortallavrasTV\"><img src=\"https:\/\/lavras.tv\/site\/wp-content\/uploads\/2025\/01\/Banner_Educacao_PortallavrasTV.png\" alt=\"\"  srcset=\"https:\/\/lavras.tv\/site\/wp-content\/uploads\/2025\/01\/Banner_Educacao_PortallavrasTV.png 720w, https:\/\/lavras.tv\/site\/wp-content\/uploads\/2025\/01\/Banner_Educacao_PortallavrasTV-470x68.png 470w, https:\/\/lavras.tv\/site\/wp-content\/uploads\/2025\/01\/Banner_Educacao_PortallavrasTV-170x25.png 170w, https:\/\/lavras.tv\/site\/wp-content\/uploads\/2025\/01\/Banner_Educacao_PortallavrasTV-200x29.png 200w\" sizes=\"(max-width: 720px) 100vw, 720px\" width=\"720\" height=\"104\"  style=\"display: inline-block;\" \/><\/a><\/div><\/li><li><a href=\"https:\/\/sistemas.lavras.mg.gov.br\/portalcidadao\/#df1b1a7c7b2a290bcb31e32771e610784662739a88807c0dacac58ede5f391a7530e299dc302d611ee73cb143fc22eaf93592e53e7b5bdb01b00a0b8d28dae460c141dd2ff83412e4dc1c31b16b25f33144a9e5620ea73b13f5bc1c59411d98439ad226e8af03840603796067d87afe130812cf3de24982d0e306f9e61e764e5\" aria-label=\"Banner_Sa\u00fade_PortallavrasTV\"><img src=\"https:\/\/lavras.tv\/site\/wp-content\/uploads\/2025\/03\/Banner_Saude_PortallavrasTV.png\" alt=\"\"  srcset=\"https:\/\/lavras.tv\/site\/wp-content\/uploads\/2025\/03\/Banner_Saude_PortallavrasTV.png 720w, https:\/\/lavras.tv\/site\/wp-content\/uploads\/2025\/03\/Banner_Saude_PortallavrasTV-470x68.png 470w, https:\/\/lavras.tv\/site\/wp-content\/uploads\/2025\/03\/Banner_Saude_PortallavrasTV-170x25.png 170w, https:\/\/lavras.tv\/site\/wp-content\/uploads\/2025\/03\/Banner_Saude_PortallavrasTV-200x29.png 200w\" sizes=\"(max-width: 720px) 100vw, 720px\" width=\"720\" height=\"104\"   \/><\/a><\/li><li><div id=\"lavra-625049851\" style=\"width:720px;height:104px;background-color:#ddd;overflow:scroll;\">\n\t<strong>Sa\u00edda da depura\u00e7\u00e3o de an\u00fancios<\/strong>\n\t<br><br>\n\tO an\u00fancio n\u00e3o \u00e9 exibido na p\u00e1gina<br><br>post atual: Projeto 'Aquarelas Musicais - Recitais Infantis' estreia em Perd\u00f5es com\u00a0apresenta\u00e7\u00e3o de choro e oficina de musicaliza\u00e7\u00e3o gratuita\u00a0, ID: 143261<br><br><span style=\"color: red;\">O post atual n\u00e3o \u00e9 id\u00eantico ao post principal.<\/span><br><br>An\u00fancios: ROXO - TOPO INTERNA - ROTATIVO 2 (197)<br \/>Grupo de an\u00fancios: Princ_Meio01_720x104 (27)<br><br>Condi\u00e7\u00f5es de exibi\u00e7\u00e3o<div style=\"margin-bottom: 20px; white-space: pre-wrap; font-family: monospace; width: 100%; background: #ffe9e9;\"><strong>condi\u00e7\u00f5es gerais<\/strong><table border=\"1\"><thead><tr><th><\/th><th>An\u00fancios<\/th><th>wp_the_query<\/th><\/tr><\/thead><tr><td>is_main_query<\/td><td>1<\/td><td>1<\/td><\/tr><tr><td>is_rest_api<\/td><td>0<\/td><td>1<\/td><\/tr><tr><td>page<\/td><td>0<\/td><td>1<\/td><\/tr><tr><td>numpages<\/td><td>0<\/td><td>1<\/td><\/tr><tr><td>is_archive<\/td><td>1<\/td><td><\/td><\/tr><tr><td>is_search<\/td><td>1<\/td><td><\/td><\/tr><tr><td>is_home<\/td><td>1<\/td><td><\/td><\/tr><tr><td>is_404<\/td><td>1<\/td><td><\/td><\/tr><tr><td>is_attachment<\/td><td>1<\/td><td><\/td><\/tr><tr><td>is_singular<\/td><td>1<\/td><td><\/td><\/tr><tr><td>is_front_page<\/td><td>1<\/td><td><\/td><\/tr><tr><td>is_feed<\/td><td>1<\/td><td><\/td><\/tr><\/table><\/div><br><br><span style=\"color: red;\">Seu site usa HTTPS, mas o c\u00f3digo do an\u00fancio cont\u00e9m HTTP e pode n\u00e3o funcionar.<\/span>\t<br><br>\n\t<a style=\"color: green;\" href=\"https:\/\/wpadvancedads.com\/manual\/ad-debug-mode\/?utm_source=advanced-ads&utm_medium=link&utm_campaign=ad-debug-mode\" target=\"_blank\" rel=\"nofollow\">Encontre solu\u00e7\u00f5es no manual<\/a>\n<\/div>\n<\/li><\/ul><\/div><script>( window.advanced_ads_ready || jQuery( document ).ready ).call( null, function() {var $lavraslider3264726085 = jQuery( \".lavra-slider-3264726085\" );$lavraslider3264726085.on( \"unslider.ready\", function() { jQuery( \"div.custom-slider ul li\" ).css( \"display\", \"block\" ); });$lavraslider3264726085.unslider({ delay:4000, autoplay:true, nav:false, arrows:false, infinite:true });$lavraslider3264726085.on(\"mouseover\", function() {$lavraslider3264726085.unslider(\"stop\");}).on(\"mouseout\", function() {$lavraslider3264726085.unslider(\"start\");});});<\/script><\/div>\n<p><em>Evento acontece no Centro Pastoral, no dia 14\/12, e tem a inten\u00e7\u00e3o de criar uma cultura de\u00a0apresenta\u00e7\u00f5es did\u00e1ticas de m\u00fasica popular e erudita no interior de Minas<\/em><\/p>\n\n\n\n<figure class=\"wp-block-image size-large\"><img fetchpriority=\"high\" decoding=\"async\" width=\"970\" height=\"646\" src=\"https:\/\/lavras.tv\/site\/wp-content\/uploads\/2024\/12\/Snapinsta.app_469683282_555426997257808_4195087453494224388_n_1080-970x646.jpg\" alt=\"\" class=\"wp-image-143262\" srcset=\"https:\/\/lavras.tv\/site\/wp-content\/uploads\/2024\/12\/Snapinsta.app_469683282_555426997257808_4195087453494224388_n_1080-970x646.jpg 970w, https:\/\/lavras.tv\/site\/wp-content\/uploads\/2024\/12\/Snapinsta.app_469683282_555426997257808_4195087453494224388_n_1080-451x300.jpg 451w, https:\/\/lavras.tv\/site\/wp-content\/uploads\/2024\/12\/Snapinsta.app_469683282_555426997257808_4195087453494224388_n_1080-170x113.jpg 170w, https:\/\/lavras.tv\/site\/wp-content\/uploads\/2024\/12\/Snapinsta.app_469683282_555426997257808_4195087453494224388_n_1080-200x133.jpg 200w, https:\/\/lavras.tv\/site\/wp-content\/uploads\/2024\/12\/Snapinsta.app_469683282_555426997257808_4195087453494224388_n_1080.jpg 1080w\" sizes=\"(max-width: 970px) 100vw, 970px\" \/><\/figure>\n\n\n\n<p>Para aproximar os moradores de cidades do interior da arte, uma ideia simples e&nbsp;aconchegante: apresenta\u00e7\u00f5es de m\u00fasica did\u00e1ticas, nas quais apresenta\u00e7\u00f5es e concertos&nbsp;tamb\u00e9m atuar\u00e3o como aulas sobre a hist\u00f3ria da m\u00fasica, de forma leve e divertida. Com&nbsp;essa ideia inovadora, o projeto itinerante \u201cAquarelas Musicais &#8211; Recitais Infantis\u201d estreia na cidade de&nbsp;Perd\u00f5es, no dia 14\/12 (s\u00e1bado), \u00e0s 16h.&nbsp;<\/p>\n\n\n\n<p>Nesta edi\u00e7\u00e3o, o projeto contar\u00e1 com a apresenta\u00e7\u00e3o did\u00e1tica \u201cO Imprevisto\u201d, do Grupo Chorandeiros, que acontece no Centro Pastoral de Perd\u00f5es, \u00e0s 16h, seguida de uma oficina de musicaliza\u00e7\u00e3o para crian\u00e7as com a tem\u00e1tica da m\u00fasica brasileira, \u00e0s 17h30.&nbsp;<\/p>\n\n\n\n<p>O projeto \u201cAquarelas Musicais &#8211; Recitais Infantis\u201d \u00e9 viabilizado pelo Governo Federal &#8211; Uni\u00e3o e Reconstru\u00e7\u00e3o,&nbsp;por meio da Lei Federal de Incentivo \u00e0 Cultura &#8211; Lei Rouanet, com patroc\u00ednio da Vila Real, e&nbsp;apoio das empresas Am\u00e9rica M\u00f3veis e Pampulha Turismo, da advogada Sanmela de Pinho,&nbsp;da Secretaria de Cultura de Perd\u00f5es e do Centro Pastoral de Perd\u00f5es.&nbsp;<\/p>\n\n\n\n<p><strong>Cultura pelo interior<\/strong><\/p>\n\n\n\n<p>Uma das ideias de &#8220;Aquarelas Musicais &#8211; Recitais Infantis&#8221; \u00e9 que as apresenta\u00e7\u00f5es aconte\u00e7am sempre em locais de encontro, a exemplo de pra\u00e7as,&nbsp;parques, teatros &#8211; ou, no caso da estreia do evento, no Centro Pastoral de Perd\u00f5es. Segundo&nbsp;a professora de piano e educadora musical especializada em musicaliza\u00e7\u00e3o infantil Renata&nbsp;Cassini, parceira do projeto e idealizadora da Bellas Artes Academia de M\u00fasica, as&nbsp;apresenta\u00e7\u00f5es v\u00e3o incluir tanto aspectos da m\u00fasica erudita quanto da m\u00fasica popular.&nbsp;<\/p>\n\n\n\n<p>\u201cEsse projeto surgiu para levar divers\u00e3o e cultura para o interior, mas a partir da ideia de&nbsp;transmitir para adultos e crian\u00e7as a m\u00fasica popular e a m\u00fasica erudita de maneira did\u00e1tica.&nbsp;Ao inv\u00e9s de apenas apresentar um espet\u00e1culo, h\u00e1 uma intera\u00e7\u00e3o com o p\u00fablico para&nbsp;explicar a hist\u00f3ria de determinado g\u00eanero musical ou instrumento. E contextualizar, por&nbsp;exemplo, porque alguns instrumentos, como flauta e percuss\u00e3o, combinam bem no choro&nbsp;ou em outros g\u00eaneros\u201d, explica Renata.&nbsp;<\/p>\n\n\n\n<p>\u201cTamb\u00e9m \u00e9 uma proposta que vem abra\u00e7ada por parcerias e apoios de peso, como a da&nbsp;pianista e professora de Piano e M\u00fasica de C\u00e2mara da UFMG, Myrian Aubin e, claro, dos artistas que t\u00eam&nbsp;topado esse formato diferente e instigante de levar m\u00fasica de qualidade para as pessoas,&nbsp;com contexto hist\u00f3rico e cultural, assim como o Grupo Chorandeiros vai fazer em sua&nbsp;apresenta\u00e7\u00e3o\u201d, completa Renata.&nbsp;<\/p>\n\n\n\n<p><strong>Apresenta\u00e7\u00e3o did\u00e1tica&nbsp;<\/strong><\/p>\n\n\n\n<p>O espet\u00e1culo \u201cO Imprevisto\u201d, do Grupo Chorandeiros, representa bem as conflu\u00eancias da&nbsp;m\u00fasica brasileira com um tempero internacional, a partir de um interc\u00e2mbio de artistas do&nbsp;Brasil, Argentina e Fran\u00e7a. Nascido do encontro de estudantes da UFMG e do efervescente circuito de choro da capital mineira, o espet\u00e1culo conta com a franco-brasileira Noemi Guimar\u00e3es (flauta e saxofone), o argentino \u00c1lvaro Terroba (cavaquinho), e&nbsp;os brasileiros Raphael Leite (percuss\u00e3o), Max Cabral (viol\u00e3o 7) e Ian Zadorosny (bandolim).&nbsp;&nbsp;<\/p>\n\n\n\n<p>Na apresenta\u00e7\u00e3o, eles prometem realizar um passeio pela hist\u00f3ria do choro, o primeiro&nbsp;g\u00eanero tipicamente brasileiro, nascido ainda no s\u00e9culo XIX, e que tem a virtude de englobar&nbsp;diversos outros g\u00eaneros, como o samba, o forr\u00f3, o bai\u00e3o, o xote etc. No repert\u00f3rio, desde&nbsp;cl\u00e1ssicos de Pixinguinha e Ernesto Nazareth, dois principais expoentes do choro, at\u00e9&nbsp;m\u00fasicas autorais do grupo, como o forr\u00f3 \u201cPipocando\u201d e o bai\u00e3o \u201cDesatino\u201d, al\u00e9m de um&nbsp;releitura do samba-choro \u201cRodeando\u201d, da compositora mineira Lu\u00edsa Mitre.&nbsp;<\/p>\n\n\n\n<p>\u201cTodos n\u00f3s somos professores de m\u00fasica ou j\u00e1 demos aula um dia. Ent\u00e3o, vamos usar essa&nbsp;experi\u00eancia nestes encontros. Vamos falar um pouco sobre a hist\u00f3ria das m\u00fasicas que&nbsp;estaremos apresentando, justamente para a gente dar um panorama amplo do que \u00e9 o&nbsp;choro, uma m\u00fasica genuinamente brasileira, que \u00e9 considerada um modo de fazer, por isso&nbsp;abra\u00e7a tantos ritmos e g\u00eaneros, como o forr\u00f3, o samba, a polca\u201d, avalia o violonista Max&nbsp;Cabral.&nbsp;<\/p>\n\n\n\n<p>J\u00e1 a oficina ser\u00e1 desenvolvida com crian\u00e7as entre sete e 12 anos, e ser\u00e1 voltada&nbsp;para a pr\u00e1tica de percep\u00e7\u00e3o musical e ritmo, a partir de din\u00e2micas que envolvem o corpo&nbsp;e a coordena\u00e7\u00e3o motora. \u201cA forma mais completa para compreender ritmos e levadas \u00e9&nbsp;atrav\u00e9s do corpo. E, para as crian\u00e7as, vamos fazer isso numa esp\u00e9cie de brincadeira. A&nbsp;ideia \u00e9 que seja um aprendizado divertido, e n\u00e3o uma aula tradicional\u201d, adianta Max.&nbsp;<\/p>\n\n\n\n<p>A apresenta\u00e7\u00e3o ter\u00e1 transmiss\u00e3o ao vivo pelo YouTube do projeto (lan\u00e7amento em breve). Ap\u00f3s a estreia em&nbsp;Perd\u00f5es, est\u00e3o previstas outras oficinas e apresenta\u00e7\u00f5es em cidades do interior ainda a&nbsp;serem confirmadas.&nbsp;<\/p>\n\n\n\n<p><strong>SERVI\u00c7O | \u201cAquarelas Musicais\u201d em Perd\u00f5es<\/strong><strong>&nbsp;<\/strong><\/p>\n\n\n\n<p><strong>Grupo Chorandeiros apresenta \u201cO Imprevisto\u201d<\/strong><strong>&nbsp;<\/strong><\/p>\n\n\n\n<p><strong>Quando.&nbsp;<\/strong>14\/12 (s\u00e1bado) &#8211; Apresenta\u00e7\u00e3o, \u00e0s 16h;&nbsp;oficina \u00e0s 17h30&nbsp;<\/p>\n\n\n\n<p><strong>Onde.&nbsp;<\/strong>Centro Pastoral S\u00e3o Jos\u00e9&nbsp;&nbsp;<\/p>\n\n\n\n<p>(Rua J\u00falio Pereira, 150, V\u00e1rzea dos Barbosa, Perd\u00f5es-MG)&nbsp;<\/p>\n\n\n\n<p><strong>Quanto.&nbsp;<\/strong>Entrada gratuita, sem a necessidade de retirada de ingressos<\/p>\n\n\n\n<p><strong>Mais.<\/strong>&nbsp;Siga o projeto&nbsp;<a href=\"https:\/\/www.instagram.com\/aquarelasmusicais\" rel=\"noreferrer noopener\" target=\"_blank\">no Instagram<\/a><\/p>\n","protected":false},"excerpt":{"rendered":"<p>Evento acontece no Centro Pastoral, no dia 14\/12, e tem a inten\u00e7\u00e3o de criar uma cultura de\u00a0apresenta\u00e7\u00f5es did\u00e1ticas de m\u00fasica popular e erudita no interior de Minas Para aproximar os moradores de cidades do interior da arte, uma ideia simples e&nbsp;aconchegante: apresenta\u00e7\u00f5es de m\u00fasica did\u00e1ticas, nas quais apresenta\u00e7\u00f5es e concertos&nbsp;tamb\u00e9m atuar\u00e3o como aulas sobre a [&hellip;]<\/p>\n","protected":false},"author":5,"featured_media":143262,"comment_status":"closed","ping_status":"open","sticky":false,"template":"","format":"standard","meta":{"advgb_blocks_editor_width":"","advgb_blocks_columns_visual_guide":"","_exactmetrics_skip_tracking":false,"_exactmetrics_sitenote_active":false,"_exactmetrics_sitenote_note":"","_exactmetrics_sitenote_category":0,"footnotes":""},"categories":[7,2],"tags":[],"class_list":["post-143261","post","type-post","status-publish","format-standard","has-post-thumbnail","hentry","category-destaques","category-noticias"],"better_featured_image":{"id":143262,"alt_text":"","caption":"","description":"","media_type":"image","media_details":{"width":1080,"height":719,"file":"2024\/12\/Snapinsta.app_469683282_555426997257808_4195087453494224388_n_1080.jpg","filesize":98601,"sizes":{"medium":{"file":"Snapinsta.app_469683282_555426997257808_4195087453494224388_n_1080-451x300.jpg","width":451,"height":300,"mime-type":"image\/jpeg","filesize":28035,"source_url":"https:\/\/lavras.tv\/site\/wp-content\/uploads\/2024\/12\/Snapinsta.app_469683282_555426997257808_4195087453494224388_n_1080-451x300.jpg"},"large":{"file":"Snapinsta.app_469683282_555426997257808_4195087453494224388_n_1080-970x646.jpg","width":970,"height":646,"mime-type":"image\/jpeg","filesize":93978,"source_url":"https:\/\/lavras.tv\/site\/wp-content\/uploads\/2024\/12\/Snapinsta.app_469683282_555426997257808_4195087453494224388_n_1080-970x646.jpg"},"thumbnail":{"file":"Snapinsta.app_469683282_555426997257808_4195087453494224388_n_1080-170x113.jpg","width":170,"height":113,"mime-type":"image\/jpeg","filesize":6138,"source_url":"https:\/\/lavras.tv\/site\/wp-content\/uploads\/2024\/12\/Snapinsta.app_469683282_555426997257808_4195087453494224388_n_1080-170x113.jpg"},"lshowcase-thumb":{"file":"Snapinsta.app_469683282_555426997257808_4195087453494224388_n_1080-200x133.jpg","width":200,"height":133,"mime-type":"image\/jpeg","filesize":7702,"source_url":"https:\/\/lavras.tv\/site\/wp-content\/uploads\/2024\/12\/Snapinsta.app_469683282_555426997257808_4195087453494224388_n_1080-200x133.jpg"},"alm-thumbnail":{"file":"Snapinsta.app_469683282_555426997257808_4195087453494224388_n_1080-150x150.jpg","width":150,"height":150,"mime-type":"image\/jpeg","filesize":7463,"source_url":"https:\/\/lavras.tv\/site\/wp-content\/uploads\/2024\/12\/Snapinsta.app_469683282_555426997257808_4195087453494224388_n_1080-150x150.jpg"}},"image_meta":{"aperture":"0","credit":"","camera":"","caption":"","created_timestamp":"0","copyright":"","focal_length":"0","iso":"0","shutter_speed":"0","title":"","orientation":"0","keywords":[]}},"post":143261,"source_url":"https:\/\/lavras.tv\/site\/wp-content\/uploads\/2024\/12\/Snapinsta.app_469683282_555426997257808_4195087453494224388_n_1080.jpg"},"author_meta":{"display_name":"Vinicius Bustamante","author_link":"https:\/\/lavras.tv\/site\/author\/vinicius-bustamante\/"},"featured_img":"https:\/\/lavras.tv\/site\/wp-content\/uploads\/2024\/12\/Snapinsta.app_469683282_555426997257808_4195087453494224388_n_1080-451x300.jpg","coauthors":[],"tax_additional":{"categories":{"linked":["<a href=\"https:\/\/lavras.tv\/site\/category\/destaques\/\" class=\"advgb-post-tax-term\">Destaques<\/a>","<a href=\"https:\/\/lavras.tv\/site\/category\/noticias\/\" class=\"advgb-post-tax-term\">Not\u00edcias<\/a>"],"unlinked":["<span class=\"advgb-post-tax-term\">Destaques<\/span>","<span class=\"advgb-post-tax-term\">Not\u00edcias<\/span>"]}},"comment_count":"0","relative_dates":{"created":"Publicado 1 ano atr\u00e1s","modified":"Atualizado 1 ano atr\u00e1s"},"absolute_dates":{"created":"Publicado em 11 de dezembro de 2024","modified":"Atualizado em 11 de dezembro de 2024"},"absolute_dates_time":{"created":"Publicado em 11 de dezembro de 2024 19:32","modified":"Atualizado em 11 de dezembro de 2024 19:32"},"featured_img_caption":"","series_order":"","_links":{"self":[{"href":"https:\/\/lavras.tv\/site\/wp-json\/wp\/v2\/posts\/143261","targetHints":{"allow":["GET"]}}],"collection":[{"href":"https:\/\/lavras.tv\/site\/wp-json\/wp\/v2\/posts"}],"about":[{"href":"https:\/\/lavras.tv\/site\/wp-json\/wp\/v2\/types\/post"}],"author":[{"embeddable":true,"href":"https:\/\/lavras.tv\/site\/wp-json\/wp\/v2\/users\/5"}],"replies":[{"embeddable":true,"href":"https:\/\/lavras.tv\/site\/wp-json\/wp\/v2\/comments?post=143261"}],"version-history":[{"count":1,"href":"https:\/\/lavras.tv\/site\/wp-json\/wp\/v2\/posts\/143261\/revisions"}],"predecessor-version":[{"id":143263,"href":"https:\/\/lavras.tv\/site\/wp-json\/wp\/v2\/posts\/143261\/revisions\/143263"}],"wp:featuredmedia":[{"embeddable":true,"href":"https:\/\/lavras.tv\/site\/wp-json\/wp\/v2\/media\/143262"}],"wp:attachment":[{"href":"https:\/\/lavras.tv\/site\/wp-json\/wp\/v2\/media?parent=143261"}],"wp:term":[{"taxonomy":"category","embeddable":true,"href":"https:\/\/lavras.tv\/site\/wp-json\/wp\/v2\/categories?post=143261"},{"taxonomy":"post_tag","embeddable":true,"href":"https:\/\/lavras.tv\/site\/wp-json\/wp\/v2\/tags?post=143261"}],"curies":[{"name":"wp","href":"https:\/\/api.w.org\/{rel}","templated":true}]}}