{"id":14343,"date":"2018-01-22T10:45:14","date_gmt":"2018-01-22T12:45:14","guid":{"rendered":"http:\/\/lavras.tv\/site\/?p=14343"},"modified":"2018-01-22T10:45:14","modified_gmt":"2018-01-22T12:45:14","slug":"informe-parlamentar-fabio-cherem-recebe-a-comenda-tiradentes-durante-as-comemoracoes-pelos-300-anos-da-historica-cidade-mineira","status":"publish","type":"post","link":"https:\/\/lavras.tv\/site\/2018\/01\/22\/informe-parlamentar-fabio-cherem-recebe-a-comenda-tiradentes-durante-as-comemoracoes-pelos-300-anos-da-historica-cidade-mineira\/","title":{"rendered":"[Informe Parlamentar] F\u00e1bio Cherem recebe a \u201cComenda Tiradentes\u201d durante as comemora\u00e7\u00f5es pelos 300 anos da hist\u00f3rica cidade mineira"},"content":{"rendered":"<div class=\"lavra-antes-do-conteudo_2\" id=\"lavra-1230566068\"><div id=\"lavra-slider-27\" class=\"custom-slider lavra-slider-185748409 lavra-slider\"><ul><li><div style=\"margin-left: auto;margin-right: auto;text-align: center;\" id=\"lavra-4244452762\"><a href=\"https:\/\/sistemas.lavras.mg.gov.br\/portalcidadao\/#df1b1a7c7b2a290bcb31e32771e610784662739a88807c0dacac58ede5f391a7530e299dc302d611ee73cb143fc22eaf93592e53e7b5bdb01b00a0b8d28dae460c141dd2ff83412e4dc1c31b16b25f33144a9e5620ea73b13f5bc1c59411d98439ad226e8af03840603796067d87afe130812cf3de24982d0e306f9e61e764e5\" aria-label=\"Lavras-TV&#8211;720x104px (1) (1)\"><img src=\"https:\/\/lavras.tv\/site\/wp-content\/uploads\/2025\/01\/Lavras-TV-720x104px-1-1.png\" alt=\"\"  srcset=\"https:\/\/lavras.tv\/site\/wp-content\/uploads\/2025\/01\/Lavras-TV-720x104px-1-1.png 720w, https:\/\/lavras.tv\/site\/wp-content\/uploads\/2025\/01\/Lavras-TV-720x104px-1-1-470x68.png 470w, https:\/\/lavras.tv\/site\/wp-content\/uploads\/2025\/01\/Lavras-TV-720x104px-1-1-170x25.png 170w, https:\/\/lavras.tv\/site\/wp-content\/uploads\/2025\/01\/Lavras-TV-720x104px-1-1-200x29.png 200w\" sizes=\"(max-width: 720px) 100vw, 720px\" width=\"720\" height=\"104\"  style=\"display: inline-block;\" \/><\/a><\/div><\/li><li><a href=\"https:\/\/sistemas.lavras.mg.gov.br\/portalcidadao\/#df1b1a7c7b2a290bcb31e32771e610784662739a88807c0dacac58ede5f391a7530e299dc302d611ee73cb143fc22eaf93592e53e7b5bdb01b00a0b8d28dae460c141dd2ff83412e4dc1c31b16b25f33144a9e5620ea73b13f5bc1c59411d98439ad226e8af03840603796067d87afe130812cf3de24982d0e306f9e61e764e5\" aria-label=\"Banner_Emprego_PortallavrasTV\"><img src=\"https:\/\/lavras.tv\/site\/wp-content\/uploads\/2025\/03\/Banner_Emprego_PortallavrasTV.png\" alt=\"\"  srcset=\"https:\/\/lavras.tv\/site\/wp-content\/uploads\/2025\/03\/Banner_Emprego_PortallavrasTV.png 720w, https:\/\/lavras.tv\/site\/wp-content\/uploads\/2025\/03\/Banner_Emprego_PortallavrasTV-470x68.png 470w, https:\/\/lavras.tv\/site\/wp-content\/uploads\/2025\/03\/Banner_Emprego_PortallavrasTV-170x25.png 170w, https:\/\/lavras.tv\/site\/wp-content\/uploads\/2025\/03\/Banner_Emprego_PortallavrasTV-200x29.png 200w\" sizes=\"(max-width: 720px) 100vw, 720px\" width=\"720\" height=\"104\"   \/><\/a><\/li><li><a href=\"https:\/\/sistemas.lavras.mg.gov.br\/portalcidadao\/#df1b1a7c7b2a290bcb31e32771e610784662739a88807c0dacac58ede5f391a7530e299dc302d611ee73cb143fc22eaf93592e53e7b5bdb01b00a0b8d28dae460c141dd2ff83412e4dc1c31b16b25f33144a9e5620ea73b13f5bc1c59411d98439ad226e8af03840603796067d87afe130812cf3de24982d0e306f9e61e764e5\" aria-label=\"Banner_Obras_PortallavrasTV\"><img src=\"https:\/\/lavras.tv\/site\/wp-content\/uploads\/2025\/03\/Banner_Obras_PortallavrasTV.png\" alt=\"\"  srcset=\"https:\/\/lavras.tv\/site\/wp-content\/uploads\/2025\/03\/Banner_Obras_PortallavrasTV.png 720w, https:\/\/lavras.tv\/site\/wp-content\/uploads\/2025\/03\/Banner_Obras_PortallavrasTV-470x68.png 470w, https:\/\/lavras.tv\/site\/wp-content\/uploads\/2025\/03\/Banner_Obras_PortallavrasTV-170x25.png 170w, https:\/\/lavras.tv\/site\/wp-content\/uploads\/2025\/03\/Banner_Obras_PortallavrasTV-200x29.png 200w\" sizes=\"(max-width: 720px) 100vw, 720px\" width=\"720\" height=\"104\"   \/><\/a><\/li><li><div style=\"margin-left: auto;margin-right: auto;text-align: center;\" id=\"lavra-1676542738\"><a href=\"https:\/\/sistemas.lavras.mg.gov.br\/portalcidadao\/#df1b1a7c7b2a290bcb31e32771e610784662739a88807c0dacac58ede5f391a7530e299dc302d611ee73cb143fc22eaf93592e53e7b5bdb01b00a0b8d28dae460c141dd2ff83412e4dc1c31b16b25f33144a9e5620ea73b13f5bc1c59411d98439ad226e8af03840603796067d87afe130812cf3de24982d0e306f9e61e764e5\" aria-label=\"Banner_Educa\u00e7\u00e3o_PortallavrasTV\"><img src=\"https:\/\/lavras.tv\/site\/wp-content\/uploads\/2025\/01\/Banner_Educacao_PortallavrasTV.png\" alt=\"\"  srcset=\"https:\/\/lavras.tv\/site\/wp-content\/uploads\/2025\/01\/Banner_Educacao_PortallavrasTV.png 720w, https:\/\/lavras.tv\/site\/wp-content\/uploads\/2025\/01\/Banner_Educacao_PortallavrasTV-470x68.png 470w, https:\/\/lavras.tv\/site\/wp-content\/uploads\/2025\/01\/Banner_Educacao_PortallavrasTV-170x25.png 170w, https:\/\/lavras.tv\/site\/wp-content\/uploads\/2025\/01\/Banner_Educacao_PortallavrasTV-200x29.png 200w\" sizes=\"(max-width: 720px) 100vw, 720px\" width=\"720\" height=\"104\"  style=\"display: inline-block;\" \/><\/a><\/div><\/li><li><a href=\"https:\/\/sistemas.lavras.mg.gov.br\/portalcidadao\/#df1b1a7c7b2a290bcb31e32771e610784662739a88807c0dacac58ede5f391a7530e299dc302d611ee73cb143fc22eaf93592e53e7b5bdb01b00a0b8d28dae460c141dd2ff83412e4dc1c31b16b25f33144a9e5620ea73b13f5bc1c59411d98439ad226e8af03840603796067d87afe130812cf3de24982d0e306f9e61e764e5\" aria-label=\"Banner_Sa\u00fade_PortallavrasTV\"><img src=\"https:\/\/lavras.tv\/site\/wp-content\/uploads\/2025\/03\/Banner_Saude_PortallavrasTV.png\" alt=\"\"  srcset=\"https:\/\/lavras.tv\/site\/wp-content\/uploads\/2025\/03\/Banner_Saude_PortallavrasTV.png 720w, https:\/\/lavras.tv\/site\/wp-content\/uploads\/2025\/03\/Banner_Saude_PortallavrasTV-470x68.png 470w, https:\/\/lavras.tv\/site\/wp-content\/uploads\/2025\/03\/Banner_Saude_PortallavrasTV-170x25.png 170w, https:\/\/lavras.tv\/site\/wp-content\/uploads\/2025\/03\/Banner_Saude_PortallavrasTV-200x29.png 200w\" sizes=\"(max-width: 720px) 100vw, 720px\" width=\"720\" height=\"104\"   \/><\/a><\/li><li><div id=\"lavra-1009016130\" style=\"width:720px;height:104px;background-color:#ddd;overflow:scroll;\">\n\t<strong>Sa\u00edda da depura\u00e7\u00e3o de an\u00fancios<\/strong>\n\t<br><br>\n\tO an\u00fancio n\u00e3o \u00e9 exibido na p\u00e1gina<br><br>post atual: [Informe Parlamentar] F\u00e1bio Cherem recebe a \u201cComenda Tiradentes\u201d durante as comemora\u00e7\u00f5es pelos 300 anos da hist\u00f3rica cidade mineira, ID: 14343<br><br><span style=\"color: red;\">O post atual n\u00e3o \u00e9 id\u00eantico ao post principal.<\/span><br><br>An\u00fancios: ROXO - TOPO INTERNA - ROTATIVO 2 (197)<br \/>Grupo de an\u00fancios: Princ_Meio01_720x104 (27)<br><br>Condi\u00e7\u00f5es de exibi\u00e7\u00e3o<div style=\"margin-bottom: 20px; white-space: pre-wrap; font-family: monospace; width: 100%; background: #ffe9e9;\"><strong>condi\u00e7\u00f5es gerais<\/strong><table border=\"1\"><thead><tr><th><\/th><th>An\u00fancios<\/th><th>wp_the_query<\/th><\/tr><\/thead><tr><td>is_main_query<\/td><td>1<\/td><td>1<\/td><\/tr><tr><td>is_rest_api<\/td><td>0<\/td><td>1<\/td><\/tr><tr><td>page<\/td><td>0<\/td><td>1<\/td><\/tr><tr><td>numpages<\/td><td>0<\/td><td>1<\/td><\/tr><tr><td>is_archive<\/td><td>1<\/td><td><\/td><\/tr><tr><td>is_search<\/td><td>1<\/td><td><\/td><\/tr><tr><td>is_home<\/td><td>1<\/td><td><\/td><\/tr><tr><td>is_404<\/td><td>1<\/td><td><\/td><\/tr><tr><td>is_attachment<\/td><td>1<\/td><td><\/td><\/tr><tr><td>is_singular<\/td><td>1<\/td><td><\/td><\/tr><tr><td>is_front_page<\/td><td>1<\/td><td><\/td><\/tr><tr><td>is_feed<\/td><td>1<\/td><td><\/td><\/tr><\/table><\/div><br><br><span style=\"color: red;\">Seu site usa HTTPS, mas o c\u00f3digo do an\u00fancio cont\u00e9m HTTP e pode n\u00e3o funcionar.<\/span>\t<br><br>\n\t<a style=\"color: green;\" href=\"https:\/\/wpadvancedads.com\/manual\/ad-debug-mode\/?utm_source=advanced-ads&utm_medium=link&utm_campaign=ad-debug-mode\" target=\"_blank\" rel=\"nofollow\">Encontre solu\u00e7\u00f5es no manual<\/a>\n<\/div>\n<\/li><\/ul><\/div><script>( window.advanced_ads_ready || jQuery( document ).ready ).call( null, function() {var $lavraslider185748409 = jQuery( \".lavra-slider-185748409\" );$lavraslider185748409.on( \"unslider.ready\", function() { jQuery( \"div.custom-slider ul li\" ).css( \"display\", \"block\" ); });$lavraslider185748409.unslider({ delay:4000, autoplay:true, nav:false, arrows:false, infinite:true });$lavraslider185748409.on(\"mouseover\", function() {$lavraslider185748409.unslider(\"stop\");}).on(\"mouseout\", function() {$lavraslider185748409.unslider(\"start\");});});<\/script><\/div><p>O deputado F\u00e1bio Cherem foi homenageado na sexta-feira (19) com a &#8221;Comenda Tiradentes 300 Anos&#8221;, criada para marcar a passagem do tricenten\u00e1rio da conhecida cidade hist\u00f3rica mineira. <!--more-->A cerim\u00f4nia de agraciamento idealizado pela Prefeitura de Tiradentes foi realizada na Pra\u00e7a C\u00edvica Largo do Sol com uma vasta programa\u00e7\u00e3o. O objetivo foi destacar as principais lideran\u00e7as civis, militares e pol\u00edticas que, por meio de seu trabalho, contribu\u00edram para o desenvolvimento de Tiradentes e da regi\u00e3o.<\/p>\n<p><img fetchpriority=\"high\" decoding=\"async\" class=\"alignnone size-full wp-image-14344 aligncenter\" src=\"http:\/\/lavras.tv\/site\/wp-content\/uploads\/2018\/01\/Deputado.jpg\" alt=\"Deputado\" width=\"1490\" height=\"2130\" srcset=\"https:\/\/lavras.tv\/site\/wp-content\/uploads\/2018\/01\/Deputado.jpg 1490w, https:\/\/lavras.tv\/site\/wp-content\/uploads\/2018\/01\/Deputado-105x150.jpg 105w, https:\/\/lavras.tv\/site\/wp-content\/uploads\/2018\/01\/Deputado-210x300.jpg 210w, https:\/\/lavras.tv\/site\/wp-content\/uploads\/2018\/01\/Deputado-716x1024.jpg 716w\" sizes=\"(max-width: 1490px) 100vw, 1490px\" \/><\/p>\n<p>A hist\u00f3rica cidade \u00e9 considerada o Ber\u00e7o da Liberdade do Brasil, pois foi neste solo que aconteceram as primeiras reuni\u00f5es da Inconfid\u00eancia Mineira, movimento de liberdade que mais tarde culminou na Independ\u00eancia brasileira. O Colar do M\u00e9rito C\u00edvico Jos\u00e9 Joaquim da Silva Xavier \u201cAlferes Tiradentes\u201d foi concedido ao deputado F\u00e1bio Cherem pela Ordem dos Cavaleiros da Inconfid\u00eancia Mineira e entregue pelas m\u00e3os Comendador Gr\u00e3o Colar Celso Rafael de Oliveira, Seren\u00edssimo Gr\u00e3o-Mestre.<\/p>\n<p><img decoding=\"async\" class=\"alignnone size-full wp-image-14345\" src=\"http:\/\/lavras.tv\/site\/wp-content\/uploads\/2018\/01\/DSC_0140.jpg\" alt=\"DSC_0140\" width=\"4200\" height=\"2790\" srcset=\"https:\/\/lavras.tv\/site\/wp-content\/uploads\/2018\/01\/DSC_0140.jpg 4200w, https:\/\/lavras.tv\/site\/wp-content\/uploads\/2018\/01\/DSC_0140-150x100.jpg 150w, https:\/\/lavras.tv\/site\/wp-content\/uploads\/2018\/01\/DSC_0140-300x199.jpg 300w, https:\/\/lavras.tv\/site\/wp-content\/uploads\/2018\/01\/DSC_0140-1024x680.jpg 1024w, https:\/\/lavras.tv\/site\/wp-content\/uploads\/2018\/01\/DSC_0140-480x320.jpg 480w, https:\/\/lavras.tv\/site\/wp-content\/uploads\/2018\/01\/DSC_0140-272x182.jpg 272w\" sizes=\"(max-width: 4200px) 100vw, 4200px\" \/><\/p>\n<p>O evento teve como anfitri\u00e3o o prefeito de Tiradentes, Jos\u00e9 Ant\u00f4nio do Nascimento, acompanhado dos representantes do Legislativo local, e contou com a presen\u00e7a do Secret\u00e1rio de Estado da Cultura, \u00c2ngelo Oswaldo, representando o governador Fernando Pimentel, que determinou que a cerim\u00f4nia fosse conduzida como a\u00e7\u00e3o de Estado, inclusive com a presen\u00e7a dos Drag\u00f5es da Inconfid\u00eancia. A solenidade teve ainda como mestres de cerim\u00f4nia as atrizes Beth Goulart e Nicete Bruno.<\/p>\n<p><img decoding=\"async\" class=\"alignnone size-full wp-image-14346 aligncenter\" src=\"http:\/\/lavras.tv\/site\/wp-content\/uploads\/2018\/01\/DSC_0148.jpg\" alt=\"DSC_0148\" width=\"4200\" height=\"2790\" srcset=\"https:\/\/lavras.tv\/site\/wp-content\/uploads\/2018\/01\/DSC_0148.jpg 4200w, https:\/\/lavras.tv\/site\/wp-content\/uploads\/2018\/01\/DSC_0148-150x100.jpg 150w, https:\/\/lavras.tv\/site\/wp-content\/uploads\/2018\/01\/DSC_0148-300x199.jpg 300w, https:\/\/lavras.tv\/site\/wp-content\/uploads\/2018\/01\/DSC_0148-1024x680.jpg 1024w, https:\/\/lavras.tv\/site\/wp-content\/uploads\/2018\/01\/DSC_0148-480x320.jpg 480w, https:\/\/lavras.tv\/site\/wp-content\/uploads\/2018\/01\/DSC_0148-272x182.jpg 272w\" sizes=\"(max-width: 4200px) 100vw, 4200px\" \/><\/p>\n<p>O deputado F\u00e1bio Cherem, que foi um dos representantes da Assembleia Legislativa de Minas Gerais (ALMG), foi recebido por in\u00fameras lideran\u00e7as do Campo das Vertentes, entre prefeitos, vice-prefeitos e vereadores dos munic\u00edpios daquela importante regi\u00e3o do estado, dado sua atua\u00e7\u00e3o marcante no sudoeste mineiro. \u201c\u00c9 com grande honra que recebi hoje esta importante honraria. Al\u00e9m do orgulho de ter o meu nome destacado com a Comenda Tiradentes, numa data de tamanha import\u00e2ncia no cen\u00e1rio nacional, essa homenagem demonstra que estamos no caminho certo e nos motiva ainda mais a continuar trabalhando como deputado estadual pelo desenvolvimento das diversas regi\u00f5es da nossa querida Minas Gerais\u201d, concluiu emocionado.<\/p>\n<p><img loading=\"lazy\" decoding=\"async\" class=\"alignnone size-full wp-image-14347 aligncenter\" src=\"http:\/\/lavras.tv\/site\/wp-content\/uploads\/2018\/01\/WhatsApp-Image-2018-01-19-at-19.47.39.jpeg\" alt=\"WhatsApp Image 2018-01-19 at 19.47.39\" width=\"1024\" height=\"768\" srcset=\"https:\/\/lavras.tv\/site\/wp-content\/uploads\/2018\/01\/WhatsApp-Image-2018-01-19-at-19.47.39.jpeg 1024w, https:\/\/lavras.tv\/site\/wp-content\/uploads\/2018\/01\/WhatsApp-Image-2018-01-19-at-19.47.39-150x113.jpeg 150w, https:\/\/lavras.tv\/site\/wp-content\/uploads\/2018\/01\/WhatsApp-Image-2018-01-19-at-19.47.39-300x225.jpeg 300w, https:\/\/lavras.tv\/site\/wp-content\/uploads\/2018\/01\/WhatsApp-Image-2018-01-19-at-19.47.39-640x480.jpeg 640w\" sizes=\"(max-width: 1024px) 100vw, 1024px\" \/><\/p>\n<p>Fonte: Assessoria do deputado F\u00e1bio Cherem<\/p>\n","protected":false},"excerpt":{"rendered":"<p>O deputado F\u00e1bio Cherem foi homenageado na sexta-feira (19) com a &#8221;Comenda Tiradentes 300 Anos&#8221;, criada para marcar a passagem do tricenten\u00e1rio da conhecida cidade hist\u00f3rica mineira.<\/p>\n","protected":false},"author":2,"featured_media":14346,"comment_status":"closed","ping_status":"open","sticky":false,"template":"","format":"standard","meta":{"advgb_blocks_editor_width":"","advgb_blocks_columns_visual_guide":"","_exactmetrics_skip_tracking":false,"_exactmetrics_sitenote_active":false,"_exactmetrics_sitenote_note":"","_exactmetrics_sitenote_category":0,"footnotes":""},"categories":[7,12],"tags":[4452,4451,3469,672,4450,4453],"class_list":["post-14343","post","type-post","status-publish","format-standard","has-post-thumbnail","hentry","category-destaques","category-politica","tag-300-anos","tag-comenda","tag-deputado-estadual","tag-fabio-cherem","tag-medalha-tiradentes","tag-tiradentes-mg"],"better_featured_image":{"id":14346,"alt_text":"","caption":"","description":"","media_type":"image","media_details":{"width":4200,"height":2790,"file":"2018\/01\/DSC_0148.jpg","sizes":{"thumbnail":{"file":"DSC_0148-150x100.jpg","width":150,"height":100,"mime-type":"image\/jpeg","source_url":"https:\/\/lavras.tv\/site\/wp-content\/uploads\/2018\/01\/DSC_0148-150x100.jpg"},"medium":{"file":"DSC_0148-300x199.jpg","width":300,"height":199,"mime-type":"image\/jpeg","source_url":"https:\/\/lavras.tv\/site\/wp-content\/uploads\/2018\/01\/DSC_0148-300x199.jpg"},"large":{"file":"DSC_0148-1024x680.jpg","width":1024,"height":680,"mime-type":"image\/jpeg","source_url":"https:\/\/lavras.tv\/site\/wp-content\/uploads\/2018\/01\/DSC_0148-1024x680.jpg"},"featured-slider-img":{"file":"DSC_0148-640x480.jpg","width":640,"height":480,"mime-type":"image\/jpeg","source_url":"https:\/\/lavras.tv\/site\/wp-content\/uploads\/2018\/01\/DSC_0148-640x480.jpg"},"featured-post-img":{"file":"DSC_0148-480x320.jpg","width":480,"height":320,"mime-type":"image\/jpeg","source_url":"https:\/\/lavras.tv\/site\/wp-content\/uploads\/2018\/01\/DSC_0148-480x320.jpg"},"sow-carousel-default":{"file":"DSC_0148-272x182.jpg","width":272,"height":182,"mime-type":"image\/jpeg","source_url":"https:\/\/lavras.tv\/site\/wp-content\/uploads\/2018\/01\/DSC_0148-272x182.jpg"}},"image_meta":{"aperture":"11","credit":"","camera":"NIKON D90","caption":"","created_timestamp":"1516361491","copyright":"","focal_length":"32","iso":"200","shutter_speed":"0.04","title":"","orientation":"1","keywords":[]}},"post":14343,"source_url":"https:\/\/lavras.tv\/site\/wp-content\/uploads\/2018\/01\/DSC_0148.jpg"},"author_meta":{"display_name":"Lavras TV","author_link":"https:\/\/lavras.tv\/site\/author\/lavrastv\/"},"featured_img":"https:\/\/lavras.tv\/site\/wp-content\/uploads\/2018\/01\/DSC_0148-300x199.jpg","coauthors":[],"tax_additional":{"categories":{"linked":["<a href=\"https:\/\/lavras.tv\/site\/category\/destaques\/\" class=\"advgb-post-tax-term\">Destaques<\/a>","<a href=\"https:\/\/lavras.tv\/site\/category\/politica\/\" class=\"advgb-post-tax-term\">Pol\u00edtica<\/a>"],"unlinked":["<span class=\"advgb-post-tax-term\">Destaques<\/span>","<span class=\"advgb-post-tax-term\">Pol\u00edtica<\/span>"]},"tags":{"linked":["<a href=\"https:\/\/lavras.tv\/site\/category\/politica\/\" class=\"advgb-post-tax-term\">300 anos<\/a>","<a href=\"https:\/\/lavras.tv\/site\/category\/politica\/\" class=\"advgb-post-tax-term\">comenda<\/a>","<a href=\"https:\/\/lavras.tv\/site\/category\/politica\/\" class=\"advgb-post-tax-term\">deputado estadual<\/a>","<a href=\"https:\/\/lavras.tv\/site\/category\/politica\/\" class=\"advgb-post-tax-term\">fabio cherem<\/a>","<a href=\"https:\/\/lavras.tv\/site\/category\/politica\/\" class=\"advgb-post-tax-term\">medalha Tiradentes<\/a>","<a href=\"https:\/\/lavras.tv\/site\/category\/politica\/\" class=\"advgb-post-tax-term\">tiradentes mg<\/a>"],"unlinked":["<span class=\"advgb-post-tax-term\">300 anos<\/span>","<span class=\"advgb-post-tax-term\">comenda<\/span>","<span class=\"advgb-post-tax-term\">deputado estadual<\/span>","<span class=\"advgb-post-tax-term\">fabio cherem<\/span>","<span class=\"advgb-post-tax-term\">medalha Tiradentes<\/span>","<span class=\"advgb-post-tax-term\">tiradentes mg<\/span>"]}},"comment_count":"0","relative_dates":{"created":"Publicado 8 anos atr\u00e1s","modified":"Atualizado 8 anos atr\u00e1s"},"absolute_dates":{"created":"Publicado em 22 de janeiro de 2018","modified":"Atualizado em 22 de janeiro de 2018"},"absolute_dates_time":{"created":"Publicado em 22 de janeiro de 2018 10:45","modified":"Atualizado em 22 de janeiro de 2018 10:45"},"featured_img_caption":"","series_order":"","_links":{"self":[{"href":"https:\/\/lavras.tv\/site\/wp-json\/wp\/v2\/posts\/14343","targetHints":{"allow":["GET"]}}],"collection":[{"href":"https:\/\/lavras.tv\/site\/wp-json\/wp\/v2\/posts"}],"about":[{"href":"https:\/\/lavras.tv\/site\/wp-json\/wp\/v2\/types\/post"}],"author":[{"embeddable":true,"href":"https:\/\/lavras.tv\/site\/wp-json\/wp\/v2\/users\/2"}],"replies":[{"embeddable":true,"href":"https:\/\/lavras.tv\/site\/wp-json\/wp\/v2\/comments?post=14343"}],"version-history":[{"count":1,"href":"https:\/\/lavras.tv\/site\/wp-json\/wp\/v2\/posts\/14343\/revisions"}],"predecessor-version":[{"id":14348,"href":"https:\/\/lavras.tv\/site\/wp-json\/wp\/v2\/posts\/14343\/revisions\/14348"}],"wp:featuredmedia":[{"embeddable":true,"href":"https:\/\/lavras.tv\/site\/wp-json\/wp\/v2\/media\/14346"}],"wp:attachment":[{"href":"https:\/\/lavras.tv\/site\/wp-json\/wp\/v2\/media?parent=14343"}],"wp:term":[{"taxonomy":"category","embeddable":true,"href":"https:\/\/lavras.tv\/site\/wp-json\/wp\/v2\/categories?post=14343"},{"taxonomy":"post_tag","embeddable":true,"href":"https:\/\/lavras.tv\/site\/wp-json\/wp\/v2\/tags?post=14343"}],"curies":[{"name":"wp","href":"https:\/\/api.w.org\/{rel}","templated":true}]}}