{"id":143645,"date":"2024-12-13T11:17:27","date_gmt":"2024-12-13T14:17:27","guid":{"rendered":"https:\/\/lavras.tv\/site\/?p=143645"},"modified":"2024-12-13T11:17:28","modified_gmt":"2024-12-13T14:17:28","slug":"a-1a-drpc-lavras-informa-que-esta-conduzindo-as-investigacoes-sobre-a-tentativa-de-homicidio-ocorrida-no-bairro-sao-vicente-em-lavras","status":"publish","type":"post","link":"https:\/\/lavras.tv\/site\/2024\/12\/13\/a-1a-drpc-lavras-informa-que-esta-conduzindo-as-investigacoes-sobre-a-tentativa-de-homicidio-ocorrida-no-bairro-sao-vicente-em-lavras\/","title":{"rendered":"A 1\u00aa DRPC Lavras informa que est\u00e1 conduzindo as investiga\u00e7\u00f5es sobre a tentativa de homic\u00eddio ocorrida no bairro S\u00e3o Vicente em Lavras"},"content":{"rendered":"<div class=\"lavra-antes-do-conteudo_2\" id=\"lavra-69876149\"><div id=\"lavra-slider-27\" class=\"custom-slider lavra-slider-3728461224 lavra-slider\"><ul><li><div style=\"margin-left: auto;margin-right: auto;text-align: center;\" id=\"lavra-1878118523\"><a href=\"https:\/\/sistemas.lavras.mg.gov.br\/portalcidadao\/#df1b1a7c7b2a290bcb31e32771e610784662739a88807c0dacac58ede5f391a7530e299dc302d611ee73cb143fc22eaf93592e53e7b5bdb01b00a0b8d28dae460c141dd2ff83412e4dc1c31b16b25f33144a9e5620ea73b13f5bc1c59411d98439ad226e8af03840603796067d87afe130812cf3de24982d0e306f9e61e764e5\" aria-label=\"Lavras-TV&#8211;720x104px (1) (1)\"><img src=\"https:\/\/lavras.tv\/site\/wp-content\/uploads\/2025\/01\/Lavras-TV-720x104px-1-1.png\" alt=\"\"  srcset=\"https:\/\/lavras.tv\/site\/wp-content\/uploads\/2025\/01\/Lavras-TV-720x104px-1-1.png 720w, https:\/\/lavras.tv\/site\/wp-content\/uploads\/2025\/01\/Lavras-TV-720x104px-1-1-470x68.png 470w, https:\/\/lavras.tv\/site\/wp-content\/uploads\/2025\/01\/Lavras-TV-720x104px-1-1-170x25.png 170w, https:\/\/lavras.tv\/site\/wp-content\/uploads\/2025\/01\/Lavras-TV-720x104px-1-1-200x29.png 200w\" sizes=\"(max-width: 720px) 100vw, 720px\" width=\"720\" height=\"104\"  style=\"display: inline-block;\" \/><\/a><\/div><\/li><li><a href=\"https:\/\/sistemas.lavras.mg.gov.br\/portalcidadao\/#df1b1a7c7b2a290bcb31e32771e610784662739a88807c0dacac58ede5f391a7530e299dc302d611ee73cb143fc22eaf93592e53e7b5bdb01b00a0b8d28dae460c141dd2ff83412e4dc1c31b16b25f33144a9e5620ea73b13f5bc1c59411d98439ad226e8af03840603796067d87afe130812cf3de24982d0e306f9e61e764e5\" aria-label=\"Banner_Emprego_PortallavrasTV\"><img src=\"https:\/\/lavras.tv\/site\/wp-content\/uploads\/2025\/03\/Banner_Emprego_PortallavrasTV.png\" alt=\"\"  srcset=\"https:\/\/lavras.tv\/site\/wp-content\/uploads\/2025\/03\/Banner_Emprego_PortallavrasTV.png 720w, https:\/\/lavras.tv\/site\/wp-content\/uploads\/2025\/03\/Banner_Emprego_PortallavrasTV-470x68.png 470w, https:\/\/lavras.tv\/site\/wp-content\/uploads\/2025\/03\/Banner_Emprego_PortallavrasTV-170x25.png 170w, https:\/\/lavras.tv\/site\/wp-content\/uploads\/2025\/03\/Banner_Emprego_PortallavrasTV-200x29.png 200w\" sizes=\"(max-width: 720px) 100vw, 720px\" width=\"720\" height=\"104\"   \/><\/a><\/li><li><a href=\"https:\/\/sistemas.lavras.mg.gov.br\/portalcidadao\/#df1b1a7c7b2a290bcb31e32771e610784662739a88807c0dacac58ede5f391a7530e299dc302d611ee73cb143fc22eaf93592e53e7b5bdb01b00a0b8d28dae460c141dd2ff83412e4dc1c31b16b25f33144a9e5620ea73b13f5bc1c59411d98439ad226e8af03840603796067d87afe130812cf3de24982d0e306f9e61e764e5\" aria-label=\"Banner_Obras_PortallavrasTV\"><img src=\"https:\/\/lavras.tv\/site\/wp-content\/uploads\/2025\/03\/Banner_Obras_PortallavrasTV.png\" alt=\"\"  srcset=\"https:\/\/lavras.tv\/site\/wp-content\/uploads\/2025\/03\/Banner_Obras_PortallavrasTV.png 720w, https:\/\/lavras.tv\/site\/wp-content\/uploads\/2025\/03\/Banner_Obras_PortallavrasTV-470x68.png 470w, https:\/\/lavras.tv\/site\/wp-content\/uploads\/2025\/03\/Banner_Obras_PortallavrasTV-170x25.png 170w, https:\/\/lavras.tv\/site\/wp-content\/uploads\/2025\/03\/Banner_Obras_PortallavrasTV-200x29.png 200w\" sizes=\"(max-width: 720px) 100vw, 720px\" width=\"720\" height=\"104\"   \/><\/a><\/li><li><div style=\"margin-left: auto;margin-right: auto;text-align: center;\" id=\"lavra-722099469\"><a href=\"https:\/\/sistemas.lavras.mg.gov.br\/portalcidadao\/#df1b1a7c7b2a290bcb31e32771e610784662739a88807c0dacac58ede5f391a7530e299dc302d611ee73cb143fc22eaf93592e53e7b5bdb01b00a0b8d28dae460c141dd2ff83412e4dc1c31b16b25f33144a9e5620ea73b13f5bc1c59411d98439ad226e8af03840603796067d87afe130812cf3de24982d0e306f9e61e764e5\" aria-label=\"Banner_Educa\u00e7\u00e3o_PortallavrasTV\"><img src=\"https:\/\/lavras.tv\/site\/wp-content\/uploads\/2025\/01\/Banner_Educacao_PortallavrasTV.png\" alt=\"\"  srcset=\"https:\/\/lavras.tv\/site\/wp-content\/uploads\/2025\/01\/Banner_Educacao_PortallavrasTV.png 720w, https:\/\/lavras.tv\/site\/wp-content\/uploads\/2025\/01\/Banner_Educacao_PortallavrasTV-470x68.png 470w, https:\/\/lavras.tv\/site\/wp-content\/uploads\/2025\/01\/Banner_Educacao_PortallavrasTV-170x25.png 170w, https:\/\/lavras.tv\/site\/wp-content\/uploads\/2025\/01\/Banner_Educacao_PortallavrasTV-200x29.png 200w\" sizes=\"(max-width: 720px) 100vw, 720px\" width=\"720\" height=\"104\"  style=\"display: inline-block;\" \/><\/a><\/div><\/li><li><a href=\"https:\/\/sistemas.lavras.mg.gov.br\/portalcidadao\/#df1b1a7c7b2a290bcb31e32771e610784662739a88807c0dacac58ede5f391a7530e299dc302d611ee73cb143fc22eaf93592e53e7b5bdb01b00a0b8d28dae460c141dd2ff83412e4dc1c31b16b25f33144a9e5620ea73b13f5bc1c59411d98439ad226e8af03840603796067d87afe130812cf3de24982d0e306f9e61e764e5\" aria-label=\"Banner_Sa\u00fade_PortallavrasTV\"><img src=\"https:\/\/lavras.tv\/site\/wp-content\/uploads\/2025\/03\/Banner_Saude_PortallavrasTV.png\" alt=\"\"  srcset=\"https:\/\/lavras.tv\/site\/wp-content\/uploads\/2025\/03\/Banner_Saude_PortallavrasTV.png 720w, https:\/\/lavras.tv\/site\/wp-content\/uploads\/2025\/03\/Banner_Saude_PortallavrasTV-470x68.png 470w, https:\/\/lavras.tv\/site\/wp-content\/uploads\/2025\/03\/Banner_Saude_PortallavrasTV-170x25.png 170w, https:\/\/lavras.tv\/site\/wp-content\/uploads\/2025\/03\/Banner_Saude_PortallavrasTV-200x29.png 200w\" sizes=\"(max-width: 720px) 100vw, 720px\" width=\"720\" height=\"104\"   \/><\/a><\/li><li><div id=\"lavra-702721771\" style=\"width:720px;height:104px;background-color:#ddd;overflow:scroll;\">\n\t<strong>Sa\u00edda da depura\u00e7\u00e3o de an\u00fancios<\/strong>\n\t<br><br>\n\tO an\u00fancio n\u00e3o \u00e9 exibido na p\u00e1gina<br><br>post atual: A 1\u00aa DRPC Lavras informa que est\u00e1 conduzindo as investiga\u00e7\u00f5es sobre a tentativa de homic\u00eddio ocorrida no bairro S\u00e3o Vicente em Lavras, ID: 143645<br><br><span style=\"color: red;\">O post atual n\u00e3o \u00e9 id\u00eantico ao post principal.<\/span><br><br>An\u00fancios: ROXO - TOPO INTERNA - ROTATIVO 2 (197)<br \/>Grupo de an\u00fancios: Princ_Meio01_720x104 (27)<br><br>Condi\u00e7\u00f5es de exibi\u00e7\u00e3o<div style=\"margin-bottom: 20px; white-space: pre-wrap; font-family: monospace; width: 100%; background: #ffe9e9;\"><strong>condi\u00e7\u00f5es gerais<\/strong><table border=\"1\"><thead><tr><th><\/th><th>An\u00fancios<\/th><th>wp_the_query<\/th><\/tr><\/thead><tr><td>is_main_query<\/td><td>1<\/td><td>1<\/td><\/tr><tr><td>is_rest_api<\/td><td>0<\/td><td>1<\/td><\/tr><tr><td>page<\/td><td>0<\/td><td>1<\/td><\/tr><tr><td>numpages<\/td><td>0<\/td><td>1<\/td><\/tr><tr><td>is_archive<\/td><td>1<\/td><td><\/td><\/tr><tr><td>is_search<\/td><td>1<\/td><td><\/td><\/tr><tr><td>is_home<\/td><td>1<\/td><td><\/td><\/tr><tr><td>is_404<\/td><td>1<\/td><td><\/td><\/tr><tr><td>is_attachment<\/td><td>1<\/td><td><\/td><\/tr><tr><td>is_singular<\/td><td>1<\/td><td><\/td><\/tr><tr><td>is_front_page<\/td><td>1<\/td><td><\/td><\/tr><tr><td>is_feed<\/td><td>1<\/td><td><\/td><\/tr><\/table><\/div><br><br><span style=\"color: red;\">Seu site usa HTTPS, mas o c\u00f3digo do an\u00fancio cont\u00e9m HTTP e pode n\u00e3o funcionar.<\/span>\t<br><br>\n\t<a style=\"color: green;\" href=\"https:\/\/wpadvancedads.com\/manual\/ad-debug-mode\/?utm_source=advanced-ads&utm_medium=link&utm_campaign=ad-debug-mode\" target=\"_blank\" rel=\"nofollow\">Encontre solu\u00e7\u00f5es no manual<\/a>\n<\/div>\n<\/li><\/ul><\/div><script>( window.advanced_ads_ready || jQuery( document ).ready ).call( null, function() {var $lavraslider3728461224 = jQuery( \".lavra-slider-3728461224\" );$lavraslider3728461224.on( \"unslider.ready\", function() { jQuery( \"div.custom-slider ul li\" ).css( \"display\", \"block\" ); });$lavraslider3728461224.unslider({ delay:4000, autoplay:true, nav:false, arrows:false, infinite:true });$lavraslider3728461224.on(\"mouseover\", function() {$lavraslider3728461224.unslider(\"stop\");}).on(\"mouseout\", function() {$lavraslider3728461224.unslider(\"start\");});});<\/script><\/div>\n<figure class=\"wp-block-image size-large is-resized\"><img fetchpriority=\"high\" decoding=\"async\" width=\"768\" height=\"1024\" src=\"https:\/\/lavras.tv\/site\/wp-content\/uploads\/2024\/12\/WhatsApp-Image-2024-12-13-at-08.50.05-1-768x1024.jpeg\" alt=\"\" class=\"wp-image-143646\" style=\"width:470px;height:auto\" srcset=\"https:\/\/lavras.tv\/site\/wp-content\/uploads\/2024\/12\/WhatsApp-Image-2024-12-13-at-08.50.05-1-768x1024.jpeg 768w, https:\/\/lavras.tv\/site\/wp-content\/uploads\/2024\/12\/WhatsApp-Image-2024-12-13-at-08.50.05-1-225x300.jpeg 225w, https:\/\/lavras.tv\/site\/wp-content\/uploads\/2024\/12\/WhatsApp-Image-2024-12-13-at-08.50.05-1-113x150.jpeg 113w, https:\/\/lavras.tv\/site\/wp-content\/uploads\/2024\/12\/WhatsApp-Image-2024-12-13-at-08.50.05-1-150x200.jpeg 150w, https:\/\/lavras.tv\/site\/wp-content\/uploads\/2024\/12\/WhatsApp-Image-2024-12-13-at-08.50.05-1-1152x1536.jpeg 1152w, https:\/\/lavras.tv\/site\/wp-content\/uploads\/2024\/12\/WhatsApp-Image-2024-12-13-at-08.50.05-1.jpeg 1200w\" sizes=\"(max-width: 768px) 100vw, 768px\" \/><\/figure>\n\n\n\n<p>No dia 12 de dezembro de 2024, \u00e0s 17h01, uma tentativa de homic\u00eddio foi registrada no munic\u00edpio de Lavras\/MG. Um indiv\u00edduo de 24 anos teria desembarcado de seu ve\u00edculo e teria supostamente efetuado quatro disparos de arma de fogo em dire\u00e7\u00e3o um homem de 29 anos, que caminhava pela via utilizando seu aparelho celular. Ap\u00f3s os disparos, a v\u00edtima conseguiu entrar em seu ve\u00edculo e evadiu-se do local em dire\u00e7\u00e3o ignorada.<\/p>\n\n\n\n<p>Dois dos disparos atingiram um ve\u00edculo estacionado na via. Este ve\u00edculo pertence a uma fam\u00edlia sem qualquer envolvimento com o fato criminoso. Ambos os envolvidos possuem passagens pela pol\u00edcia por tr\u00e1fico de drogas, conforme consulta preliminar aos registros policiais.<\/p>\n\n\n\n<p>A Pol\u00edcia Militar realizou dilig\u00eancias que levaram \u00e0 localiza\u00e7\u00e3o de do suspeito em sua resid\u00eancia. No local, foi apreendido o ve\u00edculo utilizado no crime, com o motor ainda quente, e um rev\u00f3lver calibre .38 com numera\u00e7\u00e3o raspada, encontrado em uma prateleira. O autor foi preso em flagrante e conduzido \u00e0 delegacia, onde foi cientificado de seus direitos constitucionais.<\/p>\n\n\n\n<p>Foi lavrado APFD pela PCMG e a pris\u00e3o do suspeito foi ratificada pelo crime de tentativa de homic\u00eddio. A v\u00edtima ainda n\u00e3o foi localizada. A per\u00edcia t\u00e9cnica compareceu ao local, analisando os vest\u00edgios<\/p>\n\n\n\n<p>Equipes de investiga\u00e7\u00e3o continuam diligenciando para localizar a v\u00edtima e apurar o poss\u00edvel envolvimento de outros suspeitos. As investiga\u00e7\u00f5es est\u00e3o em andamento para a completa elucida\u00e7\u00e3o dos fatos.<\/p>\n","protected":false},"excerpt":{"rendered":"<p>No dia 12 de dezembro de 2024, \u00e0s 17h01, uma tentativa de homic\u00eddio foi registrada no munic\u00edpio de Lavras\/MG. Um indiv\u00edduo de 24 anos teria desembarcado de seu ve\u00edculo e teria supostamente efetuado quatro disparos de arma de fogo em dire\u00e7\u00e3o um homem de 29 anos, que caminhava pela via utilizando seu aparelho celular. Ap\u00f3s [&hellip;]<\/p>\n","protected":false},"author":5,"featured_media":143646,"comment_status":"closed","ping_status":"open","sticky":false,"template":"","format":"standard","meta":{"advgb_blocks_editor_width":"","advgb_blocks_columns_visual_guide":"","_exactmetrics_skip_tracking":false,"_exactmetrics_sitenote_active":false,"_exactmetrics_sitenote_note":"","_exactmetrics_sitenote_category":0,"footnotes":""},"categories":[7,2],"tags":[],"class_list":["post-143645","post","type-post","status-publish","format-standard","has-post-thumbnail","hentry","category-destaques","category-noticias"],"better_featured_image":{"id":143646,"alt_text":"","caption":"","description":"","media_type":"image","media_details":{"width":1200,"height":1600,"file":"2024\/12\/WhatsApp-Image-2024-12-13-at-08.50.05-1.jpeg","filesize":286590,"sizes":{"medium":{"file":"WhatsApp-Image-2024-12-13-at-08.50.05-1-225x300.jpeg","width":225,"height":300,"mime-type":"image\/jpeg","filesize":16859,"source_url":"https:\/\/lavras.tv\/site\/wp-content\/uploads\/2024\/12\/WhatsApp-Image-2024-12-13-at-08.50.05-1-225x300.jpeg"},"large":{"file":"WhatsApp-Image-2024-12-13-at-08.50.05-1-768x1024.jpeg","width":768,"height":1024,"mime-type":"image\/jpeg","filesize":139911,"source_url":"https:\/\/lavras.tv\/site\/wp-content\/uploads\/2024\/12\/WhatsApp-Image-2024-12-13-at-08.50.05-1-768x1024.jpeg"},"thumbnail":{"file":"WhatsApp-Image-2024-12-13-at-08.50.05-1-113x150.jpeg","width":113,"height":150,"mime-type":"image\/jpeg","filesize":5499,"source_url":"https:\/\/lavras.tv\/site\/wp-content\/uploads\/2024\/12\/WhatsApp-Image-2024-12-13-at-08.50.05-1-113x150.jpeg"},"lshowcase-thumb":{"file":"WhatsApp-Image-2024-12-13-at-08.50.05-1-150x200.jpeg","width":150,"height":200,"mime-type":"image\/jpeg","filesize":8388,"source_url":"https:\/\/lavras.tv\/site\/wp-content\/uploads\/2024\/12\/WhatsApp-Image-2024-12-13-at-08.50.05-1-150x200.jpeg"},"1536x1536":{"file":"WhatsApp-Image-2024-12-13-at-08.50.05-1-1152x1536.jpeg","width":1152,"height":1536,"mime-type":"image\/jpeg","filesize":273743,"source_url":"https:\/\/lavras.tv\/site\/wp-content\/uploads\/2024\/12\/WhatsApp-Image-2024-12-13-at-08.50.05-1-1152x1536.jpeg"},"alm-thumbnail":{"file":"WhatsApp-Image-2024-12-13-at-08.50.05-1-150x150.jpeg","width":150,"height":150,"mime-type":"image\/jpeg","filesize":6318,"source_url":"https:\/\/lavras.tv\/site\/wp-content\/uploads\/2024\/12\/WhatsApp-Image-2024-12-13-at-08.50.05-1-150x150.jpeg"}},"image_meta":{"aperture":"0","credit":"","camera":"","caption":"","created_timestamp":"0","copyright":"","focal_length":"0","iso":"0","shutter_speed":"0","title":"","orientation":"0","keywords":[]}},"post":143645,"source_url":"https:\/\/lavras.tv\/site\/wp-content\/uploads\/2024\/12\/WhatsApp-Image-2024-12-13-at-08.50.05-1.jpeg"},"author_meta":{"display_name":"Vinicius Bustamante","author_link":"https:\/\/lavras.tv\/site\/author\/vinicius-bustamante\/"},"featured_img":"https:\/\/lavras.tv\/site\/wp-content\/uploads\/2024\/12\/WhatsApp-Image-2024-12-13-at-08.50.05-1-225x300.jpeg","coauthors":[],"tax_additional":{"categories":{"linked":["<a href=\"https:\/\/lavras.tv\/site\/category\/destaques\/\" class=\"advgb-post-tax-term\">Destaques<\/a>","<a href=\"https:\/\/lavras.tv\/site\/category\/noticias\/\" class=\"advgb-post-tax-term\">Not\u00edcias<\/a>"],"unlinked":["<span class=\"advgb-post-tax-term\">Destaques<\/span>","<span class=\"advgb-post-tax-term\">Not\u00edcias<\/span>"]}},"comment_count":"0","relative_dates":{"created":"Publicado 1 ano atr\u00e1s","modified":"Atualizado 1 ano atr\u00e1s"},"absolute_dates":{"created":"Publicado em 13 de dezembro de 2024","modified":"Atualizado em 13 de dezembro de 2024"},"absolute_dates_time":{"created":"Publicado em 13 de dezembro de 2024 11:17","modified":"Atualizado em 13 de dezembro de 2024 11:17"},"featured_img_caption":"","series_order":"","_links":{"self":[{"href":"https:\/\/lavras.tv\/site\/wp-json\/wp\/v2\/posts\/143645","targetHints":{"allow":["GET"]}}],"collection":[{"href":"https:\/\/lavras.tv\/site\/wp-json\/wp\/v2\/posts"}],"about":[{"href":"https:\/\/lavras.tv\/site\/wp-json\/wp\/v2\/types\/post"}],"author":[{"embeddable":true,"href":"https:\/\/lavras.tv\/site\/wp-json\/wp\/v2\/users\/5"}],"replies":[{"embeddable":true,"href":"https:\/\/lavras.tv\/site\/wp-json\/wp\/v2\/comments?post=143645"}],"version-history":[{"count":1,"href":"https:\/\/lavras.tv\/site\/wp-json\/wp\/v2\/posts\/143645\/revisions"}],"predecessor-version":[{"id":143647,"href":"https:\/\/lavras.tv\/site\/wp-json\/wp\/v2\/posts\/143645\/revisions\/143647"}],"wp:featuredmedia":[{"embeddable":true,"href":"https:\/\/lavras.tv\/site\/wp-json\/wp\/v2\/media\/143646"}],"wp:attachment":[{"href":"https:\/\/lavras.tv\/site\/wp-json\/wp\/v2\/media?parent=143645"}],"wp:term":[{"taxonomy":"category","embeddable":true,"href":"https:\/\/lavras.tv\/site\/wp-json\/wp\/v2\/categories?post=143645"},{"taxonomy":"post_tag","embeddable":true,"href":"https:\/\/lavras.tv\/site\/wp-json\/wp\/v2\/tags?post=143645"}],"curies":[{"name":"wp","href":"https:\/\/api.w.org\/{rel}","templated":true}]}}