{"id":143648,"date":"2024-12-13T11:25:16","date_gmt":"2024-12-13T14:25:16","guid":{"rendered":"https:\/\/lavras.tv\/site\/?p=143648"},"modified":"2024-12-13T11:25:17","modified_gmt":"2024-12-13T14:25:17","slug":"em-cinco-anos-governo-de-minas-amplia-em-mais-de-2-400-o-uso-do-asfalto-borracha-nas-rodovias-do-estado","status":"publish","type":"post","link":"https:\/\/lavras.tv\/site\/2024\/12\/13\/em-cinco-anos-governo-de-minas-amplia-em-mais-de-2-400-o-uso-do-asfalto-borracha-nas-rodovias-do-estado\/","title":{"rendered":"Em cinco anos, Governo de Minas amplia em mais de 2.400% o uso do asfalto borracha nas rodovias do estado"},"content":{"rendered":"<div class=\"lavra-antes-do-conteudo_2\" id=\"lavra-1410026633\"><div id=\"lavra-slider-27\" class=\"custom-slider lavra-slider-3134098632 lavra-slider\"><ul><li><div style=\"margin-left: auto;margin-right: auto;text-align: center;\" id=\"lavra-1184275149\"><a href=\"https:\/\/sistemas.lavras.mg.gov.br\/portalcidadao\/#df1b1a7c7b2a290bcb31e32771e610784662739a88807c0dacac58ede5f391a7530e299dc302d611ee73cb143fc22eaf93592e53e7b5bdb01b00a0b8d28dae460c141dd2ff83412e4dc1c31b16b25f33144a9e5620ea73b13f5bc1c59411d98439ad226e8af03840603796067d87afe130812cf3de24982d0e306f9e61e764e5\" aria-label=\"Lavras-TV&#8211;720x104px (1) (1)\"><img src=\"https:\/\/lavras.tv\/site\/wp-content\/uploads\/2025\/01\/Lavras-TV-720x104px-1-1.png\" alt=\"\"  srcset=\"https:\/\/lavras.tv\/site\/wp-content\/uploads\/2025\/01\/Lavras-TV-720x104px-1-1.png 720w, https:\/\/lavras.tv\/site\/wp-content\/uploads\/2025\/01\/Lavras-TV-720x104px-1-1-470x68.png 470w, https:\/\/lavras.tv\/site\/wp-content\/uploads\/2025\/01\/Lavras-TV-720x104px-1-1-170x25.png 170w, https:\/\/lavras.tv\/site\/wp-content\/uploads\/2025\/01\/Lavras-TV-720x104px-1-1-200x29.png 200w\" sizes=\"(max-width: 720px) 100vw, 720px\" width=\"720\" height=\"104\"  style=\"display: inline-block;\" \/><\/a><\/div><\/li><li><a href=\"https:\/\/sistemas.lavras.mg.gov.br\/portalcidadao\/#df1b1a7c7b2a290bcb31e32771e610784662739a88807c0dacac58ede5f391a7530e299dc302d611ee73cb143fc22eaf93592e53e7b5bdb01b00a0b8d28dae460c141dd2ff83412e4dc1c31b16b25f33144a9e5620ea73b13f5bc1c59411d98439ad226e8af03840603796067d87afe130812cf3de24982d0e306f9e61e764e5\" aria-label=\"Banner_Emprego_PortallavrasTV\"><img src=\"https:\/\/lavras.tv\/site\/wp-content\/uploads\/2025\/03\/Banner_Emprego_PortallavrasTV.png\" alt=\"\"  srcset=\"https:\/\/lavras.tv\/site\/wp-content\/uploads\/2025\/03\/Banner_Emprego_PortallavrasTV.png 720w, https:\/\/lavras.tv\/site\/wp-content\/uploads\/2025\/03\/Banner_Emprego_PortallavrasTV-470x68.png 470w, https:\/\/lavras.tv\/site\/wp-content\/uploads\/2025\/03\/Banner_Emprego_PortallavrasTV-170x25.png 170w, https:\/\/lavras.tv\/site\/wp-content\/uploads\/2025\/03\/Banner_Emprego_PortallavrasTV-200x29.png 200w\" sizes=\"(max-width: 720px) 100vw, 720px\" width=\"720\" height=\"104\"   \/><\/a><\/li><li><a href=\"https:\/\/sistemas.lavras.mg.gov.br\/portalcidadao\/#df1b1a7c7b2a290bcb31e32771e610784662739a88807c0dacac58ede5f391a7530e299dc302d611ee73cb143fc22eaf93592e53e7b5bdb01b00a0b8d28dae460c141dd2ff83412e4dc1c31b16b25f33144a9e5620ea73b13f5bc1c59411d98439ad226e8af03840603796067d87afe130812cf3de24982d0e306f9e61e764e5\" aria-label=\"Banner_Obras_PortallavrasTV\"><img src=\"https:\/\/lavras.tv\/site\/wp-content\/uploads\/2025\/03\/Banner_Obras_PortallavrasTV.png\" alt=\"\"  srcset=\"https:\/\/lavras.tv\/site\/wp-content\/uploads\/2025\/03\/Banner_Obras_PortallavrasTV.png 720w, https:\/\/lavras.tv\/site\/wp-content\/uploads\/2025\/03\/Banner_Obras_PortallavrasTV-470x68.png 470w, https:\/\/lavras.tv\/site\/wp-content\/uploads\/2025\/03\/Banner_Obras_PortallavrasTV-170x25.png 170w, https:\/\/lavras.tv\/site\/wp-content\/uploads\/2025\/03\/Banner_Obras_PortallavrasTV-200x29.png 200w\" sizes=\"(max-width: 720px) 100vw, 720px\" width=\"720\" height=\"104\"   \/><\/a><\/li><li><div style=\"margin-left: auto;margin-right: auto;text-align: center;\" id=\"lavra-3297264372\"><a href=\"https:\/\/sistemas.lavras.mg.gov.br\/portalcidadao\/#df1b1a7c7b2a290bcb31e32771e610784662739a88807c0dacac58ede5f391a7530e299dc302d611ee73cb143fc22eaf93592e53e7b5bdb01b00a0b8d28dae460c141dd2ff83412e4dc1c31b16b25f33144a9e5620ea73b13f5bc1c59411d98439ad226e8af03840603796067d87afe130812cf3de24982d0e306f9e61e764e5\" aria-label=\"Banner_Educa\u00e7\u00e3o_PortallavrasTV\"><img src=\"https:\/\/lavras.tv\/site\/wp-content\/uploads\/2025\/01\/Banner_Educacao_PortallavrasTV.png\" alt=\"\"  srcset=\"https:\/\/lavras.tv\/site\/wp-content\/uploads\/2025\/01\/Banner_Educacao_PortallavrasTV.png 720w, https:\/\/lavras.tv\/site\/wp-content\/uploads\/2025\/01\/Banner_Educacao_PortallavrasTV-470x68.png 470w, https:\/\/lavras.tv\/site\/wp-content\/uploads\/2025\/01\/Banner_Educacao_PortallavrasTV-170x25.png 170w, https:\/\/lavras.tv\/site\/wp-content\/uploads\/2025\/01\/Banner_Educacao_PortallavrasTV-200x29.png 200w\" sizes=\"(max-width: 720px) 100vw, 720px\" width=\"720\" height=\"104\"  style=\"display: inline-block;\" \/><\/a><\/div><\/li><li><a href=\"https:\/\/sistemas.lavras.mg.gov.br\/portalcidadao\/#df1b1a7c7b2a290bcb31e32771e610784662739a88807c0dacac58ede5f391a7530e299dc302d611ee73cb143fc22eaf93592e53e7b5bdb01b00a0b8d28dae460c141dd2ff83412e4dc1c31b16b25f33144a9e5620ea73b13f5bc1c59411d98439ad226e8af03840603796067d87afe130812cf3de24982d0e306f9e61e764e5\" aria-label=\"Banner_Sa\u00fade_PortallavrasTV\"><img src=\"https:\/\/lavras.tv\/site\/wp-content\/uploads\/2025\/03\/Banner_Saude_PortallavrasTV.png\" alt=\"\"  srcset=\"https:\/\/lavras.tv\/site\/wp-content\/uploads\/2025\/03\/Banner_Saude_PortallavrasTV.png 720w, https:\/\/lavras.tv\/site\/wp-content\/uploads\/2025\/03\/Banner_Saude_PortallavrasTV-470x68.png 470w, https:\/\/lavras.tv\/site\/wp-content\/uploads\/2025\/03\/Banner_Saude_PortallavrasTV-170x25.png 170w, https:\/\/lavras.tv\/site\/wp-content\/uploads\/2025\/03\/Banner_Saude_PortallavrasTV-200x29.png 200w\" sizes=\"(max-width: 720px) 100vw, 720px\" width=\"720\" height=\"104\"   \/><\/a><\/li><li><div id=\"lavra-212433568\" style=\"width:720px;height:104px;background-color:#ddd;overflow:scroll;\">\n\t<strong>Sa\u00edda da depura\u00e7\u00e3o de an\u00fancios<\/strong>\n\t<br><br>\n\tO an\u00fancio n\u00e3o \u00e9 exibido na p\u00e1gina<br><br>post atual: Em cinco anos, Governo de Minas amplia em mais de 2.400% o uso do asfalto borracha nas rodovias do estado, ID: 143648<br><br><span style=\"color: red;\">O post atual n\u00e3o \u00e9 id\u00eantico ao post principal.<\/span><br><br>An\u00fancios: ROXO - TOPO INTERNA - ROTATIVO 2 (197)<br \/>Grupo de an\u00fancios: Princ_Meio01_720x104 (27)<br><br>Condi\u00e7\u00f5es de exibi\u00e7\u00e3o<div style=\"margin-bottom: 20px; white-space: pre-wrap; font-family: monospace; width: 100%; background: #ffe9e9;\"><strong>condi\u00e7\u00f5es gerais<\/strong><table border=\"1\"><thead><tr><th><\/th><th>An\u00fancios<\/th><th>wp_the_query<\/th><\/tr><\/thead><tr><td>is_main_query<\/td><td>1<\/td><td>1<\/td><\/tr><tr><td>is_rest_api<\/td><td>0<\/td><td>1<\/td><\/tr><tr><td>page<\/td><td>0<\/td><td>1<\/td><\/tr><tr><td>numpages<\/td><td>0<\/td><td>1<\/td><\/tr><tr><td>is_archive<\/td><td>1<\/td><td><\/td><\/tr><tr><td>is_search<\/td><td>1<\/td><td><\/td><\/tr><tr><td>is_home<\/td><td>1<\/td><td><\/td><\/tr><tr><td>is_404<\/td><td>1<\/td><td><\/td><\/tr><tr><td>is_attachment<\/td><td>1<\/td><td><\/td><\/tr><tr><td>is_singular<\/td><td>1<\/td><td><\/td><\/tr><tr><td>is_front_page<\/td><td>1<\/td><td><\/td><\/tr><tr><td>is_feed<\/td><td>1<\/td><td><\/td><\/tr><\/table><\/div><br><br><span style=\"color: red;\">Seu site usa HTTPS, mas o c\u00f3digo do an\u00fancio cont\u00e9m HTTP e pode n\u00e3o funcionar.<\/span>\t<br><br>\n\t<a style=\"color: green;\" href=\"https:\/\/wpadvancedads.com\/manual\/ad-debug-mode\/?utm_source=advanced-ads&utm_medium=link&utm_campaign=ad-debug-mode\" target=\"_blank\" rel=\"nofollow\">Encontre solu\u00e7\u00f5es no manual<\/a>\n<\/div>\n<\/li><\/ul><\/div><script>( window.advanced_ads_ready || jQuery( document ).ready ).call( null, function() {var $lavraslider3134098632 = jQuery( \".lavra-slider-3134098632\" );$lavraslider3134098632.on( \"unslider.ready\", function() { jQuery( \"div.custom-slider ul li\" ).css( \"display\", \"block\" ); });$lavraslider3134098632.unslider({ delay:4000, autoplay:true, nav:false, arrows:false, infinite:true });$lavraslider3134098632.on(\"mouseover\", function() {$lavraslider3134098632.unslider(\"stop\");}).on(\"mouseout\", function() {$lavraslider3134098632.unslider(\"start\");});});<\/script><\/div>\n<p><em>DER-MG ajudou a retirar do meio ambiente 1,6 milh\u00e3o de pneus e se torna, entre os estados, o \u00f3rg\u00e3o p\u00fablico que mais utiliza o material<\/em><\/p>\n\n\n\n<figure class=\"wp-block-image size-large\"><img fetchpriority=\"high\" decoding=\"async\" width=\"970\" height=\"447\" src=\"https:\/\/lavras.tv\/site\/wp-content\/uploads\/2024\/12\/MGC-496_Pirapora-_Corinto_-Divulgacao_DER-MG.jpeg_2-970x447.jpeg\" alt=\"\" class=\"wp-image-143649\" srcset=\"https:\/\/lavras.tv\/site\/wp-content\/uploads\/2024\/12\/MGC-496_Pirapora-_Corinto_-Divulgacao_DER-MG.jpeg_2-970x447.jpeg 970w, https:\/\/lavras.tv\/site\/wp-content\/uploads\/2024\/12\/MGC-496_Pirapora-_Corinto_-Divulgacao_DER-MG.jpeg_2-470x217.jpeg 470w, https:\/\/lavras.tv\/site\/wp-content\/uploads\/2024\/12\/MGC-496_Pirapora-_Corinto_-Divulgacao_DER-MG.jpeg_2-170x78.jpeg 170w, https:\/\/lavras.tv\/site\/wp-content\/uploads\/2024\/12\/MGC-496_Pirapora-_Corinto_-Divulgacao_DER-MG.jpeg_2-200x92.jpeg 200w, https:\/\/lavras.tv\/site\/wp-content\/uploads\/2024\/12\/MGC-496_Pirapora-_Corinto_-Divulgacao_DER-MG.jpeg_2-1536x708.jpeg 1536w, https:\/\/lavras.tv\/site\/wp-content\/uploads\/2024\/12\/MGC-496_Pirapora-_Corinto_-Divulgacao_DER-MG.jpeg_2.jpeg 1600w\" sizes=\"(max-width: 970px) 100vw, 970px\" \/><\/figure>\n\n\n\n<p>O&nbsp;<a href=\"https:\/\/www.mg.gov.br\/\" target=\"_blank\" rel=\"noreferrer noopener\">Governo de Minas<\/a>&nbsp;aumentou em mais de 2.400% o uso de asfalto borracha em obras rodovi\u00e1rias nos \u00faltimos cinco anos, de acordo com dados da empresa que fornece o material ao&nbsp;<a href=\"https:\/\/www.der.mg.gov.br\/\" target=\"_blank\" rel=\"noreferrer noopener\">Departamento de Estradas de Rodagem do Estado de Minas Gerais (DER-MG)<\/a>.<br><br>O volume utilizado do material, considerado ecologicamente correto, saltou de 1.107 toneladas,&nbsp;em 2020, para 40.115 toneladas&nbsp;em 2024. Ainda segundo as informa\u00e7\u00f5es da fornecedora, o DER-MG \u00e9 o \u00f3rg\u00e3o p\u00fablico que mais utiliza o asfalto borracha no Brasil, com um resultado acumulado de 80 mil toneladas no per\u00edodo citado. O uso desse mecanismo levou \u00e0 retirada de 1,6 milh\u00e3o de pneus do meio ambiente.<br><br>Al\u00e9m de promover o reaproveitamento de res\u00edduos e diminuir o impacto ambiental, o emprego do asfalto borracha ajuda, de forma indireta, a evitar a emiss\u00e3o de carbono, o que corresponde a mais 40 mil \u00e1rvores que deixariam de ser cortadas. Com a reutiliza\u00e7\u00e3o dos pneus descartados, tamb\u00e9m evita-se a prolifera\u00e7\u00e3o dos criadouros de mosquitos da dengue.<br><br>O aumento da utiliza\u00e7\u00e3o do insumo em Minas foi alavancado pelo Caminhos para Avan\u00e7ar, maior programa de recupera\u00e7\u00e3o de rodovias das \u00faltimas d\u00e9cadas, com mais de 5,5 mil quil\u00f4metros de vias contempladas, combinando investimentos p\u00fablicos e privados.<br><br>Dentro desse contexto, o Governo de Minas recupera mais de 3,5 mil quil\u00f4metros de estradas, muitas delas utilizando o asfalto borracha, como na rodovia MGC-496, que liga Corinto a Pirapora, no Norte do estado, e na MG-164, entre Bom Despacho e Martinho Campos, na regi\u00e3o Central de Minas Gerais.<br><br>As obras de implanta\u00e7\u00e3o e pavimenta\u00e7\u00e3o tamb\u00e9m s\u00e3o contempladas com a utiliza\u00e7\u00e3o da t\u00e9cnica, como no trecho da LMG-739 que liga Congonhas do Norte, Ouro Fino e Concei\u00e7\u00e3o do Mato Dentro. Para 2025, o DER-MG prev\u00ea, inicialmente, recuperar mais de 400 quil\u00f4metros da malha estadual com o uso do asfalto borracha.<br><br>O diretor-geral do DER-MG, Rodrigo Tavares, explica que a iniciativa do uso do produto nas obras de infraestrutura rodovi\u00e1ria em Minas est\u00e1 em conson\u00e2ncia com a Lei Estadual n\u00ba 18.719\/2010. Al\u00e9m dos ganhos ambientais, o material tamb\u00e9m gera benef\u00edcios de manuten\u00e7\u00e3o.<br>&nbsp;<\/p>\n\n\n\n<figure class=\"wp-block-table\"><table class=\"has-fixed-layout\"><tbody><tr><td colspan=\"5\"><img decoding=\"async\" alt=\"\" src=\"https:\/\/www.agenciaminas.mg.gov.br\/ckeditor_assets\/pictures\/20949\/content_2_olho_topo.jpg\"><\/td><\/tr><tr><td>&nbsp;<\/td><td colspan=\"3\" rowspan=\"3\"><strong>&#8220;A utiliza\u00e7\u00e3o do asfalto borracha evidencia a aten\u00e7\u00e3o do Governo de Minas com o meio ambiente e com a durabilidade da obra, uma vez que o material garante maior vida \u00fatil do pavimento em rela\u00e7\u00e3o ao asfalto convencional. E isso reduz, por exemplo, a necessidade de reparos na pista&#8221;, aponta Rodrigo Tavares.<\/strong><\/td><td>&nbsp;<\/td><\/tr><tr><td>&nbsp;<\/td><td>&nbsp;<\/td><\/tr><tr><td>&nbsp;<\/td><td>&nbsp;<\/td><\/tr><tr><td colspan=\"5\"><img decoding=\"async\" alt=\"\" src=\"https:\/\/www.agenciaminas.mg.gov.br\/ckeditor_assets\/pictures\/20950\/content_2_olho_inferior.jpg\"><\/td><\/tr><\/tbody><\/table><\/figure>\n\n\n\n<p><br><strong>Minas em primeiro lugar<\/strong><br><br>Al\u00e9m de o DER-MG ser o \u00f3rg\u00e3o p\u00fablico que mais utiliza o produto, com um consumo de mais de 80 mil toneladas acumulados nos \u00faltimos cinco anos, Minas Gerais \u00e9 o maior consumidor de asfalto borracha no Brasil, com mais de 210 mil toneladas (juntando o uso na iniciativa p\u00fablica e privada)&nbsp;consumidas nos \u00faltimos cinco anos, de acordo com dados apontados pelo gerente comercial da empresa que fornece o produto, Roberto Perez.<br><br>&#8220;Uma via pavimentada com asfalto borracha est\u00e1 menos suscet\u00edvel \u00e0 ocorr\u00eancia de deforma\u00e7\u00f5es permanentes do pavimento, como trilhas de roda pelo excesso de peso, reduz a propaga\u00e7\u00e3o de fissuras e assim, a menor incid\u00eancia de buracos, aumentando a vida \u00fatil da rodovia&#8221;, avalia Roberto Perez.<br>&nbsp;<\/p>\n\n\n\n<p><img decoding=\"async\" alt=\"\" src=\"https:\/\/www.agenciaminas.mg.gov.br\/ckeditor_assets\/pictures\/22113\/content_infografico_1.jpeg\"><br><sub><em>DER-MG \/ Divulga\u00e7\u00e3o<\/em><\/sub><\/p>\n\n\n\n<p><img decoding=\"async\" alt=\"\" src=\"https:\/\/www.agenciaminas.mg.gov.br\/ckeditor_assets\/pictures\/22114\/content_infografico_2.jpeg\"><br><sub><em>DER-MG \/ Divulga\u00e7\u00e3o<\/em><\/sub><\/p>\n\n\n\n<p><strong>Asfalto ecol\u00f3gico<\/strong><br><br>O asfalto borracha \u00e9 um tipo de revestimento de pavimento que leva em sua composi\u00e7\u00e3o cerca de 15% de p\u00f3 de pneu mo\u00eddo. Este p\u00f3 utilizado em sua fabrica\u00e7\u00e3o \u00e9 resultado da reciclagem de pneus descart\u00e1veis, fato que caracteriza o produto como sustent\u00e1vel.<br><br>Quando adicionado ao concreto asf\u00e1ltico de petr\u00f3leo (CAP) e aquecido em reatores espec\u00edficos, gera uma mistura que d\u00e1 origem ao produto final, de alto desempenho capaz de apresentar mais viscosidade, ponto de amolecimento e mais elasticidade do que o asfalto comum.<\/p>\n","protected":false},"excerpt":{"rendered":"<p>DER-MG ajudou a retirar do meio ambiente 1,6 milh\u00e3o de pneus e se torna, entre os estados, o \u00f3rg\u00e3o p\u00fablico que mais utiliza o material O&nbsp;Governo de Minas&nbsp;aumentou em mais de 2.400% o uso de asfalto borracha em obras rodovi\u00e1rias nos \u00faltimos cinco anos, de acordo com dados da empresa que fornece o material ao&nbsp;Departamento [&hellip;]<\/p>\n","protected":false},"author":5,"featured_media":143649,"comment_status":"closed","ping_status":"open","sticky":false,"template":"","format":"standard","meta":{"advgb_blocks_editor_width":"","advgb_blocks_columns_visual_guide":"","_exactmetrics_skip_tracking":false,"_exactmetrics_sitenote_active":false,"_exactmetrics_sitenote_note":"","_exactmetrics_sitenote_category":0,"footnotes":""},"categories":[7,2],"tags":[],"class_list":["post-143648","post","type-post","status-publish","format-standard","has-post-thumbnail","hentry","category-destaques","category-noticias"],"better_featured_image":{"id":143649,"alt_text":"","caption":"","description":"","media_type":"image","media_details":{"width":1600,"height":738,"file":"2024\/12\/MGC-496_Pirapora-_Corinto_-Divulgacao_DER-MG.jpeg_2.jpeg","filesize":197205,"sizes":{"medium":{"file":"MGC-496_Pirapora-_Corinto_-Divulgacao_DER-MG.jpeg_2-470x217.jpeg","width":470,"height":217,"mime-type":"image\/jpeg","filesize":20359,"source_url":"https:\/\/lavras.tv\/site\/wp-content\/uploads\/2024\/12\/MGC-496_Pirapora-_Corinto_-Divulgacao_DER-MG.jpeg_2-470x217.jpeg"},"large":{"file":"MGC-496_Pirapora-_Corinto_-Divulgacao_DER-MG.jpeg_2-970x447.jpeg","width":970,"height":447,"mime-type":"image\/jpeg","filesize":85709,"source_url":"https:\/\/lavras.tv\/site\/wp-content\/uploads\/2024\/12\/MGC-496_Pirapora-_Corinto_-Divulgacao_DER-MG.jpeg_2-970x447.jpeg"},"thumbnail":{"file":"MGC-496_Pirapora-_Corinto_-Divulgacao_DER-MG.jpeg_2-170x78.jpeg","width":170,"height":78,"mime-type":"image\/jpeg","filesize":3248,"source_url":"https:\/\/lavras.tv\/site\/wp-content\/uploads\/2024\/12\/MGC-496_Pirapora-_Corinto_-Divulgacao_DER-MG.jpeg_2-170x78.jpeg"},"lshowcase-thumb":{"file":"MGC-496_Pirapora-_Corinto_-Divulgacao_DER-MG.jpeg_2-200x92.jpeg","width":200,"height":92,"mime-type":"image\/jpeg","filesize":4300,"source_url":"https:\/\/lavras.tv\/site\/wp-content\/uploads\/2024\/12\/MGC-496_Pirapora-_Corinto_-Divulgacao_DER-MG.jpeg_2-200x92.jpeg"},"1536x1536":{"file":"MGC-496_Pirapora-_Corinto_-Divulgacao_DER-MG.jpeg_2-1536x708.jpeg","width":1536,"height":708,"mime-type":"image\/jpeg","filesize":202968,"source_url":"https:\/\/lavras.tv\/site\/wp-content\/uploads\/2024\/12\/MGC-496_Pirapora-_Corinto_-Divulgacao_DER-MG.jpeg_2-1536x708.jpeg"},"alm-thumbnail":{"file":"MGC-496_Pirapora-_Corinto_-Divulgacao_DER-MG.jpeg_2-150x150.jpeg","width":150,"height":150,"mime-type":"image\/jpeg","filesize":5249,"source_url":"https:\/\/lavras.tv\/site\/wp-content\/uploads\/2024\/12\/MGC-496_Pirapora-_Corinto_-Divulgacao_DER-MG.jpeg_2-150x150.jpeg"}},"image_meta":{"aperture":"0","credit":"","camera":"","caption":"","created_timestamp":"0","copyright":"","focal_length":"0","iso":"0","shutter_speed":"0","title":"","orientation":"0","keywords":[]}},"post":143648,"source_url":"https:\/\/lavras.tv\/site\/wp-content\/uploads\/2024\/12\/MGC-496_Pirapora-_Corinto_-Divulgacao_DER-MG.jpeg_2.jpeg"},"author_meta":{"display_name":"Vinicius Bustamante","author_link":"https:\/\/lavras.tv\/site\/author\/vinicius-bustamante\/"},"featured_img":"https:\/\/lavras.tv\/site\/wp-content\/uploads\/2024\/12\/MGC-496_Pirapora-_Corinto_-Divulgacao_DER-MG.jpeg_2-470x217.jpeg","coauthors":[],"tax_additional":{"categories":{"linked":["<a href=\"https:\/\/lavras.tv\/site\/category\/destaques\/\" class=\"advgb-post-tax-term\">Destaques<\/a>","<a href=\"https:\/\/lavras.tv\/site\/category\/noticias\/\" class=\"advgb-post-tax-term\">Not\u00edcias<\/a>"],"unlinked":["<span class=\"advgb-post-tax-term\">Destaques<\/span>","<span class=\"advgb-post-tax-term\">Not\u00edcias<\/span>"]}},"comment_count":"0","relative_dates":{"created":"Publicado 1 ano atr\u00e1s","modified":"Atualizado 1 ano atr\u00e1s"},"absolute_dates":{"created":"Publicado em 13 de dezembro de 2024","modified":"Atualizado em 13 de dezembro de 2024"},"absolute_dates_time":{"created":"Publicado em 13 de dezembro de 2024 11:25","modified":"Atualizado em 13 de dezembro de 2024 11:25"},"featured_img_caption":"","series_order":"","_links":{"self":[{"href":"https:\/\/lavras.tv\/site\/wp-json\/wp\/v2\/posts\/143648","targetHints":{"allow":["GET"]}}],"collection":[{"href":"https:\/\/lavras.tv\/site\/wp-json\/wp\/v2\/posts"}],"about":[{"href":"https:\/\/lavras.tv\/site\/wp-json\/wp\/v2\/types\/post"}],"author":[{"embeddable":true,"href":"https:\/\/lavras.tv\/site\/wp-json\/wp\/v2\/users\/5"}],"replies":[{"embeddable":true,"href":"https:\/\/lavras.tv\/site\/wp-json\/wp\/v2\/comments?post=143648"}],"version-history":[{"count":1,"href":"https:\/\/lavras.tv\/site\/wp-json\/wp\/v2\/posts\/143648\/revisions"}],"predecessor-version":[{"id":143650,"href":"https:\/\/lavras.tv\/site\/wp-json\/wp\/v2\/posts\/143648\/revisions\/143650"}],"wp:featuredmedia":[{"embeddable":true,"href":"https:\/\/lavras.tv\/site\/wp-json\/wp\/v2\/media\/143649"}],"wp:attachment":[{"href":"https:\/\/lavras.tv\/site\/wp-json\/wp\/v2\/media?parent=143648"}],"wp:term":[{"taxonomy":"category","embeddable":true,"href":"https:\/\/lavras.tv\/site\/wp-json\/wp\/v2\/categories?post=143648"},{"taxonomy":"post_tag","embeddable":true,"href":"https:\/\/lavras.tv\/site\/wp-json\/wp\/v2\/tags?post=143648"}],"curies":[{"name":"wp","href":"https:\/\/api.w.org\/{rel}","templated":true}]}}