{"id":14365,"date":"2018-01-23T10:21:08","date_gmt":"2018-01-23T12:21:08","guid":{"rendered":"http:\/\/lavras.tv\/site\/?p=14365"},"modified":"2018-01-23T10:21:08","modified_gmt":"2018-01-23T12:21:08","slug":"quinta-feira-tem-a-estreia-do-lavras-volei-na-superliga-veja-onde-trocar-os-ingressos","status":"publish","type":"post","link":"https:\/\/lavras.tv\/site\/2018\/01\/23\/quinta-feira-tem-a-estreia-do-lavras-volei-na-superliga-veja-onde-trocar-os-ingressos\/","title":{"rendered":"Quinta-feira tem a estreia do Lavras V\u00f4lei na SuperLiga &#8211; veja onde trocar os ingressos"},"content":{"rendered":"<div class=\"lavra-antes-do-conteudo_2\" id=\"lavra-2543172911\"><div id=\"lavra-slider-27\" class=\"custom-slider lavra-slider-3969818286 lavra-slider\"><ul><li><div style=\"margin-left: auto;margin-right: auto;text-align: center;\" id=\"lavra-2005436041\"><a href=\"https:\/\/sistemas.lavras.mg.gov.br\/portalcidadao\/#df1b1a7c7b2a290bcb31e32771e610784662739a88807c0dacac58ede5f391a7530e299dc302d611ee73cb143fc22eaf93592e53e7b5bdb01b00a0b8d28dae460c141dd2ff83412e4dc1c31b16b25f33144a9e5620ea73b13f5bc1c59411d98439ad226e8af03840603796067d87afe130812cf3de24982d0e306f9e61e764e5\" aria-label=\"Lavras-TV&#8211;720x104px (1) (1)\"><img src=\"https:\/\/lavras.tv\/site\/wp-content\/uploads\/2025\/01\/Lavras-TV-720x104px-1-1.png\" alt=\"\"  srcset=\"https:\/\/lavras.tv\/site\/wp-content\/uploads\/2025\/01\/Lavras-TV-720x104px-1-1.png 720w, https:\/\/lavras.tv\/site\/wp-content\/uploads\/2025\/01\/Lavras-TV-720x104px-1-1-470x68.png 470w, https:\/\/lavras.tv\/site\/wp-content\/uploads\/2025\/01\/Lavras-TV-720x104px-1-1-170x25.png 170w, https:\/\/lavras.tv\/site\/wp-content\/uploads\/2025\/01\/Lavras-TV-720x104px-1-1-200x29.png 200w\" sizes=\"(max-width: 720px) 100vw, 720px\" width=\"720\" height=\"104\"  style=\"display: inline-block;\" \/><\/a><\/div><\/li><li><a href=\"https:\/\/sistemas.lavras.mg.gov.br\/portalcidadao\/#df1b1a7c7b2a290bcb31e32771e610784662739a88807c0dacac58ede5f391a7530e299dc302d611ee73cb143fc22eaf93592e53e7b5bdb01b00a0b8d28dae460c141dd2ff83412e4dc1c31b16b25f33144a9e5620ea73b13f5bc1c59411d98439ad226e8af03840603796067d87afe130812cf3de24982d0e306f9e61e764e5\" aria-label=\"Banner_Emprego_PortallavrasTV\"><img src=\"https:\/\/lavras.tv\/site\/wp-content\/uploads\/2025\/03\/Banner_Emprego_PortallavrasTV.png\" alt=\"\"  srcset=\"https:\/\/lavras.tv\/site\/wp-content\/uploads\/2025\/03\/Banner_Emprego_PortallavrasTV.png 720w, https:\/\/lavras.tv\/site\/wp-content\/uploads\/2025\/03\/Banner_Emprego_PortallavrasTV-470x68.png 470w, https:\/\/lavras.tv\/site\/wp-content\/uploads\/2025\/03\/Banner_Emprego_PortallavrasTV-170x25.png 170w, https:\/\/lavras.tv\/site\/wp-content\/uploads\/2025\/03\/Banner_Emprego_PortallavrasTV-200x29.png 200w\" sizes=\"(max-width: 720px) 100vw, 720px\" width=\"720\" height=\"104\"   \/><\/a><\/li><li><a href=\"https:\/\/sistemas.lavras.mg.gov.br\/portalcidadao\/#df1b1a7c7b2a290bcb31e32771e610784662739a88807c0dacac58ede5f391a7530e299dc302d611ee73cb143fc22eaf93592e53e7b5bdb01b00a0b8d28dae460c141dd2ff83412e4dc1c31b16b25f33144a9e5620ea73b13f5bc1c59411d98439ad226e8af03840603796067d87afe130812cf3de24982d0e306f9e61e764e5\" aria-label=\"Banner_Obras_PortallavrasTV\"><img src=\"https:\/\/lavras.tv\/site\/wp-content\/uploads\/2025\/03\/Banner_Obras_PortallavrasTV.png\" alt=\"\"  srcset=\"https:\/\/lavras.tv\/site\/wp-content\/uploads\/2025\/03\/Banner_Obras_PortallavrasTV.png 720w, https:\/\/lavras.tv\/site\/wp-content\/uploads\/2025\/03\/Banner_Obras_PortallavrasTV-470x68.png 470w, https:\/\/lavras.tv\/site\/wp-content\/uploads\/2025\/03\/Banner_Obras_PortallavrasTV-170x25.png 170w, https:\/\/lavras.tv\/site\/wp-content\/uploads\/2025\/03\/Banner_Obras_PortallavrasTV-200x29.png 200w\" sizes=\"(max-width: 720px) 100vw, 720px\" width=\"720\" height=\"104\"   \/><\/a><\/li><li><div style=\"margin-left: auto;margin-right: auto;text-align: center;\" id=\"lavra-3390261308\"><a href=\"https:\/\/sistemas.lavras.mg.gov.br\/portalcidadao\/#df1b1a7c7b2a290bcb31e32771e610784662739a88807c0dacac58ede5f391a7530e299dc302d611ee73cb143fc22eaf93592e53e7b5bdb01b00a0b8d28dae460c141dd2ff83412e4dc1c31b16b25f33144a9e5620ea73b13f5bc1c59411d98439ad226e8af03840603796067d87afe130812cf3de24982d0e306f9e61e764e5\" aria-label=\"Banner_Educa\u00e7\u00e3o_PortallavrasTV\"><img src=\"https:\/\/lavras.tv\/site\/wp-content\/uploads\/2025\/01\/Banner_Educacao_PortallavrasTV.png\" alt=\"\"  srcset=\"https:\/\/lavras.tv\/site\/wp-content\/uploads\/2025\/01\/Banner_Educacao_PortallavrasTV.png 720w, https:\/\/lavras.tv\/site\/wp-content\/uploads\/2025\/01\/Banner_Educacao_PortallavrasTV-470x68.png 470w, https:\/\/lavras.tv\/site\/wp-content\/uploads\/2025\/01\/Banner_Educacao_PortallavrasTV-170x25.png 170w, https:\/\/lavras.tv\/site\/wp-content\/uploads\/2025\/01\/Banner_Educacao_PortallavrasTV-200x29.png 200w\" sizes=\"(max-width: 720px) 100vw, 720px\" width=\"720\" height=\"104\"  style=\"display: inline-block;\" \/><\/a><\/div><\/li><li><a href=\"https:\/\/sistemas.lavras.mg.gov.br\/portalcidadao\/#df1b1a7c7b2a290bcb31e32771e610784662739a88807c0dacac58ede5f391a7530e299dc302d611ee73cb143fc22eaf93592e53e7b5bdb01b00a0b8d28dae460c141dd2ff83412e4dc1c31b16b25f33144a9e5620ea73b13f5bc1c59411d98439ad226e8af03840603796067d87afe130812cf3de24982d0e306f9e61e764e5\" aria-label=\"Banner_Sa\u00fade_PortallavrasTV\"><img src=\"https:\/\/lavras.tv\/site\/wp-content\/uploads\/2025\/03\/Banner_Saude_PortallavrasTV.png\" alt=\"\"  srcset=\"https:\/\/lavras.tv\/site\/wp-content\/uploads\/2025\/03\/Banner_Saude_PortallavrasTV.png 720w, https:\/\/lavras.tv\/site\/wp-content\/uploads\/2025\/03\/Banner_Saude_PortallavrasTV-470x68.png 470w, https:\/\/lavras.tv\/site\/wp-content\/uploads\/2025\/03\/Banner_Saude_PortallavrasTV-170x25.png 170w, https:\/\/lavras.tv\/site\/wp-content\/uploads\/2025\/03\/Banner_Saude_PortallavrasTV-200x29.png 200w\" sizes=\"(max-width: 720px) 100vw, 720px\" width=\"720\" height=\"104\"   \/><\/a><\/li><li><div id=\"lavra-4521242\" style=\"width:720px;height:104px;background-color:#ddd;overflow:scroll;\">\n\t<strong>Sa\u00edda da depura\u00e7\u00e3o de an\u00fancios<\/strong>\n\t<br><br>\n\tO an\u00fancio n\u00e3o \u00e9 exibido na p\u00e1gina<br><br>post atual: Quinta-feira tem a estreia do Lavras V\u00f4lei na SuperLiga - veja onde trocar os ingressos, ID: 14365<br><br><span style=\"color: red;\">O post atual n\u00e3o \u00e9 id\u00eantico ao post principal.<\/span><br><br>An\u00fancios: ROXO - TOPO INTERNA - ROTATIVO 2 (197)<br \/>Grupo de an\u00fancios: Princ_Meio01_720x104 (27)<br><br>Condi\u00e7\u00f5es de exibi\u00e7\u00e3o<div style=\"margin-bottom: 20px; white-space: pre-wrap; font-family: monospace; width: 100%; background: #ffe9e9;\"><strong>condi\u00e7\u00f5es gerais<\/strong><table border=\"1\"><thead><tr><th><\/th><th>An\u00fancios<\/th><th>wp_the_query<\/th><\/tr><\/thead><tr><td>is_main_query<\/td><td>1<\/td><td>1<\/td><\/tr><tr><td>is_rest_api<\/td><td>0<\/td><td>1<\/td><\/tr><tr><td>page<\/td><td>0<\/td><td>1<\/td><\/tr><tr><td>numpages<\/td><td>0<\/td><td>1<\/td><\/tr><tr><td>is_archive<\/td><td>1<\/td><td><\/td><\/tr><tr><td>is_search<\/td><td>1<\/td><td><\/td><\/tr><tr><td>is_home<\/td><td>1<\/td><td><\/td><\/tr><tr><td>is_404<\/td><td>1<\/td><td><\/td><\/tr><tr><td>is_attachment<\/td><td>1<\/td><td><\/td><\/tr><tr><td>is_singular<\/td><td>1<\/td><td><\/td><\/tr><tr><td>is_front_page<\/td><td>1<\/td><td><\/td><\/tr><tr><td>is_feed<\/td><td>1<\/td><td><\/td><\/tr><\/table><\/div><br><br><span style=\"color: red;\">Seu site usa HTTPS, mas o c\u00f3digo do an\u00fancio cont\u00e9m HTTP e pode n\u00e3o funcionar.<\/span>\t<br><br>\n\t<a style=\"color: green;\" href=\"https:\/\/wpadvancedads.com\/manual\/ad-debug-mode\/?utm_source=advanced-ads&utm_medium=link&utm_campaign=ad-debug-mode\" target=\"_blank\" rel=\"nofollow\">Encontre solu\u00e7\u00f5es no manual<\/a>\n<\/div>\n<\/li><\/ul><\/div><script>( window.advanced_ads_ready || jQuery( document ).ready ).call( null, function() {var $lavraslider3969818286 = jQuery( \".lavra-slider-3969818286\" );$lavraslider3969818286.on( \"unslider.ready\", function() { jQuery( \"div.custom-slider ul li\" ).css( \"display\", \"block\" ); });$lavraslider3969818286.unslider({ delay:4000, autoplay:true, nav:false, arrows:false, infinite:true });$lavraslider3969818286.on(\"mouseover\", function() {$lavraslider3969818286.unslider(\"stop\");}).on(\"mouseout\", function() {$lavraslider3969818286.unslider(\"start\");});});<\/script><\/div><p>Pela primeira vez na hist\u00f3ria, uma equipe de Lavras ir\u00e1 participar da Superliga, neste caso, o Lavras V\u00f4lei ir\u00e1 estrear na pr\u00f3xima quinta-feira (25\/01) as 19:30 no Gin\u00e1sio do Lavras T\u00eanis Clube.<!--more--><br \/>\nNesta primeira partida, a equipe de Lavras enfrenta a tamb\u00e9m estreante na competi\u00e7\u00e3o, CEFA, da cidade de Marau no Rio Grande do Sul. A expectativa \u00e9 grande para a estreia, ainda mais que a equipe de Lavra possui no seu elenco<br \/>\nv\u00e1rias atletas novatas, sendo esta a primeira Superliga da carreira.<\/p>\n<p><img fetchpriority=\"high\" decoding=\"async\" class=\"alignnone size-full wp-image-14366 aligncenter\" src=\"http:\/\/lavras.tv\/site\/wp-content\/uploads\/2018\/01\/26804971_1174705272664979_3728192026522346426_n.jpg\" alt=\"26804971_1174705272664979_3728192026522346426_n\" width=\"772\" height=\"640\" srcset=\"https:\/\/lavras.tv\/site\/wp-content\/uploads\/2018\/01\/26804971_1174705272664979_3728192026522346426_n.jpg 772w, https:\/\/lavras.tv\/site\/wp-content\/uploads\/2018\/01\/26804971_1174705272664979_3728192026522346426_n-150x124.jpg 150w, https:\/\/lavras.tv\/site\/wp-content\/uploads\/2018\/01\/26804971_1174705272664979_3728192026522346426_n-300x249.jpg 300w\" sizes=\"(max-width: 772px) 100vw, 772px\" \/><br \/>\nDe acordo com o treinador Falc\u00e3o, o objetivo da equipe \u00e9 a realiza\u00e7\u00e3o de um campeonato regular, colocando as novas atletas para jogar e trabalhar para a consolida\u00e7\u00e3o da equipe nestas competi\u00e7\u00f5es de n\u00edvel nacional. A expectativa para o jogo \u00e9 de casa cheia e que todos os 2.500 lugares dispon\u00edveis sejam preenchidos no dia de estreia da equipe de Lavras.<br \/>\nOs ingressos poder\u00e3o ser trocado mediante a 1kg de alimento n\u00e3o perec\u00edvel ou pela contribui\u00e7\u00e3o de R$5,00. Os ingressos estar\u00e3o dispon\u00edveis a partir do dia 22 de janeiro nos seguintes pontos de troca:<br \/>\n&#8211; Artpan Forno e Fog\u00e3o<br \/>\n&#8211; Credigrande<br \/>\n&#8211; Number One<br \/>\n&#8211; Jp M\u00f3veis<br \/>\n&#8211; Secretaria do Lavras T\u00eanis<br \/>\n&#8211; Unilavras<\/p>\n<p>Fonte: divulga\u00e7\u00e3o<\/p>\n","protected":false},"excerpt":{"rendered":"<p>Pela primeira vez na hist\u00f3ria, uma equipe de Lavras ir\u00e1 participar da Superliga, neste caso, o Lavras V\u00f4lei ir\u00e1 estrear na pr\u00f3xima quinta-feira (25\/01) as 19:30 no Gin\u00e1sio do Lavras T\u00eanis Clube.<\/p>\n","protected":false},"author":2,"featured_media":14366,"comment_status":"closed","ping_status":"open","sticky":false,"template":"","format":"standard","meta":{"advgb_blocks_editor_width":"","advgb_blocks_columns_visual_guide":"","_exactmetrics_skip_tracking":false,"_exactmetrics_sitenote_active":false,"_exactmetrics_sitenote_note":"","_exactmetrics_sitenote_category":0,"footnotes":""},"categories":[7,3],"tags":[4439,1032,4454,690],"class_list":["post-14365","post","type-post","status-publish","format-standard","has-post-thumbnail","hentry","category-destaques","category-esportes","tag-lavras-volei","tag-ltc","tag-super-liga","tag-volei"],"better_featured_image":{"id":14366,"alt_text":"","caption":"","description":"","media_type":"image","media_details":{"width":772,"height":640,"file":"2018\/01\/26804971_1174705272664979_3728192026522346426_n.jpg","sizes":{"thumbnail":{"file":"26804971_1174705272664979_3728192026522346426_n-150x124.jpg","width":150,"height":124,"mime-type":"image\/jpeg","source_url":"https:\/\/lavras.tv\/site\/wp-content\/uploads\/2018\/01\/26804971_1174705272664979_3728192026522346426_n-150x124.jpg"},"medium":{"file":"26804971_1174705272664979_3728192026522346426_n-300x249.jpg","width":300,"height":249,"mime-type":"image\/jpeg","source_url":"https:\/\/lavras.tv\/site\/wp-content\/uploads\/2018\/01\/26804971_1174705272664979_3728192026522346426_n-300x249.jpg"},"featured-slider-img":{"file":"26804971_1174705272664979_3728192026522346426_n-640x480.jpg","width":640,"height":480,"mime-type":"image\/jpeg","source_url":"https:\/\/lavras.tv\/site\/wp-content\/uploads\/2018\/01\/26804971_1174705272664979_3728192026522346426_n-640x480.jpg"},"featured-post-img":{"file":"26804971_1174705272664979_3728192026522346426_n-480x320.jpg","width":480,"height":320,"mime-type":"image\/jpeg","source_url":"https:\/\/lavras.tv\/site\/wp-content\/uploads\/2018\/01\/26804971_1174705272664979_3728192026522346426_n-480x320.jpg"},"sow-carousel-default":{"file":"26804971_1174705272664979_3728192026522346426_n-272x182.jpg","width":272,"height":182,"mime-type":"image\/jpeg","source_url":"https:\/\/lavras.tv\/site\/wp-content\/uploads\/2018\/01\/26804971_1174705272664979_3728192026522346426_n-272x182.jpg"}},"image_meta":{"aperture":"0","credit":"","camera":"","caption":"","created_timestamp":"0","copyright":"","focal_length":"0","iso":"0","shutter_speed":"0","title":"","orientation":"0","keywords":[]}},"post":14365,"source_url":"https:\/\/lavras.tv\/site\/wp-content\/uploads\/2018\/01\/26804971_1174705272664979_3728192026522346426_n.jpg"},"author_meta":{"display_name":"Lavras TV","author_link":"https:\/\/lavras.tv\/site\/author\/lavrastv\/"},"featured_img":"https:\/\/lavras.tv\/site\/wp-content\/uploads\/2018\/01\/26804971_1174705272664979_3728192026522346426_n-300x249.jpg","coauthors":[],"tax_additional":{"categories":{"linked":["<a href=\"https:\/\/lavras.tv\/site\/category\/destaques\/\" class=\"advgb-post-tax-term\">Destaques<\/a>","<a href=\"https:\/\/lavras.tv\/site\/category\/esportes\/\" class=\"advgb-post-tax-term\">Esportes<\/a>"],"unlinked":["<span class=\"advgb-post-tax-term\">Destaques<\/span>","<span class=\"advgb-post-tax-term\">Esportes<\/span>"]},"tags":{"linked":["<a href=\"https:\/\/lavras.tv\/site\/category\/esportes\/\" class=\"advgb-post-tax-term\">Lavras V\u00f4lei<\/a>","<a href=\"https:\/\/lavras.tv\/site\/category\/esportes\/\" class=\"advgb-post-tax-term\">LTC<\/a>","<a href=\"https:\/\/lavras.tv\/site\/category\/esportes\/\" class=\"advgb-post-tax-term\">Super Liga<\/a>","<a href=\"https:\/\/lavras.tv\/site\/category\/esportes\/\" class=\"advgb-post-tax-term\">volei<\/a>"],"unlinked":["<span class=\"advgb-post-tax-term\">Lavras V\u00f4lei<\/span>","<span class=\"advgb-post-tax-term\">LTC<\/span>","<span class=\"advgb-post-tax-term\">Super Liga<\/span>","<span class=\"advgb-post-tax-term\">volei<\/span>"]}},"comment_count":"0","relative_dates":{"created":"Publicado 8 anos atr\u00e1s","modified":"Atualizado 8 anos atr\u00e1s"},"absolute_dates":{"created":"Publicado em 23 de janeiro de 2018","modified":"Atualizado em 23 de janeiro de 2018"},"absolute_dates_time":{"created":"Publicado em 23 de janeiro de 2018 10:21","modified":"Atualizado em 23 de janeiro de 2018 10:21"},"featured_img_caption":"","series_order":"","_links":{"self":[{"href":"https:\/\/lavras.tv\/site\/wp-json\/wp\/v2\/posts\/14365","targetHints":{"allow":["GET"]}}],"collection":[{"href":"https:\/\/lavras.tv\/site\/wp-json\/wp\/v2\/posts"}],"about":[{"href":"https:\/\/lavras.tv\/site\/wp-json\/wp\/v2\/types\/post"}],"author":[{"embeddable":true,"href":"https:\/\/lavras.tv\/site\/wp-json\/wp\/v2\/users\/2"}],"replies":[{"embeddable":true,"href":"https:\/\/lavras.tv\/site\/wp-json\/wp\/v2\/comments?post=14365"}],"version-history":[{"count":1,"href":"https:\/\/lavras.tv\/site\/wp-json\/wp\/v2\/posts\/14365\/revisions"}],"predecessor-version":[{"id":14367,"href":"https:\/\/lavras.tv\/site\/wp-json\/wp\/v2\/posts\/14365\/revisions\/14367"}],"wp:featuredmedia":[{"embeddable":true,"href":"https:\/\/lavras.tv\/site\/wp-json\/wp\/v2\/media\/14366"}],"wp:attachment":[{"href":"https:\/\/lavras.tv\/site\/wp-json\/wp\/v2\/media?parent=14365"}],"wp:term":[{"taxonomy":"category","embeddable":true,"href":"https:\/\/lavras.tv\/site\/wp-json\/wp\/v2\/categories?post=14365"},{"taxonomy":"post_tag","embeddable":true,"href":"https:\/\/lavras.tv\/site\/wp-json\/wp\/v2\/tags?post=14365"}],"curies":[{"name":"wp","href":"https:\/\/api.w.org\/{rel}","templated":true}]}}