{"id":143651,"date":"2024-12-13T11:33:41","date_gmt":"2024-12-13T14:33:41","guid":{"rendered":"https:\/\/lavras.tv\/site\/?p=143651"},"modified":"2024-12-13T11:33:42","modified_gmt":"2024-12-13T14:33:42","slug":"receita-federal-facilita-prestacao-de-informacoes-sobre-despesas-medicas-na-declaracao-do-imposto-de-renda-das-pessoas-fisicas","status":"publish","type":"post","link":"https:\/\/lavras.tv\/site\/2024\/12\/13\/receita-federal-facilita-prestacao-de-informacoes-sobre-despesas-medicas-na-declaracao-do-imposto-de-renda-das-pessoas-fisicas\/","title":{"rendered":"Receita Federal facilita presta\u00e7\u00e3o de informa\u00e7\u00f5es sobre despesas m\u00e9dicas na Declara\u00e7\u00e3o do Imposto de Renda das Pessoas F\u00edsicas"},"content":{"rendered":"<div class=\"lavra-antes-do-conteudo_2\" id=\"lavra-3014395585\"><div id=\"lavra-slider-27\" class=\"custom-slider lavra-slider-2933610967 lavra-slider\"><ul><li><div style=\"margin-left: auto;margin-right: auto;text-align: center;\" id=\"lavra-2229282526\"><a href=\"https:\/\/sistemas.lavras.mg.gov.br\/portalcidadao\/#df1b1a7c7b2a290bcb31e32771e610784662739a88807c0dacac58ede5f391a7530e299dc302d611ee73cb143fc22eaf93592e53e7b5bdb01b00a0b8d28dae460c141dd2ff83412e4dc1c31b16b25f33144a9e5620ea73b13f5bc1c59411d98439ad226e8af03840603796067d87afe130812cf3de24982d0e306f9e61e764e5\" aria-label=\"Lavras-TV&#8211;720x104px (1) (1)\"><img src=\"https:\/\/lavras.tv\/site\/wp-content\/uploads\/2025\/01\/Lavras-TV-720x104px-1-1.png\" alt=\"\"  srcset=\"https:\/\/lavras.tv\/site\/wp-content\/uploads\/2025\/01\/Lavras-TV-720x104px-1-1.png 720w, https:\/\/lavras.tv\/site\/wp-content\/uploads\/2025\/01\/Lavras-TV-720x104px-1-1-470x68.png 470w, https:\/\/lavras.tv\/site\/wp-content\/uploads\/2025\/01\/Lavras-TV-720x104px-1-1-170x25.png 170w, https:\/\/lavras.tv\/site\/wp-content\/uploads\/2025\/01\/Lavras-TV-720x104px-1-1-200x29.png 200w\" sizes=\"(max-width: 720px) 100vw, 720px\" width=\"720\" height=\"104\"  style=\"display: inline-block;\" \/><\/a><\/div><\/li><li><a href=\"https:\/\/sistemas.lavras.mg.gov.br\/portalcidadao\/#df1b1a7c7b2a290bcb31e32771e610784662739a88807c0dacac58ede5f391a7530e299dc302d611ee73cb143fc22eaf93592e53e7b5bdb01b00a0b8d28dae460c141dd2ff83412e4dc1c31b16b25f33144a9e5620ea73b13f5bc1c59411d98439ad226e8af03840603796067d87afe130812cf3de24982d0e306f9e61e764e5\" aria-label=\"Banner_Emprego_PortallavrasTV\"><img src=\"https:\/\/lavras.tv\/site\/wp-content\/uploads\/2025\/03\/Banner_Emprego_PortallavrasTV.png\" alt=\"\"  srcset=\"https:\/\/lavras.tv\/site\/wp-content\/uploads\/2025\/03\/Banner_Emprego_PortallavrasTV.png 720w, https:\/\/lavras.tv\/site\/wp-content\/uploads\/2025\/03\/Banner_Emprego_PortallavrasTV-470x68.png 470w, https:\/\/lavras.tv\/site\/wp-content\/uploads\/2025\/03\/Banner_Emprego_PortallavrasTV-170x25.png 170w, https:\/\/lavras.tv\/site\/wp-content\/uploads\/2025\/03\/Banner_Emprego_PortallavrasTV-200x29.png 200w\" sizes=\"(max-width: 720px) 100vw, 720px\" width=\"720\" height=\"104\"   \/><\/a><\/li><li><a href=\"https:\/\/sistemas.lavras.mg.gov.br\/portalcidadao\/#df1b1a7c7b2a290bcb31e32771e610784662739a88807c0dacac58ede5f391a7530e299dc302d611ee73cb143fc22eaf93592e53e7b5bdb01b00a0b8d28dae460c141dd2ff83412e4dc1c31b16b25f33144a9e5620ea73b13f5bc1c59411d98439ad226e8af03840603796067d87afe130812cf3de24982d0e306f9e61e764e5\" aria-label=\"Banner_Obras_PortallavrasTV\"><img src=\"https:\/\/lavras.tv\/site\/wp-content\/uploads\/2025\/03\/Banner_Obras_PortallavrasTV.png\" alt=\"\"  srcset=\"https:\/\/lavras.tv\/site\/wp-content\/uploads\/2025\/03\/Banner_Obras_PortallavrasTV.png 720w, https:\/\/lavras.tv\/site\/wp-content\/uploads\/2025\/03\/Banner_Obras_PortallavrasTV-470x68.png 470w, https:\/\/lavras.tv\/site\/wp-content\/uploads\/2025\/03\/Banner_Obras_PortallavrasTV-170x25.png 170w, https:\/\/lavras.tv\/site\/wp-content\/uploads\/2025\/03\/Banner_Obras_PortallavrasTV-200x29.png 200w\" sizes=\"(max-width: 720px) 100vw, 720px\" width=\"720\" height=\"104\"   \/><\/a><\/li><li><div style=\"margin-left: auto;margin-right: auto;text-align: center;\" id=\"lavra-3541633346\"><a href=\"https:\/\/sistemas.lavras.mg.gov.br\/portalcidadao\/#df1b1a7c7b2a290bcb31e32771e610784662739a88807c0dacac58ede5f391a7530e299dc302d611ee73cb143fc22eaf93592e53e7b5bdb01b00a0b8d28dae460c141dd2ff83412e4dc1c31b16b25f33144a9e5620ea73b13f5bc1c59411d98439ad226e8af03840603796067d87afe130812cf3de24982d0e306f9e61e764e5\" aria-label=\"Banner_Educa\u00e7\u00e3o_PortallavrasTV\"><img src=\"https:\/\/lavras.tv\/site\/wp-content\/uploads\/2025\/01\/Banner_Educacao_PortallavrasTV.png\" alt=\"\"  srcset=\"https:\/\/lavras.tv\/site\/wp-content\/uploads\/2025\/01\/Banner_Educacao_PortallavrasTV.png 720w, https:\/\/lavras.tv\/site\/wp-content\/uploads\/2025\/01\/Banner_Educacao_PortallavrasTV-470x68.png 470w, https:\/\/lavras.tv\/site\/wp-content\/uploads\/2025\/01\/Banner_Educacao_PortallavrasTV-170x25.png 170w, https:\/\/lavras.tv\/site\/wp-content\/uploads\/2025\/01\/Banner_Educacao_PortallavrasTV-200x29.png 200w\" sizes=\"(max-width: 720px) 100vw, 720px\" width=\"720\" height=\"104\"  style=\"display: inline-block;\" \/><\/a><\/div><\/li><li><a href=\"https:\/\/sistemas.lavras.mg.gov.br\/portalcidadao\/#df1b1a7c7b2a290bcb31e32771e610784662739a88807c0dacac58ede5f391a7530e299dc302d611ee73cb143fc22eaf93592e53e7b5bdb01b00a0b8d28dae460c141dd2ff83412e4dc1c31b16b25f33144a9e5620ea73b13f5bc1c59411d98439ad226e8af03840603796067d87afe130812cf3de24982d0e306f9e61e764e5\" aria-label=\"Banner_Sa\u00fade_PortallavrasTV\"><img src=\"https:\/\/lavras.tv\/site\/wp-content\/uploads\/2025\/03\/Banner_Saude_PortallavrasTV.png\" alt=\"\"  srcset=\"https:\/\/lavras.tv\/site\/wp-content\/uploads\/2025\/03\/Banner_Saude_PortallavrasTV.png 720w, https:\/\/lavras.tv\/site\/wp-content\/uploads\/2025\/03\/Banner_Saude_PortallavrasTV-470x68.png 470w, https:\/\/lavras.tv\/site\/wp-content\/uploads\/2025\/03\/Banner_Saude_PortallavrasTV-170x25.png 170w, https:\/\/lavras.tv\/site\/wp-content\/uploads\/2025\/03\/Banner_Saude_PortallavrasTV-200x29.png 200w\" sizes=\"(max-width: 720px) 100vw, 720px\" width=\"720\" height=\"104\"   \/><\/a><\/li><li><div id=\"lavra-4202826230\" style=\"width:720px;height:104px;background-color:#ddd;overflow:scroll;\">\n\t<strong>Sa\u00edda da depura\u00e7\u00e3o de an\u00fancios<\/strong>\n\t<br><br>\n\tO an\u00fancio n\u00e3o \u00e9 exibido na p\u00e1gina<br><br>post atual: Receita Federal facilita presta\u00e7\u00e3o de informa\u00e7\u00f5es sobre despesas m\u00e9dicas na Declara\u00e7\u00e3o do Imposto de Renda das Pessoas F\u00edsicas, ID: 143651<br><br><span style=\"color: red;\">O post atual n\u00e3o \u00e9 id\u00eantico ao post principal.<\/span><br><br>An\u00fancios: ROXO - TOPO INTERNA - ROTATIVO 2 (197)<br \/>Grupo de an\u00fancios: Princ_Meio01_720x104 (27)<br><br>Condi\u00e7\u00f5es de exibi\u00e7\u00e3o<div style=\"margin-bottom: 20px; white-space: pre-wrap; font-family: monospace; width: 100%; background: #ffe9e9;\"><strong>condi\u00e7\u00f5es gerais<\/strong><table border=\"1\"><thead><tr><th><\/th><th>An\u00fancios<\/th><th>wp_the_query<\/th><\/tr><\/thead><tr><td>is_main_query<\/td><td>1<\/td><td>1<\/td><\/tr><tr><td>is_rest_api<\/td><td>0<\/td><td>1<\/td><\/tr><tr><td>page<\/td><td>0<\/td><td>1<\/td><\/tr><tr><td>numpages<\/td><td>0<\/td><td>1<\/td><\/tr><tr><td>is_archive<\/td><td>1<\/td><td><\/td><\/tr><tr><td>is_search<\/td><td>1<\/td><td><\/td><\/tr><tr><td>is_home<\/td><td>1<\/td><td><\/td><\/tr><tr><td>is_404<\/td><td>1<\/td><td><\/td><\/tr><tr><td>is_attachment<\/td><td>1<\/td><td><\/td><\/tr><tr><td>is_singular<\/td><td>1<\/td><td><\/td><\/tr><tr><td>is_front_page<\/td><td>1<\/td><td><\/td><\/tr><tr><td>is_feed<\/td><td>1<\/td><td><\/td><\/tr><\/table><\/div><br><br><span style=\"color: red;\">Seu site usa HTTPS, mas o c\u00f3digo do an\u00fancio cont\u00e9m HTTP e pode n\u00e3o funcionar.<\/span>\t<br><br>\n\t<a style=\"color: green;\" href=\"https:\/\/wpadvancedads.com\/manual\/ad-debug-mode\/?utm_source=advanced-ads&utm_medium=link&utm_campaign=ad-debug-mode\" target=\"_blank\" rel=\"nofollow\">Encontre solu\u00e7\u00f5es no manual<\/a>\n<\/div>\n<\/li><\/ul><\/div><script>( window.advanced_ads_ready || jQuery( document ).ready ).call( null, function() {var $lavraslider2933610967 = jQuery( \".lavra-slider-2933610967\" );$lavraslider2933610967.on( \"unslider.ready\", function() { jQuery( \"div.custom-slider ul li\" ).css( \"display\", \"block\" ); });$lavraslider2933610967.unslider({ delay:4000, autoplay:true, nav:false, arrows:false, infinite:true });$lavraslider2933610967.on(\"mouseover\", function() {$lavraslider2933610967.unslider(\"stop\");}).on(\"mouseout\", function() {$lavraslider2933610967.unslider(\"start\");});});<\/script><\/div>\n<p><strong><em>Aplicativo Receita Sa\u00fade passar\u00e1 a ser obrigat\u00f3rio para profissionais de sa\u00fade pessoas f\u00edsicas a partir de 1\u00ba de janeiro de 2025 e reduzir\u00e1 significativamente o n\u00famero de declara\u00e7\u00f5es em malha fina<\/em><\/strong><\/p>\n\n\n\n<figure class=\"wp-block-image size-full\"><img fetchpriority=\"high\" decoding=\"async\" width=\"924\" height=\"552\" src=\"https:\/\/lavras.tv\/site\/wp-content\/uploads\/2024\/12\/mcam20022020-5.png\" alt=\"\" class=\"wp-image-143652\" srcset=\"https:\/\/lavras.tv\/site\/wp-content\/uploads\/2024\/12\/mcam20022020-5.png 924w, https:\/\/lavras.tv\/site\/wp-content\/uploads\/2024\/12\/mcam20022020-5-470x281.png 470w, https:\/\/lavras.tv\/site\/wp-content\/uploads\/2024\/12\/mcam20022020-5-170x102.png 170w, https:\/\/lavras.tv\/site\/wp-content\/uploads\/2024\/12\/mcam20022020-5-200x119.png 200w\" sizes=\"(max-width: 924px) 100vw, 924px\" \/><\/figure>\n\n\n\n<p>A emiss\u00e3o de recibo de despesa com sa\u00fade por profissionais pessoas f\u00edsicas (m\u00e9dicos, dentistas, psic\u00f3logos, fisioterapeutas, fonoaudi\u00f3logos, terapeutas ocupacionais) ser\u00e1 feita apenas por meio do Receita Sa\u00fade, de forma digital, a partir de 1\u00ba de janeiro de 2025. Essa ferramenta dispensa que os pacientes e os profissionais precisem guardar os recibos em papel, que poder\u00e3o ser consultados no aplicativo. O Receita Sa\u00fade est\u00e1 dispon\u00edvel desde abril deste ano, mas sua utiliza\u00e7\u00e3o era facultativa. At\u00e9 o in\u00edcio de dezembro, mais de 380 mil recibos j\u00e1 tinham sido emitidos, totalizando mais de R$ 215 milh\u00f5es em valores de servi\u00e7os de sa\u00fade prestados.<\/p>\n\n\n\n<p>Os recibos emitidos no aplicativo neste ano ser\u00e3o carregados automaticamente como despesas dedut\u00edveis na Declara\u00e7\u00e3o Pr\u00e9-preenchida do Imposto de Renda da Pessoa F\u00edsica \u2013 DIRPF\/2025 dos pacientes e tamb\u00e9m como receita na declara\u00e7\u00e3o do profissional.<\/p>\n\n\n\n<p>O secret\u00e1rio especial da Receita Federal, Robinson Barreirinhas, explica que \u201ca medida deve reduzir significativamente o n\u00famero de declara\u00e7\u00f5es em malha fina j\u00e1 que cerca de 25% das declara\u00e7\u00f5es que caem na malha, apresentam alguma inconsist\u00eancia relacionada aos recibos de prestadores de servi\u00e7os de sa\u00fade pessoas f\u00edsicas\u201d.<\/p>\n\n\n\n<p>Apenas m\u00e9dicos, dentistas, psic\u00f3logos, fisioterapeutas, fonoaudi\u00f3logos, terapeutas ocupacionais com registro ativo em seus conselhos profissionais podem usar o Receita Sa\u00fade para emitir recibos.<\/p>\n\n\n\n<p>Barreirinhas esclarece que a ferramenta n\u00e3o se aplica aos prestadores de sa\u00fade pessoas jur\u00eddicas que j\u00e1 prestam essas informa\u00e7\u00f5es por meio da Declara\u00e7\u00e3o de Servi\u00e7os M\u00e9dicos de Sa\u00fade &#8211; Dmed.<\/p>\n\n\n\n<p><strong>Fique por dentro&nbsp;<\/strong><\/p>\n\n\n\n<p><strong>O que \u00e9 o Receita Sa\u00fade?<\/strong><\/p>\n\n\n\n<p>O Receita Sa\u00fade \u00e9 um servi\u00e7o digital presente no aplicativo da Secretaria Especial da Receita Federal do Brasil &#8211; App Receita Federal, dispon\u00edvel para dispositivos m\u00f3veis, que permite a emiss\u00e3o de recibos de servi\u00e7os de sa\u00fade por profissional de sa\u00fade pessoa f\u00edsica com registro em situa\u00e7\u00e3o regular perante o respectivo conselho profissional.<\/p>\n\n\n\n<p><strong>Onde encontro o Receita Sa\u00fade?<\/strong><\/p>\n\n\n\n<p>O Receita Sa\u00fade \u00e9 uma funcionalidade do aplicativo da Secretaria Especial da Receita Federal do Brasil &#8211; App Receita Federal, dispon\u00edvel para dispositivos m\u00f3veis IOS e Android e que pode ser baixado nas lojas de aplicativos.<\/p>\n\n\n\n<p><strong>Em que momento deve ser emitido o recibo?<br><\/strong><\/p>\n\n\n\n<p>O recibo deve ser emitido no momento do pagamento da presta\u00e7\u00e3o do servi\u00e7o. Caso haja mais de um pagamento relativo a uma mesma presta\u00e7\u00e3o de servi\u00e7os, dever\u00e1 ser emitido um recibo para cada pagamento realizado.<\/p>\n\n\n\n<p><a href=\"https:\/\/www.in.gov.br\/en\/web\/dou\/-\/instrucao-normativa-rfb-n-2.240-de-11-de-dezembro-de-2024-601125755\" target=\"_blank\" rel=\"noreferrer noopener\">Clique aqui<\/a>&nbsp;para acessar a Instru\u00e7\u00e3o Normativa RFB 2.240\/2024<\/p>\n\n\n\n<p><a href=\"https:\/\/www.gov.br\/receitafederal\/pt-br\/centrais-de-conteudo\/publicacoes\/manuais\/orientacao-tributaria\/receita-saude-publicado-10-09-24.pdf\/view\" target=\"_blank\" rel=\"noreferrer noopener\">Clique aqui&nbsp;<\/a>para acessar o Perguntas e Respostas&nbsp;do Receita Sa\u00fade.<\/p>\n","protected":false},"excerpt":{"rendered":"<p>Aplicativo Receita Sa\u00fade passar\u00e1 a ser obrigat\u00f3rio para profissionais de sa\u00fade pessoas f\u00edsicas a partir de 1\u00ba de janeiro de 2025 e reduzir\u00e1 significativamente o n\u00famero de declara\u00e7\u00f5es em malha fina A emiss\u00e3o de recibo de despesa com sa\u00fade por profissionais pessoas f\u00edsicas (m\u00e9dicos, dentistas, psic\u00f3logos, fisioterapeutas, fonoaudi\u00f3logos, terapeutas ocupacionais) ser\u00e1 feita apenas por meio [&hellip;]<\/p>\n","protected":false},"author":5,"featured_media":143652,"comment_status":"closed","ping_status":"open","sticky":false,"template":"","format":"standard","meta":{"advgb_blocks_editor_width":"","advgb_blocks_columns_visual_guide":"","_exactmetrics_skip_tracking":false,"_exactmetrics_sitenote_active":false,"_exactmetrics_sitenote_note":"","_exactmetrics_sitenote_category":0,"footnotes":""},"categories":[2],"tags":[],"class_list":["post-143651","post","type-post","status-publish","format-standard","has-post-thumbnail","hentry","category-noticias"],"better_featured_image":{"id":143652,"alt_text":"","caption":"","description":"","media_type":"image","media_details":{"width":924,"height":552,"file":"2024\/12\/mcam20022020-5.png","filesize":513148,"sizes":{"medium":{"file":"mcam20022020-5-470x281.png","width":470,"height":281,"mime-type":"image\/png","filesize":155701,"source_url":"https:\/\/lavras.tv\/site\/wp-content\/uploads\/2024\/12\/mcam20022020-5-470x281.png"},"thumbnail":{"file":"mcam20022020-5-170x102.png","width":170,"height":102,"mime-type":"image\/png","filesize":28561,"source_url":"https:\/\/lavras.tv\/site\/wp-content\/uploads\/2024\/12\/mcam20022020-5-170x102.png"},"lshowcase-thumb":{"file":"mcam20022020-5-200x119.png","width":200,"height":119,"mime-type":"image\/png","filesize":37566,"source_url":"https:\/\/lavras.tv\/site\/wp-content\/uploads\/2024\/12\/mcam20022020-5-200x119.png"},"alm-thumbnail":{"file":"mcam20022020-5-150x150.png","width":150,"height":150,"mime-type":"image\/png","filesize":36184,"source_url":"https:\/\/lavras.tv\/site\/wp-content\/uploads\/2024\/12\/mcam20022020-5-150x150.png"}},"image_meta":{"aperture":"0","credit":"","camera":"","caption":"","created_timestamp":"0","copyright":"","focal_length":"0","iso":"0","shutter_speed":"0","title":"","orientation":"0","keywords":[]}},"post":143651,"source_url":"https:\/\/lavras.tv\/site\/wp-content\/uploads\/2024\/12\/mcam20022020-5.png"},"author_meta":{"display_name":"Vinicius Bustamante","author_link":"https:\/\/lavras.tv\/site\/author\/vinicius-bustamante\/"},"featured_img":"https:\/\/lavras.tv\/site\/wp-content\/uploads\/2024\/12\/mcam20022020-5-470x281.png","coauthors":[],"tax_additional":{"categories":{"linked":["<a href=\"https:\/\/lavras.tv\/site\/category\/noticias\/\" class=\"advgb-post-tax-term\">Not\u00edcias<\/a>"],"unlinked":["<span class=\"advgb-post-tax-term\">Not\u00edcias<\/span>"]}},"comment_count":"0","relative_dates":{"created":"Publicado 1 ano atr\u00e1s","modified":"Atualizado 1 ano atr\u00e1s"},"absolute_dates":{"created":"Publicado em 13 de dezembro de 2024","modified":"Atualizado em 13 de dezembro de 2024"},"absolute_dates_time":{"created":"Publicado em 13 de dezembro de 2024 11:33","modified":"Atualizado em 13 de dezembro de 2024 11:33"},"featured_img_caption":"","series_order":"","_links":{"self":[{"href":"https:\/\/lavras.tv\/site\/wp-json\/wp\/v2\/posts\/143651","targetHints":{"allow":["GET"]}}],"collection":[{"href":"https:\/\/lavras.tv\/site\/wp-json\/wp\/v2\/posts"}],"about":[{"href":"https:\/\/lavras.tv\/site\/wp-json\/wp\/v2\/types\/post"}],"author":[{"embeddable":true,"href":"https:\/\/lavras.tv\/site\/wp-json\/wp\/v2\/users\/5"}],"replies":[{"embeddable":true,"href":"https:\/\/lavras.tv\/site\/wp-json\/wp\/v2\/comments?post=143651"}],"version-history":[{"count":1,"href":"https:\/\/lavras.tv\/site\/wp-json\/wp\/v2\/posts\/143651\/revisions"}],"predecessor-version":[{"id":143653,"href":"https:\/\/lavras.tv\/site\/wp-json\/wp\/v2\/posts\/143651\/revisions\/143653"}],"wp:featuredmedia":[{"embeddable":true,"href":"https:\/\/lavras.tv\/site\/wp-json\/wp\/v2\/media\/143652"}],"wp:attachment":[{"href":"https:\/\/lavras.tv\/site\/wp-json\/wp\/v2\/media?parent=143651"}],"wp:term":[{"taxonomy":"category","embeddable":true,"href":"https:\/\/lavras.tv\/site\/wp-json\/wp\/v2\/categories?post=143651"},{"taxonomy":"post_tag","embeddable":true,"href":"https:\/\/lavras.tv\/site\/wp-json\/wp\/v2\/tags?post=143651"}],"curies":[{"name":"wp","href":"https:\/\/api.w.org\/{rel}","templated":true}]}}