{"id":143665,"date":"2024-12-13T11:49:24","date_gmt":"2024-12-13T14:49:24","guid":{"rendered":"https:\/\/lavras.tv\/site\/?p=143665"},"modified":"2024-12-13T11:49:25","modified_gmt":"2024-12-13T14:49:25","slug":"agricultor-familiar-de-79-anos-produziu-o-melhor-cafe-de-minas-gerais-em-2024","status":"publish","type":"post","link":"https:\/\/lavras.tv\/site\/2024\/12\/13\/agricultor-familiar-de-79-anos-produziu-o-melhor-cafe-de-minas-gerais-em-2024\/","title":{"rendered":"Agricultor familiar de 79 anos produziu o melhor caf\u00e9 de Minas Gerais em 2024"},"content":{"rendered":"<div class=\"lavra-antes-do-conteudo_2\" id=\"lavra-2337356316\"><div id=\"lavra-slider-27\" class=\"custom-slider lavra-slider-3699661260 lavra-slider\"><ul><li><div style=\"margin-left: auto;margin-right: auto;text-align: center;\" id=\"lavra-3211121207\"><a href=\"https:\/\/sistemas.lavras.mg.gov.br\/portalcidadao\/#df1b1a7c7b2a290bcb31e32771e610784662739a88807c0dacac58ede5f391a7530e299dc302d611ee73cb143fc22eaf93592e53e7b5bdb01b00a0b8d28dae460c141dd2ff83412e4dc1c31b16b25f33144a9e5620ea73b13f5bc1c59411d98439ad226e8af03840603796067d87afe130812cf3de24982d0e306f9e61e764e5\" aria-label=\"Lavras-TV&#8211;720x104px (1) (1)\"><img src=\"https:\/\/lavras.tv\/site\/wp-content\/uploads\/2025\/01\/Lavras-TV-720x104px-1-1.png\" alt=\"\"  srcset=\"https:\/\/lavras.tv\/site\/wp-content\/uploads\/2025\/01\/Lavras-TV-720x104px-1-1.png 720w, https:\/\/lavras.tv\/site\/wp-content\/uploads\/2025\/01\/Lavras-TV-720x104px-1-1-470x68.png 470w, https:\/\/lavras.tv\/site\/wp-content\/uploads\/2025\/01\/Lavras-TV-720x104px-1-1-170x25.png 170w, https:\/\/lavras.tv\/site\/wp-content\/uploads\/2025\/01\/Lavras-TV-720x104px-1-1-200x29.png 200w\" sizes=\"(max-width: 720px) 100vw, 720px\" width=\"720\" height=\"104\"  style=\"display: inline-block;\" \/><\/a><\/div><\/li><li><a href=\"https:\/\/sistemas.lavras.mg.gov.br\/portalcidadao\/#df1b1a7c7b2a290bcb31e32771e610784662739a88807c0dacac58ede5f391a7530e299dc302d611ee73cb143fc22eaf93592e53e7b5bdb01b00a0b8d28dae460c141dd2ff83412e4dc1c31b16b25f33144a9e5620ea73b13f5bc1c59411d98439ad226e8af03840603796067d87afe130812cf3de24982d0e306f9e61e764e5\" aria-label=\"Banner_Emprego_PortallavrasTV\"><img src=\"https:\/\/lavras.tv\/site\/wp-content\/uploads\/2025\/03\/Banner_Emprego_PortallavrasTV.png\" alt=\"\"  srcset=\"https:\/\/lavras.tv\/site\/wp-content\/uploads\/2025\/03\/Banner_Emprego_PortallavrasTV.png 720w, https:\/\/lavras.tv\/site\/wp-content\/uploads\/2025\/03\/Banner_Emprego_PortallavrasTV-470x68.png 470w, https:\/\/lavras.tv\/site\/wp-content\/uploads\/2025\/03\/Banner_Emprego_PortallavrasTV-170x25.png 170w, https:\/\/lavras.tv\/site\/wp-content\/uploads\/2025\/03\/Banner_Emprego_PortallavrasTV-200x29.png 200w\" sizes=\"(max-width: 720px) 100vw, 720px\" width=\"720\" height=\"104\"   \/><\/a><\/li><li><a href=\"https:\/\/sistemas.lavras.mg.gov.br\/portalcidadao\/#df1b1a7c7b2a290bcb31e32771e610784662739a88807c0dacac58ede5f391a7530e299dc302d611ee73cb143fc22eaf93592e53e7b5bdb01b00a0b8d28dae460c141dd2ff83412e4dc1c31b16b25f33144a9e5620ea73b13f5bc1c59411d98439ad226e8af03840603796067d87afe130812cf3de24982d0e306f9e61e764e5\" aria-label=\"Banner_Obras_PortallavrasTV\"><img src=\"https:\/\/lavras.tv\/site\/wp-content\/uploads\/2025\/03\/Banner_Obras_PortallavrasTV.png\" alt=\"\"  srcset=\"https:\/\/lavras.tv\/site\/wp-content\/uploads\/2025\/03\/Banner_Obras_PortallavrasTV.png 720w, https:\/\/lavras.tv\/site\/wp-content\/uploads\/2025\/03\/Banner_Obras_PortallavrasTV-470x68.png 470w, https:\/\/lavras.tv\/site\/wp-content\/uploads\/2025\/03\/Banner_Obras_PortallavrasTV-170x25.png 170w, https:\/\/lavras.tv\/site\/wp-content\/uploads\/2025\/03\/Banner_Obras_PortallavrasTV-200x29.png 200w\" sizes=\"(max-width: 720px) 100vw, 720px\" width=\"720\" height=\"104\"   \/><\/a><\/li><li><div style=\"margin-left: auto;margin-right: auto;text-align: center;\" id=\"lavra-315538205\"><a href=\"https:\/\/sistemas.lavras.mg.gov.br\/portalcidadao\/#df1b1a7c7b2a290bcb31e32771e610784662739a88807c0dacac58ede5f391a7530e299dc302d611ee73cb143fc22eaf93592e53e7b5bdb01b00a0b8d28dae460c141dd2ff83412e4dc1c31b16b25f33144a9e5620ea73b13f5bc1c59411d98439ad226e8af03840603796067d87afe130812cf3de24982d0e306f9e61e764e5\" aria-label=\"Banner_Educa\u00e7\u00e3o_PortallavrasTV\"><img src=\"https:\/\/lavras.tv\/site\/wp-content\/uploads\/2025\/01\/Banner_Educacao_PortallavrasTV.png\" alt=\"\"  srcset=\"https:\/\/lavras.tv\/site\/wp-content\/uploads\/2025\/01\/Banner_Educacao_PortallavrasTV.png 720w, https:\/\/lavras.tv\/site\/wp-content\/uploads\/2025\/01\/Banner_Educacao_PortallavrasTV-470x68.png 470w, https:\/\/lavras.tv\/site\/wp-content\/uploads\/2025\/01\/Banner_Educacao_PortallavrasTV-170x25.png 170w, https:\/\/lavras.tv\/site\/wp-content\/uploads\/2025\/01\/Banner_Educacao_PortallavrasTV-200x29.png 200w\" sizes=\"(max-width: 720px) 100vw, 720px\" width=\"720\" height=\"104\"  style=\"display: inline-block;\" \/><\/a><\/div><\/li><li><a href=\"https:\/\/sistemas.lavras.mg.gov.br\/portalcidadao\/#df1b1a7c7b2a290bcb31e32771e610784662739a88807c0dacac58ede5f391a7530e299dc302d611ee73cb143fc22eaf93592e53e7b5bdb01b00a0b8d28dae460c141dd2ff83412e4dc1c31b16b25f33144a9e5620ea73b13f5bc1c59411d98439ad226e8af03840603796067d87afe130812cf3de24982d0e306f9e61e764e5\" aria-label=\"Banner_Sa\u00fade_PortallavrasTV\"><img src=\"https:\/\/lavras.tv\/site\/wp-content\/uploads\/2025\/03\/Banner_Saude_PortallavrasTV.png\" alt=\"\"  srcset=\"https:\/\/lavras.tv\/site\/wp-content\/uploads\/2025\/03\/Banner_Saude_PortallavrasTV.png 720w, https:\/\/lavras.tv\/site\/wp-content\/uploads\/2025\/03\/Banner_Saude_PortallavrasTV-470x68.png 470w, https:\/\/lavras.tv\/site\/wp-content\/uploads\/2025\/03\/Banner_Saude_PortallavrasTV-170x25.png 170w, https:\/\/lavras.tv\/site\/wp-content\/uploads\/2025\/03\/Banner_Saude_PortallavrasTV-200x29.png 200w\" sizes=\"(max-width: 720px) 100vw, 720px\" width=\"720\" height=\"104\"   \/><\/a><\/li><li><div id=\"lavra-1220800395\" style=\"width:720px;height:104px;background-color:#ddd;overflow:scroll;\">\n\t<strong>Sa\u00edda da depura\u00e7\u00e3o de an\u00fancios<\/strong>\n\t<br><br>\n\tO an\u00fancio n\u00e3o \u00e9 exibido na p\u00e1gina<br><br>post atual: Agricultor familiar de 79 anos produziu o melhor caf\u00e9 de Minas Gerais em 2024, ID: 143665<br><br><span style=\"color: red;\">O post atual n\u00e3o \u00e9 id\u00eantico ao post principal.<\/span><br><br>An\u00fancios: ROXO - TOPO INTERNA - ROTATIVO 2 (197)<br \/>Grupo de an\u00fancios: Princ_Meio01_720x104 (27)<br><br>Condi\u00e7\u00f5es de exibi\u00e7\u00e3o<div style=\"margin-bottom: 20px; white-space: pre-wrap; font-family: monospace; width: 100%; background: #ffe9e9;\"><strong>condi\u00e7\u00f5es gerais<\/strong><table border=\"1\"><thead><tr><th><\/th><th>An\u00fancios<\/th><th>wp_the_query<\/th><\/tr><\/thead><tr><td>is_main_query<\/td><td>1<\/td><td>1<\/td><\/tr><tr><td>is_rest_api<\/td><td>0<\/td><td>1<\/td><\/tr><tr><td>page<\/td><td>0<\/td><td>1<\/td><\/tr><tr><td>numpages<\/td><td>0<\/td><td>1<\/td><\/tr><tr><td>is_archive<\/td><td>1<\/td><td><\/td><\/tr><tr><td>is_search<\/td><td>1<\/td><td><\/td><\/tr><tr><td>is_home<\/td><td>1<\/td><td><\/td><\/tr><tr><td>is_404<\/td><td>1<\/td><td><\/td><\/tr><tr><td>is_attachment<\/td><td>1<\/td><td><\/td><\/tr><tr><td>is_singular<\/td><td>1<\/td><td><\/td><\/tr><tr><td>is_front_page<\/td><td>1<\/td><td><\/td><\/tr><tr><td>is_feed<\/td><td>1<\/td><td><\/td><\/tr><\/table><\/div><br><br><span style=\"color: red;\">Seu site usa HTTPS, mas o c\u00f3digo do an\u00fancio cont\u00e9m HTTP e pode n\u00e3o funcionar.<\/span>\t<br><br>\n\t<a style=\"color: green;\" href=\"https:\/\/wpadvancedads.com\/manual\/ad-debug-mode\/?utm_source=advanced-ads&utm_medium=link&utm_campaign=ad-debug-mode\" target=\"_blank\" rel=\"nofollow\">Encontre solu\u00e7\u00f5es no manual<\/a>\n<\/div>\n<\/li><\/ul><\/div><script>( window.advanced_ads_ready || jQuery( document ).ready ).call( null, function() {var $lavraslider3699661260 = jQuery( \".lavra-slider-3699661260\" );$lavraslider3699661260.on( \"unslider.ready\", function() { jQuery( \"div.custom-slider ul li\" ).css( \"display\", \"block\" ); });$lavraslider3699661260.unslider({ delay:4000, autoplay:true, nav:false, arrows:false, infinite:true });$lavraslider3699661260.on(\"mouseover\", function() {$lavraslider3699661260.unslider(\"stop\");}).on(\"mouseout\", function() {$lavraslider3699661260.unslider(\"start\");});});<\/script><\/div>\n<p><em>Cafeicultor de Espera Feliz vence o concurso de qualidade promovido pela Emater-MG<\/em><\/p>\n\n\n\n<figure class=\"wp-block-image size-large\"><img fetchpriority=\"high\" decoding=\"async\" width=\"970\" height=\"546\" src=\"http:\/\/lavras.tv\/site\/wp-content\/uploads\/2024\/12\/Onofre-Produtor-2-970x546.jpeg\" alt=\"\" class=\"wp-image-143666\" srcset=\"https:\/\/lavras.tv\/site\/wp-content\/uploads\/2024\/12\/Onofre-Produtor-2-970x546.jpeg 970w, https:\/\/lavras.tv\/site\/wp-content\/uploads\/2024\/12\/Onofre-Produtor-2-470x265.jpeg 470w, https:\/\/lavras.tv\/site\/wp-content\/uploads\/2024\/12\/Onofre-Produtor-2-170x96.jpeg 170w, https:\/\/lavras.tv\/site\/wp-content\/uploads\/2024\/12\/Onofre-Produtor-2-200x113.jpeg 200w, https:\/\/lavras.tv\/site\/wp-content\/uploads\/2024\/12\/Onofre-Produtor-2-1536x865.jpeg 1536w\" sizes=\"(max-width: 970px) 100vw, 970px\" \/><\/figure>\n\n\n\n<p>O melhor caf\u00e9 mineiro da safra 2024 foi produzido por um agricultor familiar de 79 anos, do munic\u00edpio de Espera Feliz, na regi\u00e3o produtora das Matas de Minas.&nbsp;Onofre Alves Lacerda foi o campe\u00e3o estadual do 21\u00ba Concurso de Qualidade dos Caf\u00e9s de Minas Gerais. O an\u00fancio foi feito nesta quarta-feira (11\/12), em Belo Horizonte, durante a solenidade realizada pela&nbsp;<a href=\"https:\/\/www.emater.mg.gov.br\/\" target=\"_blank\" rel=\"noreferrer noopener\">Empresa de Assist\u00eancia T\u00e9cnica de Extens\u00e3o Rural (Emater-MG)<\/a>,&nbsp; promotora da competi\u00e7\u00e3o.<\/p>\n\n\n\n<p>Onofre Lacerda se tornou o primeiro bicampe\u00e3o estadual da hist\u00f3ria do concurso, pois j\u00e1 havia vencido em 2017. O caf\u00e9 vencedor deste ano obteve a maior nota entre todas as 1.406 amostras concorrentes, provenientes de 146 munic\u00edpios mineiros das regi\u00f5es produtoras: Matas de Minas, Sul de Minas, Cerrado Mineiro e Chapada de Minas.<\/p>\n\n\n\n<p>O campe\u00e3o concorreu na categoria Natural e recebeu 92,7 pontos, de um total de 100, de acordo com as normas da Associa\u00e7\u00e3o de Caf\u00e9s Especiais (SCA, em ingl\u00eas), entidade internacional de refer\u00eancia do setor.<br><br><strong>Trabalho com os filhos<\/strong><br><br>Onofre tem uma \u00e1rea de 16 hectares de caf\u00e9 em Minas Gerais, dividida com os filhos. A fam\u00edlia recebe assist\u00eancia t\u00e9cnica da Emater-MG. \u201cTodo mundo trabalha. Desde a \u00e9poca do meu pai e do meu av\u00f4 a gente mexe com caf\u00e9. Meu pai sempre me ensinou que quando for fazer as coisas, \u00e9 preciso fazer bem-feito. A gente nunca esqueceu disso. O meu prazer \u00e9 colocar um alimento de primeira qualidade na mesa do consumidor\u201d, afirmou logo ap\u00f3s receber o pr\u00eamio.<br><br>Um dos filhos de Onofre, Jos\u00e9 Alexandre Abreu de Lacerda, conta que o pai \u00e9 hoje respons\u00e1vel pela supervis\u00e3o dos trabalhos na propriedade. \u201cO meu pai \u00e9 aquele cara que passa nos talh\u00f5es de caf\u00e9 e d\u00e1 o feedback. Ele acompanha nos terreiros, observa. Ele tamb\u00e9m \u00e9 um dos respons\u00e1veis pela decis\u00e3o de envios de lotes para os concursos\u201d, explica<br><br><strong>Pr\u00eamio Sustentabilidade<\/strong><\/p>\n\n\n\n<p>Neste ano, al\u00e9m do t\u00edtulo de campe\u00e3o estadual no concurso, Onofre Lacerda tamb\u00e9m recebeu o pr\u00eamio Sustentabilidade, por ser o participante do programa de certifica\u00e7\u00e3o Certifica Minas Caf\u00e9 com a maior nota entre os concorrentes. Al\u00e9m disso, os produtores de Espera Feliz dominaram a premia\u00e7\u00e3o na regi\u00e3o das Matas de Minas e obtiveram as melhores notas entre todos os participantes do estado.<br><br>Entre os premiados de Espera Feliz, est\u00e1 a produtora Altilina Evaristo Barbosa de Lacerda. Com 92,6 pontos, ela recebeu o certificado Cafeicultora Destaque em Qualidade por atingir a maior pontua\u00e7\u00e3o entre as mulheres participantes. Altilina Lacerda tamb\u00e9m ficou com o segundo lugar geral do concurso.<br><br>O presidente da Emater-MG, Ot\u00e1vio Maia, ressaltou que o concurso \u00e9 uma das a\u00e7\u00f5es realizadas pela empresa para promover o caf\u00e9 mineiro. \u201cReconhecemos a import\u00e2ncia do caf\u00e9, n\u00e3o s\u00f3 do ponto de vista econ\u00f4mico e do peso na nossa pauta de exporta\u00e7\u00e3o. Mas tamb\u00e9m pela renda que ele leva para o campo, proporcionando a melhora de vida para aqueles que vivem desta atividade\u201d, declarou.<br><br>A competi\u00e7\u00e3o \u00e9 promovida pelo&nbsp;<a href=\"https:\/\/www.mg.gov.br\/\" target=\"_blank\" rel=\"noreferrer noopener\">Governo de Minas Gerais<\/a>, por meio da Emater-MG e&nbsp;<a href=\"https:\/\/www.mg.gov.br\/agricultura\" target=\"_blank\" rel=\"noreferrer noopener\">Secretaria de Agricultura, Pecu\u00e1ria e Abastecimento de Minas Gerais (Seapa)<\/a>, em parceria com a Universidade Federal de Lavras (Ufla) e Funda\u00e7\u00e3o de Apoio ao Ensino, Pesquisa e Extens\u00e3o (Faepe). O patroc\u00ednio \u00e9 do Sicoob Crediminas, supermercado Verdemar e Oficina do Espresso.<br><br>Este ano, al\u00e9m do certificado e trof\u00e9u, o vencedor estadual recebeu o pr\u00eamio de R$ 10 mil do Sicoob Crediminas. O segundo lugar tamb\u00e9m recebeu premia\u00e7\u00e3o em dinheiro.<br><br><br><strong>Vencedores do Concurso 2024<\/strong><br><br><strong><u>Campe\u00e3o Estadual e Destaque em Sustentabilidade<\/u><\/strong><br>Onofre Alves Lacerda \u2013 Espera Feliz (92,7 pts.)<br><br><strong><u>Categoria Caf\u00e9 Natural<\/u><\/strong><br><br><strong>Matas de Minas<\/strong><br>Onofre Alves Lacerda \u2013 Espera Feliz (92,7 pts.)<br>Manoel Prot\u00e1zio de Abreu \u2013 Espera Feliz (91,2 pts.)<br>Silv\u00e2nia Veiga Teixeira de Lacerda \u2013 Espera Feliz (90,6 pts.)<br><br><strong>Sul de Minas<\/strong><br>Rubens Correa da Cunha J\u00fanior \u2013 Jacutinga (89,2 pts)<br>Andr\u00e9 Lu\u00eds Vieira \u2013 Lavras (87,9 pts.)<br>Pedro Br\u00e1s \u2013 Piumhi (87,8 pts.)<br><br><strong>Cerrado Mineiro<\/strong><br>M\u00e1rcia Mayumi Tomizawa \u2013 Carmo do Parana\u00edba (87,8 pts.)<br>Felipe Barbosa Meneses (Fazenda S\u00e3o Jos\u00e9) \u2013 Ibi\u00e1 (87,7 pts.)<br>Edu Leandro Melo \u2013 Pratinha (87,5 pts.)<\/p>\n\n\n\n<p><br><br><strong><u>Categoria Cereja Descascado\/Despolpado\/ Desmucilado<\/u><\/strong><br><br><strong>Matas de Minas<\/strong><br>Altilina Evaristo Barbosa de Lacerda \u2013 Espera Feliz (Cafeicultora Destaque \u2013 92,6 pts.)<br>Claudiana Medeiros Lacerda \u2013 Espera Feliz (91,2 pts.)<br>Ercilei Jos\u00e9 de Oliveira \u2013 Manhua\u00e7u (90,8 pts.)<br><br><strong>Sul de Minas<\/strong><br>Joaquim Adolfo Pinto Noronha \u2013 Dom Vi\u00e7oso (89,8 pts.)<br>Jair Br\u00e1s \u2013 Piumhi (88,3 pts.)<br>Fl\u00e1vio Roberto Carvalho Ferraz \u2013 Dom Vi\u00e7oso (88,2 pts.)<br><br><strong>Cerrado Mineiro<\/strong><br>Ricardo de Souza Guimar\u00e3es \u2013 Patroc\u00ednio (89,6 pts.)<br>Beatriz Aparecida de Souza Guimar\u00e3es \u2013 Patroc\u00ednio (88,2 pts.)<br>Guima Caf\u00e9 \u2013 Varj\u00e3o de Minas (88,1 pts)<br><br><strong>Chapada de Minas<\/strong><br>Iasmin Fernanda Vilela Resende \u2013 Rio Pardo de Minas (86,2 pts.)<br><br>A lista dos vencedores tamb\u00e9m est\u00e1 dispon\u00edvel&nbsp;<strong><a href=\"https:\/\/www.emater.mg.gov.br\/download.do?id=89236\" target=\"_blank\" rel=\"noreferrer noopener\">neste link.<\/a><\/strong><\/p>\n","protected":false},"excerpt":{"rendered":"<p>Cafeicultor de Espera Feliz vence o concurso de qualidade promovido pela Emater-MG O melhor caf\u00e9 mineiro da safra 2024 foi produzido por um agricultor familiar de 79 anos, do munic\u00edpio de Espera Feliz, na regi\u00e3o produtora das Matas de Minas.&nbsp;Onofre Alves Lacerda foi o campe\u00e3o estadual do 21\u00ba Concurso de Qualidade dos Caf\u00e9s de Minas [&hellip;]<\/p>\n","protected":false},"author":5,"featured_media":143666,"comment_status":"closed","ping_status":"open","sticky":false,"template":"","format":"standard","meta":{"advgb_blocks_editor_width":"","advgb_blocks_columns_visual_guide":"","_exactmetrics_skip_tracking":false,"_exactmetrics_sitenote_active":false,"_exactmetrics_sitenote_note":"","_exactmetrics_sitenote_category":0,"footnotes":""},"categories":[7,2],"tags":[],"class_list":["post-143665","post","type-post","status-publish","format-standard","has-post-thumbnail","hentry","category-destaques","category-noticias"],"better_featured_image":{"id":143666,"alt_text":"","caption":"","description":"","media_type":"image","media_details":{"width":2560,"height":1441,"file":"2024\/12\/Onofre-Produtor-2-scaled.jpeg","filesize":497272,"sizes":{"medium":{"file":"Onofre-Produtor-2-470x265.jpeg","width":470,"height":265,"mime-type":"image\/jpeg","filesize":30064,"source_url":"https:\/\/lavras.tv\/site\/wp-content\/uploads\/2024\/12\/Onofre-Produtor-2-470x265.jpeg"},"large":{"file":"Onofre-Produtor-2-970x546.jpeg","width":970,"height":546,"mime-type":"image\/jpeg","filesize":96629,"source_url":"https:\/\/lavras.tv\/site\/wp-content\/uploads\/2024\/12\/Onofre-Produtor-2-970x546.jpeg"},"thumbnail":{"file":"Onofre-Produtor-2-170x96.jpeg","width":170,"height":96,"mime-type":"image\/jpeg","filesize":5892,"source_url":"https:\/\/lavras.tv\/site\/wp-content\/uploads\/2024\/12\/Onofre-Produtor-2-170x96.jpeg"},"lshowcase-thumb":{"file":"Onofre-Produtor-2-200x113.jpeg","width":200,"height":113,"mime-type":"image\/jpeg","filesize":7728,"source_url":"https:\/\/lavras.tv\/site\/wp-content\/uploads\/2024\/12\/Onofre-Produtor-2-200x113.jpeg"},"1536x1536":{"file":"Onofre-Produtor-2-1536x865.jpeg","width":1536,"height":865,"mime-type":"image\/jpeg","filesize":206525,"source_url":"https:\/\/lavras.tv\/site\/wp-content\/uploads\/2024\/12\/Onofre-Produtor-2-1536x865.jpeg"}},"image_meta":{"aperture":"0","credit":"","camera":"","caption":"","created_timestamp":"0","copyright":"","focal_length":"0","iso":"0","shutter_speed":"0","title":"","orientation":"0","keywords":[]},"original_image":"Onofre-Produtor-2.jpeg"},"post":143665,"source_url":"https:\/\/lavras.tv\/site\/wp-content\/uploads\/2024\/12\/Onofre-Produtor-2-scaled.jpeg"},"author_meta":{"display_name":"Vinicius Bustamante","author_link":"https:\/\/lavras.tv\/site\/author\/vinicius-bustamante\/"},"featured_img":"https:\/\/lavras.tv\/site\/wp-content\/uploads\/2024\/12\/Onofre-Produtor-2-470x265.jpeg","coauthors":[],"tax_additional":{"categories":{"linked":["<a href=\"https:\/\/lavras.tv\/site\/category\/destaques\/\" class=\"advgb-post-tax-term\">Destaques<\/a>","<a href=\"https:\/\/lavras.tv\/site\/category\/noticias\/\" class=\"advgb-post-tax-term\">Not\u00edcias<\/a>"],"unlinked":["<span class=\"advgb-post-tax-term\">Destaques<\/span>","<span class=\"advgb-post-tax-term\">Not\u00edcias<\/span>"]}},"comment_count":"0","relative_dates":{"created":"Publicado 1 ano atr\u00e1s","modified":"Atualizado 1 ano atr\u00e1s"},"absolute_dates":{"created":"Publicado em 13 de dezembro de 2024","modified":"Atualizado em 13 de dezembro de 2024"},"absolute_dates_time":{"created":"Publicado em 13 de dezembro de 2024 11:49","modified":"Atualizado em 13 de dezembro de 2024 11:49"},"featured_img_caption":"","series_order":"","_links":{"self":[{"href":"https:\/\/lavras.tv\/site\/wp-json\/wp\/v2\/posts\/143665","targetHints":{"allow":["GET"]}}],"collection":[{"href":"https:\/\/lavras.tv\/site\/wp-json\/wp\/v2\/posts"}],"about":[{"href":"https:\/\/lavras.tv\/site\/wp-json\/wp\/v2\/types\/post"}],"author":[{"embeddable":true,"href":"https:\/\/lavras.tv\/site\/wp-json\/wp\/v2\/users\/5"}],"replies":[{"embeddable":true,"href":"https:\/\/lavras.tv\/site\/wp-json\/wp\/v2\/comments?post=143665"}],"version-history":[{"count":1,"href":"https:\/\/lavras.tv\/site\/wp-json\/wp\/v2\/posts\/143665\/revisions"}],"predecessor-version":[{"id":143667,"href":"https:\/\/lavras.tv\/site\/wp-json\/wp\/v2\/posts\/143665\/revisions\/143667"}],"wp:featuredmedia":[{"embeddable":true,"href":"https:\/\/lavras.tv\/site\/wp-json\/wp\/v2\/media\/143666"}],"wp:attachment":[{"href":"https:\/\/lavras.tv\/site\/wp-json\/wp\/v2\/media?parent=143665"}],"wp:term":[{"taxonomy":"category","embeddable":true,"href":"https:\/\/lavras.tv\/site\/wp-json\/wp\/v2\/categories?post=143665"},{"taxonomy":"post_tag","embeddable":true,"href":"https:\/\/lavras.tv\/site\/wp-json\/wp\/v2\/tags?post=143665"}],"curies":[{"name":"wp","href":"https:\/\/api.w.org\/{rel}","templated":true}]}}