{"id":143668,"date":"2024-12-13T11:55:47","date_gmt":"2024-12-13T14:55:47","guid":{"rendered":"https:\/\/lavras.tv\/site\/?p=143668"},"modified":"2024-12-13T11:55:48","modified_gmt":"2024-12-13T14:55:48","slug":"assembleia-aprova-adiamento-do-ipva-em-minas-para-o-mes-de-fevereiro","status":"publish","type":"post","link":"https:\/\/lavras.tv\/site\/2024\/12\/13\/assembleia-aprova-adiamento-do-ipva-em-minas-para-o-mes-de-fevereiro\/","title":{"rendered":"Assembleia aprova adiamento do IPVA em Minas para o m\u00eas de fevereiro"},"content":{"rendered":"<div class=\"lavra-antes-do-conteudo_2\" id=\"lavra-237940590\"><div id=\"lavra-slider-27\" class=\"custom-slider lavra-slider-4247539632 lavra-slider\"><ul><li><div style=\"margin-left: auto;margin-right: auto;text-align: center;\" id=\"lavra-961570001\"><a href=\"https:\/\/sistemas.lavras.mg.gov.br\/portalcidadao\/#df1b1a7c7b2a290bcb31e32771e610784662739a88807c0dacac58ede5f391a7530e299dc302d611ee73cb143fc22eaf93592e53e7b5bdb01b00a0b8d28dae460c141dd2ff83412e4dc1c31b16b25f33144a9e5620ea73b13f5bc1c59411d98439ad226e8af03840603796067d87afe130812cf3de24982d0e306f9e61e764e5\" aria-label=\"Lavras-TV&#8211;720x104px (1) (1)\"><img src=\"https:\/\/lavras.tv\/site\/wp-content\/uploads\/2025\/01\/Lavras-TV-720x104px-1-1.png\" alt=\"\"  srcset=\"https:\/\/lavras.tv\/site\/wp-content\/uploads\/2025\/01\/Lavras-TV-720x104px-1-1.png 720w, https:\/\/lavras.tv\/site\/wp-content\/uploads\/2025\/01\/Lavras-TV-720x104px-1-1-470x68.png 470w, https:\/\/lavras.tv\/site\/wp-content\/uploads\/2025\/01\/Lavras-TV-720x104px-1-1-170x25.png 170w, https:\/\/lavras.tv\/site\/wp-content\/uploads\/2025\/01\/Lavras-TV-720x104px-1-1-200x29.png 200w\" sizes=\"(max-width: 720px) 100vw, 720px\" width=\"720\" height=\"104\"  style=\"display: inline-block;\" \/><\/a><\/div><\/li><li><a href=\"https:\/\/sistemas.lavras.mg.gov.br\/portalcidadao\/#df1b1a7c7b2a290bcb31e32771e610784662739a88807c0dacac58ede5f391a7530e299dc302d611ee73cb143fc22eaf93592e53e7b5bdb01b00a0b8d28dae460c141dd2ff83412e4dc1c31b16b25f33144a9e5620ea73b13f5bc1c59411d98439ad226e8af03840603796067d87afe130812cf3de24982d0e306f9e61e764e5\" aria-label=\"Banner_Emprego_PortallavrasTV\"><img src=\"https:\/\/lavras.tv\/site\/wp-content\/uploads\/2025\/03\/Banner_Emprego_PortallavrasTV.png\" alt=\"\"  srcset=\"https:\/\/lavras.tv\/site\/wp-content\/uploads\/2025\/03\/Banner_Emprego_PortallavrasTV.png 720w, https:\/\/lavras.tv\/site\/wp-content\/uploads\/2025\/03\/Banner_Emprego_PortallavrasTV-470x68.png 470w, https:\/\/lavras.tv\/site\/wp-content\/uploads\/2025\/03\/Banner_Emprego_PortallavrasTV-170x25.png 170w, https:\/\/lavras.tv\/site\/wp-content\/uploads\/2025\/03\/Banner_Emprego_PortallavrasTV-200x29.png 200w\" sizes=\"(max-width: 720px) 100vw, 720px\" width=\"720\" height=\"104\"   \/><\/a><\/li><li><a href=\"https:\/\/sistemas.lavras.mg.gov.br\/portalcidadao\/#df1b1a7c7b2a290bcb31e32771e610784662739a88807c0dacac58ede5f391a7530e299dc302d611ee73cb143fc22eaf93592e53e7b5bdb01b00a0b8d28dae460c141dd2ff83412e4dc1c31b16b25f33144a9e5620ea73b13f5bc1c59411d98439ad226e8af03840603796067d87afe130812cf3de24982d0e306f9e61e764e5\" aria-label=\"Banner_Obras_PortallavrasTV\"><img src=\"https:\/\/lavras.tv\/site\/wp-content\/uploads\/2025\/03\/Banner_Obras_PortallavrasTV.png\" alt=\"\"  srcset=\"https:\/\/lavras.tv\/site\/wp-content\/uploads\/2025\/03\/Banner_Obras_PortallavrasTV.png 720w, https:\/\/lavras.tv\/site\/wp-content\/uploads\/2025\/03\/Banner_Obras_PortallavrasTV-470x68.png 470w, https:\/\/lavras.tv\/site\/wp-content\/uploads\/2025\/03\/Banner_Obras_PortallavrasTV-170x25.png 170w, https:\/\/lavras.tv\/site\/wp-content\/uploads\/2025\/03\/Banner_Obras_PortallavrasTV-200x29.png 200w\" sizes=\"(max-width: 720px) 100vw, 720px\" width=\"720\" height=\"104\"   \/><\/a><\/li><li><div style=\"margin-left: auto;margin-right: auto;text-align: center;\" id=\"lavra-145583844\"><a href=\"https:\/\/sistemas.lavras.mg.gov.br\/portalcidadao\/#df1b1a7c7b2a290bcb31e32771e610784662739a88807c0dacac58ede5f391a7530e299dc302d611ee73cb143fc22eaf93592e53e7b5bdb01b00a0b8d28dae460c141dd2ff83412e4dc1c31b16b25f33144a9e5620ea73b13f5bc1c59411d98439ad226e8af03840603796067d87afe130812cf3de24982d0e306f9e61e764e5\" aria-label=\"Banner_Educa\u00e7\u00e3o_PortallavrasTV\"><img src=\"https:\/\/lavras.tv\/site\/wp-content\/uploads\/2025\/01\/Banner_Educacao_PortallavrasTV.png\" alt=\"\"  srcset=\"https:\/\/lavras.tv\/site\/wp-content\/uploads\/2025\/01\/Banner_Educacao_PortallavrasTV.png 720w, https:\/\/lavras.tv\/site\/wp-content\/uploads\/2025\/01\/Banner_Educacao_PortallavrasTV-470x68.png 470w, https:\/\/lavras.tv\/site\/wp-content\/uploads\/2025\/01\/Banner_Educacao_PortallavrasTV-170x25.png 170w, https:\/\/lavras.tv\/site\/wp-content\/uploads\/2025\/01\/Banner_Educacao_PortallavrasTV-200x29.png 200w\" sizes=\"(max-width: 720px) 100vw, 720px\" width=\"720\" height=\"104\"  style=\"display: inline-block;\" \/><\/a><\/div><\/li><li><a href=\"https:\/\/sistemas.lavras.mg.gov.br\/portalcidadao\/#df1b1a7c7b2a290bcb31e32771e610784662739a88807c0dacac58ede5f391a7530e299dc302d611ee73cb143fc22eaf93592e53e7b5bdb01b00a0b8d28dae460c141dd2ff83412e4dc1c31b16b25f33144a9e5620ea73b13f5bc1c59411d98439ad226e8af03840603796067d87afe130812cf3de24982d0e306f9e61e764e5\" aria-label=\"Banner_Sa\u00fade_PortallavrasTV\"><img src=\"https:\/\/lavras.tv\/site\/wp-content\/uploads\/2025\/03\/Banner_Saude_PortallavrasTV.png\" alt=\"\"  srcset=\"https:\/\/lavras.tv\/site\/wp-content\/uploads\/2025\/03\/Banner_Saude_PortallavrasTV.png 720w, https:\/\/lavras.tv\/site\/wp-content\/uploads\/2025\/03\/Banner_Saude_PortallavrasTV-470x68.png 470w, https:\/\/lavras.tv\/site\/wp-content\/uploads\/2025\/03\/Banner_Saude_PortallavrasTV-170x25.png 170w, https:\/\/lavras.tv\/site\/wp-content\/uploads\/2025\/03\/Banner_Saude_PortallavrasTV-200x29.png 200w\" sizes=\"(max-width: 720px) 100vw, 720px\" width=\"720\" height=\"104\"   \/><\/a><\/li><li><div id=\"lavra-190966981\" style=\"width:720px;height:104px;background-color:#ddd;overflow:scroll;\">\n\t<strong>Sa\u00edda da depura\u00e7\u00e3o de an\u00fancios<\/strong>\n\t<br><br>\n\tO an\u00fancio n\u00e3o \u00e9 exibido na p\u00e1gina<br><br>post atual: Assembleia aprova adiamento do IPVA em Minas para o m\u00eas de fevereiro, ID: 143668<br><br><span style=\"color: red;\">O post atual n\u00e3o \u00e9 id\u00eantico ao post principal.<\/span><br><br>An\u00fancios: ROXO - TOPO INTERNA - ROTATIVO 2 (197)<br \/>Grupo de an\u00fancios: Princ_Meio01_720x104 (27)<br><br>Condi\u00e7\u00f5es de exibi\u00e7\u00e3o<div style=\"margin-bottom: 20px; white-space: pre-wrap; font-family: monospace; width: 100%; background: #ffe9e9;\"><strong>condi\u00e7\u00f5es gerais<\/strong><table border=\"1\"><thead><tr><th><\/th><th>An\u00fancios<\/th><th>wp_the_query<\/th><\/tr><\/thead><tr><td>is_main_query<\/td><td>1<\/td><td>1<\/td><\/tr><tr><td>is_rest_api<\/td><td>0<\/td><td>1<\/td><\/tr><tr><td>page<\/td><td>0<\/td><td>1<\/td><\/tr><tr><td>numpages<\/td><td>0<\/td><td>1<\/td><\/tr><tr><td>is_archive<\/td><td>1<\/td><td><\/td><\/tr><tr><td>is_search<\/td><td>1<\/td><td><\/td><\/tr><tr><td>is_home<\/td><td>1<\/td><td><\/td><\/tr><tr><td>is_404<\/td><td>1<\/td><td><\/td><\/tr><tr><td>is_attachment<\/td><td>1<\/td><td><\/td><\/tr><tr><td>is_singular<\/td><td>1<\/td><td><\/td><\/tr><tr><td>is_front_page<\/td><td>1<\/td><td><\/td><\/tr><tr><td>is_feed<\/td><td>1<\/td><td><\/td><\/tr><\/table><\/div><br><br><span style=\"color: red;\">Seu site usa HTTPS, mas o c\u00f3digo do an\u00fancio cont\u00e9m HTTP e pode n\u00e3o funcionar.<\/span>\t<br><br>\n\t<a style=\"color: green;\" href=\"https:\/\/wpadvancedads.com\/manual\/ad-debug-mode\/?utm_source=advanced-ads&utm_medium=link&utm_campaign=ad-debug-mode\" target=\"_blank\" rel=\"nofollow\">Encontre solu\u00e7\u00f5es no manual<\/a>\n<\/div>\n<\/li><\/ul><\/div><script>( window.advanced_ads_ready || jQuery( document ).ready ).call( null, function() {var $lavraslider4247539632 = jQuery( \".lavra-slider-4247539632\" );$lavraslider4247539632.on( \"unslider.ready\", function() { jQuery( \"div.custom-slider ul li\" ).css( \"display\", \"block\" ); });$lavraslider4247539632.unslider({ delay:4000, autoplay:true, nav:false, arrows:false, infinite:true });$lavraslider4247539632.on(\"mouseover\", function() {$lavraslider4247539632.unslider(\"stop\");}).on(\"mouseout\", function() {$lavraslider4247539632.unslider(\"start\");});});<\/script><\/div>\n<p>O governador Romeu Zema (Novo) tem at\u00e9 o fim deste ano para sancionar a lei, a fim de que a medida passe a valer em 2025<\/p>\n\n\n\n<figure class=\"wp-block-image size-large\"><img fetchpriority=\"high\" decoding=\"async\" width=\"970\" height=\"581\" src=\"https:\/\/lavras.tv\/site\/wp-content\/uploads\/2024\/12\/1_2241293-42937282-970x581.jpg\" alt=\"\" class=\"wp-image-143669\" srcset=\"https:\/\/lavras.tv\/site\/wp-content\/uploads\/2024\/12\/1_2241293-42937282-970x581.jpg 970w, https:\/\/lavras.tv\/site\/wp-content\/uploads\/2024\/12\/1_2241293-42937282-470x282.jpg 470w, https:\/\/lavras.tv\/site\/wp-content\/uploads\/2024\/12\/1_2241293-42937282-170x102.jpg 170w, https:\/\/lavras.tv\/site\/wp-content\/uploads\/2024\/12\/1_2241293-42937282-200x120.jpg 200w, https:\/\/lavras.tv\/site\/wp-content\/uploads\/2024\/12\/1_2241293-42937282.jpg 1200w\" sizes=\"(max-width: 970px) 100vw, 970px\" \/><\/figure>\n\n\n\n<p>A Assembleia Legislativa de Minas Gerais (ALMG) aprovou o nesta quinta-feira (12\/12) o\u00a0<strong><a href=\"https:\/\/www.em.com.br\/politica\/2024\/11\/6999464-ipva-em-minas-pode-comecar-a-ser-cobrado-em-fevereiro-e-ter-mais-parcelas.html\">projeto de lei que adia o pagamento do Imposto sobre a Propriedade de Ve\u00edculo Automotor (IPVA) para o m\u00eas de fevereiro<\/a><\/strong>. O texto do deputado Alencar da Silveira Jr. (PDT) foi apreciado em plen\u00e1rio e precisa ser sancionado pelo governador Romeu Zema (Novo) at\u00e9 o fim deste ano para come\u00e7ar a valer para 2025.\u00a0<\/p>\n\n\n\n<p>O imposto atualmente come\u00e7a a ser pago em janeiro em parcela \u00fanica ou dividido em tr\u00eas parcelas. Com a aprova\u00e7\u00e3o do texto, passa a ser pago a partir do segundo m\u00eas do ano.<\/p>\n\n\n\n<p>Inicialmente, Alencar prop\u00f4s que o tributo fosse dividido em at\u00e9 seis parcelas. Al\u00e9m disso, a proposta original previa um escalonamento dos pagamentos, a partir das placas dos ve\u00edculos, entre mar\u00e7o e maio, por\u00e9m, o PL sofreu altera\u00e7\u00f5es significativas durante a tramita\u00e7\u00e3o.&nbsp;<\/p>\n\n\n\n<p>O deputado Ulysses Gomes (PT), l\u00edder da oposi\u00e7\u00e3o, apresentou uma emenda para que as locadoras de ve\u00edculos continuem pagando o IPVA em janeiro. A adi\u00e7\u00e3o ao texto, por\u00e9m, foi rejeitada.<\/p>\n\n\n\n<h2 class=\"wp-block-heading\">Pagamento na blitz&nbsp;<\/h2>\n\n\n\n<p>Outra medida aprovada \u00e9 a&nbsp;<strong><a href=\"https:\/\/www.em.com.br\/politica\/2024\/12\/7009928-ipva-almg-deve-permitir-pagamento-atrasado-diretamente-na-blitz.html\">possibilidade de efetuar o pagamento do IPVA, caso esteja atrasado, durante a\u00e7\u00f5es de fiscaliza\u00e7\u00e3o<\/a><\/strong>. Dessa forma, o motorista que for abordado por uma blitz poder\u00e1 quitar o valor na hora e evitar que o ve\u00edculo seja rebocado. \u201cA gente vai conseguir colocar o pagamento de alguma multa ou imposto que estiver atrasado, caiu em uma blitz, voc\u00ea vai poder pagar na hora&#8221;, afirmou o pedetista. &#8220;Acho que foi uma grande vit\u00f3ria&#8221;, acrescentou o parlamentar.&nbsp;&nbsp;<\/p>\n\n\n\n<p>Antes da vota\u00e7\u00e3o, Alencar estava pessimista em rela\u00e7\u00e3o ao aumento no n\u00famero de parcelas permitidas, que permaneceu em tr\u00eas. \u201cNo ano que vem, a gente vai continuar essa luta&#8221;, disse.<\/p>\n\n\n\n<p>O PL tamb\u00e9m garante a retirada imediata do nome do contribuinte como devedor no cadastro da d\u00edvida ativa do Estado. \u201cO pagamento realizado pelo contribuinte dever\u00e1 ser comunicado \u00e0 Advocacia-Geral do Estado (AGE), que providenciar\u00e1, imediatamente, a exclus\u00e3o do nome do devedor do cadastro de d\u00edvida ativa do Estado, bem como a comunica\u00e7\u00e3o aos cadastros informativos de prote\u00e7\u00e3o ao cr\u00e9dito, p\u00fablicos ou privados, nos quais o nome do contribuinte tenha sido inclu\u00eddo em raz\u00e3o de d\u00e9bito\u201d, prop\u00f5e o texto.&nbsp;<\/p>\n\n\n\n<h2 class=\"wp-block-heading\">Isen\u00e7\u00e3o para PCDs&nbsp;<\/h2>\n\n\n\n<p>Foi aprovado em primeiro turno, nesta quinta-feira, o projeto de lei que estabelece a isen\u00e7\u00e3o do IPVA \u00e0s pessoas com defici\u00eancia f\u00edsica, visual, mental severa ou profunda, autistas ou portadores da S\u00edndrome de Down. O texto recebeu vota\u00e7\u00e3o positiva de todos os 53 parlamentares presentes e precisar\u00e1 ainda ser apreciado em segundo turno.&nbsp;<\/p>\n","protected":false},"excerpt":{"rendered":"<p>O governador Romeu Zema (Novo) tem at\u00e9 o fim deste ano para sancionar a lei, a fim de que a medida passe a valer em 2025 A Assembleia Legislativa de Minas Gerais (ALMG) aprovou o nesta quinta-feira (12\/12) o\u00a0projeto de lei que adia o pagamento do Imposto sobre a Propriedade de Ve\u00edculo Automotor (IPVA) para [&hellip;]<\/p>\n","protected":false},"author":5,"featured_media":143669,"comment_status":"closed","ping_status":"open","sticky":false,"template":"","format":"standard","meta":{"advgb_blocks_editor_width":"","advgb_blocks_columns_visual_guide":"","_exactmetrics_skip_tracking":false,"_exactmetrics_sitenote_active":false,"_exactmetrics_sitenote_note":"","_exactmetrics_sitenote_category":0,"footnotes":""},"categories":[7,2],"tags":[],"class_list":["post-143668","post","type-post","status-publish","format-standard","has-post-thumbnail","hentry","category-destaques","category-noticias"],"better_featured_image":{"id":143669,"alt_text":"","caption":"","description":"","media_type":"image","media_details":{"width":1200,"height":719,"file":"2024\/12\/1_2241293-42937282.jpg","filesize":172150,"sizes":{"medium":{"file":"1_2241293-42937282-470x282.jpg","width":470,"height":282,"mime-type":"image\/jpeg","filesize":28957,"source_url":"https:\/\/lavras.tv\/site\/wp-content\/uploads\/2024\/12\/1_2241293-42937282-470x282.jpg"},"large":{"file":"1_2241293-42937282-970x581.jpg","width":970,"height":581,"mime-type":"image\/jpeg","filesize":92962,"source_url":"https:\/\/lavras.tv\/site\/wp-content\/uploads\/2024\/12\/1_2241293-42937282-970x581.jpg"},"thumbnail":{"file":"1_2241293-42937282-170x102.jpg","width":170,"height":102,"mime-type":"image\/jpeg","filesize":5735,"source_url":"https:\/\/lavras.tv\/site\/wp-content\/uploads\/2024\/12\/1_2241293-42937282-170x102.jpg"},"lshowcase-thumb":{"file":"1_2241293-42937282-200x120.jpg","width":200,"height":120,"mime-type":"image\/jpeg","filesize":7173,"source_url":"https:\/\/lavras.tv\/site\/wp-content\/uploads\/2024\/12\/1_2241293-42937282-200x120.jpg"},"alm-thumbnail":{"file":"1_2241293-42937282-150x150.jpg","width":150,"height":150,"mime-type":"image\/jpeg","filesize":7060,"source_url":"https:\/\/lavras.tv\/site\/wp-content\/uploads\/2024\/12\/1_2241293-42937282-150x150.jpg"}},"image_meta":{"aperture":"0","credit":"","camera":"","caption":"","created_timestamp":"0","copyright":"","focal_length":"0","iso":"0","shutter_speed":"0","title":"","orientation":"0","keywords":[]}},"post":143668,"source_url":"https:\/\/lavras.tv\/site\/wp-content\/uploads\/2024\/12\/1_2241293-42937282.jpg"},"author_meta":{"display_name":"Vinicius Bustamante","author_link":"https:\/\/lavras.tv\/site\/author\/vinicius-bustamante\/"},"featured_img":"https:\/\/lavras.tv\/site\/wp-content\/uploads\/2024\/12\/1_2241293-42937282-470x282.jpg","coauthors":[],"tax_additional":{"categories":{"linked":["<a href=\"https:\/\/lavras.tv\/site\/category\/destaques\/\" class=\"advgb-post-tax-term\">Destaques<\/a>","<a href=\"https:\/\/lavras.tv\/site\/category\/noticias\/\" class=\"advgb-post-tax-term\">Not\u00edcias<\/a>"],"unlinked":["<span class=\"advgb-post-tax-term\">Destaques<\/span>","<span class=\"advgb-post-tax-term\">Not\u00edcias<\/span>"]}},"comment_count":"0","relative_dates":{"created":"Publicado 1 ano atr\u00e1s","modified":"Atualizado 1 ano atr\u00e1s"},"absolute_dates":{"created":"Publicado em 13 de dezembro de 2024","modified":"Atualizado em 13 de dezembro de 2024"},"absolute_dates_time":{"created":"Publicado em 13 de dezembro de 2024 11:55","modified":"Atualizado em 13 de dezembro de 2024 11:55"},"featured_img_caption":"","series_order":"","_links":{"self":[{"href":"https:\/\/lavras.tv\/site\/wp-json\/wp\/v2\/posts\/143668","targetHints":{"allow":["GET"]}}],"collection":[{"href":"https:\/\/lavras.tv\/site\/wp-json\/wp\/v2\/posts"}],"about":[{"href":"https:\/\/lavras.tv\/site\/wp-json\/wp\/v2\/types\/post"}],"author":[{"embeddable":true,"href":"https:\/\/lavras.tv\/site\/wp-json\/wp\/v2\/users\/5"}],"replies":[{"embeddable":true,"href":"https:\/\/lavras.tv\/site\/wp-json\/wp\/v2\/comments?post=143668"}],"version-history":[{"count":1,"href":"https:\/\/lavras.tv\/site\/wp-json\/wp\/v2\/posts\/143668\/revisions"}],"predecessor-version":[{"id":143670,"href":"https:\/\/lavras.tv\/site\/wp-json\/wp\/v2\/posts\/143668\/revisions\/143670"}],"wp:featuredmedia":[{"embeddable":true,"href":"https:\/\/lavras.tv\/site\/wp-json\/wp\/v2\/media\/143669"}],"wp:attachment":[{"href":"https:\/\/lavras.tv\/site\/wp-json\/wp\/v2\/media?parent=143668"}],"wp:term":[{"taxonomy":"category","embeddable":true,"href":"https:\/\/lavras.tv\/site\/wp-json\/wp\/v2\/categories?post=143668"},{"taxonomy":"post_tag","embeddable":true,"href":"https:\/\/lavras.tv\/site\/wp-json\/wp\/v2\/tags?post=143668"}],"curies":[{"name":"wp","href":"https:\/\/api.w.org\/{rel}","templated":true}]}}