{"id":14409,"date":"2018-01-25T09:02:31","date_gmt":"2018-01-25T11:02:31","guid":{"rendered":"http:\/\/lavras.tv\/site\/?p=14409"},"modified":"2018-01-25T09:02:31","modified_gmt":"2018-01-25T11:02:31","slug":"lavrense-acompanha-ministro-da-agricultura-em-passagem-pela-alemanha","status":"publish","type":"post","link":"https:\/\/lavras.tv\/site\/2018\/01\/25\/lavrense-acompanha-ministro-da-agricultura-em-passagem-pela-alemanha\/","title":{"rendered":"Lavrense acompanha Ministro da Agricultura em passagem pela Alemanha"},"content":{"rendered":"<div class=\"lavra-antes-do-conteudo_2\" id=\"lavra-1355272209\"><div id=\"lavra-slider-27\" class=\"custom-slider lavra-slider-3272927779 lavra-slider\"><ul><li><div style=\"margin-left: auto;margin-right: auto;text-align: center;\" id=\"lavra-250316527\"><a href=\"https:\/\/sistemas.lavras.mg.gov.br\/portalcidadao\/#df1b1a7c7b2a290bcb31e32771e610784662739a88807c0dacac58ede5f391a7530e299dc302d611ee73cb143fc22eaf93592e53e7b5bdb01b00a0b8d28dae460c141dd2ff83412e4dc1c31b16b25f33144a9e5620ea73b13f5bc1c59411d98439ad226e8af03840603796067d87afe130812cf3de24982d0e306f9e61e764e5\" aria-label=\"Lavras-TV&#8211;720x104px (1) (1)\"><img src=\"https:\/\/lavras.tv\/site\/wp-content\/uploads\/2025\/01\/Lavras-TV-720x104px-1-1.png\" alt=\"\"  srcset=\"https:\/\/lavras.tv\/site\/wp-content\/uploads\/2025\/01\/Lavras-TV-720x104px-1-1.png 720w, https:\/\/lavras.tv\/site\/wp-content\/uploads\/2025\/01\/Lavras-TV-720x104px-1-1-470x68.png 470w, https:\/\/lavras.tv\/site\/wp-content\/uploads\/2025\/01\/Lavras-TV-720x104px-1-1-170x25.png 170w, https:\/\/lavras.tv\/site\/wp-content\/uploads\/2025\/01\/Lavras-TV-720x104px-1-1-200x29.png 200w\" sizes=\"(max-width: 720px) 100vw, 720px\" width=\"720\" height=\"104\"  style=\"display: inline-block;\" \/><\/a><\/div><\/li><li><a href=\"https:\/\/sistemas.lavras.mg.gov.br\/portalcidadao\/#df1b1a7c7b2a290bcb31e32771e610784662739a88807c0dacac58ede5f391a7530e299dc302d611ee73cb143fc22eaf93592e53e7b5bdb01b00a0b8d28dae460c141dd2ff83412e4dc1c31b16b25f33144a9e5620ea73b13f5bc1c59411d98439ad226e8af03840603796067d87afe130812cf3de24982d0e306f9e61e764e5\" aria-label=\"Banner_Emprego_PortallavrasTV\"><img src=\"https:\/\/lavras.tv\/site\/wp-content\/uploads\/2025\/03\/Banner_Emprego_PortallavrasTV.png\" alt=\"\"  srcset=\"https:\/\/lavras.tv\/site\/wp-content\/uploads\/2025\/03\/Banner_Emprego_PortallavrasTV.png 720w, https:\/\/lavras.tv\/site\/wp-content\/uploads\/2025\/03\/Banner_Emprego_PortallavrasTV-470x68.png 470w, https:\/\/lavras.tv\/site\/wp-content\/uploads\/2025\/03\/Banner_Emprego_PortallavrasTV-170x25.png 170w, https:\/\/lavras.tv\/site\/wp-content\/uploads\/2025\/03\/Banner_Emprego_PortallavrasTV-200x29.png 200w\" sizes=\"(max-width: 720px) 100vw, 720px\" width=\"720\" height=\"104\"   \/><\/a><\/li><li><a href=\"https:\/\/sistemas.lavras.mg.gov.br\/portalcidadao\/#df1b1a7c7b2a290bcb31e32771e610784662739a88807c0dacac58ede5f391a7530e299dc302d611ee73cb143fc22eaf93592e53e7b5bdb01b00a0b8d28dae460c141dd2ff83412e4dc1c31b16b25f33144a9e5620ea73b13f5bc1c59411d98439ad226e8af03840603796067d87afe130812cf3de24982d0e306f9e61e764e5\" aria-label=\"Banner_Obras_PortallavrasTV\"><img src=\"https:\/\/lavras.tv\/site\/wp-content\/uploads\/2025\/03\/Banner_Obras_PortallavrasTV.png\" alt=\"\"  srcset=\"https:\/\/lavras.tv\/site\/wp-content\/uploads\/2025\/03\/Banner_Obras_PortallavrasTV.png 720w, https:\/\/lavras.tv\/site\/wp-content\/uploads\/2025\/03\/Banner_Obras_PortallavrasTV-470x68.png 470w, https:\/\/lavras.tv\/site\/wp-content\/uploads\/2025\/03\/Banner_Obras_PortallavrasTV-170x25.png 170w, https:\/\/lavras.tv\/site\/wp-content\/uploads\/2025\/03\/Banner_Obras_PortallavrasTV-200x29.png 200w\" sizes=\"(max-width: 720px) 100vw, 720px\" width=\"720\" height=\"104\"   \/><\/a><\/li><li><div style=\"margin-left: auto;margin-right: auto;text-align: center;\" id=\"lavra-4147727702\"><a href=\"https:\/\/sistemas.lavras.mg.gov.br\/portalcidadao\/#df1b1a7c7b2a290bcb31e32771e610784662739a88807c0dacac58ede5f391a7530e299dc302d611ee73cb143fc22eaf93592e53e7b5bdb01b00a0b8d28dae460c141dd2ff83412e4dc1c31b16b25f33144a9e5620ea73b13f5bc1c59411d98439ad226e8af03840603796067d87afe130812cf3de24982d0e306f9e61e764e5\" aria-label=\"Banner_Educa\u00e7\u00e3o_PortallavrasTV\"><img src=\"https:\/\/lavras.tv\/site\/wp-content\/uploads\/2025\/01\/Banner_Educacao_PortallavrasTV.png\" alt=\"\"  srcset=\"https:\/\/lavras.tv\/site\/wp-content\/uploads\/2025\/01\/Banner_Educacao_PortallavrasTV.png 720w, https:\/\/lavras.tv\/site\/wp-content\/uploads\/2025\/01\/Banner_Educacao_PortallavrasTV-470x68.png 470w, https:\/\/lavras.tv\/site\/wp-content\/uploads\/2025\/01\/Banner_Educacao_PortallavrasTV-170x25.png 170w, https:\/\/lavras.tv\/site\/wp-content\/uploads\/2025\/01\/Banner_Educacao_PortallavrasTV-200x29.png 200w\" sizes=\"(max-width: 720px) 100vw, 720px\" width=\"720\" height=\"104\"  style=\"display: inline-block;\" \/><\/a><\/div><\/li><li><a href=\"https:\/\/sistemas.lavras.mg.gov.br\/portalcidadao\/#df1b1a7c7b2a290bcb31e32771e610784662739a88807c0dacac58ede5f391a7530e299dc302d611ee73cb143fc22eaf93592e53e7b5bdb01b00a0b8d28dae460c141dd2ff83412e4dc1c31b16b25f33144a9e5620ea73b13f5bc1c59411d98439ad226e8af03840603796067d87afe130812cf3de24982d0e306f9e61e764e5\" aria-label=\"Banner_Sa\u00fade_PortallavrasTV\"><img src=\"https:\/\/lavras.tv\/site\/wp-content\/uploads\/2025\/03\/Banner_Saude_PortallavrasTV.png\" alt=\"\"  srcset=\"https:\/\/lavras.tv\/site\/wp-content\/uploads\/2025\/03\/Banner_Saude_PortallavrasTV.png 720w, https:\/\/lavras.tv\/site\/wp-content\/uploads\/2025\/03\/Banner_Saude_PortallavrasTV-470x68.png 470w, https:\/\/lavras.tv\/site\/wp-content\/uploads\/2025\/03\/Banner_Saude_PortallavrasTV-170x25.png 170w, https:\/\/lavras.tv\/site\/wp-content\/uploads\/2025\/03\/Banner_Saude_PortallavrasTV-200x29.png 200w\" sizes=\"(max-width: 720px) 100vw, 720px\" width=\"720\" height=\"104\"   \/><\/a><\/li><li><div id=\"lavra-3422013909\" style=\"width:720px;height:104px;background-color:#ddd;overflow:scroll;\">\n\t<strong>Sa\u00edda da depura\u00e7\u00e3o de an\u00fancios<\/strong>\n\t<br><br>\n\tO an\u00fancio n\u00e3o \u00e9 exibido na p\u00e1gina<br><br>post atual: Lavrense acompanha Ministro da Agricultura em passagem pela Alemanha, ID: 14409<br><br><span style=\"color: red;\">O post atual n\u00e3o \u00e9 id\u00eantico ao post principal.<\/span><br><br>An\u00fancios: ROXO - TOPO INTERNA - ROTATIVO 2 (197)<br \/>Grupo de an\u00fancios: Princ_Meio01_720x104 (27)<br><br>Condi\u00e7\u00f5es de exibi\u00e7\u00e3o<div style=\"margin-bottom: 20px; white-space: pre-wrap; font-family: monospace; width: 100%; background: #ffe9e9;\"><strong>condi\u00e7\u00f5es gerais<\/strong><table border=\"1\"><thead><tr><th><\/th><th>An\u00fancios<\/th><th>wp_the_query<\/th><\/tr><\/thead><tr><td>is_main_query<\/td><td>1<\/td><td>1<\/td><\/tr><tr><td>is_rest_api<\/td><td>0<\/td><td>1<\/td><\/tr><tr><td>page<\/td><td>0<\/td><td>1<\/td><\/tr><tr><td>numpages<\/td><td>0<\/td><td>1<\/td><\/tr><tr><td>is_archive<\/td><td>1<\/td><td><\/td><\/tr><tr><td>is_search<\/td><td>1<\/td><td><\/td><\/tr><tr><td>is_home<\/td><td>1<\/td><td><\/td><\/tr><tr><td>is_404<\/td><td>1<\/td><td><\/td><\/tr><tr><td>is_attachment<\/td><td>1<\/td><td><\/td><\/tr><tr><td>is_singular<\/td><td>1<\/td><td><\/td><\/tr><tr><td>is_front_page<\/td><td>1<\/td><td><\/td><\/tr><tr><td>is_feed<\/td><td>1<\/td><td><\/td><\/tr><\/table><\/div><br><br><span style=\"color: red;\">Seu site usa HTTPS, mas o c\u00f3digo do an\u00fancio cont\u00e9m HTTP e pode n\u00e3o funcionar.<\/span>\t<br><br>\n\t<a style=\"color: green;\" href=\"https:\/\/wpadvancedads.com\/manual\/ad-debug-mode\/?utm_source=advanced-ads&utm_medium=link&utm_campaign=ad-debug-mode\" target=\"_blank\" rel=\"nofollow\">Encontre solu\u00e7\u00f5es no manual<\/a>\n<\/div>\n<\/li><\/ul><\/div><script>( window.advanced_ads_ready || jQuery( document ).ready ).call( null, function() {var $lavraslider3272927779 = jQuery( \".lavra-slider-3272927779\" );$lavraslider3272927779.on( \"unslider.ready\", function() { jQuery( \"div.custom-slider ul li\" ).css( \"display\", \"block\" ); });$lavraslider3272927779.unslider({ delay:4000, autoplay:true, nav:false, arrows:false, infinite:true });$lavraslider3272927779.on(\"mouseover\", function() {$lavraslider3272927779.unslider(\"stop\");}).on(\"mouseout\", function() {$lavraslider3272927779.unslider(\"start\");});});<\/script><\/div><p style=\"text-align: justify;\">O Ministro da Agricultura, Pecu\u00e1ria e Abastecimento, Blairo Maggi, viajou na \u00faltima ter\u00e7a-feira (16\/01) \u00e0 Alemanha para participar da 10\u00aa Confer\u00eancia de Ministros de pa\u00edses integrantes do F\u00f3rum Global para a Alimenta\u00e7\u00e3o e a Agricultura (<span class=\"m_-225961897067558925highlightedsearchterm\">GFFA<\/span>), realizada anualmente, em janeiro, no contexto da Semana Verde Internacional, em Berlim.<!--more--> Neste ano, o f\u00f3rum discutiu como moldar o futuro da produ\u00e7\u00e3o animal de forma sustent\u00e1vel, respons\u00e1vel e produtiva.<u><\/u><u><\/u><\/p>\n<figure id=\"attachment_14410\" aria-describedby=\"caption-attachment-14410\" style=\"width: 962px\" class=\"wp-caption alignnone\"><img fetchpriority=\"high\" decoding=\"async\" class=\"size-full wp-image-14410\" src=\"http:\/\/lavras.tv\/site\/wp-content\/uploads\/2018\/01\/foto_GFFA3-e1516878077497.jpg\" alt=\"A lavrense, Christyanne Kasper, fez parte da delega\u00e7\u00e3o oficial do Ministro Blairo Maggi a Alemanha e Bruxelas.\" width=\"962\" height=\"750\" srcset=\"https:\/\/lavras.tv\/site\/wp-content\/uploads\/2018\/01\/foto_GFFA3-e1516878077497.jpg 962w, https:\/\/lavras.tv\/site\/wp-content\/uploads\/2018\/01\/foto_GFFA3-e1516878077497-150x117.jpg 150w, https:\/\/lavras.tv\/site\/wp-content\/uploads\/2018\/01\/foto_GFFA3-e1516878077497-300x234.jpg 300w\" sizes=\"(max-width: 962px) 100vw, 962px\" \/><figcaption id=\"caption-attachment-14410\" class=\"wp-caption-text\">A lavrense, Christyanne Kasper, fez parte da delega\u00e7\u00e3o oficial do Ministro Blairo Maggi a Alemanha e Bruxelas.<\/figcaption><\/figure>\n<p style=\"text-align: justify;\">O Ministro Blairo discursou no debate inaugural da\u00a0<span class=\"m_-225961897067558925highlightedsearchterm\">GFFA<\/span>, destacando a import\u00e2ncia ambiental e econ\u00f4mica da agropecu\u00e1ria brasileira e a inser\u00e7\u00e3o internacional. Al\u00e9m do disso, o Ministro participou de pain\u00e9is e reuni\u00f5es de interesses bilaterais com colegas de outros pa\u00edses como Alemanha, Argentina, Jap\u00e3o, Su\u00ed\u00e7a e Nova Zel\u00e2ndia.<u><\/u><u><\/u><\/p>\n<p style=\"text-align: justify;\">O Ministro teve ainda compromissos em Bruxelas, onde se encontrou com autoridades da Uni\u00e3o Europeia, respons\u00e1veis pelas pastas de Agricultura, Sa\u00fade e Seguran\u00e7a Alimentar e Com\u00e9rcio, bem como interlocutores do setor privado europeu relacionado ao com\u00e9rcio internacional de produtos agropecu\u00e1rios.<u><\/u><u><\/u><\/p>\n<p style=\"text-align: justify;\">Participaram da delega\u00e7\u00e3o o Secret\u00e1rio de Rela\u00e7\u00f5es Internacionais do Agroneg\u00f3cio, Odilson Luiz Ribeiro e Silva, o Secret\u00e1rio de Defesa Agropecu\u00e1ria, Luis Eduardo Pacifici Rangel, o Presidente da Embrapa, Maur\u00edcio Lopes, a Coordenadora de Acesso \u00e0 Mercados Externos e Assessora, Christyanne Kasper, al\u00e9m de representantes de entidades do setor agropecu\u00e1rio.<u><\/u><u><\/u><\/p>\n<p style=\"text-align: justify;\">De Bruxelas, Maggi seguiu para Davos onde participar\u00e1 integrando a comitiva do presidente Michel Temer, no F\u00f3rum Econ\u00f4mico Mundial.<\/p>\n<p style=\"text-align: justify;\">Fonte: Divulga\u00e7\u00e3o<\/p>\n","protected":false},"excerpt":{"rendered":"<p>O Ministro da Agricultura, Pecu\u00e1ria e Abastecimento, Blairo Maggi, viajou na \u00faltima ter\u00e7a-feira (16\/01) \u00e0 Alemanha para participar da 10\u00aa Confer\u00eancia de Ministros de pa\u00edses integrantes do F\u00f3rum Global para a Alimenta\u00e7\u00e3o e a Agricultura (GFFA), realizada anualmente, em janeiro, no contexto da Semana Verde Internacional, em Berlim.<\/p>\n","protected":false},"author":2,"featured_media":14410,"comment_status":"closed","ping_status":"open","sticky":false,"template":"","format":"standard","meta":{"advgb_blocks_editor_width":"","advgb_blocks_columns_visual_guide":"","_exactmetrics_skip_tracking":false,"_exactmetrics_sitenote_active":false,"_exactmetrics_sitenote_note":"","_exactmetrics_sitenote_category":0,"footnotes":""},"categories":[7,12],"tags":[4464,4465],"class_list":["post-14409","post","type-post","status-publish","format-standard","has-post-thumbnail","hentry","category-destaques","category-politica","tag-blairo-maggi","tag-christyanne-kasper"],"better_featured_image":{"id":14410,"alt_text":"","caption":"A lavrense, Christyanne Kasper, fez parte da delega\u00e7\u00e3o oficial do Ministro Blairo Maggi a Alemanha e Bruxelas.","description":"","media_type":"image","media_details":{"width":962,"height":750,"file":"2018\/01\/foto_GFFA3-e1516878077497.jpg","sizes":{"thumbnail":{"file":"foto_GFFA3-e1516878077497-150x117.jpg","width":150,"height":117,"mime-type":"image\/jpeg","source_url":"https:\/\/lavras.tv\/site\/wp-content\/uploads\/2018\/01\/foto_GFFA3-e1516878077497-150x117.jpg"},"medium":{"file":"foto_GFFA3-e1516878077497-300x234.jpg","width":300,"height":234,"mime-type":"image\/jpeg","source_url":"https:\/\/lavras.tv\/site\/wp-content\/uploads\/2018\/01\/foto_GFFA3-e1516878077497-300x234.jpg"},"large":{"file":"foto_GFFA3-768x1024.jpg","width":768,"height":1024,"mime-type":"image\/jpeg","source_url":"https:\/\/lavras.tv\/site\/wp-content\/uploads\/2018\/01\/foto_GFFA3-768x1024.jpg"},"featured-slider-img":{"file":"foto_GFFA3-e1516878077497-640x480.jpg","width":640,"height":480,"mime-type":"image\/jpeg","source_url":"https:\/\/lavras.tv\/site\/wp-content\/uploads\/2018\/01\/foto_GFFA3-e1516878077497-640x480.jpg"},"featured-post-img":{"file":"foto_GFFA3-e1516878077497-480x320.jpg","width":480,"height":320,"mime-type":"image\/jpeg","source_url":"https:\/\/lavras.tv\/site\/wp-content\/uploads\/2018\/01\/foto_GFFA3-e1516878077497-480x320.jpg"},"sow-carousel-default":{"file":"foto_GFFA3-e1516878077497-272x182.jpg","width":272,"height":182,"mime-type":"image\/jpeg","source_url":"https:\/\/lavras.tv\/site\/wp-content\/uploads\/2018\/01\/foto_GFFA3-e1516878077497-272x182.jpg"}},"image_meta":{"aperture":"0","credit":"","camera":"","caption":"","created_timestamp":"0","copyright":"","focal_length":"0","iso":"0","shutter_speed":"0","title":"","orientation":"0","keywords":[]}},"post":14409,"source_url":"https:\/\/lavras.tv\/site\/wp-content\/uploads\/2018\/01\/foto_GFFA3-e1516878077497.jpg"},"author_meta":{"display_name":"Lavras TV","author_link":"https:\/\/lavras.tv\/site\/author\/lavrastv\/"},"featured_img":"https:\/\/lavras.tv\/site\/wp-content\/uploads\/2018\/01\/foto_GFFA3-e1516878077497-300x234.jpg","coauthors":[],"tax_additional":{"categories":{"linked":["<a href=\"https:\/\/lavras.tv\/site\/category\/destaques\/\" class=\"advgb-post-tax-term\">Destaques<\/a>","<a href=\"https:\/\/lavras.tv\/site\/category\/politica\/\" class=\"advgb-post-tax-term\">Pol\u00edtica<\/a>"],"unlinked":["<span class=\"advgb-post-tax-term\">Destaques<\/span>","<span class=\"advgb-post-tax-term\">Pol\u00edtica<\/span>"]},"tags":{"linked":["<a href=\"https:\/\/lavras.tv\/site\/category\/politica\/\" class=\"advgb-post-tax-term\">Blairo Maggi<\/a>","<a href=\"https:\/\/lavras.tv\/site\/category\/politica\/\" class=\"advgb-post-tax-term\">Christyanne Kasper<\/a>"],"unlinked":["<span class=\"advgb-post-tax-term\">Blairo Maggi<\/span>","<span class=\"advgb-post-tax-term\">Christyanne Kasper<\/span>"]}},"comment_count":"0","relative_dates":{"created":"Publicado 8 anos atr\u00e1s","modified":"Atualizado 8 anos atr\u00e1s"},"absolute_dates":{"created":"Publicado em 25 de janeiro de 2018","modified":"Atualizado em 25 de janeiro de 2018"},"absolute_dates_time":{"created":"Publicado em 25 de janeiro de 2018 09:02","modified":"Atualizado em 25 de janeiro de 2018 09:02"},"featured_img_caption":"A lavrense, Christyanne Kasper, fez parte da delega\u00e7\u00e3o oficial do Ministro Blairo Maggi a Alemanha e Bruxelas.","series_order":"","_links":{"self":[{"href":"https:\/\/lavras.tv\/site\/wp-json\/wp\/v2\/posts\/14409","targetHints":{"allow":["GET"]}}],"collection":[{"href":"https:\/\/lavras.tv\/site\/wp-json\/wp\/v2\/posts"}],"about":[{"href":"https:\/\/lavras.tv\/site\/wp-json\/wp\/v2\/types\/post"}],"author":[{"embeddable":true,"href":"https:\/\/lavras.tv\/site\/wp-json\/wp\/v2\/users\/2"}],"replies":[{"embeddable":true,"href":"https:\/\/lavras.tv\/site\/wp-json\/wp\/v2\/comments?post=14409"}],"version-history":[{"count":1,"href":"https:\/\/lavras.tv\/site\/wp-json\/wp\/v2\/posts\/14409\/revisions"}],"predecessor-version":[{"id":14411,"href":"https:\/\/lavras.tv\/site\/wp-json\/wp\/v2\/posts\/14409\/revisions\/14411"}],"wp:featuredmedia":[{"embeddable":true,"href":"https:\/\/lavras.tv\/site\/wp-json\/wp\/v2\/media\/14410"}],"wp:attachment":[{"href":"https:\/\/lavras.tv\/site\/wp-json\/wp\/v2\/media?parent=14409"}],"wp:term":[{"taxonomy":"category","embeddable":true,"href":"https:\/\/lavras.tv\/site\/wp-json\/wp\/v2\/categories?post=14409"},{"taxonomy":"post_tag","embeddable":true,"href":"https:\/\/lavras.tv\/site\/wp-json\/wp\/v2\/tags?post=14409"}],"curies":[{"name":"wp","href":"https:\/\/api.w.org\/{rel}","templated":true}]}}