{"id":144141,"date":"2024-12-15T16:19:58","date_gmt":"2024-12-15T19:19:58","guid":{"rendered":"https:\/\/lavras.tv\/site\/?p=144141"},"modified":"2024-12-15T16:19:59","modified_gmt":"2024-12-15T19:19:59","slug":"fundecc-e-alvo-de-investigacao-do-ministerio-publico-federal","status":"publish","type":"post","link":"https:\/\/lavras.tv\/site\/2024\/12\/15\/fundecc-e-alvo-de-investigacao-do-ministerio-publico-federal\/","title":{"rendered":"Fundecc \u00e9 alvo de investiga\u00e7\u00e3o do Minist\u00e9rio P\u00fablico Federal"},"content":{"rendered":"<div class=\"lavra-antes-do-conteudo_2\" id=\"lavra-2350554422\"><div id=\"lavra-slider-27\" class=\"custom-slider lavra-slider-3402462033 lavra-slider\"><ul><li><div style=\"margin-left: auto;margin-right: auto;text-align: center;\" id=\"lavra-2657292446\"><a href=\"https:\/\/sistemas.lavras.mg.gov.br\/portalcidadao\/#df1b1a7c7b2a290bcb31e32771e610784662739a88807c0dacac58ede5f391a7530e299dc302d611ee73cb143fc22eaf93592e53e7b5bdb01b00a0b8d28dae460c141dd2ff83412e4dc1c31b16b25f33144a9e5620ea73b13f5bc1c59411d98439ad226e8af03840603796067d87afe130812cf3de24982d0e306f9e61e764e5\" aria-label=\"Lavras-TV&#8211;720x104px (1) (1)\"><img src=\"https:\/\/lavras.tv\/site\/wp-content\/uploads\/2025\/01\/Lavras-TV-720x104px-1-1.png\" alt=\"\"  srcset=\"https:\/\/lavras.tv\/site\/wp-content\/uploads\/2025\/01\/Lavras-TV-720x104px-1-1.png 720w, https:\/\/lavras.tv\/site\/wp-content\/uploads\/2025\/01\/Lavras-TV-720x104px-1-1-470x68.png 470w, https:\/\/lavras.tv\/site\/wp-content\/uploads\/2025\/01\/Lavras-TV-720x104px-1-1-170x25.png 170w, https:\/\/lavras.tv\/site\/wp-content\/uploads\/2025\/01\/Lavras-TV-720x104px-1-1-200x29.png 200w\" sizes=\"(max-width: 720px) 100vw, 720px\" width=\"720\" height=\"104\"  style=\"display: inline-block;\" \/><\/a><\/div><\/li><li><a href=\"https:\/\/sistemas.lavras.mg.gov.br\/portalcidadao\/#df1b1a7c7b2a290bcb31e32771e610784662739a88807c0dacac58ede5f391a7530e299dc302d611ee73cb143fc22eaf93592e53e7b5bdb01b00a0b8d28dae460c141dd2ff83412e4dc1c31b16b25f33144a9e5620ea73b13f5bc1c59411d98439ad226e8af03840603796067d87afe130812cf3de24982d0e306f9e61e764e5\" aria-label=\"Banner_Emprego_PortallavrasTV\"><img src=\"https:\/\/lavras.tv\/site\/wp-content\/uploads\/2025\/03\/Banner_Emprego_PortallavrasTV.png\" alt=\"\"  srcset=\"https:\/\/lavras.tv\/site\/wp-content\/uploads\/2025\/03\/Banner_Emprego_PortallavrasTV.png 720w, https:\/\/lavras.tv\/site\/wp-content\/uploads\/2025\/03\/Banner_Emprego_PortallavrasTV-470x68.png 470w, https:\/\/lavras.tv\/site\/wp-content\/uploads\/2025\/03\/Banner_Emprego_PortallavrasTV-170x25.png 170w, https:\/\/lavras.tv\/site\/wp-content\/uploads\/2025\/03\/Banner_Emprego_PortallavrasTV-200x29.png 200w\" sizes=\"(max-width: 720px) 100vw, 720px\" width=\"720\" height=\"104\"   \/><\/a><\/li><li><a href=\"https:\/\/sistemas.lavras.mg.gov.br\/portalcidadao\/#df1b1a7c7b2a290bcb31e32771e610784662739a88807c0dacac58ede5f391a7530e299dc302d611ee73cb143fc22eaf93592e53e7b5bdb01b00a0b8d28dae460c141dd2ff83412e4dc1c31b16b25f33144a9e5620ea73b13f5bc1c59411d98439ad226e8af03840603796067d87afe130812cf3de24982d0e306f9e61e764e5\" aria-label=\"Banner_Obras_PortallavrasTV\"><img src=\"https:\/\/lavras.tv\/site\/wp-content\/uploads\/2025\/03\/Banner_Obras_PortallavrasTV.png\" alt=\"\"  srcset=\"https:\/\/lavras.tv\/site\/wp-content\/uploads\/2025\/03\/Banner_Obras_PortallavrasTV.png 720w, https:\/\/lavras.tv\/site\/wp-content\/uploads\/2025\/03\/Banner_Obras_PortallavrasTV-470x68.png 470w, https:\/\/lavras.tv\/site\/wp-content\/uploads\/2025\/03\/Banner_Obras_PortallavrasTV-170x25.png 170w, https:\/\/lavras.tv\/site\/wp-content\/uploads\/2025\/03\/Banner_Obras_PortallavrasTV-200x29.png 200w\" sizes=\"(max-width: 720px) 100vw, 720px\" width=\"720\" height=\"104\"   \/><\/a><\/li><li><div style=\"margin-left: auto;margin-right: auto;text-align: center;\" id=\"lavra-2030921880\"><a href=\"https:\/\/sistemas.lavras.mg.gov.br\/portalcidadao\/#df1b1a7c7b2a290bcb31e32771e610784662739a88807c0dacac58ede5f391a7530e299dc302d611ee73cb143fc22eaf93592e53e7b5bdb01b00a0b8d28dae460c141dd2ff83412e4dc1c31b16b25f33144a9e5620ea73b13f5bc1c59411d98439ad226e8af03840603796067d87afe130812cf3de24982d0e306f9e61e764e5\" aria-label=\"Banner_Educa\u00e7\u00e3o_PortallavrasTV\"><img src=\"https:\/\/lavras.tv\/site\/wp-content\/uploads\/2025\/01\/Banner_Educacao_PortallavrasTV.png\" alt=\"\"  srcset=\"https:\/\/lavras.tv\/site\/wp-content\/uploads\/2025\/01\/Banner_Educacao_PortallavrasTV.png 720w, https:\/\/lavras.tv\/site\/wp-content\/uploads\/2025\/01\/Banner_Educacao_PortallavrasTV-470x68.png 470w, https:\/\/lavras.tv\/site\/wp-content\/uploads\/2025\/01\/Banner_Educacao_PortallavrasTV-170x25.png 170w, https:\/\/lavras.tv\/site\/wp-content\/uploads\/2025\/01\/Banner_Educacao_PortallavrasTV-200x29.png 200w\" sizes=\"(max-width: 720px) 100vw, 720px\" width=\"720\" height=\"104\"  style=\"display: inline-block;\" \/><\/a><\/div><\/li><li><a href=\"https:\/\/sistemas.lavras.mg.gov.br\/portalcidadao\/#df1b1a7c7b2a290bcb31e32771e610784662739a88807c0dacac58ede5f391a7530e299dc302d611ee73cb143fc22eaf93592e53e7b5bdb01b00a0b8d28dae460c141dd2ff83412e4dc1c31b16b25f33144a9e5620ea73b13f5bc1c59411d98439ad226e8af03840603796067d87afe130812cf3de24982d0e306f9e61e764e5\" aria-label=\"Banner_Sa\u00fade_PortallavrasTV\"><img src=\"https:\/\/lavras.tv\/site\/wp-content\/uploads\/2025\/03\/Banner_Saude_PortallavrasTV.png\" alt=\"\"  srcset=\"https:\/\/lavras.tv\/site\/wp-content\/uploads\/2025\/03\/Banner_Saude_PortallavrasTV.png 720w, https:\/\/lavras.tv\/site\/wp-content\/uploads\/2025\/03\/Banner_Saude_PortallavrasTV-470x68.png 470w, https:\/\/lavras.tv\/site\/wp-content\/uploads\/2025\/03\/Banner_Saude_PortallavrasTV-170x25.png 170w, https:\/\/lavras.tv\/site\/wp-content\/uploads\/2025\/03\/Banner_Saude_PortallavrasTV-200x29.png 200w\" sizes=\"(max-width: 720px) 100vw, 720px\" width=\"720\" height=\"104\"   \/><\/a><\/li><li><div id=\"lavra-3685670595\" style=\"width:720px;height:104px;background-color:#ddd;overflow:scroll;\">\n\t<strong>Sa\u00edda da depura\u00e7\u00e3o de an\u00fancios<\/strong>\n\t<br><br>\n\tO an\u00fancio n\u00e3o \u00e9 exibido na p\u00e1gina<br><br>post atual: Fundecc \u00e9 alvo de investiga\u00e7\u00e3o do Minist\u00e9rio P\u00fablico Federal, ID: 144141<br><br><span style=\"color: red;\">O post atual n\u00e3o \u00e9 id\u00eantico ao post principal.<\/span><br><br>An\u00fancios: ROXO - TOPO INTERNA - ROTATIVO 2 (197)<br \/>Grupo de an\u00fancios: Princ_Meio01_720x104 (27)<br><br>Condi\u00e7\u00f5es de exibi\u00e7\u00e3o<div style=\"margin-bottom: 20px; white-space: pre-wrap; font-family: monospace; width: 100%; background: #ffe9e9;\"><strong>condi\u00e7\u00f5es gerais<\/strong><table border=\"1\"><thead><tr><th><\/th><th>An\u00fancios<\/th><th>wp_the_query<\/th><\/tr><\/thead><tr><td>is_main_query<\/td><td>1<\/td><td>1<\/td><\/tr><tr><td>is_rest_api<\/td><td>0<\/td><td>1<\/td><\/tr><tr><td>page<\/td><td>0<\/td><td>1<\/td><\/tr><tr><td>numpages<\/td><td>0<\/td><td>1<\/td><\/tr><tr><td>is_archive<\/td><td>1<\/td><td><\/td><\/tr><tr><td>is_search<\/td><td>1<\/td><td><\/td><\/tr><tr><td>is_home<\/td><td>1<\/td><td><\/td><\/tr><tr><td>is_404<\/td><td>1<\/td><td><\/td><\/tr><tr><td>is_attachment<\/td><td>1<\/td><td><\/td><\/tr><tr><td>is_singular<\/td><td>1<\/td><td><\/td><\/tr><tr><td>is_front_page<\/td><td>1<\/td><td><\/td><\/tr><tr><td>is_feed<\/td><td>1<\/td><td><\/td><\/tr><\/table><\/div><br><br><span style=\"color: red;\">Seu site usa HTTPS, mas o c\u00f3digo do an\u00fancio cont\u00e9m HTTP e pode n\u00e3o funcionar.<\/span>\t<br><br>\n\t<a style=\"color: green;\" href=\"https:\/\/wpadvancedads.com\/manual\/ad-debug-mode\/?utm_source=advanced-ads&utm_medium=link&utm_campaign=ad-debug-mode\" target=\"_blank\" rel=\"nofollow\">Encontre solu\u00e7\u00f5es no manual<\/a>\n<\/div>\n<\/li><\/ul><\/div><script>( window.advanced_ads_ready || jQuery( document ).ready ).call( null, function() {var $lavraslider3402462033 = jQuery( \".lavra-slider-3402462033\" );$lavraslider3402462033.on( \"unslider.ready\", function() { jQuery( \"div.custom-slider ul li\" ).css( \"display\", \"block\" ); });$lavraslider3402462033.unslider({ delay:4000, autoplay:true, nav:false, arrows:false, infinite:true });$lavraslider3402462033.on(\"mouseover\", function() {$lavraslider3402462033.unslider(\"stop\");}).on(\"mouseout\", function() {$lavraslider3402462033.unslider(\"start\");});});<\/script><\/div>\n<figure class=\"wp-block-image size-full\"><img fetchpriority=\"high\" decoding=\"async\" width=\"500\" height=\"281\" src=\"https:\/\/lavras.tv\/site\/wp-content\/uploads\/2024\/12\/WhatsApp-Image-2024-12-15-at-15.52.59.jpeg\" alt=\"\" class=\"wp-image-144142\" srcset=\"https:\/\/lavras.tv\/site\/wp-content\/uploads\/2024\/12\/WhatsApp-Image-2024-12-15-at-15.52.59.jpeg 500w, https:\/\/lavras.tv\/site\/wp-content\/uploads\/2024\/12\/WhatsApp-Image-2024-12-15-at-15.52.59-470x264.jpeg 470w, https:\/\/lavras.tv\/site\/wp-content\/uploads\/2024\/12\/WhatsApp-Image-2024-12-15-at-15.52.59-170x96.jpeg 170w, https:\/\/lavras.tv\/site\/wp-content\/uploads\/2024\/12\/WhatsApp-Image-2024-12-15-at-15.52.59-200x112.jpeg 200w\" sizes=\"(max-width: 500px) 100vw, 500px\" \/><\/figure>\n\n\n\n<p>Mat\u00e9ria publicada na Folha de S\u00e3o Paulo deste domingo aponta que a Funda\u00e7\u00e3o de Desenvolvimento Cient\u00edfico e Cultural (Fundecc), ligada \u00e0 Universidade Federal de Lavras (UFLA), \u00e9 alvo de investiga\u00e7\u00e3o do Minist\u00e9rio P\u00fablico Federal (MPF), que corre em sigilo, e de uma auditoria interna da institui\u00e7\u00e3o, que apontou poss\u00edveis irregularidades em contratos de pelo menos R$ 46 milh\u00f5es.<\/p>\n\n\n\n<p>As atividades suspeitas ocorreram durante a gest\u00e3o do atual reitor Jos\u00e9 Roberto Soares Scolforo, segundo parecer da Procuradoria. O reitor j\u00e1 \u00e9 r\u00e9u em um processo de improbidade administrativa iniciado em 2014, por supostas fraudes em licita\u00e7\u00f5es de projetos vinculados \u00e0 UFLA.<\/p>\n\n\n\n<p>Nos \u00faltimos dois anos, segundo levantamento realizado pela reportagem da Folha de S\u00e3o Paulo, a fam\u00edlia do reitor movimentou cerca de R$ 4,7 milh\u00f5es em im\u00f3veis em Lavras. Scolforo, que tem dedica\u00e7\u00e3o exclusiva, tinha vencimento de R$ 18,8 mil at\u00e9 abril de 2024. A partir de maio, depois de ser nomeado reitor, a remunera\u00e7\u00e3o subiu para R$ 25,1 mil, segundo dados do portal da transpar\u00eancia.<\/p>\n\n\n\n<p>Em nota, a universidade informou que os contratos firmados pela Fundecc (Funda\u00e7\u00e3o de Desenvolvimento Cient\u00edfico e Cultural) seguem as normas e os processos estabelecidos pela legisla\u00e7\u00e3o e s\u00e3o submetidos a auditorias peri\u00f3dicas. O reitor n\u00e3o atendeu a reportagem.<\/p>\n\n\n\n<p>Entre as propriedades que passaram pela fam\u00edlia de Scolforo desde 2022 est\u00e3o 11 apartamentos em um mesmo condom\u00ednio que, ao todo, valem R$ 3,4 milh\u00f5es -dois foram vendidos recentemente por cerca de R$ 711 mil-, e um s\u00edtio de 63 hectares comprado por R$ 506 mil.<\/p>\n\n\n\n<p>Reeleito neste ano, Scolforo j\u00e1 tinha sido reitor da universidade de 2012 a 2020. Depois, tornou-se vice-reitor, mas deixou o cargo no in\u00edcio de 2021.<\/p>\n\n\n\n<p>Segundo parecer da Procuradoria, as irregularidades na UFLA teriam sido cometidas pela Fundecc, organiza\u00e7\u00e3o vinculada \u00e0 universidade que desenvolve projetos em diferentes \u00e1reas e cuja chefia \u00e9 indicada pelo reitor.<\/p>\n\n\n\n<p>A funda\u00e7\u00e3o j\u00e1 atuou, por exemplo, na gest\u00e3o de terceirizados do Inmet (Instituto Nacional de Meteorologia) e em projetos com a Ana (Ag\u00eancia Nacional de \u00c1guas e Saneamento B\u00e1sico).<\/p>\n\n\n\n<p>Hoje, a UFLA negocia um acordo com o Minist\u00e9rio dos Transportes. O termo de execu\u00e7\u00e3o ter\u00e1, no in\u00edcio, a libera\u00e7\u00e3o parcial de R$ 3 milh\u00f5es. O valor total \u00e9 de R$ 32,5 milh\u00f5es.<br>Para dar conta da demanda, a institui\u00e7\u00e3o contrata outras empresas. De acordo com o MPF, esse processo teria sido usado para cometer as supostas irregularidades, j\u00e1 que as contratadas pela Fundecc pertenciam a s\u00f3cios que tinham v\u00ednculos com a universidade.<\/p>\n\n\n\n<p>As licita\u00e7\u00f5es n\u00e3o eram amplamente divulgadas e as pesquisas de mercado, para avaliar pre\u00e7os padr\u00e3o do servi\u00e7o, eram feitas com essas mesmas empresas, segundo o documento.<\/p>\n\n\n\n<p>Somado a isso, o parecer aponta a suspeita de que a Fundecc subcontratava todo o objeto da licita\u00e7\u00e3o. Ou seja, o servi\u00e7o principal, pelo qual a universidade foi paga, seria prestado pelas empresas contratadas.<\/p>\n\n\n\n<p>Um dos s\u00f3cios \u00e9 Samuel Rodrigues. De 2014 a 2020, empresas dele trabalharam para a Fundecc sob diferentes contratos, de acordo com relat\u00f3rio da auditoria da UFLA. Entre eles, um projeto com a mineradora Vale e outro com o programa Bolsa Verde do governo federal, de assist\u00eancia a fam\u00edlias que atuam com conserva\u00e7\u00e3o ambiental.<\/p>\n\n\n\n<p>Segundo parecer, Samuel tinha v\u00ednculos de trabalho com a universidade pelo menos desde 2009. O documento diz que essas informa\u00e7\u00f5es constavam em seu perfil na rede social profissional LinkedIn at\u00e9 2021. Hoje, j\u00e1 n\u00e3o h\u00e1 mais esses dados na p\u00e1gina.<br>O parecer cita elementos quem ligam Samuel ao reitor. Os projetos desenvolvidos pelo primeiro no \u00e2mbito da UFLA ocorreram durante a gest\u00e3o de Scolforo. Em 2020, Samuel se tornou gerente na Ag\u00eancia Zetta, entidade da universidade dedicada \u00e0 inova\u00e7\u00e3o. No cargo, ele estava subordinado ao reitor. Scolforo tamb\u00e9m foi orientador de mestrado de Samuel.<\/p>\n\n\n\n<p>O caso na Fundecc apresenta semelhan\u00e7as com o processo de 2014, em que o reitor \u00e9 um dos r\u00e9us. Nele, o Minist\u00e9rio P\u00fablico de Minas Gerais identificou supostas fraudes em licita\u00e7\u00f5es de um conv\u00eanio assinado entre a UFLA e o governo do estado, em 2005.<br>O projeto teve valor de R$ 6,5 milh\u00f5es e foi coordenado por Scolforo, na \u00e9poca pr\u00f3-reitor de pesquisa da universidade. Assim como no caso da Fundecc, a UFLA usou licita\u00e7\u00f5es para cometer fraudes, segundo den\u00fancia da Promotoria que motivou o processo. O documento cita que uma das supostas irregularidades teria sido a contrata\u00e7\u00e3o de empresas que n\u00e3o existiam.<\/p>\n\n\n\n<p>Parte da movimenta\u00e7\u00e3o de im\u00f3veis da fam\u00edlia do reitor foi feita em nome de seus dois filhos. Entre eles, Roberta Scolforo, formada em direito e professora da faculdade de medicina na UFLA desde 2019. Em setembro deste ano, Roberta recebeu sal\u00e1rio de R$ 6.100, segundo o portal da transpar\u00eancia.<\/p>\n\n\n\n<p>A outra parte foi em nome de uma holding, a Zamperetti. O quadro societ\u00e1rio da empresa \u00e9 composto pela esposa e pelo outro filho do reitor, Henrique Scolforo, mas o email para contato \u00e9 de Jos\u00e9 Scolforo, segundo cadastro na Redesim.<\/p>\n\n\n\n<p>Outro lado<br>A reportagem buscou um pronunciamento com a UFLA em nome do reitor e da Fundecc. A universidade respondeu apenas pela funda\u00e7\u00e3o. A reitoria, copiada na resposta, n\u00e3o se manifestou mesmo com pedidos insistentes da reportagem.<\/p>\n\n\n\n<p>O reitor Jos\u00e9 Roberto Soares Scolforo tamb\u00e9m foi acionado por liga\u00e7\u00e3o e mensagem, em v\u00e1rias tentativas, mas n\u00e3o respondeu at\u00e9 a publica\u00e7\u00e3o deste texto.<\/p>\n\n\n\n<p>O reitor Jos\u00e9 Roberto Soares Scolforo tamb\u00e9m foi acionado por liga\u00e7\u00e3o e mensagem, em v\u00e1rias tentativas, mas n\u00e3o respondeu at\u00e9 a publica\u00e7\u00e3o deste texto.<\/p>\n\n\n\n<p>Samuel Rodrigues n\u00e3o respondeu a mensagens enviadas a sua empresa, a Vega Monitoramento, nem ao email que aparece registrado no CNPJ da mesma companhia.<\/p>\n\n\n\n<p>Em nota, a universidade informou que a Fundecc \u00e9 uma entidade &#8220;criada para apoiar a execu\u00e7\u00e3o de projetos&#8221; e que &#8220;os contratos e conv\u00eanios firmados por sua interveni\u00eancia seguem normas e processos estabelecidos pela legisla\u00e7\u00e3o pertinente, al\u00e9m de serem submetidos a auditorias peri\u00f3dicas de \u00f3rg\u00e3os de controle internos e externos, que visam garantir a transpar\u00eancia e a legalidade de suas a\u00e7\u00f5es&#8221;.<\/p>\n\n\n\n<p>Ainda de acordo com a nota, &#8220;o sigilo do processo \u00e9 fundamental para preservar a integridade das apura\u00e7\u00f5es, garantir o direito de defesa e evitar preju\u00edzos \u00e0 reputa\u00e7\u00e3o de pessoas ou entidades envolvidas.&#8221;<\/p>\n","protected":false},"excerpt":{"rendered":"<p>Mat\u00e9ria publicada na Folha de S\u00e3o Paulo deste domingo aponta que a Funda\u00e7\u00e3o de Desenvolvimento Cient\u00edfico e Cultural (Fundecc), ligada \u00e0 Universidade Federal de Lavras (UFLA), \u00e9 alvo de investiga\u00e7\u00e3o do Minist\u00e9rio P\u00fablico Federal (MPF), que corre em sigilo, e de uma auditoria interna da institui\u00e7\u00e3o, que apontou poss\u00edveis irregularidades em contratos de pelo menos [&hellip;]<\/p>\n","protected":false},"author":5,"featured_media":144142,"comment_status":"closed","ping_status":"open","sticky":false,"template":"","format":"standard","meta":{"advgb_blocks_editor_width":"","advgb_blocks_columns_visual_guide":"","_exactmetrics_skip_tracking":false,"_exactmetrics_sitenote_active":false,"_exactmetrics_sitenote_note":"","_exactmetrics_sitenote_category":0,"footnotes":""},"categories":[7,2],"tags":[],"class_list":["post-144141","post","type-post","status-publish","format-standard","has-post-thumbnail","hentry","category-destaques","category-noticias"],"better_featured_image":{"id":144142,"alt_text":"","caption":"","description":"","media_type":"image","media_details":{"width":500,"height":281,"file":"2024\/12\/WhatsApp-Image-2024-12-15-at-15.52.59.jpeg","filesize":23611,"sizes":{"medium":{"file":"WhatsApp-Image-2024-12-15-at-15.52.59-470x264.jpeg","width":470,"height":264,"mime-type":"image\/jpeg","filesize":29568,"source_url":"https:\/\/lavras.tv\/site\/wp-content\/uploads\/2024\/12\/WhatsApp-Image-2024-12-15-at-15.52.59-470x264.jpeg"},"thumbnail":{"file":"WhatsApp-Image-2024-12-15-at-15.52.59-170x96.jpeg","width":170,"height":96,"mime-type":"image\/jpeg","filesize":4729,"source_url":"https:\/\/lavras.tv\/site\/wp-content\/uploads\/2024\/12\/WhatsApp-Image-2024-12-15-at-15.52.59-170x96.jpeg"},"lshowcase-thumb":{"file":"WhatsApp-Image-2024-12-15-at-15.52.59-200x112.jpeg","width":200,"height":112,"mime-type":"image\/jpeg","filesize":6121,"source_url":"https:\/\/lavras.tv\/site\/wp-content\/uploads\/2024\/12\/WhatsApp-Image-2024-12-15-at-15.52.59-200x112.jpeg"},"alm-thumbnail":{"file":"WhatsApp-Image-2024-12-15-at-15.52.59-150x150.jpeg","width":150,"height":150,"mime-type":"image\/jpeg","filesize":6288,"source_url":"https:\/\/lavras.tv\/site\/wp-content\/uploads\/2024\/12\/WhatsApp-Image-2024-12-15-at-15.52.59-150x150.jpeg"}},"image_meta":{"aperture":"0","credit":"","camera":"","caption":"","created_timestamp":"0","copyright":"","focal_length":"0","iso":"0","shutter_speed":"0","title":"","orientation":"0","keywords":[]}},"post":144141,"source_url":"https:\/\/lavras.tv\/site\/wp-content\/uploads\/2024\/12\/WhatsApp-Image-2024-12-15-at-15.52.59.jpeg"},"author_meta":{"display_name":"Vinicius Bustamante","author_link":"https:\/\/lavras.tv\/site\/author\/vinicius-bustamante\/"},"featured_img":"https:\/\/lavras.tv\/site\/wp-content\/uploads\/2024\/12\/WhatsApp-Image-2024-12-15-at-15.52.59-470x264.jpeg","coauthors":[],"tax_additional":{"categories":{"linked":["<a href=\"https:\/\/lavras.tv\/site\/category\/destaques\/\" class=\"advgb-post-tax-term\">Destaques<\/a>","<a href=\"https:\/\/lavras.tv\/site\/category\/noticias\/\" class=\"advgb-post-tax-term\">Not\u00edcias<\/a>"],"unlinked":["<span class=\"advgb-post-tax-term\">Destaques<\/span>","<span class=\"advgb-post-tax-term\">Not\u00edcias<\/span>"]}},"comment_count":"0","relative_dates":{"created":"Publicado 1 ano atr\u00e1s","modified":"Atualizado 1 ano atr\u00e1s"},"absolute_dates":{"created":"Publicado em 15 de dezembro de 2024","modified":"Atualizado em 15 de dezembro de 2024"},"absolute_dates_time":{"created":"Publicado em 15 de dezembro de 2024 16:19","modified":"Atualizado em 15 de dezembro de 2024 16:19"},"featured_img_caption":"","series_order":"","_links":{"self":[{"href":"https:\/\/lavras.tv\/site\/wp-json\/wp\/v2\/posts\/144141","targetHints":{"allow":["GET"]}}],"collection":[{"href":"https:\/\/lavras.tv\/site\/wp-json\/wp\/v2\/posts"}],"about":[{"href":"https:\/\/lavras.tv\/site\/wp-json\/wp\/v2\/types\/post"}],"author":[{"embeddable":true,"href":"https:\/\/lavras.tv\/site\/wp-json\/wp\/v2\/users\/5"}],"replies":[{"embeddable":true,"href":"https:\/\/lavras.tv\/site\/wp-json\/wp\/v2\/comments?post=144141"}],"version-history":[{"count":1,"href":"https:\/\/lavras.tv\/site\/wp-json\/wp\/v2\/posts\/144141\/revisions"}],"predecessor-version":[{"id":144143,"href":"https:\/\/lavras.tv\/site\/wp-json\/wp\/v2\/posts\/144141\/revisions\/144143"}],"wp:featuredmedia":[{"embeddable":true,"href":"https:\/\/lavras.tv\/site\/wp-json\/wp\/v2\/media\/144142"}],"wp:attachment":[{"href":"https:\/\/lavras.tv\/site\/wp-json\/wp\/v2\/media?parent=144141"}],"wp:term":[{"taxonomy":"category","embeddable":true,"href":"https:\/\/lavras.tv\/site\/wp-json\/wp\/v2\/categories?post=144141"},{"taxonomy":"post_tag","embeddable":true,"href":"https:\/\/lavras.tv\/site\/wp-json\/wp\/v2\/tags?post=144141"}],"curies":[{"name":"wp","href":"https:\/\/api.w.org\/{rel}","templated":true}]}}