{"id":144331,"date":"2024-12-16T14:19:28","date_gmt":"2024-12-16T17:19:28","guid":{"rendered":"https:\/\/lavras.tv\/site\/?p=144331"},"modified":"2024-12-16T14:19:29","modified_gmt":"2024-12-16T17:19:29","slug":"minas-remove-24-milhoes-de-toneladas-de-gases-de-efeito-estufa-em-2023-e-avanca-no-enfrentamento-as-mudancas-climaticas","status":"publish","type":"post","link":"https:\/\/lavras.tv\/site\/2024\/12\/16\/minas-remove-24-milhoes-de-toneladas-de-gases-de-efeito-estufa-em-2023-e-avanca-no-enfrentamento-as-mudancas-climaticas\/","title":{"rendered":"Minas remove 24 milh\u00f5es de toneladas de gases de efeito estufa em 2023 e avan\u00e7a no enfrentamento \u00e0s mudan\u00e7as clim\u00e1ticas"},"content":{"rendered":"<div class=\"lavra-antes-do-conteudo_2\" id=\"lavra-1489377439\"><div id=\"lavra-slider-27\" class=\"custom-slider lavra-slider-2908100326 lavra-slider\"><ul><li><div style=\"margin-left: auto;margin-right: auto;text-align: center;\" id=\"lavra-3675117342\"><a href=\"https:\/\/sistemas.lavras.mg.gov.br\/portalcidadao\/#df1b1a7c7b2a290bcb31e32771e610784662739a88807c0dacac58ede5f391a7530e299dc302d611ee73cb143fc22eaf93592e53e7b5bdb01b00a0b8d28dae460c141dd2ff83412e4dc1c31b16b25f33144a9e5620ea73b13f5bc1c59411d98439ad226e8af03840603796067d87afe130812cf3de24982d0e306f9e61e764e5\" aria-label=\"Lavras-TV&#8211;720x104px (1) (1)\"><img src=\"https:\/\/lavras.tv\/site\/wp-content\/uploads\/2025\/01\/Lavras-TV-720x104px-1-1.png\" alt=\"\"  srcset=\"https:\/\/lavras.tv\/site\/wp-content\/uploads\/2025\/01\/Lavras-TV-720x104px-1-1.png 720w, https:\/\/lavras.tv\/site\/wp-content\/uploads\/2025\/01\/Lavras-TV-720x104px-1-1-470x68.png 470w, https:\/\/lavras.tv\/site\/wp-content\/uploads\/2025\/01\/Lavras-TV-720x104px-1-1-170x25.png 170w, https:\/\/lavras.tv\/site\/wp-content\/uploads\/2025\/01\/Lavras-TV-720x104px-1-1-200x29.png 200w\" sizes=\"(max-width: 720px) 100vw, 720px\" width=\"720\" height=\"104\"  style=\"display: inline-block;\" \/><\/a><\/div><\/li><li><a href=\"https:\/\/sistemas.lavras.mg.gov.br\/portalcidadao\/#df1b1a7c7b2a290bcb31e32771e610784662739a88807c0dacac58ede5f391a7530e299dc302d611ee73cb143fc22eaf93592e53e7b5bdb01b00a0b8d28dae460c141dd2ff83412e4dc1c31b16b25f33144a9e5620ea73b13f5bc1c59411d98439ad226e8af03840603796067d87afe130812cf3de24982d0e306f9e61e764e5\" aria-label=\"Banner_Emprego_PortallavrasTV\"><img src=\"https:\/\/lavras.tv\/site\/wp-content\/uploads\/2025\/03\/Banner_Emprego_PortallavrasTV.png\" alt=\"\"  srcset=\"https:\/\/lavras.tv\/site\/wp-content\/uploads\/2025\/03\/Banner_Emprego_PortallavrasTV.png 720w, https:\/\/lavras.tv\/site\/wp-content\/uploads\/2025\/03\/Banner_Emprego_PortallavrasTV-470x68.png 470w, https:\/\/lavras.tv\/site\/wp-content\/uploads\/2025\/03\/Banner_Emprego_PortallavrasTV-170x25.png 170w, https:\/\/lavras.tv\/site\/wp-content\/uploads\/2025\/03\/Banner_Emprego_PortallavrasTV-200x29.png 200w\" sizes=\"(max-width: 720px) 100vw, 720px\" width=\"720\" height=\"104\"   \/><\/a><\/li><li><a href=\"https:\/\/sistemas.lavras.mg.gov.br\/portalcidadao\/#df1b1a7c7b2a290bcb31e32771e610784662739a88807c0dacac58ede5f391a7530e299dc302d611ee73cb143fc22eaf93592e53e7b5bdb01b00a0b8d28dae460c141dd2ff83412e4dc1c31b16b25f33144a9e5620ea73b13f5bc1c59411d98439ad226e8af03840603796067d87afe130812cf3de24982d0e306f9e61e764e5\" aria-label=\"Banner_Obras_PortallavrasTV\"><img src=\"https:\/\/lavras.tv\/site\/wp-content\/uploads\/2025\/03\/Banner_Obras_PortallavrasTV.png\" alt=\"\"  srcset=\"https:\/\/lavras.tv\/site\/wp-content\/uploads\/2025\/03\/Banner_Obras_PortallavrasTV.png 720w, https:\/\/lavras.tv\/site\/wp-content\/uploads\/2025\/03\/Banner_Obras_PortallavrasTV-470x68.png 470w, https:\/\/lavras.tv\/site\/wp-content\/uploads\/2025\/03\/Banner_Obras_PortallavrasTV-170x25.png 170w, https:\/\/lavras.tv\/site\/wp-content\/uploads\/2025\/03\/Banner_Obras_PortallavrasTV-200x29.png 200w\" sizes=\"(max-width: 720px) 100vw, 720px\" width=\"720\" height=\"104\"   \/><\/a><\/li><li><div style=\"margin-left: auto;margin-right: auto;text-align: center;\" id=\"lavra-2391583768\"><a href=\"https:\/\/sistemas.lavras.mg.gov.br\/portalcidadao\/#df1b1a7c7b2a290bcb31e32771e610784662739a88807c0dacac58ede5f391a7530e299dc302d611ee73cb143fc22eaf93592e53e7b5bdb01b00a0b8d28dae460c141dd2ff83412e4dc1c31b16b25f33144a9e5620ea73b13f5bc1c59411d98439ad226e8af03840603796067d87afe130812cf3de24982d0e306f9e61e764e5\" aria-label=\"Banner_Educa\u00e7\u00e3o_PortallavrasTV\"><img src=\"https:\/\/lavras.tv\/site\/wp-content\/uploads\/2025\/01\/Banner_Educacao_PortallavrasTV.png\" alt=\"\"  srcset=\"https:\/\/lavras.tv\/site\/wp-content\/uploads\/2025\/01\/Banner_Educacao_PortallavrasTV.png 720w, https:\/\/lavras.tv\/site\/wp-content\/uploads\/2025\/01\/Banner_Educacao_PortallavrasTV-470x68.png 470w, https:\/\/lavras.tv\/site\/wp-content\/uploads\/2025\/01\/Banner_Educacao_PortallavrasTV-170x25.png 170w, https:\/\/lavras.tv\/site\/wp-content\/uploads\/2025\/01\/Banner_Educacao_PortallavrasTV-200x29.png 200w\" sizes=\"(max-width: 720px) 100vw, 720px\" width=\"720\" height=\"104\"  style=\"display: inline-block;\" \/><\/a><\/div><\/li><li><a href=\"https:\/\/sistemas.lavras.mg.gov.br\/portalcidadao\/#df1b1a7c7b2a290bcb31e32771e610784662739a88807c0dacac58ede5f391a7530e299dc302d611ee73cb143fc22eaf93592e53e7b5bdb01b00a0b8d28dae460c141dd2ff83412e4dc1c31b16b25f33144a9e5620ea73b13f5bc1c59411d98439ad226e8af03840603796067d87afe130812cf3de24982d0e306f9e61e764e5\" aria-label=\"Banner_Sa\u00fade_PortallavrasTV\"><img src=\"https:\/\/lavras.tv\/site\/wp-content\/uploads\/2025\/03\/Banner_Saude_PortallavrasTV.png\" alt=\"\"  srcset=\"https:\/\/lavras.tv\/site\/wp-content\/uploads\/2025\/03\/Banner_Saude_PortallavrasTV.png 720w, https:\/\/lavras.tv\/site\/wp-content\/uploads\/2025\/03\/Banner_Saude_PortallavrasTV-470x68.png 470w, https:\/\/lavras.tv\/site\/wp-content\/uploads\/2025\/03\/Banner_Saude_PortallavrasTV-170x25.png 170w, https:\/\/lavras.tv\/site\/wp-content\/uploads\/2025\/03\/Banner_Saude_PortallavrasTV-200x29.png 200w\" sizes=\"(max-width: 720px) 100vw, 720px\" width=\"720\" height=\"104\"   \/><\/a><\/li><li><div id=\"lavra-1712743140\" style=\"width:720px;height:104px;background-color:#ddd;overflow:scroll;\">\n\t<strong>Sa\u00edda da depura\u00e7\u00e3o de an\u00fancios<\/strong>\n\t<br><br>\n\tO an\u00fancio n\u00e3o \u00e9 exibido na p\u00e1gina<br><br>post atual: Minas remove 24 milh\u00f5es de toneladas de gases de efeito estufa em 2023 e avan\u00e7a no enfrentamento \u00e0s mudan\u00e7as clim\u00e1ticas, ID: 144331<br><br><span style=\"color: red;\">O post atual n\u00e3o \u00e9 id\u00eantico ao post principal.<\/span><br><br>An\u00fancios: ROXO - TOPO INTERNA - ROTATIVO 2 (197)<br \/>Grupo de an\u00fancios: Princ_Meio01_720x104 (27)<br><br>Condi\u00e7\u00f5es de exibi\u00e7\u00e3o<div style=\"margin-bottom: 20px; white-space: pre-wrap; font-family: monospace; width: 100%; background: #ffe9e9;\"><strong>condi\u00e7\u00f5es gerais<\/strong><table border=\"1\"><thead><tr><th><\/th><th>An\u00fancios<\/th><th>wp_the_query<\/th><\/tr><\/thead><tr><td>is_main_query<\/td><td>1<\/td><td>1<\/td><\/tr><tr><td>is_rest_api<\/td><td>0<\/td><td>1<\/td><\/tr><tr><td>page<\/td><td>0<\/td><td>1<\/td><\/tr><tr><td>numpages<\/td><td>0<\/td><td>1<\/td><\/tr><tr><td>is_archive<\/td><td>1<\/td><td><\/td><\/tr><tr><td>is_search<\/td><td>1<\/td><td><\/td><\/tr><tr><td>is_home<\/td><td>1<\/td><td><\/td><\/tr><tr><td>is_404<\/td><td>1<\/td><td><\/td><\/tr><tr><td>is_attachment<\/td><td>1<\/td><td><\/td><\/tr><tr><td>is_singular<\/td><td>1<\/td><td><\/td><\/tr><tr><td>is_front_page<\/td><td>1<\/td><td><\/td><\/tr><tr><td>is_feed<\/td><td>1<\/td><td><\/td><\/tr><\/table><\/div><br><br><span style=\"color: red;\">Seu site usa HTTPS, mas o c\u00f3digo do an\u00fancio cont\u00e9m HTTP e pode n\u00e3o funcionar.<\/span>\t<br><br>\n\t<a style=\"color: green;\" href=\"https:\/\/wpadvancedads.com\/manual\/ad-debug-mode\/?utm_source=advanced-ads&utm_medium=link&utm_campaign=ad-debug-mode\" target=\"_blank\" rel=\"nofollow\">Encontre solu\u00e7\u00f5es no manual<\/a>\n<\/div>\n<\/li><\/ul><\/div><script>( window.advanced_ads_ready || jQuery( document ).ready ).call( null, function() {var $lavraslider2908100326 = jQuery( \".lavra-slider-2908100326\" );$lavraslider2908100326.on( \"unslider.ready\", function() { jQuery( \"div.custom-slider ul li\" ).css( \"display\", \"block\" ); });$lavraslider2908100326.unslider({ delay:4000, autoplay:true, nav:false, arrows:false, infinite:true });$lavraslider2908100326.on(\"mouseover\", function() {$lavraslider2908100326.unslider(\"stop\");}).on(\"mouseout\", function() {$lavraslider2908100326.unslider(\"start\");});});<\/script><\/div>\n<p><em>Estado conta com o apoio da ferramenta MRV Clim\u00e1tico, instrumento fundamental para a execu\u00e7\u00e3o do planejamento referente \u00e0 crise do clima<\/em><\/p>\n\n\n\n<figure class=\"wp-block-image size-large\"><img fetchpriority=\"high\" decoding=\"async\" width=\"970\" height=\"247\" src=\"https:\/\/lavras.tv\/site\/wp-content\/uploads\/2024\/12\/Robson-Santos-Semad-970x247.jpg\" alt=\"\" class=\"wp-image-144332\" srcset=\"https:\/\/lavras.tv\/site\/wp-content\/uploads\/2024\/12\/Robson-Santos-Semad-970x247.jpg 970w, https:\/\/lavras.tv\/site\/wp-content\/uploads\/2024\/12\/Robson-Santos-Semad-470x120.jpg 470w, https:\/\/lavras.tv\/site\/wp-content\/uploads\/2024\/12\/Robson-Santos-Semad-170x43.jpg 170w, https:\/\/lavras.tv\/site\/wp-content\/uploads\/2024\/12\/Robson-Santos-Semad-200x51.jpg 200w, https:\/\/lavras.tv\/site\/wp-content\/uploads\/2024\/12\/Robson-Santos-Semad-1536x391.jpg 1536w, https:\/\/lavras.tv\/site\/wp-content\/uploads\/2024\/12\/Robson-Santos-Semad.jpg 1903w\" sizes=\"(max-width: 970px) 100vw, 970px\" \/><\/figure>\n\n\n\n<p>Minas Gerais avan\u00e7a cada vez mais no enfrentamento \u00e0s mudan\u00e7as clim\u00e1ticas. Al\u00e9m de formular a\u00e7\u00f5es para promover o desenvolvimento sustent\u00e1vel de baixo carbono, o estado investe em ferramentas para acompanhar o andamento dos trabalhos de combate \u00e0 crise do clima. Os primeiros resultados dos esfor\u00e7os j\u00e1 come\u00e7aram a aparecer: 24 milh\u00f5es de toneladas de gases de efeito estufa removidos apenas em 2023.<br><br>Para dar continuidade ao trabalho e atingir a neutralidade at\u00e9 2050, conforme preconiza a campanha global Race to Zero, o&nbsp;<a href=\"https:\/\/www.mg.gov.br\/\" target=\"_blank\" rel=\"noreferrer noopener\">Governo de Minas<\/a>&nbsp;realiza diversas a\u00e7\u00f5es, como o financiamento de projetos sustent\u00e1veis e a constru\u00e7\u00e3o do Plano Estadual de A\u00e7\u00e3o Clim\u00e1tica (Plac). E, para verificar o andamento das metas e a\u00e7\u00f5es priorit\u00e1rias do plano, o estado passou a utilizar a ferramenta&nbsp;<a href=\"https:\/\/mrvclimatico.meioambiente.mg.gov.br\/\" target=\"_blank\" rel=\"noreferrer noopener\">MRV Clim\u00e1tico<\/a>.<br><br>Lan\u00e7ada pelo Estado em novembro, durante a&nbsp;29\u00aa Confer\u00eancia das Na\u00e7\u00f5es Unidas sobre Mudan\u00e7as Clim\u00e1ticas (COP29), no&nbsp;Azerbaij\u00e3o, trata-se de uma estrutura robusta de governan\u00e7a, reporte, monitoramento e uma avalia\u00e7\u00e3o que fortale\u00e7a e promova uma atua\u00e7\u00e3o mais assertiva e estrat\u00e9gica do Governo de Minas na agenda clim\u00e1tica, de forma que seja poss\u00edvel direcionar os esfor\u00e7os do estado em termos de investimentos e de redu\u00e7\u00e3o de emiss\u00f5es.<br><br>&#8220;Quando conseguimos calcular a emiss\u00e3o propriamente, setor a setor, e j\u00e1 temos estabelecidos quais s\u00e3o os nossos alvos, n\u00f3s desenhamos as estrat\u00e9gias e, atrav\u00e9s do MRV, medimos se elas est\u00e3o sendo eficientes. Se n\u00e3o, atuamos para mudar a estrat\u00e9gia ou para garantir que quem tem que cumprir a meta de descarboniza\u00e7\u00e3o atue diretamente&#8221;, explica o vice-governador de Minas Gerais, Professor Mateus.<br><br>O MRV Clim\u00e1tico foi desenvolvido no \u00e2mbito do projeto \u201cMelhorando o desempenho clim\u00e1tico do estado de Minas Gerais como for\u00e7a motriz para mobilizar investimentos verdes\u201d. O MRV foi aprovado no edital de financiamento clim\u00e1tico do Reino Unido, o UK Pact de 2023, e elaborado pelo Centro Brasil no Clima e pela WayCarbon, em parceria com a Secretaria de Estado do Meio Ambiente e Desenvolvimento (Semad).<br><\/p>\n\n\n\n<p><strong>Desenvolvimento da plataforma<\/strong><\/p>\n\n\n\n<p>Para a primeira vers\u00e3o da ferramenta, foram selecionadas metas cujos objetivos eram mais quantific\u00e1veis e de longo prazo. Para cada uma dessas metas, foram, ent\u00e3o, elaborados indicadores que refletissem o seu cumprimento e seu impacto, levando em conta os dados dispon\u00edveis atualmente. Por fim, trabalhou-se na estrutura a ser utilizada para a ferramenta.<\/p>\n\n\n\n<p>O Plac \u00e9 composto por 28 a\u00e7\u00f5es setoriais, 103 suba\u00e7\u00f5es e 199 metas, que contemplam a\u00e7\u00f5es de mitiga\u00e7\u00e3o, adapta\u00e7\u00e3o, inova\u00e7\u00e3o e justi\u00e7a clim\u00e1tica.<\/p>\n\n\n\n<p>Uma das metas que o MRV Clim\u00e1tico j\u00e1 monitora \u00e9 em rela\u00e7\u00e3o aos transportes. Um dos objetivos do Plac \u00e9 promover a amplia\u00e7\u00e3o da substitui\u00e7\u00e3o da gasolina e do diesel por biocombust\u00edveis, ampliando em 10% sua participa\u00e7\u00e3o na demanda energ\u00e9tica at\u00e9 2030 e, em 50%, at\u00e9 2050.<\/p>\n\n\n\n<p>De acordo com a ferramenta, o volume de etanol comercializado em Minas Gerais no segundo trimestre de 2023 foi de 382.220 metros c\u00fabicos, \u00edndice que foi elevado para 613.047 metros c\u00fabicos para o segundo trimestre de 2024.<\/p>\n\n\n\n<p>Outra meta que j\u00e1 est\u00e1 em acompanhamento pela plataforma \u00e9 a que busca alcan\u00e7ar 900 mil ve\u00edculos movidos por propuls\u00e3o alternativa \u00e0 combust\u00e3o at\u00e9 2050 na frota veicular registrada no estado.<\/p>\n\n\n\n<p>No primeiro semestre de 2023, eram 5.848 ve\u00edculos do tipo registrados em Minas. J\u00e1 no primeiro semestre de 2024, o n\u00famero subiu para 14.884 autom\u00f3veis.<\/p>\n\n\n\n<p><strong>Apresenta\u00e7\u00e3o de resultados<\/strong><\/p>\n\n\n\n<p>Em 2025, a Confer\u00eancia das Na\u00e7\u00f5es Unidas sobre as Mudan\u00e7as Clim\u00e1ticas ser\u00e1 realizada em Bel\u00e9m (PA).<\/p>\n\n\n\n<p>Minas Gerais estar\u00e1 presente no evento para apresentar os resultados da execu\u00e7\u00e3o das 199 metas do Plac, tendo como base justamente os dados extra\u00eddos pela ferramenta MRV Clim\u00e1tico.<\/p>\n\n\n\n<p>&#8220;Essa ferramenta permitir\u00e1 dar transpar\u00eancia \u00e0 sociedade da execu\u00e7\u00e3o de todas essas a\u00e7\u00f5es, as metas que est\u00e3o sendo cumpridas e, tamb\u00e9m, calcular o que essas metas e a\u00e7\u00f5es repercutem em termos de redu\u00e7\u00e3o de emiss\u00e3o de gases de efeito estufa e de aumento de captura de gases de efeito estufa&#8221;, conclui a secret\u00e1ria de Estado de Meio Ambiente e Desenvolvimento Sustent\u00e1vel, Mar\u00edlia Melo.<\/p>\n","protected":false},"excerpt":{"rendered":"<p>Estado conta com o apoio da ferramenta MRV Clim\u00e1tico, instrumento fundamental para a execu\u00e7\u00e3o do planejamento referente \u00e0 crise do clima Minas Gerais avan\u00e7a cada vez mais no enfrentamento \u00e0s mudan\u00e7as clim\u00e1ticas. Al\u00e9m de formular a\u00e7\u00f5es para promover o desenvolvimento sustent\u00e1vel de baixo carbono, o estado investe em ferramentas para acompanhar o andamento dos trabalhos [&hellip;]<\/p>\n","protected":false},"author":5,"featured_media":144332,"comment_status":"closed","ping_status":"open","sticky":false,"template":"","format":"standard","meta":{"advgb_blocks_editor_width":"","advgb_blocks_columns_visual_guide":"","_exactmetrics_skip_tracking":false,"_exactmetrics_sitenote_active":false,"_exactmetrics_sitenote_note":"","_exactmetrics_sitenote_category":0,"footnotes":""},"categories":[7,2],"tags":[],"class_list":["post-144331","post","type-post","status-publish","format-standard","has-post-thumbnail","hentry","category-destaques","category-noticias"],"better_featured_image":{"id":144332,"alt_text":"","caption":"","description":"","media_type":"image","media_details":{"width":1903,"height":485,"file":"2024\/12\/Robson-Santos-Semad.jpg","filesize":919447,"sizes":{"medium":{"file":"Robson-Santos-Semad-470x120.jpg","width":470,"height":120,"mime-type":"image\/jpeg","filesize":13298,"source_url":"https:\/\/lavras.tv\/site\/wp-content\/uploads\/2024\/12\/Robson-Santos-Semad-470x120.jpg"},"large":{"file":"Robson-Santos-Semad-970x247.jpg","width":970,"height":247,"mime-type":"image\/jpeg","filesize":50007,"source_url":"https:\/\/lavras.tv\/site\/wp-content\/uploads\/2024\/12\/Robson-Santos-Semad-970x247.jpg"},"thumbnail":{"file":"Robson-Santos-Semad-170x43.jpg","width":170,"height":43,"mime-type":"image\/jpeg","filesize":2820,"source_url":"https:\/\/lavras.tv\/site\/wp-content\/uploads\/2024\/12\/Robson-Santos-Semad-170x43.jpg"},"lshowcase-thumb":{"file":"Robson-Santos-Semad-200x51.jpg","width":200,"height":51,"mime-type":"image\/jpeg","filesize":3493,"source_url":"https:\/\/lavras.tv\/site\/wp-content\/uploads\/2024\/12\/Robson-Santos-Semad-200x51.jpg"},"1536x1536":{"file":"Robson-Santos-Semad-1536x391.jpg","width":1536,"height":391,"mime-type":"image\/jpeg","filesize":114089,"source_url":"https:\/\/lavras.tv\/site\/wp-content\/uploads\/2024\/12\/Robson-Santos-Semad-1536x391.jpg"},"alm-thumbnail":{"file":"Robson-Santos-Semad-150x150.jpg","width":150,"height":150,"mime-type":"image\/jpeg","filesize":5139,"source_url":"https:\/\/lavras.tv\/site\/wp-content\/uploads\/2024\/12\/Robson-Santos-Semad-150x150.jpg"}},"image_meta":{"aperture":"0","credit":"","camera":"","caption":"","created_timestamp":"0","copyright":"","focal_length":"0","iso":"0","shutter_speed":"0","title":"","orientation":"0","keywords":[]}},"post":144331,"source_url":"https:\/\/lavras.tv\/site\/wp-content\/uploads\/2024\/12\/Robson-Santos-Semad.jpg"},"author_meta":{"display_name":"Vinicius Bustamante","author_link":"https:\/\/lavras.tv\/site\/author\/vinicius-bustamante\/"},"featured_img":"https:\/\/lavras.tv\/site\/wp-content\/uploads\/2024\/12\/Robson-Santos-Semad-470x120.jpg","coauthors":[],"tax_additional":{"categories":{"linked":["<a href=\"https:\/\/lavras.tv\/site\/category\/destaques\/\" class=\"advgb-post-tax-term\">Destaques<\/a>","<a href=\"https:\/\/lavras.tv\/site\/category\/noticias\/\" class=\"advgb-post-tax-term\">Not\u00edcias<\/a>"],"unlinked":["<span class=\"advgb-post-tax-term\">Destaques<\/span>","<span class=\"advgb-post-tax-term\">Not\u00edcias<\/span>"]}},"comment_count":"0","relative_dates":{"created":"Publicado 1 ano atr\u00e1s","modified":"Atualizado 1 ano atr\u00e1s"},"absolute_dates":{"created":"Publicado em 16 de dezembro de 2024","modified":"Atualizado em 16 de dezembro de 2024"},"absolute_dates_time":{"created":"Publicado em 16 de dezembro de 2024 14:19","modified":"Atualizado em 16 de dezembro de 2024 14:19"},"featured_img_caption":"","series_order":"","_links":{"self":[{"href":"https:\/\/lavras.tv\/site\/wp-json\/wp\/v2\/posts\/144331","targetHints":{"allow":["GET"]}}],"collection":[{"href":"https:\/\/lavras.tv\/site\/wp-json\/wp\/v2\/posts"}],"about":[{"href":"https:\/\/lavras.tv\/site\/wp-json\/wp\/v2\/types\/post"}],"author":[{"embeddable":true,"href":"https:\/\/lavras.tv\/site\/wp-json\/wp\/v2\/users\/5"}],"replies":[{"embeddable":true,"href":"https:\/\/lavras.tv\/site\/wp-json\/wp\/v2\/comments?post=144331"}],"version-history":[{"count":1,"href":"https:\/\/lavras.tv\/site\/wp-json\/wp\/v2\/posts\/144331\/revisions"}],"predecessor-version":[{"id":144333,"href":"https:\/\/lavras.tv\/site\/wp-json\/wp\/v2\/posts\/144331\/revisions\/144333"}],"wp:featuredmedia":[{"embeddable":true,"href":"https:\/\/lavras.tv\/site\/wp-json\/wp\/v2\/media\/144332"}],"wp:attachment":[{"href":"https:\/\/lavras.tv\/site\/wp-json\/wp\/v2\/media?parent=144331"}],"wp:term":[{"taxonomy":"category","embeddable":true,"href":"https:\/\/lavras.tv\/site\/wp-json\/wp\/v2\/categories?post=144331"},{"taxonomy":"post_tag","embeddable":true,"href":"https:\/\/lavras.tv\/site\/wp-json\/wp\/v2\/tags?post=144331"}],"curies":[{"name":"wp","href":"https:\/\/api.w.org\/{rel}","templated":true}]}}