{"id":144338,"date":"2024-12-16T14:35:22","date_gmt":"2024-12-16T17:35:22","guid":{"rendered":"https:\/\/lavras.tv\/site\/?p=144338"},"modified":"2024-12-16T14:35:23","modified_gmt":"2024-12-16T17:35:23","slug":"evento-religioso-bate-recorde-de-publico-no-mineirao-veja-numeros","status":"publish","type":"post","link":"https:\/\/lavras.tv\/site\/2024\/12\/16\/evento-religioso-bate-recorde-de-publico-no-mineirao-veja-numeros\/","title":{"rendered":"Evento religioso bate recorde de p\u00fablico no Mineir\u00e3o; veja n\u00fameros"},"content":{"rendered":"<div class=\"lavra-antes-do-conteudo_2\" id=\"lavra-3901640188\"><div id=\"lavra-slider-27\" class=\"custom-slider lavra-slider-4095740452 lavra-slider\"><ul><li><div style=\"margin-left: auto;margin-right: auto;text-align: center;\" id=\"lavra-3541067560\"><a href=\"https:\/\/sistemas.lavras.mg.gov.br\/portalcidadao\/#df1b1a7c7b2a290bcb31e32771e610784662739a88807c0dacac58ede5f391a7530e299dc302d611ee73cb143fc22eaf93592e53e7b5bdb01b00a0b8d28dae460c141dd2ff83412e4dc1c31b16b25f33144a9e5620ea73b13f5bc1c59411d98439ad226e8af03840603796067d87afe130812cf3de24982d0e306f9e61e764e5\" aria-label=\"Lavras-TV&#8211;720x104px (1) (1)\"><img src=\"https:\/\/lavras.tv\/site\/wp-content\/uploads\/2025\/01\/Lavras-TV-720x104px-1-1.png\" alt=\"\"  srcset=\"https:\/\/lavras.tv\/site\/wp-content\/uploads\/2025\/01\/Lavras-TV-720x104px-1-1.png 720w, https:\/\/lavras.tv\/site\/wp-content\/uploads\/2025\/01\/Lavras-TV-720x104px-1-1-470x68.png 470w, https:\/\/lavras.tv\/site\/wp-content\/uploads\/2025\/01\/Lavras-TV-720x104px-1-1-170x25.png 170w, https:\/\/lavras.tv\/site\/wp-content\/uploads\/2025\/01\/Lavras-TV-720x104px-1-1-200x29.png 200w\" sizes=\"(max-width: 720px) 100vw, 720px\" width=\"720\" height=\"104\"  style=\"display: inline-block;\" \/><\/a><\/div><\/li><li><a href=\"https:\/\/sistemas.lavras.mg.gov.br\/portalcidadao\/#df1b1a7c7b2a290bcb31e32771e610784662739a88807c0dacac58ede5f391a7530e299dc302d611ee73cb143fc22eaf93592e53e7b5bdb01b00a0b8d28dae460c141dd2ff83412e4dc1c31b16b25f33144a9e5620ea73b13f5bc1c59411d98439ad226e8af03840603796067d87afe130812cf3de24982d0e306f9e61e764e5\" aria-label=\"Banner_Emprego_PortallavrasTV\"><img src=\"https:\/\/lavras.tv\/site\/wp-content\/uploads\/2025\/03\/Banner_Emprego_PortallavrasTV.png\" alt=\"\"  srcset=\"https:\/\/lavras.tv\/site\/wp-content\/uploads\/2025\/03\/Banner_Emprego_PortallavrasTV.png 720w, https:\/\/lavras.tv\/site\/wp-content\/uploads\/2025\/03\/Banner_Emprego_PortallavrasTV-470x68.png 470w, https:\/\/lavras.tv\/site\/wp-content\/uploads\/2025\/03\/Banner_Emprego_PortallavrasTV-170x25.png 170w, https:\/\/lavras.tv\/site\/wp-content\/uploads\/2025\/03\/Banner_Emprego_PortallavrasTV-200x29.png 200w\" sizes=\"(max-width: 720px) 100vw, 720px\" width=\"720\" height=\"104\"   \/><\/a><\/li><li><a href=\"https:\/\/sistemas.lavras.mg.gov.br\/portalcidadao\/#df1b1a7c7b2a290bcb31e32771e610784662739a88807c0dacac58ede5f391a7530e299dc302d611ee73cb143fc22eaf93592e53e7b5bdb01b00a0b8d28dae460c141dd2ff83412e4dc1c31b16b25f33144a9e5620ea73b13f5bc1c59411d98439ad226e8af03840603796067d87afe130812cf3de24982d0e306f9e61e764e5\" aria-label=\"Banner_Obras_PortallavrasTV\"><img src=\"https:\/\/lavras.tv\/site\/wp-content\/uploads\/2025\/03\/Banner_Obras_PortallavrasTV.png\" alt=\"\"  srcset=\"https:\/\/lavras.tv\/site\/wp-content\/uploads\/2025\/03\/Banner_Obras_PortallavrasTV.png 720w, https:\/\/lavras.tv\/site\/wp-content\/uploads\/2025\/03\/Banner_Obras_PortallavrasTV-470x68.png 470w, https:\/\/lavras.tv\/site\/wp-content\/uploads\/2025\/03\/Banner_Obras_PortallavrasTV-170x25.png 170w, https:\/\/lavras.tv\/site\/wp-content\/uploads\/2025\/03\/Banner_Obras_PortallavrasTV-200x29.png 200w\" sizes=\"(max-width: 720px) 100vw, 720px\" width=\"720\" height=\"104\"   \/><\/a><\/li><li><div style=\"margin-left: auto;margin-right: auto;text-align: center;\" id=\"lavra-341473377\"><a href=\"https:\/\/sistemas.lavras.mg.gov.br\/portalcidadao\/#df1b1a7c7b2a290bcb31e32771e610784662739a88807c0dacac58ede5f391a7530e299dc302d611ee73cb143fc22eaf93592e53e7b5bdb01b00a0b8d28dae460c141dd2ff83412e4dc1c31b16b25f33144a9e5620ea73b13f5bc1c59411d98439ad226e8af03840603796067d87afe130812cf3de24982d0e306f9e61e764e5\" aria-label=\"Banner_Educa\u00e7\u00e3o_PortallavrasTV\"><img src=\"https:\/\/lavras.tv\/site\/wp-content\/uploads\/2025\/01\/Banner_Educacao_PortallavrasTV.png\" alt=\"\"  srcset=\"https:\/\/lavras.tv\/site\/wp-content\/uploads\/2025\/01\/Banner_Educacao_PortallavrasTV.png 720w, https:\/\/lavras.tv\/site\/wp-content\/uploads\/2025\/01\/Banner_Educacao_PortallavrasTV-470x68.png 470w, https:\/\/lavras.tv\/site\/wp-content\/uploads\/2025\/01\/Banner_Educacao_PortallavrasTV-170x25.png 170w, https:\/\/lavras.tv\/site\/wp-content\/uploads\/2025\/01\/Banner_Educacao_PortallavrasTV-200x29.png 200w\" sizes=\"(max-width: 720px) 100vw, 720px\" width=\"720\" height=\"104\"  style=\"display: inline-block;\" \/><\/a><\/div><\/li><li><a href=\"https:\/\/sistemas.lavras.mg.gov.br\/portalcidadao\/#df1b1a7c7b2a290bcb31e32771e610784662739a88807c0dacac58ede5f391a7530e299dc302d611ee73cb143fc22eaf93592e53e7b5bdb01b00a0b8d28dae460c141dd2ff83412e4dc1c31b16b25f33144a9e5620ea73b13f5bc1c59411d98439ad226e8af03840603796067d87afe130812cf3de24982d0e306f9e61e764e5\" aria-label=\"Banner_Sa\u00fade_PortallavrasTV\"><img src=\"https:\/\/lavras.tv\/site\/wp-content\/uploads\/2025\/03\/Banner_Saude_PortallavrasTV.png\" alt=\"\"  srcset=\"https:\/\/lavras.tv\/site\/wp-content\/uploads\/2025\/03\/Banner_Saude_PortallavrasTV.png 720w, https:\/\/lavras.tv\/site\/wp-content\/uploads\/2025\/03\/Banner_Saude_PortallavrasTV-470x68.png 470w, https:\/\/lavras.tv\/site\/wp-content\/uploads\/2025\/03\/Banner_Saude_PortallavrasTV-170x25.png 170w, https:\/\/lavras.tv\/site\/wp-content\/uploads\/2025\/03\/Banner_Saude_PortallavrasTV-200x29.png 200w\" sizes=\"(max-width: 720px) 100vw, 720px\" width=\"720\" height=\"104\"   \/><\/a><\/li><li><div id=\"lavra-1434921375\" style=\"width:720px;height:104px;background-color:#ddd;overflow:scroll;\">\n\t<strong>Sa\u00edda da depura\u00e7\u00e3o de an\u00fancios<\/strong>\n\t<br><br>\n\tO an\u00fancio n\u00e3o \u00e9 exibido na p\u00e1gina<br><br>post atual: Evento religioso bate recorde de p\u00fablico no Mineir\u00e3o; veja n\u00fameros, ID: 144338<br><br><span style=\"color: red;\">O post atual n\u00e3o \u00e9 id\u00eantico ao post principal.<\/span><br><br>An\u00fancios: ROXO - TOPO INTERNA - ROTATIVO 2 (197)<br \/>Grupo de an\u00fancios: Princ_Meio01_720x104 (27)<br><br>Condi\u00e7\u00f5es de exibi\u00e7\u00e3o<div style=\"margin-bottom: 20px; white-space: pre-wrap; font-family: monospace; width: 100%; background: #ffe9e9;\"><strong>condi\u00e7\u00f5es gerais<\/strong><table border=\"1\"><thead><tr><th><\/th><th>An\u00fancios<\/th><th>wp_the_query<\/th><\/tr><\/thead><tr><td>is_main_query<\/td><td>1<\/td><td>1<\/td><\/tr><tr><td>is_rest_api<\/td><td>0<\/td><td>1<\/td><\/tr><tr><td>page<\/td><td>0<\/td><td>1<\/td><\/tr><tr><td>numpages<\/td><td>0<\/td><td>1<\/td><\/tr><tr><td>is_archive<\/td><td>1<\/td><td><\/td><\/tr><tr><td>is_search<\/td><td>1<\/td><td><\/td><\/tr><tr><td>is_home<\/td><td>1<\/td><td><\/td><\/tr><tr><td>is_404<\/td><td>1<\/td><td><\/td><\/tr><tr><td>is_attachment<\/td><td>1<\/td><td><\/td><\/tr><tr><td>is_singular<\/td><td>1<\/td><td><\/td><\/tr><tr><td>is_front_page<\/td><td>1<\/td><td><\/td><\/tr><tr><td>is_feed<\/td><td>1<\/td><td><\/td><\/tr><\/table><\/div><br><br><span style=\"color: red;\">Seu site usa HTTPS, mas o c\u00f3digo do an\u00fancio cont\u00e9m HTTP e pode n\u00e3o funcionar.<\/span>\t<br><br>\n\t<a style=\"color: green;\" href=\"https:\/\/wpadvancedads.com\/manual\/ad-debug-mode\/?utm_source=advanced-ads&utm_medium=link&utm_campaign=ad-debug-mode\" target=\"_blank\" rel=\"nofollow\">Encontre solu\u00e7\u00f5es no manual<\/a>\n<\/div>\n<\/li><\/ul><\/div><script>( window.advanced_ads_ready || jQuery( document ).ready ).call( null, function() {var $lavraslider4095740452 = jQuery( \".lavra-slider-4095740452\" );$lavraslider4095740452.on( \"unslider.ready\", function() { jQuery( \"div.custom-slider ul li\" ).css( \"display\", \"block\" ); });$lavraslider4095740452.unslider({ delay:4000, autoplay:true, nav:false, arrows:false, infinite:true });$lavraslider4095740452.on(\"mouseover\", function() {$lavraslider4095740452.unslider(\"stop\");}).on(\"mouseout\", function() {$lavraslider4095740452.unslider(\"start\");});});<\/script><\/div>\n<p>&#8216;Visita do Profeta&#8217;, promovido pelo Bispo Bruno Leonardo, teve p\u00fablico superior a de partidas de futebol &#8211; p\u00fablico presente ocupou as arquibancadas e o gramado<\/p>\n\n\n\n<figure class=\"wp-block-image size-large\"><img fetchpriority=\"high\" decoding=\"async\" width=\"970\" height=\"581\" src=\"https:\/\/lavras.tv\/site\/wp-content\/uploads\/2024\/12\/1_visita_do_profeta-43064334-970x581.jpg\" alt=\"\" class=\"wp-image-144339\" srcset=\"https:\/\/lavras.tv\/site\/wp-content\/uploads\/2024\/12\/1_visita_do_profeta-43064334-970x581.jpg 970w, https:\/\/lavras.tv\/site\/wp-content\/uploads\/2024\/12\/1_visita_do_profeta-43064334-470x282.jpg 470w, https:\/\/lavras.tv\/site\/wp-content\/uploads\/2024\/12\/1_visita_do_profeta-43064334-170x102.jpg 170w, https:\/\/lavras.tv\/site\/wp-content\/uploads\/2024\/12\/1_visita_do_profeta-43064334-200x120.jpg 200w, https:\/\/lavras.tv\/site\/wp-content\/uploads\/2024\/12\/1_visita_do_profeta-43064334.jpg 1200w\" sizes=\"(max-width: 970px) 100vw, 970px\" \/><\/figure>\n\n\n\n<p>O evento religioso \u201cVisita do Profeta\u201d, capitaneado pelo Bispo Bruno Leonardo neste domingo (15\/12), bateu o recorde de p\u00fablico do novo Mineir\u00e3o, considerando jogos, shows e outras frentes. No total, 68.011 pessoas estiveram presentes &#8211; a informa\u00e7\u00e3o foi confirmada pela assessoria do est\u00e1dio.<\/p>\n\n\n\n<p>At\u00e9 ent\u00e3o, os eventos de maior p\u00fablico do Gigante da Pampulha desde sua reforma &#8211; o local foi fechado em meados de 2010 e reinaugurado no in\u00edcio de 2013 &#8211; foram os festivais Festeja (2018) e Planeta Brasil (2022), o show da banda norte-americana Metallica (2022) e os Butecos do cantor sertanejo Gusttavo Lima, todos na faixa de 60 mil espectadores.<\/p>\n\n\n\n<p>J\u00e1 no futebol, o recorde de p\u00fablico \u00e9 de agosto deste ano, com 61.583 torcedores presentes no cl\u00e1ssico entre Cruzeiro e Atl\u00e9tico, pelo Campeonato Brasileiro &#8211; o jogo contou somente com torcida celeste.<\/p>\n\n\n\n<p>A assessoria do Mineir\u00e3o explica que o n\u00famero de mais de 68 mil pessoas presentes no &#8220;Visita ao Profeta&#8221; supera a capacidade dos jogos de futebol, pois o evento ocupou tanto a arquibancada quanto o gramado do est\u00e1dio.<\/p>\n\n\n\n<p>A expectativa inicial era de que 77 mil pessoas estivessem no espet\u00e1culo promovido pelo Bispo Bruno Leonardo, conhecido por realizar trabalhos humanit\u00e1rios, especialmente em hospitais de tratamento de c\u00e2ncer. Durante o evento, com entrada gratuita, o l\u00edder religioso anunciou a doa\u00e7\u00e3o de R$ 1 milh\u00e3o ao Instituto M\u00e1rio Penna.<\/p>\n\n\n\n<p>Nas redes sociais, Bruno conta com mais de 60 milh\u00f5es de seguidores, sendo 37 milh\u00f5es de inscritos no YouTube &#8211; n\u00fameros que o fazem ser apontado como o l\u00edder religioso mais seguido do Brasil.<\/p>\n\n\n\n<p>No antigo Mineir\u00e3o, o recorde tamb\u00e9m pertenceu a um evento religioso: a grava\u00e7\u00e3o do \u00e1lbum &#8220;Preciso de Ti&#8221;, do grupo de m\u00fasica gospel Diante do Trono, que, em 2001, contou com 210 mil espectadores.<\/p>\n\n\n\n<p>Em partidas de futebol, o recorde de p\u00fablico do antigo est\u00e1dio foi de 132.834 torcedores (74.859 pagantes), que acompanharam \u00e0 final do Campeonato Mineiro de 1997, entre Cruzeiro e Villa Nova.<\/p>\n","protected":false},"excerpt":{"rendered":"<p>&#8216;Visita do Profeta&#8217;, promovido pelo Bispo Bruno Leonardo, teve p\u00fablico superior a de partidas de futebol &#8211; p\u00fablico presente ocupou as arquibancadas e o gramado O evento religioso \u201cVisita do Profeta\u201d, capitaneado pelo Bispo Bruno Leonardo neste domingo (15\/12), bateu o recorde de p\u00fablico do novo Mineir\u00e3o, considerando jogos, shows e outras frentes. No total, [&hellip;]<\/p>\n","protected":false},"author":5,"featured_media":144339,"comment_status":"closed","ping_status":"open","sticky":false,"template":"","format":"standard","meta":{"advgb_blocks_editor_width":"","advgb_blocks_columns_visual_guide":"","_exactmetrics_skip_tracking":false,"_exactmetrics_sitenote_active":false,"_exactmetrics_sitenote_note":"","_exactmetrics_sitenote_category":0,"footnotes":""},"categories":[7,2],"tags":[],"class_list":["post-144338","post","type-post","status-publish","format-standard","has-post-thumbnail","hentry","category-destaques","category-noticias"],"better_featured_image":{"id":144339,"alt_text":"","caption":"","description":"","media_type":"image","media_details":{"width":1200,"height":719,"file":"2024\/12\/1_visita_do_profeta-43064334.jpg","filesize":257564,"sizes":{"medium":{"file":"1_visita_do_profeta-43064334-470x282.jpg","width":470,"height":282,"mime-type":"image\/jpeg","filesize":43096,"source_url":"https:\/\/lavras.tv\/site\/wp-content\/uploads\/2024\/12\/1_visita_do_profeta-43064334-470x282.jpg"},"large":{"file":"1_visita_do_profeta-43064334-970x581.jpg","width":970,"height":581,"mime-type":"image\/jpeg","filesize":151016,"source_url":"https:\/\/lavras.tv\/site\/wp-content\/uploads\/2024\/12\/1_visita_do_profeta-43064334-970x581.jpg"},"thumbnail":{"file":"1_visita_do_profeta-43064334-170x102.jpg","width":170,"height":102,"mime-type":"image\/jpeg","filesize":6680,"source_url":"https:\/\/lavras.tv\/site\/wp-content\/uploads\/2024\/12\/1_visita_do_profeta-43064334-170x102.jpg"},"lshowcase-thumb":{"file":"1_visita_do_profeta-43064334-200x120.jpg","width":200,"height":120,"mime-type":"image\/jpeg","filesize":8762,"source_url":"https:\/\/lavras.tv\/site\/wp-content\/uploads\/2024\/12\/1_visita_do_profeta-43064334-200x120.jpg"},"alm-thumbnail":{"file":"1_visita_do_profeta-43064334-150x150.jpg","width":150,"height":150,"mime-type":"image\/jpeg","filesize":7904,"source_url":"https:\/\/lavras.tv\/site\/wp-content\/uploads\/2024\/12\/1_visita_do_profeta-43064334-150x150.jpg"}},"image_meta":{"aperture":"0","credit":"","camera":"","caption":"","created_timestamp":"0","copyright":"","focal_length":"0","iso":"0","shutter_speed":"0","title":"","orientation":"0","keywords":[]}},"post":144338,"source_url":"https:\/\/lavras.tv\/site\/wp-content\/uploads\/2024\/12\/1_visita_do_profeta-43064334.jpg"},"author_meta":{"display_name":"Vinicius Bustamante","author_link":"https:\/\/lavras.tv\/site\/author\/vinicius-bustamante\/"},"featured_img":"https:\/\/lavras.tv\/site\/wp-content\/uploads\/2024\/12\/1_visita_do_profeta-43064334-470x282.jpg","coauthors":[],"tax_additional":{"categories":{"linked":["<a href=\"https:\/\/lavras.tv\/site\/category\/destaques\/\" class=\"advgb-post-tax-term\">Destaques<\/a>","<a href=\"https:\/\/lavras.tv\/site\/category\/noticias\/\" class=\"advgb-post-tax-term\">Not\u00edcias<\/a>"],"unlinked":["<span class=\"advgb-post-tax-term\">Destaques<\/span>","<span class=\"advgb-post-tax-term\">Not\u00edcias<\/span>"]}},"comment_count":"0","relative_dates":{"created":"Publicado 1 ano atr\u00e1s","modified":"Atualizado 1 ano atr\u00e1s"},"absolute_dates":{"created":"Publicado em 16 de dezembro de 2024","modified":"Atualizado em 16 de dezembro de 2024"},"absolute_dates_time":{"created":"Publicado em 16 de dezembro de 2024 14:35","modified":"Atualizado em 16 de dezembro de 2024 14:35"},"featured_img_caption":"","series_order":"","_links":{"self":[{"href":"https:\/\/lavras.tv\/site\/wp-json\/wp\/v2\/posts\/144338","targetHints":{"allow":["GET"]}}],"collection":[{"href":"https:\/\/lavras.tv\/site\/wp-json\/wp\/v2\/posts"}],"about":[{"href":"https:\/\/lavras.tv\/site\/wp-json\/wp\/v2\/types\/post"}],"author":[{"embeddable":true,"href":"https:\/\/lavras.tv\/site\/wp-json\/wp\/v2\/users\/5"}],"replies":[{"embeddable":true,"href":"https:\/\/lavras.tv\/site\/wp-json\/wp\/v2\/comments?post=144338"}],"version-history":[{"count":1,"href":"https:\/\/lavras.tv\/site\/wp-json\/wp\/v2\/posts\/144338\/revisions"}],"predecessor-version":[{"id":144340,"href":"https:\/\/lavras.tv\/site\/wp-json\/wp\/v2\/posts\/144338\/revisions\/144340"}],"wp:featuredmedia":[{"embeddable":true,"href":"https:\/\/lavras.tv\/site\/wp-json\/wp\/v2\/media\/144339"}],"wp:attachment":[{"href":"https:\/\/lavras.tv\/site\/wp-json\/wp\/v2\/media?parent=144338"}],"wp:term":[{"taxonomy":"category","embeddable":true,"href":"https:\/\/lavras.tv\/site\/wp-json\/wp\/v2\/categories?post=144338"},{"taxonomy":"post_tag","embeddable":true,"href":"https:\/\/lavras.tv\/site\/wp-json\/wp\/v2\/tags?post=144338"}],"curies":[{"name":"wp","href":"https:\/\/api.w.org\/{rel}","templated":true}]}}