{"id":1444,"date":"2016-08-09T12:05:20","date_gmt":"2016-08-09T12:05:20","guid":{"rendered":"http:\/\/lavras.tv\/site\/?p=1444"},"modified":"2016-08-09T12:05:20","modified_gmt":"2016-08-09T12:05:20","slug":"tre-lanca-campanha-por-uma-eleicao-sem-sujeira-em-minas","status":"publish","type":"post","link":"https:\/\/lavras.tv\/site\/2016\/08\/09\/tre-lanca-campanha-por-uma-eleicao-sem-sujeira-em-minas\/","title":{"rendered":"TRE lan\u00e7a campanha por uma elei\u00e7\u00e3o sem sujeira em Minas"},"content":{"rendered":"<div class=\"lavra-antes-do-conteudo_2\" id=\"lavra-39381479\"><div id=\"lavra-slider-27\" class=\"custom-slider lavra-slider-3064617625 lavra-slider\"><ul><li><div style=\"margin-left: auto;margin-right: auto;text-align: center;\" id=\"lavra-561902624\"><a href=\"https:\/\/sistemas.lavras.mg.gov.br\/portalcidadao\/#df1b1a7c7b2a290bcb31e32771e610784662739a88807c0dacac58ede5f391a7530e299dc302d611ee73cb143fc22eaf93592e53e7b5bdb01b00a0b8d28dae460c141dd2ff83412e4dc1c31b16b25f33144a9e5620ea73b13f5bc1c59411d98439ad226e8af03840603796067d87afe130812cf3de24982d0e306f9e61e764e5\" aria-label=\"Lavras-TV&#8211;720x104px (1) (1)\"><img src=\"https:\/\/lavras.tv\/site\/wp-content\/uploads\/2025\/01\/Lavras-TV-720x104px-1-1.png\" alt=\"\"  srcset=\"https:\/\/lavras.tv\/site\/wp-content\/uploads\/2025\/01\/Lavras-TV-720x104px-1-1.png 720w, https:\/\/lavras.tv\/site\/wp-content\/uploads\/2025\/01\/Lavras-TV-720x104px-1-1-470x68.png 470w, https:\/\/lavras.tv\/site\/wp-content\/uploads\/2025\/01\/Lavras-TV-720x104px-1-1-170x25.png 170w, https:\/\/lavras.tv\/site\/wp-content\/uploads\/2025\/01\/Lavras-TV-720x104px-1-1-200x29.png 200w\" sizes=\"(max-width: 720px) 100vw, 720px\" width=\"720\" height=\"104\"  style=\"display: inline-block;\" \/><\/a><\/div><\/li><li><a href=\"https:\/\/sistemas.lavras.mg.gov.br\/portalcidadao\/#df1b1a7c7b2a290bcb31e32771e610784662739a88807c0dacac58ede5f391a7530e299dc302d611ee73cb143fc22eaf93592e53e7b5bdb01b00a0b8d28dae460c141dd2ff83412e4dc1c31b16b25f33144a9e5620ea73b13f5bc1c59411d98439ad226e8af03840603796067d87afe130812cf3de24982d0e306f9e61e764e5\" aria-label=\"Banner_Emprego_PortallavrasTV\"><img src=\"https:\/\/lavras.tv\/site\/wp-content\/uploads\/2025\/03\/Banner_Emprego_PortallavrasTV.png\" alt=\"\"  srcset=\"https:\/\/lavras.tv\/site\/wp-content\/uploads\/2025\/03\/Banner_Emprego_PortallavrasTV.png 720w, https:\/\/lavras.tv\/site\/wp-content\/uploads\/2025\/03\/Banner_Emprego_PortallavrasTV-470x68.png 470w, https:\/\/lavras.tv\/site\/wp-content\/uploads\/2025\/03\/Banner_Emprego_PortallavrasTV-170x25.png 170w, https:\/\/lavras.tv\/site\/wp-content\/uploads\/2025\/03\/Banner_Emprego_PortallavrasTV-200x29.png 200w\" sizes=\"(max-width: 720px) 100vw, 720px\" width=\"720\" height=\"104\"   \/><\/a><\/li><li><a href=\"https:\/\/sistemas.lavras.mg.gov.br\/portalcidadao\/#df1b1a7c7b2a290bcb31e32771e610784662739a88807c0dacac58ede5f391a7530e299dc302d611ee73cb143fc22eaf93592e53e7b5bdb01b00a0b8d28dae460c141dd2ff83412e4dc1c31b16b25f33144a9e5620ea73b13f5bc1c59411d98439ad226e8af03840603796067d87afe130812cf3de24982d0e306f9e61e764e5\" aria-label=\"Banner_Obras_PortallavrasTV\"><img src=\"https:\/\/lavras.tv\/site\/wp-content\/uploads\/2025\/03\/Banner_Obras_PortallavrasTV.png\" alt=\"\"  srcset=\"https:\/\/lavras.tv\/site\/wp-content\/uploads\/2025\/03\/Banner_Obras_PortallavrasTV.png 720w, https:\/\/lavras.tv\/site\/wp-content\/uploads\/2025\/03\/Banner_Obras_PortallavrasTV-470x68.png 470w, https:\/\/lavras.tv\/site\/wp-content\/uploads\/2025\/03\/Banner_Obras_PortallavrasTV-170x25.png 170w, https:\/\/lavras.tv\/site\/wp-content\/uploads\/2025\/03\/Banner_Obras_PortallavrasTV-200x29.png 200w\" sizes=\"(max-width: 720px) 100vw, 720px\" width=\"720\" height=\"104\"   \/><\/a><\/li><li><div style=\"margin-left: auto;margin-right: auto;text-align: center;\" id=\"lavra-481819848\"><a href=\"https:\/\/sistemas.lavras.mg.gov.br\/portalcidadao\/#df1b1a7c7b2a290bcb31e32771e610784662739a88807c0dacac58ede5f391a7530e299dc302d611ee73cb143fc22eaf93592e53e7b5bdb01b00a0b8d28dae460c141dd2ff83412e4dc1c31b16b25f33144a9e5620ea73b13f5bc1c59411d98439ad226e8af03840603796067d87afe130812cf3de24982d0e306f9e61e764e5\" aria-label=\"Banner_Educa\u00e7\u00e3o_PortallavrasTV\"><img src=\"https:\/\/lavras.tv\/site\/wp-content\/uploads\/2025\/01\/Banner_Educacao_PortallavrasTV.png\" alt=\"\"  srcset=\"https:\/\/lavras.tv\/site\/wp-content\/uploads\/2025\/01\/Banner_Educacao_PortallavrasTV.png 720w, https:\/\/lavras.tv\/site\/wp-content\/uploads\/2025\/01\/Banner_Educacao_PortallavrasTV-470x68.png 470w, https:\/\/lavras.tv\/site\/wp-content\/uploads\/2025\/01\/Banner_Educacao_PortallavrasTV-170x25.png 170w, https:\/\/lavras.tv\/site\/wp-content\/uploads\/2025\/01\/Banner_Educacao_PortallavrasTV-200x29.png 200w\" sizes=\"(max-width: 720px) 100vw, 720px\" width=\"720\" height=\"104\"  style=\"display: inline-block;\" \/><\/a><\/div><\/li><li><a href=\"https:\/\/sistemas.lavras.mg.gov.br\/portalcidadao\/#df1b1a7c7b2a290bcb31e32771e610784662739a88807c0dacac58ede5f391a7530e299dc302d611ee73cb143fc22eaf93592e53e7b5bdb01b00a0b8d28dae460c141dd2ff83412e4dc1c31b16b25f33144a9e5620ea73b13f5bc1c59411d98439ad226e8af03840603796067d87afe130812cf3de24982d0e306f9e61e764e5\" aria-label=\"Banner_Sa\u00fade_PortallavrasTV\"><img src=\"https:\/\/lavras.tv\/site\/wp-content\/uploads\/2025\/03\/Banner_Saude_PortallavrasTV.png\" alt=\"\"  srcset=\"https:\/\/lavras.tv\/site\/wp-content\/uploads\/2025\/03\/Banner_Saude_PortallavrasTV.png 720w, https:\/\/lavras.tv\/site\/wp-content\/uploads\/2025\/03\/Banner_Saude_PortallavrasTV-470x68.png 470w, https:\/\/lavras.tv\/site\/wp-content\/uploads\/2025\/03\/Banner_Saude_PortallavrasTV-170x25.png 170w, https:\/\/lavras.tv\/site\/wp-content\/uploads\/2025\/03\/Banner_Saude_PortallavrasTV-200x29.png 200w\" sizes=\"(max-width: 720px) 100vw, 720px\" width=\"720\" height=\"104\"   \/><\/a><\/li><li><div id=\"lavra-496539800\" style=\"width:720px;height:104px;background-color:#ddd;overflow:scroll;\">\n\t<strong>Sa\u00edda da depura\u00e7\u00e3o de an\u00fancios<\/strong>\n\t<br><br>\n\tO an\u00fancio n\u00e3o \u00e9 exibido na p\u00e1gina<br><br>post atual: TRE lan\u00e7a campanha por uma elei\u00e7\u00e3o sem sujeira em Minas, ID: 1444<br><br><span style=\"color: red;\">O post atual n\u00e3o \u00e9 id\u00eantico ao post principal.<\/span><br><br>An\u00fancios: ROXO - TOPO INTERNA - ROTATIVO 2 (197)<br \/>Grupo de an\u00fancios: Princ_Meio01_720x104 (27)<br><br>Condi\u00e7\u00f5es de exibi\u00e7\u00e3o<div style=\"margin-bottom: 20px; white-space: pre-wrap; font-family: monospace; width: 100%; background: #ffe9e9;\"><strong>condi\u00e7\u00f5es gerais<\/strong><table border=\"1\"><thead><tr><th><\/th><th>An\u00fancios<\/th><th>wp_the_query<\/th><\/tr><\/thead><tr><td>is_main_query<\/td><td>1<\/td><td>1<\/td><\/tr><tr><td>is_rest_api<\/td><td>0<\/td><td>1<\/td><\/tr><tr><td>page<\/td><td>0<\/td><td>1<\/td><\/tr><tr><td>numpages<\/td><td>0<\/td><td>1<\/td><\/tr><tr><td>is_archive<\/td><td>1<\/td><td><\/td><\/tr><tr><td>is_search<\/td><td>1<\/td><td><\/td><\/tr><tr><td>is_home<\/td><td>1<\/td><td><\/td><\/tr><tr><td>is_404<\/td><td>1<\/td><td><\/td><\/tr><tr><td>is_attachment<\/td><td>1<\/td><td><\/td><\/tr><tr><td>is_singular<\/td><td>1<\/td><td><\/td><\/tr><tr><td>is_front_page<\/td><td>1<\/td><td><\/td><\/tr><tr><td>is_feed<\/td><td>1<\/td><td><\/td><\/tr><\/table><\/div><br><br><span style=\"color: red;\">Seu site usa HTTPS, mas o c\u00f3digo do an\u00fancio cont\u00e9m HTTP e pode n\u00e3o funcionar.<\/span>\t<br><br>\n\t<a style=\"color: green;\" href=\"https:\/\/wpadvancedads.com\/manual\/ad-debug-mode\/?utm_source=advanced-ads&utm_medium=link&utm_campaign=ad-debug-mode\" target=\"_blank\" rel=\"nofollow\">Encontre solu\u00e7\u00f5es no manual<\/a>\n<\/div>\n<\/li><\/ul><\/div><script>( window.advanced_ads_ready || jQuery( document ).ready ).call( null, function() {var $lavraslider3064617625 = jQuery( \".lavra-slider-3064617625\" );$lavraslider3064617625.on( \"unslider.ready\", function() { jQuery( \"div.custom-slider ul li\" ).css( \"display\", \"block\" ); });$lavraslider3064617625.unslider({ delay:4000, autoplay:true, nav:false, arrows:false, infinite:true });$lavraslider3064617625.on(\"mouseover\", function() {$lavraslider3064617625.unslider(\"stop\");}).on(\"mouseout\", function() {$lavraslider3064617625.unslider(\"start\");});});<\/script><\/div><p>O Tribunal Regional Eleitoral de Minas Gerais lan\u00e7a hoje, dia 9, a campanha Sujeira N\u00e3o \u00e9 Legal, realizada em parceria com a Cemig e com apoio do Corpo de Bombeiros e da Pol\u00edcia Militar. <!--more-->A iniciativa visa estimular partidos, candidatos e cidad\u00e3os a contribuirem para uma elei\u00e7\u00e3o mais limpa, segura, transparente e sustent\u00e1vel.<img fetchpriority=\"high\" decoding=\"async\" class=\" wp-image-1445 alignleft\" src=\"http:\/\/lavras.tv\/site\/wp-content\/uploads\/2016\/08\/sujeira.jpeg\" alt=\"\" width=\"356\" height=\"173\" srcset=\"https:\/\/lavras.tv\/site\/wp-content\/uploads\/2016\/08\/sujeira.jpeg 541w, https:\/\/lavras.tv\/site\/wp-content\/uploads\/2016\/08\/sujeira-150x73.jpeg 150w, https:\/\/lavras.tv\/site\/wp-content\/uploads\/2016\/08\/sujeira-300x146.jpeg 300w\" sizes=\"(max-width: 356px) 100vw, 356px\" \/><\/p>\n<p>A campanha usar\u00e1 v\u00e1rios meios para orientar sobre as melhores condutas durante o processo eleitoral: postagens nas redes sociais, cartilhas eletr\u00f4nicas, spots para r\u00e1dio, VT para televis\u00e3o. Tamb\u00e9m na ter\u00e7a-feira ser\u00e1 lan\u00e7ada a p\u00e1gina da campanha na internet, que reunir\u00e1 diversas informa\u00e7\u00f5es e dicas das entidades parceiras, devidamente atualizadas devido \u00e0s mudan\u00e7as na legisla\u00e7\u00e3o eleitoral.<\/p>\n<p>Algumas das propostas da campanha Sujeira n\u00e3o \u00e9 legal s\u00e3o: reduzir o lixo provocado pelas elei\u00e7\u00f5es;\u00a0 orientar candidatos, partidos pol\u00edticos e coliga\u00e7\u00f5es para a transpar\u00eancia na arrecada\u00e7\u00e3o de recursos, gastos e presta\u00e7\u00f5es de contas e para que sigam regras de seguran\u00e7a para eventos de campanha; promover a sustentabilidade, sensibilizando candidatos a utilizarem materiais recicl\u00e1veis e a darem destina\u00e7\u00e3o ambientalmente correta para as sobras de material; incentivar os eleitores a apoiarem candidatos que respeitam a cidade, as pessoas e as leis.<\/p>\n<p>Esta ser\u00e1 a quarta edi\u00e7\u00e3o da Sujeira N\u00e3o \u00e9 Legal. Estar\u00e3o presentes na cerim\u00f4nia de lan\u00e7amento o presidente do TRE, desembargador Domingos Coelho, e o presidente da Cemig, Mauro Borges Lemos. Durante o evento, eles assinar\u00e3o um termo de conv\u00eanio entre as duas institui\u00e7\u00f5es, para marcar o in\u00edcio das a\u00e7\u00f5es da campanha e da coopera\u00e7\u00e3o das entidades para a realiza\u00e7\u00e3o das elei\u00e7\u00f5es.<\/p>\n<p>&nbsp;<\/p>\n<p>Fonte: TRE-MG<\/p>\n","protected":false},"excerpt":{"rendered":"<p>O Tribunal Regional Eleitoral de Minas Gerais lan\u00e7a hoje, dia 9, a campanha Sujeira N\u00e3o \u00e9 Legal, realizada em parceria com a Cemig e com apoio do Corpo de Bombeiros e da Pol\u00edcia Militar.<\/p>\n","protected":false},"author":2,"featured_media":1445,"comment_status":"closed","ping_status":"open","sticky":false,"template":"","format":"standard","meta":{"advgb_blocks_editor_width":"","advgb_blocks_columns_visual_guide":"","_exactmetrics_skip_tracking":false,"_exactmetrics_sitenote_active":false,"_exactmetrics_sitenote_note":"","_exactmetrics_sitenote_category":0,"footnotes":""},"categories":[7,12],"tags":[383,44,461],"class_list":["post-1444","post","type-post","status-publish","format-standard","has-post-thumbnail","hentry","category-destaques","category-politica","tag-eleicoes-2016-lavras","tag-lavras-mg","tag-tre-mg"],"better_featured_image":{"id":1445,"alt_text":"","caption":"","description":"","media_type":"image","media_details":{"width":541,"height":263,"file":"2016\/08\/sujeira.jpeg","sizes":{"thumbnail":{"file":"sujeira-150x73.jpeg","width":150,"height":73,"mime-type":"image\/jpeg","source_url":"https:\/\/lavras.tv\/site\/wp-content\/uploads\/2016\/08\/sujeira-150x73.jpeg"},"medium":{"file":"sujeira-300x146.jpeg","width":300,"height":146,"mime-type":"image\/jpeg","source_url":"https:\/\/lavras.tv\/site\/wp-content\/uploads\/2016\/08\/sujeira-300x146.jpeg"},"featured-post-img":{"file":"sujeira-480x263.jpeg","width":480,"height":263,"mime-type":"image\/jpeg","source_url":"https:\/\/lavras.tv\/site\/wp-content\/uploads\/2016\/08\/sujeira-480x263.jpeg"},"sow-carousel-default":{"file":"sujeira-272x182.jpeg","width":272,"height":182,"mime-type":"image\/jpeg","source_url":"https:\/\/lavras.tv\/site\/wp-content\/uploads\/2016\/08\/sujeira-272x182.jpeg"}},"image_meta":{"aperture":"0","credit":"","camera":"","caption":"","created_timestamp":"0","copyright":"","focal_length":"0","iso":"0","shutter_speed":"0","title":"","orientation":"0","keywords":[]}},"post":1444,"source_url":"https:\/\/lavras.tv\/site\/wp-content\/uploads\/2016\/08\/sujeira.jpeg"},"author_meta":{"display_name":"Lavras TV","author_link":"https:\/\/lavras.tv\/site\/author\/lavrastv\/"},"featured_img":"https:\/\/lavras.tv\/site\/wp-content\/uploads\/2016\/08\/sujeira-300x146.jpeg","coauthors":[],"tax_additional":{"categories":{"linked":["<a href=\"https:\/\/lavras.tv\/site\/category\/destaques\/\" class=\"advgb-post-tax-term\">Destaques<\/a>","<a href=\"https:\/\/lavras.tv\/site\/category\/politica\/\" class=\"advgb-post-tax-term\">Pol\u00edtica<\/a>"],"unlinked":["<span class=\"advgb-post-tax-term\">Destaques<\/span>","<span class=\"advgb-post-tax-term\">Pol\u00edtica<\/span>"]},"tags":{"linked":["<a href=\"https:\/\/lavras.tv\/site\/category\/politica\/\" class=\"advgb-post-tax-term\">elei\u00e7\u00f5es 2016 lavras<\/a>","<a href=\"https:\/\/lavras.tv\/site\/category\/politica\/\" class=\"advgb-post-tax-term\">lavras mg<\/a>","<a href=\"https:\/\/lavras.tv\/site\/category\/politica\/\" class=\"advgb-post-tax-term\">tre-mg<\/a>"],"unlinked":["<span class=\"advgb-post-tax-term\">elei\u00e7\u00f5es 2016 lavras<\/span>","<span class=\"advgb-post-tax-term\">lavras mg<\/span>","<span class=\"advgb-post-tax-term\">tre-mg<\/span>"]}},"comment_count":"0","relative_dates":{"created":"Publicado 10 anos atr\u00e1s","modified":"Atualizado 10 anos atr\u00e1s"},"absolute_dates":{"created":"Publicado em 9 de agosto de 2016","modified":"Atualizado em 9 de agosto de 2016"},"absolute_dates_time":{"created":"Publicado em 9 de agosto de 2016 12:05","modified":"Atualizado em 9 de agosto de 2016 12:05"},"featured_img_caption":"","series_order":"","_links":{"self":[{"href":"https:\/\/lavras.tv\/site\/wp-json\/wp\/v2\/posts\/1444","targetHints":{"allow":["GET"]}}],"collection":[{"href":"https:\/\/lavras.tv\/site\/wp-json\/wp\/v2\/posts"}],"about":[{"href":"https:\/\/lavras.tv\/site\/wp-json\/wp\/v2\/types\/post"}],"author":[{"embeddable":true,"href":"https:\/\/lavras.tv\/site\/wp-json\/wp\/v2\/users\/2"}],"replies":[{"embeddable":true,"href":"https:\/\/lavras.tv\/site\/wp-json\/wp\/v2\/comments?post=1444"}],"version-history":[{"count":1,"href":"https:\/\/lavras.tv\/site\/wp-json\/wp\/v2\/posts\/1444\/revisions"}],"predecessor-version":[{"id":1446,"href":"https:\/\/lavras.tv\/site\/wp-json\/wp\/v2\/posts\/1444\/revisions\/1446"}],"wp:featuredmedia":[{"embeddable":true,"href":"https:\/\/lavras.tv\/site\/wp-json\/wp\/v2\/media\/1445"}],"wp:attachment":[{"href":"https:\/\/lavras.tv\/site\/wp-json\/wp\/v2\/media?parent=1444"}],"wp:term":[{"taxonomy":"category","embeddable":true,"href":"https:\/\/lavras.tv\/site\/wp-json\/wp\/v2\/categories?post=1444"},{"taxonomy":"post_tag","embeddable":true,"href":"https:\/\/lavras.tv\/site\/wp-json\/wp\/v2\/tags?post=1444"}],"curies":[{"name":"wp","href":"https:\/\/api.w.org\/{rel}","templated":true}]}}