{"id":144565,"date":"2024-12-17T14:14:45","date_gmt":"2024-12-17T17:14:45","guid":{"rendered":"https:\/\/lavras.tv\/site\/?p=144565"},"modified":"2024-12-17T14:14:46","modified_gmt":"2024-12-17T17:14:46","slug":"trem-turistico-que-ligara-rio-a-minas-gerais-pode-comecar-a-circular-a-partir-de-junho-de-2025","status":"publish","type":"post","link":"https:\/\/lavras.tv\/site\/2024\/12\/17\/trem-turistico-que-ligara-rio-a-minas-gerais-pode-comecar-a-circular-a-partir-de-junho-de-2025\/","title":{"rendered":"Trem tur\u00edstico que ligar\u00e1 Rio a Minas Gerais pode come\u00e7ar a circular a partir de junho de 2025"},"content":{"rendered":"<div class=\"lavra-antes-do-conteudo_2\" id=\"lavra-1148635054\"><div id=\"lavra-slider-27\" class=\"custom-slider lavra-slider-424242076 lavra-slider\"><ul><li><div style=\"margin-left: auto;margin-right: auto;text-align: center;\" id=\"lavra-847489808\"><a href=\"https:\/\/sistemas.lavras.mg.gov.br\/portalcidadao\/#df1b1a7c7b2a290bcb31e32771e610784662739a88807c0dacac58ede5f391a7530e299dc302d611ee73cb143fc22eaf93592e53e7b5bdb01b00a0b8d28dae460c141dd2ff83412e4dc1c31b16b25f33144a9e5620ea73b13f5bc1c59411d98439ad226e8af03840603796067d87afe130812cf3de24982d0e306f9e61e764e5\" aria-label=\"Lavras-TV&#8211;720x104px (1) (1)\"><img src=\"https:\/\/lavras.tv\/site\/wp-content\/uploads\/2025\/01\/Lavras-TV-720x104px-1-1.png\" alt=\"\"  srcset=\"https:\/\/lavras.tv\/site\/wp-content\/uploads\/2025\/01\/Lavras-TV-720x104px-1-1.png 720w, https:\/\/lavras.tv\/site\/wp-content\/uploads\/2025\/01\/Lavras-TV-720x104px-1-1-470x68.png 470w, https:\/\/lavras.tv\/site\/wp-content\/uploads\/2025\/01\/Lavras-TV-720x104px-1-1-170x25.png 170w, https:\/\/lavras.tv\/site\/wp-content\/uploads\/2025\/01\/Lavras-TV-720x104px-1-1-200x29.png 200w\" sizes=\"(max-width: 720px) 100vw, 720px\" width=\"720\" height=\"104\"  style=\"display: inline-block;\" \/><\/a><\/div><\/li><li><a href=\"https:\/\/sistemas.lavras.mg.gov.br\/portalcidadao\/#df1b1a7c7b2a290bcb31e32771e610784662739a88807c0dacac58ede5f391a7530e299dc302d611ee73cb143fc22eaf93592e53e7b5bdb01b00a0b8d28dae460c141dd2ff83412e4dc1c31b16b25f33144a9e5620ea73b13f5bc1c59411d98439ad226e8af03840603796067d87afe130812cf3de24982d0e306f9e61e764e5\" aria-label=\"Banner_Emprego_PortallavrasTV\"><img src=\"https:\/\/lavras.tv\/site\/wp-content\/uploads\/2025\/03\/Banner_Emprego_PortallavrasTV.png\" alt=\"\"  srcset=\"https:\/\/lavras.tv\/site\/wp-content\/uploads\/2025\/03\/Banner_Emprego_PortallavrasTV.png 720w, https:\/\/lavras.tv\/site\/wp-content\/uploads\/2025\/03\/Banner_Emprego_PortallavrasTV-470x68.png 470w, https:\/\/lavras.tv\/site\/wp-content\/uploads\/2025\/03\/Banner_Emprego_PortallavrasTV-170x25.png 170w, https:\/\/lavras.tv\/site\/wp-content\/uploads\/2025\/03\/Banner_Emprego_PortallavrasTV-200x29.png 200w\" sizes=\"(max-width: 720px) 100vw, 720px\" width=\"720\" height=\"104\"   \/><\/a><\/li><li><a href=\"https:\/\/sistemas.lavras.mg.gov.br\/portalcidadao\/#df1b1a7c7b2a290bcb31e32771e610784662739a88807c0dacac58ede5f391a7530e299dc302d611ee73cb143fc22eaf93592e53e7b5bdb01b00a0b8d28dae460c141dd2ff83412e4dc1c31b16b25f33144a9e5620ea73b13f5bc1c59411d98439ad226e8af03840603796067d87afe130812cf3de24982d0e306f9e61e764e5\" aria-label=\"Banner_Obras_PortallavrasTV\"><img src=\"https:\/\/lavras.tv\/site\/wp-content\/uploads\/2025\/03\/Banner_Obras_PortallavrasTV.png\" alt=\"\"  srcset=\"https:\/\/lavras.tv\/site\/wp-content\/uploads\/2025\/03\/Banner_Obras_PortallavrasTV.png 720w, https:\/\/lavras.tv\/site\/wp-content\/uploads\/2025\/03\/Banner_Obras_PortallavrasTV-470x68.png 470w, https:\/\/lavras.tv\/site\/wp-content\/uploads\/2025\/03\/Banner_Obras_PortallavrasTV-170x25.png 170w, https:\/\/lavras.tv\/site\/wp-content\/uploads\/2025\/03\/Banner_Obras_PortallavrasTV-200x29.png 200w\" sizes=\"(max-width: 720px) 100vw, 720px\" width=\"720\" height=\"104\"   \/><\/a><\/li><li><div style=\"margin-left: auto;margin-right: auto;text-align: center;\" id=\"lavra-601612038\"><a href=\"https:\/\/sistemas.lavras.mg.gov.br\/portalcidadao\/#df1b1a7c7b2a290bcb31e32771e610784662739a88807c0dacac58ede5f391a7530e299dc302d611ee73cb143fc22eaf93592e53e7b5bdb01b00a0b8d28dae460c141dd2ff83412e4dc1c31b16b25f33144a9e5620ea73b13f5bc1c59411d98439ad226e8af03840603796067d87afe130812cf3de24982d0e306f9e61e764e5\" aria-label=\"Banner_Educa\u00e7\u00e3o_PortallavrasTV\"><img src=\"https:\/\/lavras.tv\/site\/wp-content\/uploads\/2025\/01\/Banner_Educacao_PortallavrasTV.png\" alt=\"\"  srcset=\"https:\/\/lavras.tv\/site\/wp-content\/uploads\/2025\/01\/Banner_Educacao_PortallavrasTV.png 720w, https:\/\/lavras.tv\/site\/wp-content\/uploads\/2025\/01\/Banner_Educacao_PortallavrasTV-470x68.png 470w, https:\/\/lavras.tv\/site\/wp-content\/uploads\/2025\/01\/Banner_Educacao_PortallavrasTV-170x25.png 170w, https:\/\/lavras.tv\/site\/wp-content\/uploads\/2025\/01\/Banner_Educacao_PortallavrasTV-200x29.png 200w\" sizes=\"(max-width: 720px) 100vw, 720px\" width=\"720\" height=\"104\"  style=\"display: inline-block;\" \/><\/a><\/div><\/li><li><a href=\"https:\/\/sistemas.lavras.mg.gov.br\/portalcidadao\/#df1b1a7c7b2a290bcb31e32771e610784662739a88807c0dacac58ede5f391a7530e299dc302d611ee73cb143fc22eaf93592e53e7b5bdb01b00a0b8d28dae460c141dd2ff83412e4dc1c31b16b25f33144a9e5620ea73b13f5bc1c59411d98439ad226e8af03840603796067d87afe130812cf3de24982d0e306f9e61e764e5\" aria-label=\"Banner_Sa\u00fade_PortallavrasTV\"><img src=\"https:\/\/lavras.tv\/site\/wp-content\/uploads\/2025\/03\/Banner_Saude_PortallavrasTV.png\" alt=\"\"  srcset=\"https:\/\/lavras.tv\/site\/wp-content\/uploads\/2025\/03\/Banner_Saude_PortallavrasTV.png 720w, https:\/\/lavras.tv\/site\/wp-content\/uploads\/2025\/03\/Banner_Saude_PortallavrasTV-470x68.png 470w, https:\/\/lavras.tv\/site\/wp-content\/uploads\/2025\/03\/Banner_Saude_PortallavrasTV-170x25.png 170w, https:\/\/lavras.tv\/site\/wp-content\/uploads\/2025\/03\/Banner_Saude_PortallavrasTV-200x29.png 200w\" sizes=\"(max-width: 720px) 100vw, 720px\" width=\"720\" height=\"104\"   \/><\/a><\/li><li><div id=\"lavra-3069840948\" style=\"width:720px;height:104px;background-color:#ddd;overflow:scroll;\">\n\t<strong>Sa\u00edda da depura\u00e7\u00e3o de an\u00fancios<\/strong>\n\t<br><br>\n\tO an\u00fancio n\u00e3o \u00e9 exibido na p\u00e1gina<br><br>post atual: Trem tur\u00edstico que ligar\u00e1 Rio a Minas Gerais pode come\u00e7ar a circular a partir de junho de 2025, ID: 144565<br><br><span style=\"color: red;\">O post atual n\u00e3o \u00e9 id\u00eantico ao post principal.<\/span><br><br>An\u00fancios: ROXO - TOPO INTERNA - ROTATIVO 2 (197)<br \/>Grupo de an\u00fancios: Princ_Meio01_720x104 (27)<br><br>Condi\u00e7\u00f5es de exibi\u00e7\u00e3o<div style=\"margin-bottom: 20px; white-space: pre-wrap; font-family: monospace; width: 100%; background: #ffe9e9;\"><strong>condi\u00e7\u00f5es gerais<\/strong><table border=\"1\"><thead><tr><th><\/th><th>An\u00fancios<\/th><th>wp_the_query<\/th><\/tr><\/thead><tr><td>is_main_query<\/td><td>1<\/td><td>1<\/td><\/tr><tr><td>is_rest_api<\/td><td>0<\/td><td>1<\/td><\/tr><tr><td>page<\/td><td>0<\/td><td>1<\/td><\/tr><tr><td>numpages<\/td><td>0<\/td><td>1<\/td><\/tr><tr><td>is_archive<\/td><td>1<\/td><td><\/td><\/tr><tr><td>is_search<\/td><td>1<\/td><td><\/td><\/tr><tr><td>is_home<\/td><td>1<\/td><td><\/td><\/tr><tr><td>is_404<\/td><td>1<\/td><td><\/td><\/tr><tr><td>is_attachment<\/td><td>1<\/td><td><\/td><\/tr><tr><td>is_singular<\/td><td>1<\/td><td><\/td><\/tr><tr><td>is_front_page<\/td><td>1<\/td><td><\/td><\/tr><tr><td>is_feed<\/td><td>1<\/td><td><\/td><\/tr><\/table><\/div><br><br><span style=\"color: red;\">Seu site usa HTTPS, mas o c\u00f3digo do an\u00fancio cont\u00e9m HTTP e pode n\u00e3o funcionar.<\/span>\t<br><br>\n\t<a style=\"color: green;\" href=\"https:\/\/wpadvancedads.com\/manual\/ad-debug-mode\/?utm_source=advanced-ads&utm_medium=link&utm_campaign=ad-debug-mode\" target=\"_blank\" rel=\"nofollow\">Encontre solu\u00e7\u00f5es no manual<\/a>\n<\/div>\n<\/li><\/ul><\/div><script>( window.advanced_ads_ready || jQuery( document ).ready ).call( null, function() {var $lavraslider424242076 = jQuery( \".lavra-slider-424242076\" );$lavraslider424242076.on( \"unslider.ready\", function() { jQuery( \"div.custom-slider ul li\" ).css( \"display\", \"block\" ); });$lavraslider424242076.unslider({ delay:4000, autoplay:true, nav:false, arrows:false, infinite:true });$lavraslider424242076.on(\"mouseover\", function() {$lavraslider424242076.unslider(\"stop\");}).on(\"mouseout\", function() {$lavraslider424242076.unslider(\"start\");});});<\/script><\/div>\n<p>Composi\u00e7\u00e3o ir\u00e1 transportar at\u00e9 837 passageiros por viagem, em linha f\u00e9rrea que ligar\u00e1 Tr\u00eas Rios, Sapucaia e Chiador, em Minas Gerais. Outros cinco munic\u00edpios mineiros dever\u00e3o entrar no trajeto<\/p>\n\n\n\n<figure class=\"wp-block-image size-full\"><img fetchpriority=\"high\" decoding=\"async\" width=\"888\" height=\"470\" src=\"https:\/\/lavras.tv\/site\/wp-content\/uploads\/2024\/12\/whatsapp-image-2024-12-13-at-12.08.52-1-.avif_snapshot_00.02.825.png\" alt=\"\" class=\"wp-image-144566\" srcset=\"https:\/\/lavras.tv\/site\/wp-content\/uploads\/2024\/12\/whatsapp-image-2024-12-13-at-12.08.52-1-.avif_snapshot_00.02.825.png 888w, https:\/\/lavras.tv\/site\/wp-content\/uploads\/2024\/12\/whatsapp-image-2024-12-13-at-12.08.52-1-.avif_snapshot_00.02.825-470x249.png 470w, https:\/\/lavras.tv\/site\/wp-content\/uploads\/2024\/12\/whatsapp-image-2024-12-13-at-12.08.52-1-.avif_snapshot_00.02.825-170x90.png 170w, https:\/\/lavras.tv\/site\/wp-content\/uploads\/2024\/12\/whatsapp-image-2024-12-13-at-12.08.52-1-.avif_snapshot_00.02.825-200x106.png 200w\" sizes=\"(max-width: 888px) 100vw, 888px\" \/><\/figure>\n\n\n\n<p>H\u00e1 anos na gaveta, o trem tur\u00edstico que ligar\u00e1 o Rio de Janeiro a Minas Gerais, enfim, entrar\u00e1 nos trilhos. O Contrato Operacional Espec\u00edfico (COE), que possibilita a liga\u00e7\u00e3o ferrovi\u00e1ria entre os estados, foi assinado em Bras\u00edlia, na \u00faltima quarta-feira, com representantes do Minist\u00e9rio dos Transportes, a Ag\u00eancia Nacional de Transportes Terrestres (ANTT), a concession\u00e1ria VLI, a Organiza\u00e7\u00e3o da Sociedade Civil de Interesse P\u00fablico Amigos do Trem, e as prefeituras de Tr\u00eas Rios e Sapucaia. A previs\u00e3o \u00e9 que o trem seja inaugurado em junho do ano que vem.<\/p>\n\n\n\n<p>Num primeiro momento, o trem tur\u00edstico vai iniciar a viagem em Chiador, em Minas, depois Sapucaia e terminando em Tr\u00eas Rios, j\u00e1 no estado do Rio. As composi\u00e7\u00f5es percorrem 37 quil\u00f4metros de dist\u00e2ncia, e t\u00eam capacidade para transportar at\u00e9 837 passageiros por viagem. Mas o projeto original prev\u00ea a inclus\u00e3o de mais cinco munic\u00edpios mineiros, como Cataguases, Leopoldina, Recreio, Volta Grande e Al\u00e9m Para\u00edba, chegando ao total de 160 quil\u00f4metros de trecho.<\/p>\n\n\n\n<p>As pr\u00f3ximas etapas s\u00e3o a autoriza\u00e7\u00e3o da ANTT para que a Oscip atue como operadora ferrovi\u00e1ria. Em seguida, ser\u00e1 realizada a inspe\u00e7\u00e3o das locomotivas e carros de passageiros, bem como o trecho entre Tr\u00eas Rios a Sapucaia para verificar a condi\u00e7\u00e3o da linha. Caso seja necess\u00e1rio, manuten\u00e7\u00f5es e revis\u00f5es ser\u00e3o feitas.<\/p>\n\n\n\n<h2 class=\"wp-block-heading\">Como surgiu<\/h2>\n\n\n\n<p>A ideia de ligar os dois estados por meio de trilhos surgiu em 2016, por Paulo Henrique do Nascimento, fundador da Amigos do Trem. No mesmo ano, o grupo empresarial Mil, de supermercados, constru\u00e7\u00e3o e ind\u00fastria, doou R$ 1 milh\u00e3o para apoiar o projeto. Com a quantia, o fundador comprou 15 carros de passageiros e seis locomotivas. Parte dessas m\u00e1quinas ser\u00e1 usada quando o primeiro trecho estiver pronto.<\/p>\n\n\n\n<p>Em 2018 foi realizada uma viagem teste. Os trilhos por onde os trens v\u00e3o passar foram usados para o transporte de carga, principalmente de caf\u00e9, no in\u00edcio do s\u00e9culo XX. Durante o trajeto os turistas poder\u00e3o contar com belas paisagens, elementos hist\u00f3ricos e culturais.<\/p>\n\n\n\n<p>\u2014 O trecho \u00e9 cercado por paisagens deslumbrantes, como a represa de Furnas, montanhas, rios e \u00e1reas verdes, que encantam os visitantes a cada quil\u00f4metro. Al\u00e9m disso, conecta cidades ricas em hist\u00f3ria e cultura, proporcionando acesso a atra\u00e7\u00f5es como igrejas hist\u00f3ricas, casar\u00f5es coloniais, feiras artesanais e a tradicional gastronomia local. \u00c9 uma experi\u00eancia que une natureza, cultura e lazer, celebrando a riqueza da nossa regi\u00e3o \u2014 afirmou Cyntia Nascimento, sobrinha de Paulo e atual diretora da Oscip Amigos do Trem.<\/p>\n\n\n\n<p>A reuni\u00e3o contou com a presen\u00e7a do secret\u00e1rio executivo do Minist\u00e9rio dos Transportes, George Santoro; do secret\u00e1rio Nacional de Transporte Ferrovi\u00e1rio, Leonardo Ribeiro, dos prefeitos Joacir Barbaglio (Tr\u00eas Rios) e Breno Junqueira (Sapucaia), representantes da Ag\u00eancia Nacional de Transporte Terrestre (ANTT) e de entidades privadas.<\/p>\n\n\n\n<p>\u2014 O importante \u00e9 que se mant\u00e9m a opera\u00e7\u00e3o de cargas, mas d\u00e1 a oportunidade a um operador privado fazer um projeto de trem tur\u00edstico, que vai atender uma regi\u00e3o do Rio e de Minas muito bonita, \u00e0 beira do Rio Para\u00edba do Sul. \u00c9 uma linha f\u00e9rrea que vai agregar valor econ\u00f4mico e melhorar a utiliza\u00e7\u00e3o do ativo ferrovi\u00e1rio nacional \u2014 disse George Santoro.<\/p>\n\n\n\n<p>O empreendimento conta com investimento de R$ 36 milh\u00f5es da Ferrovia Centro-Atl\u00e2ntica (FCA), que tamb\u00e9m far\u00e1 o plano de recupera\u00e7\u00e3o da linha f\u00e9rrea e o transporte de ativos da Organiza\u00e7\u00e3o da Sociedade Civil de Interesse P\u00fablico (Oscip) Amigos do Trem.<\/p>\n\n\n\n<p>\u2014 \u00c9 uma regi\u00e3o bel\u00edssima, com um grande potencial tur\u00edstico. O Brasil precisa valorizar essa voca\u00e7\u00e3o, t\u00e3o importante para a economia nacional. Tr\u00eas Rios, Sapucaia e todas as cidades entre elas se beneficiar\u00e3o muito do trem tur\u00edstico \u2014 ressalta o deputado federal Max Lemos (PDT\/RJ), que apoiou o projeto.<\/p>\n","protected":false},"excerpt":{"rendered":"<p>Composi\u00e7\u00e3o ir\u00e1 transportar at\u00e9 837 passageiros por viagem, em linha f\u00e9rrea que ligar\u00e1 Tr\u00eas Rios, Sapucaia e Chiador, em Minas Gerais. Outros cinco munic\u00edpios mineiros dever\u00e3o entrar no trajeto H\u00e1 anos na gaveta, o trem tur\u00edstico que ligar\u00e1 o Rio de Janeiro a Minas Gerais, enfim, entrar\u00e1 nos trilhos. O Contrato Operacional Espec\u00edfico (COE), que [&hellip;]<\/p>\n","protected":false},"author":5,"featured_media":144566,"comment_status":"closed","ping_status":"open","sticky":false,"template":"","format":"standard","meta":{"advgb_blocks_editor_width":"","advgb_blocks_columns_visual_guide":"","_exactmetrics_skip_tracking":false,"_exactmetrics_sitenote_active":false,"_exactmetrics_sitenote_note":"","_exactmetrics_sitenote_category":0,"footnotes":""},"categories":[7,2],"tags":[],"class_list":["post-144565","post","type-post","status-publish","format-standard","has-post-thumbnail","hentry","category-destaques","category-noticias"],"better_featured_image":{"id":144566,"alt_text":"","caption":"","description":"","media_type":"image","media_details":{"width":888,"height":470,"file":"2024\/12\/whatsapp-image-2024-12-13-at-12.08.52-1-.avif_snapshot_00.02.825.png","filesize":817479,"sizes":{"medium":{"file":"whatsapp-image-2024-12-13-at-12.08.52-1-.avif_snapshot_00.02.825-470x249.png","width":470,"height":249,"mime-type":"image\/png","filesize":179680,"source_url":"https:\/\/lavras.tv\/site\/wp-content\/uploads\/2024\/12\/whatsapp-image-2024-12-13-at-12.08.52-1-.avif_snapshot_00.02.825-470x249.png"},"thumbnail":{"file":"whatsapp-image-2024-12-13-at-12.08.52-1-.avif_snapshot_00.02.825-170x90.png","width":170,"height":90,"mime-type":"image\/png","filesize":29742,"source_url":"https:\/\/lavras.tv\/site\/wp-content\/uploads\/2024\/12\/whatsapp-image-2024-12-13-at-12.08.52-1-.avif_snapshot_00.02.825-170x90.png"},"lshowcase-thumb":{"file":"whatsapp-image-2024-12-13-at-12.08.52-1-.avif_snapshot_00.02.825-200x106.png","width":200,"height":106,"mime-type":"image\/png","filesize":39826,"source_url":"https:\/\/lavras.tv\/site\/wp-content\/uploads\/2024\/12\/whatsapp-image-2024-12-13-at-12.08.52-1-.avif_snapshot_00.02.825-200x106.png"},"alm-thumbnail":{"file":"whatsapp-image-2024-12-13-at-12.08.52-1-.avif_snapshot_00.02.825-150x150.png","width":150,"height":150,"mime-type":"image\/png","filesize":38940,"source_url":"https:\/\/lavras.tv\/site\/wp-content\/uploads\/2024\/12\/whatsapp-image-2024-12-13-at-12.08.52-1-.avif_snapshot_00.02.825-150x150.png"}},"image_meta":{"aperture":"0","credit":"","camera":"","caption":"","created_timestamp":"0","copyright":"","focal_length":"0","iso":"0","shutter_speed":"0","title":"","orientation":"0","keywords":[]}},"post":144565,"source_url":"https:\/\/lavras.tv\/site\/wp-content\/uploads\/2024\/12\/whatsapp-image-2024-12-13-at-12.08.52-1-.avif_snapshot_00.02.825.png"},"author_meta":{"display_name":"Vinicius Bustamante","author_link":"https:\/\/lavras.tv\/site\/author\/vinicius-bustamante\/"},"featured_img":"https:\/\/lavras.tv\/site\/wp-content\/uploads\/2024\/12\/whatsapp-image-2024-12-13-at-12.08.52-1-.avif_snapshot_00.02.825-470x249.png","coauthors":[],"tax_additional":{"categories":{"linked":["<a href=\"https:\/\/lavras.tv\/site\/category\/destaques\/\" class=\"advgb-post-tax-term\">Destaques<\/a>","<a href=\"https:\/\/lavras.tv\/site\/category\/noticias\/\" class=\"advgb-post-tax-term\">Not\u00edcias<\/a>"],"unlinked":["<span class=\"advgb-post-tax-term\">Destaques<\/span>","<span class=\"advgb-post-tax-term\">Not\u00edcias<\/span>"]}},"comment_count":"0","relative_dates":{"created":"Publicado 1 ano atr\u00e1s","modified":"Atualizado 1 ano atr\u00e1s"},"absolute_dates":{"created":"Publicado em 17 de dezembro de 2024","modified":"Atualizado em 17 de dezembro de 2024"},"absolute_dates_time":{"created":"Publicado em 17 de dezembro de 2024 14:14","modified":"Atualizado em 17 de dezembro de 2024 14:14"},"featured_img_caption":"","series_order":"","_links":{"self":[{"href":"https:\/\/lavras.tv\/site\/wp-json\/wp\/v2\/posts\/144565","targetHints":{"allow":["GET"]}}],"collection":[{"href":"https:\/\/lavras.tv\/site\/wp-json\/wp\/v2\/posts"}],"about":[{"href":"https:\/\/lavras.tv\/site\/wp-json\/wp\/v2\/types\/post"}],"author":[{"embeddable":true,"href":"https:\/\/lavras.tv\/site\/wp-json\/wp\/v2\/users\/5"}],"replies":[{"embeddable":true,"href":"https:\/\/lavras.tv\/site\/wp-json\/wp\/v2\/comments?post=144565"}],"version-history":[{"count":1,"href":"https:\/\/lavras.tv\/site\/wp-json\/wp\/v2\/posts\/144565\/revisions"}],"predecessor-version":[{"id":144567,"href":"https:\/\/lavras.tv\/site\/wp-json\/wp\/v2\/posts\/144565\/revisions\/144567"}],"wp:featuredmedia":[{"embeddable":true,"href":"https:\/\/lavras.tv\/site\/wp-json\/wp\/v2\/media\/144566"}],"wp:attachment":[{"href":"https:\/\/lavras.tv\/site\/wp-json\/wp\/v2\/media?parent=144565"}],"wp:term":[{"taxonomy":"category","embeddable":true,"href":"https:\/\/lavras.tv\/site\/wp-json\/wp\/v2\/categories?post=144565"},{"taxonomy":"post_tag","embeddable":true,"href":"https:\/\/lavras.tv\/site\/wp-json\/wp\/v2\/tags?post=144565"}],"curies":[{"name":"wp","href":"https:\/\/api.w.org\/{rel}","templated":true}]}}