{"id":144568,"date":"2024-12-17T14:21:12","date_gmt":"2024-12-17T17:21:12","guid":{"rendered":"https:\/\/lavras.tv\/site\/?p=144568"},"modified":"2024-12-17T14:21:13","modified_gmt":"2024-12-17T17:21:13","slug":"acordo-entre-poderes-libera-votacao-do-orcamento-2025","status":"publish","type":"post","link":"https:\/\/lavras.tv\/site\/2024\/12\/17\/acordo-entre-poderes-libera-votacao-do-orcamento-2025\/","title":{"rendered":"Acordo entre poderes libera vota\u00e7\u00e3o do Or\u00e7amento 2025"},"content":{"rendered":"<div class=\"lavra-antes-do-conteudo_2\" id=\"lavra-1427009282\"><div id=\"lavra-slider-27\" class=\"custom-slider lavra-slider-2143662376 lavra-slider\"><ul><li><div style=\"margin-left: auto;margin-right: auto;text-align: center;\" id=\"lavra-1643097882\"><a href=\"https:\/\/sistemas.lavras.mg.gov.br\/portalcidadao\/#df1b1a7c7b2a290bcb31e32771e610784662739a88807c0dacac58ede5f391a7530e299dc302d611ee73cb143fc22eaf93592e53e7b5bdb01b00a0b8d28dae460c141dd2ff83412e4dc1c31b16b25f33144a9e5620ea73b13f5bc1c59411d98439ad226e8af03840603796067d87afe130812cf3de24982d0e306f9e61e764e5\" aria-label=\"Lavras-TV&#8211;720x104px (1) (1)\"><img src=\"https:\/\/lavras.tv\/site\/wp-content\/uploads\/2025\/01\/Lavras-TV-720x104px-1-1.png\" alt=\"\"  srcset=\"https:\/\/lavras.tv\/site\/wp-content\/uploads\/2025\/01\/Lavras-TV-720x104px-1-1.png 720w, https:\/\/lavras.tv\/site\/wp-content\/uploads\/2025\/01\/Lavras-TV-720x104px-1-1-470x68.png 470w, https:\/\/lavras.tv\/site\/wp-content\/uploads\/2025\/01\/Lavras-TV-720x104px-1-1-170x25.png 170w, https:\/\/lavras.tv\/site\/wp-content\/uploads\/2025\/01\/Lavras-TV-720x104px-1-1-200x29.png 200w\" sizes=\"(max-width: 720px) 100vw, 720px\" width=\"720\" height=\"104\"  style=\"display: inline-block;\" \/><\/a><\/div><\/li><li><a href=\"https:\/\/sistemas.lavras.mg.gov.br\/portalcidadao\/#df1b1a7c7b2a290bcb31e32771e610784662739a88807c0dacac58ede5f391a7530e299dc302d611ee73cb143fc22eaf93592e53e7b5bdb01b00a0b8d28dae460c141dd2ff83412e4dc1c31b16b25f33144a9e5620ea73b13f5bc1c59411d98439ad226e8af03840603796067d87afe130812cf3de24982d0e306f9e61e764e5\" aria-label=\"Banner_Emprego_PortallavrasTV\"><img src=\"https:\/\/lavras.tv\/site\/wp-content\/uploads\/2025\/03\/Banner_Emprego_PortallavrasTV.png\" alt=\"\"  srcset=\"https:\/\/lavras.tv\/site\/wp-content\/uploads\/2025\/03\/Banner_Emprego_PortallavrasTV.png 720w, https:\/\/lavras.tv\/site\/wp-content\/uploads\/2025\/03\/Banner_Emprego_PortallavrasTV-470x68.png 470w, https:\/\/lavras.tv\/site\/wp-content\/uploads\/2025\/03\/Banner_Emprego_PortallavrasTV-170x25.png 170w, https:\/\/lavras.tv\/site\/wp-content\/uploads\/2025\/03\/Banner_Emprego_PortallavrasTV-200x29.png 200w\" sizes=\"(max-width: 720px) 100vw, 720px\" width=\"720\" height=\"104\"   \/><\/a><\/li><li><a href=\"https:\/\/sistemas.lavras.mg.gov.br\/portalcidadao\/#df1b1a7c7b2a290bcb31e32771e610784662739a88807c0dacac58ede5f391a7530e299dc302d611ee73cb143fc22eaf93592e53e7b5bdb01b00a0b8d28dae460c141dd2ff83412e4dc1c31b16b25f33144a9e5620ea73b13f5bc1c59411d98439ad226e8af03840603796067d87afe130812cf3de24982d0e306f9e61e764e5\" aria-label=\"Banner_Obras_PortallavrasTV\"><img src=\"https:\/\/lavras.tv\/site\/wp-content\/uploads\/2025\/03\/Banner_Obras_PortallavrasTV.png\" alt=\"\"  srcset=\"https:\/\/lavras.tv\/site\/wp-content\/uploads\/2025\/03\/Banner_Obras_PortallavrasTV.png 720w, https:\/\/lavras.tv\/site\/wp-content\/uploads\/2025\/03\/Banner_Obras_PortallavrasTV-470x68.png 470w, https:\/\/lavras.tv\/site\/wp-content\/uploads\/2025\/03\/Banner_Obras_PortallavrasTV-170x25.png 170w, https:\/\/lavras.tv\/site\/wp-content\/uploads\/2025\/03\/Banner_Obras_PortallavrasTV-200x29.png 200w\" sizes=\"(max-width: 720px) 100vw, 720px\" width=\"720\" height=\"104\"   \/><\/a><\/li><li><div style=\"margin-left: auto;margin-right: auto;text-align: center;\" id=\"lavra-3920387499\"><a href=\"https:\/\/sistemas.lavras.mg.gov.br\/portalcidadao\/#df1b1a7c7b2a290bcb31e32771e610784662739a88807c0dacac58ede5f391a7530e299dc302d611ee73cb143fc22eaf93592e53e7b5bdb01b00a0b8d28dae460c141dd2ff83412e4dc1c31b16b25f33144a9e5620ea73b13f5bc1c59411d98439ad226e8af03840603796067d87afe130812cf3de24982d0e306f9e61e764e5\" aria-label=\"Banner_Educa\u00e7\u00e3o_PortallavrasTV\"><img src=\"https:\/\/lavras.tv\/site\/wp-content\/uploads\/2025\/01\/Banner_Educacao_PortallavrasTV.png\" alt=\"\"  srcset=\"https:\/\/lavras.tv\/site\/wp-content\/uploads\/2025\/01\/Banner_Educacao_PortallavrasTV.png 720w, https:\/\/lavras.tv\/site\/wp-content\/uploads\/2025\/01\/Banner_Educacao_PortallavrasTV-470x68.png 470w, https:\/\/lavras.tv\/site\/wp-content\/uploads\/2025\/01\/Banner_Educacao_PortallavrasTV-170x25.png 170w, https:\/\/lavras.tv\/site\/wp-content\/uploads\/2025\/01\/Banner_Educacao_PortallavrasTV-200x29.png 200w\" sizes=\"(max-width: 720px) 100vw, 720px\" width=\"720\" height=\"104\"  style=\"display: inline-block;\" \/><\/a><\/div><\/li><li><a href=\"https:\/\/sistemas.lavras.mg.gov.br\/portalcidadao\/#df1b1a7c7b2a290bcb31e32771e610784662739a88807c0dacac58ede5f391a7530e299dc302d611ee73cb143fc22eaf93592e53e7b5bdb01b00a0b8d28dae460c141dd2ff83412e4dc1c31b16b25f33144a9e5620ea73b13f5bc1c59411d98439ad226e8af03840603796067d87afe130812cf3de24982d0e306f9e61e764e5\" aria-label=\"Banner_Sa\u00fade_PortallavrasTV\"><img src=\"https:\/\/lavras.tv\/site\/wp-content\/uploads\/2025\/03\/Banner_Saude_PortallavrasTV.png\" alt=\"\"  srcset=\"https:\/\/lavras.tv\/site\/wp-content\/uploads\/2025\/03\/Banner_Saude_PortallavrasTV.png 720w, https:\/\/lavras.tv\/site\/wp-content\/uploads\/2025\/03\/Banner_Saude_PortallavrasTV-470x68.png 470w, https:\/\/lavras.tv\/site\/wp-content\/uploads\/2025\/03\/Banner_Saude_PortallavrasTV-170x25.png 170w, https:\/\/lavras.tv\/site\/wp-content\/uploads\/2025\/03\/Banner_Saude_PortallavrasTV-200x29.png 200w\" sizes=\"(max-width: 720px) 100vw, 720px\" width=\"720\" height=\"104\"   \/><\/a><\/li><li><div id=\"lavra-3362753233\" style=\"width:720px;height:104px;background-color:#ddd;overflow:scroll;\">\n\t<strong>Sa\u00edda da depura\u00e7\u00e3o de an\u00fancios<\/strong>\n\t<br><br>\n\tO an\u00fancio n\u00e3o \u00e9 exibido na p\u00e1gina<br><br>post atual: Acordo entre poderes libera vota\u00e7\u00e3o do Or\u00e7amento 2025, ID: 144568<br><br><span style=\"color: red;\">O post atual n\u00e3o \u00e9 id\u00eantico ao post principal.<\/span><br><br>An\u00fancios: ROXO - TOPO INTERNA - ROTATIVO 2 (197)<br \/>Grupo de an\u00fancios: Princ_Meio01_720x104 (27)<br><br>Condi\u00e7\u00f5es de exibi\u00e7\u00e3o<div style=\"margin-bottom: 20px; white-space: pre-wrap; font-family: monospace; width: 100%; background: #ffe9e9;\"><strong>condi\u00e7\u00f5es gerais<\/strong><table border=\"1\"><thead><tr><th><\/th><th>An\u00fancios<\/th><th>wp_the_query<\/th><\/tr><\/thead><tr><td>is_main_query<\/td><td>1<\/td><td>1<\/td><\/tr><tr><td>is_rest_api<\/td><td>0<\/td><td>1<\/td><\/tr><tr><td>page<\/td><td>0<\/td><td>1<\/td><\/tr><tr><td>numpages<\/td><td>0<\/td><td>1<\/td><\/tr><tr><td>is_archive<\/td><td>1<\/td><td><\/td><\/tr><tr><td>is_search<\/td><td>1<\/td><td><\/td><\/tr><tr><td>is_home<\/td><td>1<\/td><td><\/td><\/tr><tr><td>is_404<\/td><td>1<\/td><td><\/td><\/tr><tr><td>is_attachment<\/td><td>1<\/td><td><\/td><\/tr><tr><td>is_singular<\/td><td>1<\/td><td><\/td><\/tr><tr><td>is_front_page<\/td><td>1<\/td><td><\/td><\/tr><tr><td>is_feed<\/td><td>1<\/td><td><\/td><\/tr><\/table><\/div><br><br><span style=\"color: red;\">Seu site usa HTTPS, mas o c\u00f3digo do an\u00fancio cont\u00e9m HTTP e pode n\u00e3o funcionar.<\/span>\t<br><br>\n\t<a style=\"color: green;\" href=\"https:\/\/wpadvancedads.com\/manual\/ad-debug-mode\/?utm_source=advanced-ads&utm_medium=link&utm_campaign=ad-debug-mode\" target=\"_blank\" rel=\"nofollow\">Encontre solu\u00e7\u00f5es no manual<\/a>\n<\/div>\n<\/li><\/ul><\/div><script>( window.advanced_ads_ready || jQuery( document ).ready ).call( null, function() {var $lavraslider2143662376 = jQuery( \".lavra-slider-2143662376\" );$lavraslider2143662376.on( \"unslider.ready\", function() { jQuery( \"div.custom-slider ul li\" ).css( \"display\", \"block\" ); });$lavraslider2143662376.unslider({ delay:4000, autoplay:true, nav:false, arrows:false, infinite:true });$lavraslider2143662376.on(\"mouseover\", function() {$lavraslider2143662376.unslider(\"stop\");}).on(\"mouseout\", function() {$lavraslider2143662376.unslider(\"start\");});});<\/script><\/div>\n<p>Governo encaminhou \u00e0 Assembleia um substitutivo que inclui exig\u00eancias do TCE e cr\u00e9ditos extraordin\u00e1rios para complementar os recursos para o Tribunal de Justi\u00e7a<\/p>\n\n\n\n<figure class=\"wp-block-image size-large\"><img fetchpriority=\"high\" decoding=\"async\" width=\"970\" height=\"582\" src=\"https:\/\/lavras.tv\/site\/wp-content\/uploads\/2024\/12\/1_ept13112024rs001-41867716-970x582.jpg\" alt=\"\" class=\"wp-image-144569\" srcset=\"https:\/\/lavras.tv\/site\/wp-content\/uploads\/2024\/12\/1_ept13112024rs001-41867716-970x582.jpg 970w, https:\/\/lavras.tv\/site\/wp-content\/uploads\/2024\/12\/1_ept13112024rs001-41867716-470x282.jpg 470w, https:\/\/lavras.tv\/site\/wp-content\/uploads\/2024\/12\/1_ept13112024rs001-41867716-170x102.jpg 170w, https:\/\/lavras.tv\/site\/wp-content\/uploads\/2024\/12\/1_ept13112024rs001-41867716-200x120.jpg 200w, https:\/\/lavras.tv\/site\/wp-content\/uploads\/2024\/12\/1_ept13112024rs001-41867716.jpg 1200w\" sizes=\"(max-width: 970px) 100vw, 970px\" \/><\/figure>\n\n\n\n<p>Em tramita\u00e7\u00e3o desde outubro, a\u00a0<a href=\"https:\/\/www.em.com.br\/politica\/2024\/12\/7008042-cerimonia-na-almg-reconhece-acoes-pela-mitigacao-das-mudancas-climaticas.html\"><strong>Assembleia Legislativa de Minas Gerais (ALMG)<\/strong><\/a>\u00a0deve finalmente votar esta semana o Projeto de Lei Or\u00e7ament\u00e1ria Anual de 2025 (PLOA 2025) depois de entendimento com os demais Poderes e tamb\u00e9m com o Minist\u00e9rio P\u00fablico de Minas Gerais (MPMG), Defensoria P\u00fablica de Minas Gerais (DPMG) e Tribunal de Contas do Estado de Minas Gerais (TCE-MG).<\/p>\n\n\n\n<p>O governo do estado encaminhou para o Legislativo um substitutivo ao projeto original enviado h\u00e1 dois meses, que dever\u00e1 ser analisado ainda hoje na Comiss\u00e3o de Fiscaliza\u00e7\u00e3o Financeira e Or\u00e7ament\u00e1ria (FFO), antes de ser votado em plen\u00e1rio. O novo texto atende a decis\u00e3o do TCE-MG a respeito do Instituto de Previd\u00eancia dos Servidores do Estado de Minas Gerais (IPSM). M\u00eas passado, o tribunal determinou que o governo volte a recolher a contribui\u00e7\u00e3o patronal para o instituto e reduza a incidente sobre o sal\u00e1rio de bombeiros e policiais.<\/p>\n\n\n\n<p>O desconto no vencimento dos servidores para financiar o instituto de previd\u00eancia voltar\u00e1 a ser de 8% e o Executivo dever\u00e1 retomar a contribui\u00e7\u00e3o patronal de 16% sobre a remunera\u00e7\u00e3o do bombeiro ou policial, suspensa por decis\u00e3o interna da Secretaria de Estado de Fazenda. O governo vinha aplicando no estado a lei federal que aumentou a contribui\u00e7\u00e3o das For\u00e7as Armadas para 10,5%, estendendo o entendimento aos mineiros.<\/p>\n\n\n\n<p>Com a determina\u00e7\u00e3o do TCE-MG, os percentuais ter\u00e3o que ser readequados e o or\u00e7amento do IPSM e das corpora\u00e7\u00f5es militares tamb\u00e9m.<\/p>\n\n\n\n<p>As altera\u00e7\u00f5es enviadas \u00e0 ALMG pelo governo tamb\u00e9m incluem mudan\u00e7as nos or\u00e7amentos da Defensoria e Minist\u00e9rio P\u00fablico. No caso das duas institui\u00e7\u00f5es, foi autorizado cr\u00e9dito suplementar, que teve que ser inclu\u00eddo na nova proposta or\u00e7ament\u00e1ria. Para atender \u00e0 demanda, ser\u00e3o utilizados recursos provenientes do excesso de arrecada\u00e7\u00e3o da receita.<\/p>\n\n\n\n<p>Os or\u00e7amentos do TJMG (incluindo o Tribunal de Justi\u00e7a Militar, subordinado ao Tribunal de Justi\u00e7a) tamb\u00e9m tiveram altera\u00e7\u00e3o de valor, atendendo aos valores solicitados pelo Poder. Em fun\u00e7\u00e3o do teto de gastos imposto pelo Regime de Recupera\u00e7\u00e3o Fiscal (RFF), que o governo aderiu por meio de a\u00e7\u00e3o no Supremo Tribunal Federal (STF) sem o crivo da ALMG, o or\u00e7amento do TJMG foi cortado pelo governo, gerando insatisfa\u00e7\u00e3o no Poder Judici\u00e1rio e atrasando a vota\u00e7\u00e3o do or\u00e7amento.<\/p>\n\n\n\n<p>A aprecia\u00e7\u00e3o da lei que fixa as receitas e despesas do estado deve acontecer at\u00e9 a pr\u00f3xima quinta, \u00faltimo dia de trabalhos legislativos. Os novos valores das despesas e receitas previstas para o ano que vem ainda n\u00e3o foram divulgadas pelo estado. Antes dessas altera\u00e7\u00f5es, o PLOA previa uma despesa para o pr\u00f3ximo exerc\u00edcio da ordem de R$ 133,0 bilh\u00f5es e uma receita de R$ 126,6 bilh\u00f5es, o que representa um d\u00e9ficit projetado para 2025 na casa de R$ 7,1 bilh\u00f5es.<\/p>\n\n\n\n<h2 class=\"wp-block-heading\">Fundos<\/h2>\n\n\n\n<p>Tamb\u00e9m deve ser votado ainda esta semana o PL 2.564\/24 que institui o Fundo de Desenvolvimento do Minist\u00e9rio P\u00fablico (FDMP), o Fundo Especial de Garantia do Acesso \u00e0 Justi\u00e7a (Fegaj) e o Fundo Especial da Advocacia-Geral do Estado (Feage). De acordo com o projeto, os recursos dos fundos, formados por doa\u00e7\u00f5es e receitas pr\u00f3prias, ser\u00e3o usados para aprimoramento e moderniza\u00e7\u00e3o dos servi\u00e7os p\u00fablicos prestados por estas institui\u00e7\u00f5es, sendo vedado o uso para pagamento de despesas de pessoal e encargos. Quanto ao Fegaj, h\u00e1 a possibilidade de uso dos recursos no pagamento de servi\u00e7os prestados pelos advogados dativos. Na hip\u00f3tese de extin\u00e7\u00e3o dos fundos, o patrim\u00f4nio ser\u00e1 revertido em favor de seus respectivos \u00f3rg\u00e3os.<\/p>\n\n\n\n<ul id=\"tags-list\" class=\"wp-block-list\">\n<li>Tags:<\/li>\n\n\n\n<li><a href=\"https:\/\/www.em.com.br\/tudo-sobre\/almg\/\" target=\"_blank\" rel=\"noreferrer noopener\">#almg<\/a><\/li>\n\n\n\n<li><a href=\"https:\/\/www.em.com.br\/tudo-sobre\/minas-gerais\/\" target=\"_blank\" rel=\"noreferrer noopener\">#minas-gerais<\/a><\/li>\n\n\n\n<li><a href=\"https:\/\/www.em.com.br\/tudo-sobre\/orcamento\/\" target=\"_blank\" rel=\"noreferrer noopener\">#orcamento<\/a><\/li>\n\n\n\n<li><a href=\"https:\/\/www.em.com.br\/tudo-sobre\/romeu-zema\/\" target=\"_blank\" rel=\"noreferrer noopener\">#romeu-zema<\/a><\/li>\n<\/ul>\n","protected":false},"excerpt":{"rendered":"<p>Governo encaminhou \u00e0 Assembleia um substitutivo que inclui exig\u00eancias do TCE e cr\u00e9ditos extraordin\u00e1rios para complementar os recursos para o Tribunal de Justi\u00e7a Em tramita\u00e7\u00e3o desde outubro, a\u00a0Assembleia Legislativa de Minas Gerais (ALMG)\u00a0deve finalmente votar esta semana o Projeto de Lei Or\u00e7ament\u00e1ria Anual de 2025 (PLOA 2025) depois de entendimento com os demais Poderes e [&hellip;]<\/p>\n","protected":false},"author":5,"featured_media":144569,"comment_status":"closed","ping_status":"open","sticky":false,"template":"","format":"standard","meta":{"advgb_blocks_editor_width":"","advgb_blocks_columns_visual_guide":"","_exactmetrics_skip_tracking":false,"_exactmetrics_sitenote_active":false,"_exactmetrics_sitenote_note":"","_exactmetrics_sitenote_category":0,"footnotes":""},"categories":[7,2],"tags":[],"class_list":["post-144568","post","type-post","status-publish","format-standard","has-post-thumbnail","hentry","category-destaques","category-noticias"],"better_featured_image":{"id":144569,"alt_text":"","caption":"","description":"","media_type":"image","media_details":{"width":1200,"height":720,"file":"2024\/12\/1_ept13112024rs001-41867716.jpg","filesize":192419,"sizes":{"medium":{"file":"1_ept13112024rs001-41867716-470x282.jpg","width":470,"height":282,"mime-type":"image\/jpeg","filesize":35702,"source_url":"https:\/\/lavras.tv\/site\/wp-content\/uploads\/2024\/12\/1_ept13112024rs001-41867716-470x282.jpg"},"large":{"file":"1_ept13112024rs001-41867716-970x582.jpg","width":970,"height":582,"mime-type":"image\/jpeg","filesize":111532,"source_url":"https:\/\/lavras.tv\/site\/wp-content\/uploads\/2024\/12\/1_ept13112024rs001-41867716-970x582.jpg"},"thumbnail":{"file":"1_ept13112024rs001-41867716-170x102.jpg","width":170,"height":102,"mime-type":"image\/jpeg","filesize":6764,"source_url":"https:\/\/lavras.tv\/site\/wp-content\/uploads\/2024\/12\/1_ept13112024rs001-41867716-170x102.jpg"},"lshowcase-thumb":{"file":"1_ept13112024rs001-41867716-200x120.jpg","width":200,"height":120,"mime-type":"image\/jpeg","filesize":8632,"source_url":"https:\/\/lavras.tv\/site\/wp-content\/uploads\/2024\/12\/1_ept13112024rs001-41867716-200x120.jpg"},"alm-thumbnail":{"file":"1_ept13112024rs001-41867716-150x150.jpg","width":150,"height":150,"mime-type":"image\/jpeg","filesize":8085,"source_url":"https:\/\/lavras.tv\/site\/wp-content\/uploads\/2024\/12\/1_ept13112024rs001-41867716-150x150.jpg"}},"image_meta":{"aperture":"0","credit":"","camera":"","caption":"","created_timestamp":"0","copyright":"","focal_length":"0","iso":"0","shutter_speed":"0","title":"","orientation":"0","keywords":[]}},"post":144568,"source_url":"https:\/\/lavras.tv\/site\/wp-content\/uploads\/2024\/12\/1_ept13112024rs001-41867716.jpg"},"author_meta":{"display_name":"Vinicius Bustamante","author_link":"https:\/\/lavras.tv\/site\/author\/vinicius-bustamante\/"},"featured_img":"https:\/\/lavras.tv\/site\/wp-content\/uploads\/2024\/12\/1_ept13112024rs001-41867716-470x282.jpg","coauthors":[],"tax_additional":{"categories":{"linked":["<a href=\"https:\/\/lavras.tv\/site\/category\/destaques\/\" class=\"advgb-post-tax-term\">Destaques<\/a>","<a href=\"https:\/\/lavras.tv\/site\/category\/noticias\/\" class=\"advgb-post-tax-term\">Not\u00edcias<\/a>"],"unlinked":["<span class=\"advgb-post-tax-term\">Destaques<\/span>","<span class=\"advgb-post-tax-term\">Not\u00edcias<\/span>"]}},"comment_count":"0","relative_dates":{"created":"Publicado 1 ano atr\u00e1s","modified":"Atualizado 1 ano atr\u00e1s"},"absolute_dates":{"created":"Publicado em 17 de dezembro de 2024","modified":"Atualizado em 17 de dezembro de 2024"},"absolute_dates_time":{"created":"Publicado em 17 de dezembro de 2024 14:21","modified":"Atualizado em 17 de dezembro de 2024 14:21"},"featured_img_caption":"","series_order":"","_links":{"self":[{"href":"https:\/\/lavras.tv\/site\/wp-json\/wp\/v2\/posts\/144568","targetHints":{"allow":["GET"]}}],"collection":[{"href":"https:\/\/lavras.tv\/site\/wp-json\/wp\/v2\/posts"}],"about":[{"href":"https:\/\/lavras.tv\/site\/wp-json\/wp\/v2\/types\/post"}],"author":[{"embeddable":true,"href":"https:\/\/lavras.tv\/site\/wp-json\/wp\/v2\/users\/5"}],"replies":[{"embeddable":true,"href":"https:\/\/lavras.tv\/site\/wp-json\/wp\/v2\/comments?post=144568"}],"version-history":[{"count":1,"href":"https:\/\/lavras.tv\/site\/wp-json\/wp\/v2\/posts\/144568\/revisions"}],"predecessor-version":[{"id":144570,"href":"https:\/\/lavras.tv\/site\/wp-json\/wp\/v2\/posts\/144568\/revisions\/144570"}],"wp:featuredmedia":[{"embeddable":true,"href":"https:\/\/lavras.tv\/site\/wp-json\/wp\/v2\/media\/144569"}],"wp:attachment":[{"href":"https:\/\/lavras.tv\/site\/wp-json\/wp\/v2\/media?parent=144568"}],"wp:term":[{"taxonomy":"category","embeddable":true,"href":"https:\/\/lavras.tv\/site\/wp-json\/wp\/v2\/categories?post=144568"},{"taxonomy":"post_tag","embeddable":true,"href":"https:\/\/lavras.tv\/site\/wp-json\/wp\/v2\/tags?post=144568"}],"curies":[{"name":"wp","href":"https:\/\/api.w.org\/{rel}","templated":true}]}}