{"id":144571,"date":"2024-12-17T14:27:55","date_gmt":"2024-12-17T17:27:55","guid":{"rendered":"https:\/\/lavras.tv\/site\/?p=144571"},"modified":"2024-12-17T14:27:56","modified_gmt":"2024-12-17T17:27:56","slug":"anvisa-analisa-nova-vacina-para-dengue-a-primeira-em-dose-unica","status":"publish","type":"post","link":"https:\/\/lavras.tv\/site\/2024\/12\/17\/anvisa-analisa-nova-vacina-para-dengue-a-primeira-em-dose-unica\/","title":{"rendered":"Anvisa analisa nova vacina para dengue, a primeira em dose \u00fanica"},"content":{"rendered":"<div class=\"lavra-antes-do-conteudo_2\" id=\"lavra-2946346128\"><div id=\"lavra-slider-27\" class=\"custom-slider lavra-slider-3740111075 lavra-slider\"><ul><li><div style=\"margin-left: auto;margin-right: auto;text-align: center;\" id=\"lavra-1847308564\"><a href=\"https:\/\/sistemas.lavras.mg.gov.br\/portalcidadao\/#df1b1a7c7b2a290bcb31e32771e610784662739a88807c0dacac58ede5f391a7530e299dc302d611ee73cb143fc22eaf93592e53e7b5bdb01b00a0b8d28dae460c141dd2ff83412e4dc1c31b16b25f33144a9e5620ea73b13f5bc1c59411d98439ad226e8af03840603796067d87afe130812cf3de24982d0e306f9e61e764e5\" aria-label=\"Lavras-TV&#8211;720x104px (1) (1)\"><img src=\"https:\/\/lavras.tv\/site\/wp-content\/uploads\/2025\/01\/Lavras-TV-720x104px-1-1.png\" alt=\"\"  srcset=\"https:\/\/lavras.tv\/site\/wp-content\/uploads\/2025\/01\/Lavras-TV-720x104px-1-1.png 720w, https:\/\/lavras.tv\/site\/wp-content\/uploads\/2025\/01\/Lavras-TV-720x104px-1-1-470x68.png 470w, https:\/\/lavras.tv\/site\/wp-content\/uploads\/2025\/01\/Lavras-TV-720x104px-1-1-170x25.png 170w, https:\/\/lavras.tv\/site\/wp-content\/uploads\/2025\/01\/Lavras-TV-720x104px-1-1-200x29.png 200w\" sizes=\"(max-width: 720px) 100vw, 720px\" width=\"720\" height=\"104\"  style=\"display: inline-block;\" \/><\/a><\/div><\/li><li><a href=\"https:\/\/sistemas.lavras.mg.gov.br\/portalcidadao\/#df1b1a7c7b2a290bcb31e32771e610784662739a88807c0dacac58ede5f391a7530e299dc302d611ee73cb143fc22eaf93592e53e7b5bdb01b00a0b8d28dae460c141dd2ff83412e4dc1c31b16b25f33144a9e5620ea73b13f5bc1c59411d98439ad226e8af03840603796067d87afe130812cf3de24982d0e306f9e61e764e5\" aria-label=\"Banner_Emprego_PortallavrasTV\"><img src=\"https:\/\/lavras.tv\/site\/wp-content\/uploads\/2025\/03\/Banner_Emprego_PortallavrasTV.png\" alt=\"\"  srcset=\"https:\/\/lavras.tv\/site\/wp-content\/uploads\/2025\/03\/Banner_Emprego_PortallavrasTV.png 720w, https:\/\/lavras.tv\/site\/wp-content\/uploads\/2025\/03\/Banner_Emprego_PortallavrasTV-470x68.png 470w, https:\/\/lavras.tv\/site\/wp-content\/uploads\/2025\/03\/Banner_Emprego_PortallavrasTV-170x25.png 170w, https:\/\/lavras.tv\/site\/wp-content\/uploads\/2025\/03\/Banner_Emprego_PortallavrasTV-200x29.png 200w\" sizes=\"(max-width: 720px) 100vw, 720px\" width=\"720\" height=\"104\"   \/><\/a><\/li><li><a href=\"https:\/\/sistemas.lavras.mg.gov.br\/portalcidadao\/#df1b1a7c7b2a290bcb31e32771e610784662739a88807c0dacac58ede5f391a7530e299dc302d611ee73cb143fc22eaf93592e53e7b5bdb01b00a0b8d28dae460c141dd2ff83412e4dc1c31b16b25f33144a9e5620ea73b13f5bc1c59411d98439ad226e8af03840603796067d87afe130812cf3de24982d0e306f9e61e764e5\" aria-label=\"Banner_Obras_PortallavrasTV\"><img src=\"https:\/\/lavras.tv\/site\/wp-content\/uploads\/2025\/03\/Banner_Obras_PortallavrasTV.png\" alt=\"\"  srcset=\"https:\/\/lavras.tv\/site\/wp-content\/uploads\/2025\/03\/Banner_Obras_PortallavrasTV.png 720w, https:\/\/lavras.tv\/site\/wp-content\/uploads\/2025\/03\/Banner_Obras_PortallavrasTV-470x68.png 470w, https:\/\/lavras.tv\/site\/wp-content\/uploads\/2025\/03\/Banner_Obras_PortallavrasTV-170x25.png 170w, https:\/\/lavras.tv\/site\/wp-content\/uploads\/2025\/03\/Banner_Obras_PortallavrasTV-200x29.png 200w\" sizes=\"(max-width: 720px) 100vw, 720px\" width=\"720\" height=\"104\"   \/><\/a><\/li><li><div style=\"margin-left: auto;margin-right: auto;text-align: center;\" id=\"lavra-2910312708\"><a href=\"https:\/\/sistemas.lavras.mg.gov.br\/portalcidadao\/#df1b1a7c7b2a290bcb31e32771e610784662739a88807c0dacac58ede5f391a7530e299dc302d611ee73cb143fc22eaf93592e53e7b5bdb01b00a0b8d28dae460c141dd2ff83412e4dc1c31b16b25f33144a9e5620ea73b13f5bc1c59411d98439ad226e8af03840603796067d87afe130812cf3de24982d0e306f9e61e764e5\" aria-label=\"Banner_Educa\u00e7\u00e3o_PortallavrasTV\"><img src=\"https:\/\/lavras.tv\/site\/wp-content\/uploads\/2025\/01\/Banner_Educacao_PortallavrasTV.png\" alt=\"\"  srcset=\"https:\/\/lavras.tv\/site\/wp-content\/uploads\/2025\/01\/Banner_Educacao_PortallavrasTV.png 720w, https:\/\/lavras.tv\/site\/wp-content\/uploads\/2025\/01\/Banner_Educacao_PortallavrasTV-470x68.png 470w, https:\/\/lavras.tv\/site\/wp-content\/uploads\/2025\/01\/Banner_Educacao_PortallavrasTV-170x25.png 170w, https:\/\/lavras.tv\/site\/wp-content\/uploads\/2025\/01\/Banner_Educacao_PortallavrasTV-200x29.png 200w\" sizes=\"(max-width: 720px) 100vw, 720px\" width=\"720\" height=\"104\"  style=\"display: inline-block;\" \/><\/a><\/div><\/li><li><a href=\"https:\/\/sistemas.lavras.mg.gov.br\/portalcidadao\/#df1b1a7c7b2a290bcb31e32771e610784662739a88807c0dacac58ede5f391a7530e299dc302d611ee73cb143fc22eaf93592e53e7b5bdb01b00a0b8d28dae460c141dd2ff83412e4dc1c31b16b25f33144a9e5620ea73b13f5bc1c59411d98439ad226e8af03840603796067d87afe130812cf3de24982d0e306f9e61e764e5\" aria-label=\"Banner_Sa\u00fade_PortallavrasTV\"><img src=\"https:\/\/lavras.tv\/site\/wp-content\/uploads\/2025\/03\/Banner_Saude_PortallavrasTV.png\" alt=\"\"  srcset=\"https:\/\/lavras.tv\/site\/wp-content\/uploads\/2025\/03\/Banner_Saude_PortallavrasTV.png 720w, https:\/\/lavras.tv\/site\/wp-content\/uploads\/2025\/03\/Banner_Saude_PortallavrasTV-470x68.png 470w, https:\/\/lavras.tv\/site\/wp-content\/uploads\/2025\/03\/Banner_Saude_PortallavrasTV-170x25.png 170w, https:\/\/lavras.tv\/site\/wp-content\/uploads\/2025\/03\/Banner_Saude_PortallavrasTV-200x29.png 200w\" sizes=\"(max-width: 720px) 100vw, 720px\" width=\"720\" height=\"104\"   \/><\/a><\/li><li><div id=\"lavra-2281300549\" style=\"width:720px;height:104px;background-color:#ddd;overflow:scroll;\">\n\t<strong>Sa\u00edda da depura\u00e7\u00e3o de an\u00fancios<\/strong>\n\t<br><br>\n\tO an\u00fancio n\u00e3o \u00e9 exibido na p\u00e1gina<br><br>post atual: Anvisa analisa nova vacina para dengue, a primeira em dose \u00fanica, ID: 144571<br><br><span style=\"color: red;\">O post atual n\u00e3o \u00e9 id\u00eantico ao post principal.<\/span><br><br>An\u00fancios: ROXO - TOPO INTERNA - ROTATIVO 2 (197)<br \/>Grupo de an\u00fancios: Princ_Meio01_720x104 (27)<br><br>Condi\u00e7\u00f5es de exibi\u00e7\u00e3o<div style=\"margin-bottom: 20px; white-space: pre-wrap; font-family: monospace; width: 100%; background: #ffe9e9;\"><strong>condi\u00e7\u00f5es gerais<\/strong><table border=\"1\"><thead><tr><th><\/th><th>An\u00fancios<\/th><th>wp_the_query<\/th><\/tr><\/thead><tr><td>is_main_query<\/td><td>1<\/td><td>1<\/td><\/tr><tr><td>is_rest_api<\/td><td>0<\/td><td>1<\/td><\/tr><tr><td>page<\/td><td>0<\/td><td>1<\/td><\/tr><tr><td>numpages<\/td><td>0<\/td><td>1<\/td><\/tr><tr><td>is_archive<\/td><td>1<\/td><td><\/td><\/tr><tr><td>is_search<\/td><td>1<\/td><td><\/td><\/tr><tr><td>is_home<\/td><td>1<\/td><td><\/td><\/tr><tr><td>is_404<\/td><td>1<\/td><td><\/td><\/tr><tr><td>is_attachment<\/td><td>1<\/td><td><\/td><\/tr><tr><td>is_singular<\/td><td>1<\/td><td><\/td><\/tr><tr><td>is_front_page<\/td><td>1<\/td><td><\/td><\/tr><tr><td>is_feed<\/td><td>1<\/td><td><\/td><\/tr><\/table><\/div><br><br><span style=\"color: red;\">Seu site usa HTTPS, mas o c\u00f3digo do an\u00fancio cont\u00e9m HTTP e pode n\u00e3o funcionar.<\/span>\t<br><br>\n\t<a style=\"color: green;\" href=\"https:\/\/wpadvancedads.com\/manual\/ad-debug-mode\/?utm_source=advanced-ads&utm_medium=link&utm_campaign=ad-debug-mode\" target=\"_blank\" rel=\"nofollow\">Encontre solu\u00e7\u00f5es no manual<\/a>\n<\/div>\n<\/li><\/ul><\/div><script>( window.advanced_ads_ready || jQuery( document ).ready ).call( null, function() {var $lavraslider3740111075 = jQuery( \".lavra-slider-3740111075\" );$lavraslider3740111075.on( \"unslider.ready\", function() { jQuery( \"div.custom-slider ul li\" ).css( \"display\", \"block\" ); });$lavraslider3740111075.unslider({ delay:4000, autoplay:true, nav:false, arrows:false, infinite:true });$lavraslider3740111075.on(\"mouseover\", function() {$lavraslider3740111075.unslider(\"stop\");}).on(\"mouseout\", function() {$lavraslider3740111075.unslider(\"start\");});});<\/script><\/div>\n<p>Instituto Butantan submete \u00e0 ag\u00eancia registro do f\u00e1rmaco, que \u00e9 de dose \u00fanica e pode ser disponibilizado pelo SUS no pr\u00f3ximo ano<\/p>\n\n\n\n<figure class=\"wp-block-image size-large\"><img fetchpriority=\"high\" decoding=\"async\" width=\"970\" height=\"581\" src=\"https:\/\/lavras.tv\/site\/wp-content\/uploads\/2024\/12\/1_vacian-43126922-970x581.jpg\" alt=\"\" class=\"wp-image-144572\" srcset=\"https:\/\/lavras.tv\/site\/wp-content\/uploads\/2024\/12\/1_vacian-43126922-970x581.jpg 970w, https:\/\/lavras.tv\/site\/wp-content\/uploads\/2024\/12\/1_vacian-43126922-470x282.jpg 470w, https:\/\/lavras.tv\/site\/wp-content\/uploads\/2024\/12\/1_vacian-43126922-170x102.jpg 170w, https:\/\/lavras.tv\/site\/wp-content\/uploads\/2024\/12\/1_vacian-43126922-200x120.jpg 200w, https:\/\/lavras.tv\/site\/wp-content\/uploads\/2024\/12\/1_vacian-43126922.jpg 1200w\" sizes=\"(max-width: 970px) 100vw, 970px\" \/><\/figure>\n\n\n\n<p>O\u00a0<strong><a href=\"https:\/\/www.em.com.br\/saude\/2024\/08\/6920269-vacina-do-butantan-mostra-89-de-protecao-contra-a-dengue-grave.html\">Instituto Butantan<\/a><\/strong>\u00a0submeteu, ontem, \u00e0 Ag\u00eancia Nacional de Vigil\u00e2ncia Sanit\u00e1ria (<a href=\"https:\/\/www.em.com.br\/saude\/2024\/11\/6996421-anvisa-aprova-medicamento-para-tipo-de-cancer-de-pulmao-em-estagio-inicial.html\"><strong>Anvisa<\/strong><\/a>) o pedido de registro para a Butantan-DV, vacina que desenvolveu contra a dengue. Caso seja aprovado, o imunizante ser\u00e1 o primeiro do mundo em dose \u00fanica contra a doen\u00e7a e se somar\u00e1 \u00e0 Qdenga, desenvolvida pelo laborat\u00f3rio japon\u00eas Takeda e \u00e0 disposi\u00e7\u00e3o do p\u00fablico no Sistema \u00danico de Sa\u00fade (SUS).<\/p>\n\n\n\n<p>O processo de submiss\u00e3o cont\u00ednua permitiu que os dados do Butantan fossem enviados \u00e0 Anvisa conforme eram gerados, agilizando as etapas de avalia\u00e7\u00e3o e acelerando a aprova\u00e7\u00e3o. O pedido de registro foi feito 48h depois que o Minist\u00e9rio da Sa\u00fade lan\u00e7ou, no s\u00e1bado, o Dia D contra a\u00a0<strong><a href=\"https:\/\/www.em.com.br\/saude\/2024\/12\/7004285-brasil-tem-mais-de-65-milhoes-de-casos-provaveis-de-dengue-este-ano.html\">Dengue<\/a><\/strong>\u00a0\u2014 campanha de esclarecimento da popula\u00e7\u00e3o, que visa impedir o avan\u00e7o da doen\u00e7a a partir da chegada do ver\u00e3o, no dia 21. Somente neste ano, h\u00e1 o registro de aproximadamente 6,5 milh\u00f5es de casos prov\u00e1veis. As mortes est\u00e3o em torno de 5,9 mil.<\/p>\n\n\n\n<p>A Butantan-DV \u00e9 uma vacina tetravalente desenvolvida para combater os quatro sorotipos do v\u00edrus da dengue. Os ensaios cl\u00ednicos da vacina foram conclu\u00eddos em junho, ap\u00f3s o \u00faltimo participante completar cinco anos de acompanhamento.<\/p>\n\n\n\n<p>Os dados de seguran\u00e7a e efic\u00e1cia da Butantan-DV foram publicados no\u00a0<em>New England Journal of Medicine<\/em>\u00a0e t\u00eam uma efic\u00e1cia geral de 79,6% na preven\u00e7\u00e3o de casos sintom\u00e1ticos de dengue. Resultados da fase 3, divulgados na revista\u00a0<em>The Lancet Infectious Diseases<\/em>, apontaram uma prote\u00e7\u00e3o de 89% contra formas graves da doen\u00e7a e casos com sinais de alarme, al\u00e9m de efic\u00e1cia e seguran\u00e7a comprovadas por at\u00e9 cinco anos.<\/p>\n\n\n\n<p>&#8220;\u00c9 um dos maiores avan\u00e7os da sa\u00fade e da ci\u00eancia na hist\u00f3ria do pa\u00eds e uma enorme conquista em n\u00edvel internacional. Que o Instituto Butantan possa contribuir com a primeira vacina do mundo em dose \u00fanica contra a dengue. Mostra que vale a pena investir na pesquisa feita no Brasil e no desenvolvimento interno de imunobiol\u00f3gicos. Vamos aguardar e respeitar todos os procedimentos da Anvisa, mas estamos confiantes nos resultados que vir\u00e3o&#8221;, afirmou Esper Kall\u00e1s, diretor do Butantan.<\/p>\n\n\n\n<h2 class=\"wp-block-heading\">100 milh\u00f5es de doses<\/h2>\n\n\n\n<p>Se aprovada, o instituto estima entregar cerca de 100 milh\u00f5es de doses da vacina ao Minist\u00e9rio da Sa\u00fade ao longo dos pr\u00f3ximos tr\u00eas anos. Em 2025, est\u00e1 prevista a entrega de um milh\u00e3o de doses, com o restante distribu\u00eddo em 2026 e 2027.<\/p>\n\n\n\n<p>A defini\u00e7\u00e3o dos crit\u00e9rios para vacina\u00e7\u00e3o da popula\u00e7\u00e3o caber\u00e1 ao Minist\u00e9rio da Sa\u00fade, por meio do Programa Nacional de Imuniza\u00e7\u00f5es (PNI). A f\u00e1brica da vacina Butantan-DV foi inspecionada pela Anvisa e considerada adequada. A ag\u00eancia tamb\u00e9m emitiu o certificado de Boas Pr\u00e1ticas de Fabrica\u00e7\u00e3o (BPF) para a planta de fabrica\u00e7\u00e3o.<\/p>\n\n\n\n<p>Segundo o infectologista Leandro Machado, a nova&nbsp;<a href=\"https:\/\/www.em.com.br\/saude\/2024\/11\/7000220-saude-em-dia-as-vacinas-fundamentais-para-quem-tem-mais-de-60-anos.html\"><strong>vacina<\/strong><\/a>&nbsp;pode mudar radicalmente o enfrentamento da dengue no Brasil: &#8220;Com apenas uma dose, ela n\u00e3o s\u00f3 facilita o acesso para milh\u00f5es de pessoas, mas, tamb\u00e9m, oferece prote\u00e7\u00e3o prolongada e eficaz contra a doen\u00e7a. Isso significa menos casos graves, menos interna\u00e7\u00f5es e menos vidas perdidas. Para um pa\u00eds como o nosso, onde a dengue \u00e9 um problema constante, essa vacina traz esperan\u00e7a de um futuro com muito menos sofrimento&#8221;, explica. Questionada pelo Correio, a Anvisa informou que analisar\u00e1 os documentos submetidos nos pr\u00f3ximos dias.<\/p>\n","protected":false},"excerpt":{"rendered":"<p>Instituto Butantan submete \u00e0 ag\u00eancia registro do f\u00e1rmaco, que \u00e9 de dose \u00fanica e pode ser disponibilizado pelo SUS no pr\u00f3ximo ano O\u00a0Instituto Butantan\u00a0submeteu, ontem, \u00e0 Ag\u00eancia Nacional de Vigil\u00e2ncia Sanit\u00e1ria (Anvisa) o pedido de registro para a Butantan-DV, vacina que desenvolveu contra a dengue. Caso seja aprovado, o imunizante ser\u00e1 o primeiro do mundo [&hellip;]<\/p>\n","protected":false},"author":5,"featured_media":144572,"comment_status":"closed","ping_status":"open","sticky":false,"template":"","format":"standard","meta":{"advgb_blocks_editor_width":"","advgb_blocks_columns_visual_guide":"","_exactmetrics_skip_tracking":false,"_exactmetrics_sitenote_active":false,"_exactmetrics_sitenote_note":"","_exactmetrics_sitenote_category":0,"footnotes":""},"categories":[7,2],"tags":[],"class_list":["post-144571","post","type-post","status-publish","format-standard","has-post-thumbnail","hentry","category-destaques","category-noticias"],"better_featured_image":{"id":144572,"alt_text":"","caption":"","description":"","media_type":"image","media_details":{"width":1200,"height":719,"file":"2024\/12\/1_vacian-43126922.jpg","filesize":137009,"sizes":{"medium":{"file":"1_vacian-43126922-470x282.jpg","width":470,"height":282,"mime-type":"image\/jpeg","filesize":23764,"source_url":"https:\/\/lavras.tv\/site\/wp-content\/uploads\/2024\/12\/1_vacian-43126922-470x282.jpg"},"large":{"file":"1_vacian-43126922-970x581.jpg","width":970,"height":581,"mime-type":"image\/jpeg","filesize":72915,"source_url":"https:\/\/lavras.tv\/site\/wp-content\/uploads\/2024\/12\/1_vacian-43126922-970x581.jpg"},"thumbnail":{"file":"1_vacian-43126922-170x102.jpg","width":170,"height":102,"mime-type":"image\/jpeg","filesize":4684,"source_url":"https:\/\/lavras.tv\/site\/wp-content\/uploads\/2024\/12\/1_vacian-43126922-170x102.jpg"},"lshowcase-thumb":{"file":"1_vacian-43126922-200x120.jpg","width":200,"height":120,"mime-type":"image\/jpeg","filesize":5961,"source_url":"https:\/\/lavras.tv\/site\/wp-content\/uploads\/2024\/12\/1_vacian-43126922-200x120.jpg"},"alm-thumbnail":{"file":"1_vacian-43126922-150x150.jpg","width":150,"height":150,"mime-type":"image\/jpeg","filesize":6266,"source_url":"https:\/\/lavras.tv\/site\/wp-content\/uploads\/2024\/12\/1_vacian-43126922-150x150.jpg"}},"image_meta":{"aperture":"0","credit":"","camera":"","caption":"","created_timestamp":"0","copyright":"","focal_length":"0","iso":"0","shutter_speed":"0","title":"","orientation":"0","keywords":[]}},"post":144571,"source_url":"https:\/\/lavras.tv\/site\/wp-content\/uploads\/2024\/12\/1_vacian-43126922.jpg"},"author_meta":{"display_name":"Vinicius Bustamante","author_link":"https:\/\/lavras.tv\/site\/author\/vinicius-bustamante\/"},"featured_img":"https:\/\/lavras.tv\/site\/wp-content\/uploads\/2024\/12\/1_vacian-43126922-470x282.jpg","coauthors":[],"tax_additional":{"categories":{"linked":["<a href=\"https:\/\/lavras.tv\/site\/category\/destaques\/\" class=\"advgb-post-tax-term\">Destaques<\/a>","<a href=\"https:\/\/lavras.tv\/site\/category\/noticias\/\" class=\"advgb-post-tax-term\">Not\u00edcias<\/a>"],"unlinked":["<span class=\"advgb-post-tax-term\">Destaques<\/span>","<span class=\"advgb-post-tax-term\">Not\u00edcias<\/span>"]}},"comment_count":"0","relative_dates":{"created":"Publicado 1 ano atr\u00e1s","modified":"Atualizado 1 ano atr\u00e1s"},"absolute_dates":{"created":"Publicado em 17 de dezembro de 2024","modified":"Atualizado em 17 de dezembro de 2024"},"absolute_dates_time":{"created":"Publicado em 17 de dezembro de 2024 14:27","modified":"Atualizado em 17 de dezembro de 2024 14:27"},"featured_img_caption":"","series_order":"","_links":{"self":[{"href":"https:\/\/lavras.tv\/site\/wp-json\/wp\/v2\/posts\/144571","targetHints":{"allow":["GET"]}}],"collection":[{"href":"https:\/\/lavras.tv\/site\/wp-json\/wp\/v2\/posts"}],"about":[{"href":"https:\/\/lavras.tv\/site\/wp-json\/wp\/v2\/types\/post"}],"author":[{"embeddable":true,"href":"https:\/\/lavras.tv\/site\/wp-json\/wp\/v2\/users\/5"}],"replies":[{"embeddable":true,"href":"https:\/\/lavras.tv\/site\/wp-json\/wp\/v2\/comments?post=144571"}],"version-history":[{"count":1,"href":"https:\/\/lavras.tv\/site\/wp-json\/wp\/v2\/posts\/144571\/revisions"}],"predecessor-version":[{"id":144573,"href":"https:\/\/lavras.tv\/site\/wp-json\/wp\/v2\/posts\/144571\/revisions\/144573"}],"wp:featuredmedia":[{"embeddable":true,"href":"https:\/\/lavras.tv\/site\/wp-json\/wp\/v2\/media\/144572"}],"wp:attachment":[{"href":"https:\/\/lavras.tv\/site\/wp-json\/wp\/v2\/media?parent=144571"}],"wp:term":[{"taxonomy":"category","embeddable":true,"href":"https:\/\/lavras.tv\/site\/wp-json\/wp\/v2\/categories?post=144571"},{"taxonomy":"post_tag","embeddable":true,"href":"https:\/\/lavras.tv\/site\/wp-json\/wp\/v2\/tags?post=144571"}],"curies":[{"name":"wp","href":"https:\/\/api.w.org\/{rel}","templated":true}]}}