{"id":144764,"date":"2024-12-18T10:03:31","date_gmt":"2024-12-18T13:03:31","guid":{"rendered":"https:\/\/lavras.tv\/site\/?p=144764"},"modified":"2024-12-18T10:03:32","modified_gmt":"2024-12-18T13:03:32","slug":"que-cinema-e-esse-e-a-tematica-central-da-28a-mostra-tiradentes-que-presta-homenagem-a-atriz-bruna-linzmeyer","status":"publish","type":"post","link":"https:\/\/lavras.tv\/site\/2024\/12\/18\/que-cinema-e-esse-e-a-tematica-central-da-28a-mostra-tiradentes-que-presta-homenagem-a-atriz-bruna-linzmeyer\/","title":{"rendered":"QUE CINEMA \u00c9 ESSE?\u201d \u00c9 A TEM\u00c1TICA CENTRAL DA 28\u00aa MOSTRA TIRADENTES QUE PRESTA HOMENAGEM \u00c0 ATRIZ BRUNA LINZMEYER"},"content":{"rendered":"<div class=\"lavra-antes-do-conteudo_2\" id=\"lavra-4269680252\"><div id=\"lavra-slider-27\" class=\"custom-slider lavra-slider-30793461 lavra-slider\"><ul><li><div style=\"margin-left: auto;margin-right: auto;text-align: center;\" id=\"lavra-3261952835\"><a href=\"https:\/\/sistemas.lavras.mg.gov.br\/portalcidadao\/#df1b1a7c7b2a290bcb31e32771e610784662739a88807c0dacac58ede5f391a7530e299dc302d611ee73cb143fc22eaf93592e53e7b5bdb01b00a0b8d28dae460c141dd2ff83412e4dc1c31b16b25f33144a9e5620ea73b13f5bc1c59411d98439ad226e8af03840603796067d87afe130812cf3de24982d0e306f9e61e764e5\" aria-label=\"Lavras-TV&#8211;720x104px (1) (1)\"><img src=\"https:\/\/lavras.tv\/site\/wp-content\/uploads\/2025\/01\/Lavras-TV-720x104px-1-1.png\" alt=\"\"  srcset=\"https:\/\/lavras.tv\/site\/wp-content\/uploads\/2025\/01\/Lavras-TV-720x104px-1-1.png 720w, https:\/\/lavras.tv\/site\/wp-content\/uploads\/2025\/01\/Lavras-TV-720x104px-1-1-470x68.png 470w, https:\/\/lavras.tv\/site\/wp-content\/uploads\/2025\/01\/Lavras-TV-720x104px-1-1-170x25.png 170w, https:\/\/lavras.tv\/site\/wp-content\/uploads\/2025\/01\/Lavras-TV-720x104px-1-1-200x29.png 200w\" sizes=\"(max-width: 720px) 100vw, 720px\" width=\"720\" height=\"104\"  style=\"display: inline-block;\" \/><\/a><\/div><\/li><li><a href=\"https:\/\/sistemas.lavras.mg.gov.br\/portalcidadao\/#df1b1a7c7b2a290bcb31e32771e610784662739a88807c0dacac58ede5f391a7530e299dc302d611ee73cb143fc22eaf93592e53e7b5bdb01b00a0b8d28dae460c141dd2ff83412e4dc1c31b16b25f33144a9e5620ea73b13f5bc1c59411d98439ad226e8af03840603796067d87afe130812cf3de24982d0e306f9e61e764e5\" aria-label=\"Banner_Emprego_PortallavrasTV\"><img src=\"https:\/\/lavras.tv\/site\/wp-content\/uploads\/2025\/03\/Banner_Emprego_PortallavrasTV.png\" alt=\"\"  srcset=\"https:\/\/lavras.tv\/site\/wp-content\/uploads\/2025\/03\/Banner_Emprego_PortallavrasTV.png 720w, https:\/\/lavras.tv\/site\/wp-content\/uploads\/2025\/03\/Banner_Emprego_PortallavrasTV-470x68.png 470w, https:\/\/lavras.tv\/site\/wp-content\/uploads\/2025\/03\/Banner_Emprego_PortallavrasTV-170x25.png 170w, https:\/\/lavras.tv\/site\/wp-content\/uploads\/2025\/03\/Banner_Emprego_PortallavrasTV-200x29.png 200w\" sizes=\"(max-width: 720px) 100vw, 720px\" width=\"720\" height=\"104\"   \/><\/a><\/li><li><a href=\"https:\/\/sistemas.lavras.mg.gov.br\/portalcidadao\/#df1b1a7c7b2a290bcb31e32771e610784662739a88807c0dacac58ede5f391a7530e299dc302d611ee73cb143fc22eaf93592e53e7b5bdb01b00a0b8d28dae460c141dd2ff83412e4dc1c31b16b25f33144a9e5620ea73b13f5bc1c59411d98439ad226e8af03840603796067d87afe130812cf3de24982d0e306f9e61e764e5\" aria-label=\"Banner_Obras_PortallavrasTV\"><img src=\"https:\/\/lavras.tv\/site\/wp-content\/uploads\/2025\/03\/Banner_Obras_PortallavrasTV.png\" alt=\"\"  srcset=\"https:\/\/lavras.tv\/site\/wp-content\/uploads\/2025\/03\/Banner_Obras_PortallavrasTV.png 720w, https:\/\/lavras.tv\/site\/wp-content\/uploads\/2025\/03\/Banner_Obras_PortallavrasTV-470x68.png 470w, https:\/\/lavras.tv\/site\/wp-content\/uploads\/2025\/03\/Banner_Obras_PortallavrasTV-170x25.png 170w, https:\/\/lavras.tv\/site\/wp-content\/uploads\/2025\/03\/Banner_Obras_PortallavrasTV-200x29.png 200w\" sizes=\"(max-width: 720px) 100vw, 720px\" width=\"720\" height=\"104\"   \/><\/a><\/li><li><div style=\"margin-left: auto;margin-right: auto;text-align: center;\" id=\"lavra-3334480575\"><a href=\"https:\/\/sistemas.lavras.mg.gov.br\/portalcidadao\/#df1b1a7c7b2a290bcb31e32771e610784662739a88807c0dacac58ede5f391a7530e299dc302d611ee73cb143fc22eaf93592e53e7b5bdb01b00a0b8d28dae460c141dd2ff83412e4dc1c31b16b25f33144a9e5620ea73b13f5bc1c59411d98439ad226e8af03840603796067d87afe130812cf3de24982d0e306f9e61e764e5\" aria-label=\"Banner_Educa\u00e7\u00e3o_PortallavrasTV\"><img src=\"https:\/\/lavras.tv\/site\/wp-content\/uploads\/2025\/01\/Banner_Educacao_PortallavrasTV.png\" alt=\"\"  srcset=\"https:\/\/lavras.tv\/site\/wp-content\/uploads\/2025\/01\/Banner_Educacao_PortallavrasTV.png 720w, https:\/\/lavras.tv\/site\/wp-content\/uploads\/2025\/01\/Banner_Educacao_PortallavrasTV-470x68.png 470w, https:\/\/lavras.tv\/site\/wp-content\/uploads\/2025\/01\/Banner_Educacao_PortallavrasTV-170x25.png 170w, https:\/\/lavras.tv\/site\/wp-content\/uploads\/2025\/01\/Banner_Educacao_PortallavrasTV-200x29.png 200w\" sizes=\"(max-width: 720px) 100vw, 720px\" width=\"720\" height=\"104\"  style=\"display: inline-block;\" \/><\/a><\/div><\/li><li><a href=\"https:\/\/sistemas.lavras.mg.gov.br\/portalcidadao\/#df1b1a7c7b2a290bcb31e32771e610784662739a88807c0dacac58ede5f391a7530e299dc302d611ee73cb143fc22eaf93592e53e7b5bdb01b00a0b8d28dae460c141dd2ff83412e4dc1c31b16b25f33144a9e5620ea73b13f5bc1c59411d98439ad226e8af03840603796067d87afe130812cf3de24982d0e306f9e61e764e5\" aria-label=\"Banner_Sa\u00fade_PortallavrasTV\"><img src=\"https:\/\/lavras.tv\/site\/wp-content\/uploads\/2025\/03\/Banner_Saude_PortallavrasTV.png\" alt=\"\"  srcset=\"https:\/\/lavras.tv\/site\/wp-content\/uploads\/2025\/03\/Banner_Saude_PortallavrasTV.png 720w, https:\/\/lavras.tv\/site\/wp-content\/uploads\/2025\/03\/Banner_Saude_PortallavrasTV-470x68.png 470w, https:\/\/lavras.tv\/site\/wp-content\/uploads\/2025\/03\/Banner_Saude_PortallavrasTV-170x25.png 170w, https:\/\/lavras.tv\/site\/wp-content\/uploads\/2025\/03\/Banner_Saude_PortallavrasTV-200x29.png 200w\" sizes=\"(max-width: 720px) 100vw, 720px\" width=\"720\" height=\"104\"   \/><\/a><\/li><li><div id=\"lavra-2069077375\" style=\"width:720px;height:104px;background-color:#ddd;overflow:scroll;\">\n\t<strong>Sa\u00edda da depura\u00e7\u00e3o de an\u00fancios<\/strong>\n\t<br><br>\n\tO an\u00fancio n\u00e3o \u00e9 exibido na p\u00e1gina<br><br>post atual: QUE CINEMA \u00c9 ESSE?\u201d \u00c9 A TEM\u00c1TICA CENTRAL DA 28\u00aa MOSTRA TIRADENTES QUE PRESTA HOMENAGEM \u00c0 ATRIZ BRUNA LINZMEYER, ID: 144764<br><br><span style=\"color: red;\">O post atual n\u00e3o \u00e9 id\u00eantico ao post principal.<\/span><br><br>An\u00fancios: ROXO - TOPO INTERNA - ROTATIVO 2 (197)<br \/>Grupo de an\u00fancios: Princ_Meio01_720x104 (27)<br><br>Condi\u00e7\u00f5es de exibi\u00e7\u00e3o<div style=\"margin-bottom: 20px; white-space: pre-wrap; font-family: monospace; width: 100%; background: #ffe9e9;\"><strong>condi\u00e7\u00f5es gerais<\/strong><table border=\"1\"><thead><tr><th><\/th><th>An\u00fancios<\/th><th>wp_the_query<\/th><\/tr><\/thead><tr><td>is_main_query<\/td><td>1<\/td><td>1<\/td><\/tr><tr><td>is_rest_api<\/td><td>0<\/td><td>1<\/td><\/tr><tr><td>page<\/td><td>0<\/td><td>1<\/td><\/tr><tr><td>numpages<\/td><td>0<\/td><td>1<\/td><\/tr><tr><td>is_archive<\/td><td>1<\/td><td><\/td><\/tr><tr><td>is_search<\/td><td>1<\/td><td><\/td><\/tr><tr><td>is_home<\/td><td>1<\/td><td><\/td><\/tr><tr><td>is_404<\/td><td>1<\/td><td><\/td><\/tr><tr><td>is_attachment<\/td><td>1<\/td><td><\/td><\/tr><tr><td>is_singular<\/td><td>1<\/td><td><\/td><\/tr><tr><td>is_front_page<\/td><td>1<\/td><td><\/td><\/tr><tr><td>is_feed<\/td><td>1<\/td><td><\/td><\/tr><\/table><\/div><br><br><span style=\"color: red;\">Seu site usa HTTPS, mas o c\u00f3digo do an\u00fancio cont\u00e9m HTTP e pode n\u00e3o funcionar.<\/span>\t<br><br>\n\t<a style=\"color: green;\" href=\"https:\/\/wpadvancedads.com\/manual\/ad-debug-mode\/?utm_source=advanced-ads&utm_medium=link&utm_campaign=ad-debug-mode\" target=\"_blank\" rel=\"nofollow\">Encontre solu\u00e7\u00f5es no manual<\/a>\n<\/div>\n<\/li><\/ul><\/div><script>( window.advanced_ads_ready || jQuery( document ).ready ).call( null, function() {var $lavraslider30793461 = jQuery( \".lavra-slider-30793461\" );$lavraslider30793461.on( \"unslider.ready\", function() { jQuery( \"div.custom-slider ul li\" ).css( \"display\", \"block\" ); });$lavraslider30793461.unslider({ delay:4000, autoplay:true, nav:false, arrows:false, infinite:true });$lavraslider30793461.on(\"mouseover\", function() {$lavraslider30793461.unslider(\"stop\");}).on(\"mouseout\", function() {$lavraslider30793461.unslider(\"start\");});});<\/script><\/div>\n<p><em>Evento abre o calend\u00e1rio audiovisual brasileiro de 2025 na cidade hist\u00f3rica mineira entre<\/em><\/p>\n\n\n\n<p><em>os dias 24 de janeiro a 1\u00ba de fevereiro. A programa\u00e7\u00e3o \u00e9 gratuita<\/em><\/p>\n\n\n\n<figure class=\"wp-block-image size-large\"><img fetchpriority=\"high\" decoding=\"async\" width=\"970\" height=\"647\" src=\"https:\/\/lavras.tv\/site\/wp-content\/uploads\/2024\/12\/54208273244_339af783f6_k-970x647.jpg\" alt=\"\" class=\"wp-image-144765\" srcset=\"https:\/\/lavras.tv\/site\/wp-content\/uploads\/2024\/12\/54208273244_339af783f6_k-970x647.jpg 970w, https:\/\/lavras.tv\/site\/wp-content\/uploads\/2024\/12\/54208273244_339af783f6_k-450x300.jpg 450w, https:\/\/lavras.tv\/site\/wp-content\/uploads\/2024\/12\/54208273244_339af783f6_k-170x113.jpg 170w, https:\/\/lavras.tv\/site\/wp-content\/uploads\/2024\/12\/54208273244_339af783f6_k-200x133.jpg 200w, https:\/\/lavras.tv\/site\/wp-content\/uploads\/2024\/12\/54208273244_339af783f6_k-1536x1024.jpg 1536w, https:\/\/lavras.tv\/site\/wp-content\/uploads\/2024\/12\/54208273244_339af783f6_k.jpg 2048w\" sizes=\"(max-width: 970px) 100vw, 970px\" \/><\/figure>\n\n\n\n<p>A 28\u00aa Mostra de Cinema de Tiradentes abre o calend\u00e1rio audiovisual de 2025, entre os dias&nbsp;<strong>24 de janeiro e 1\u00ba de fevereiro<\/strong>&nbsp;transformando a cidade hist\u00f3rica mineira na capital do cinema brasileiro e em ponto de encontro entre cineastas, cr\u00edticos, pesquisadores, profissionais do audiovisual e da cultura, acad\u00eamicos, estudantes e espectadores. Ocupa lugar de destaque no centro da hist\u00f3ria do audiovisual e no circuito de festivais realizados no Brasil e oferece um ambiente de neg\u00f3cios, de gesta\u00e7\u00e3o de parcerias profissionais, de inova\u00e7\u00e3o e tend\u00eancias, de intera\u00e7\u00e3o cr\u00edtica no cinema. Um espa\u00e7o de est\u00edmulo \u00e0 novas produ\u00e7\u00f5es e, ainda de internacionaliza\u00e7\u00e3o do cinema brasileiro.<\/p>\n\n\n\n<p>S\u00e3o nove dias de programa\u00e7\u00e3o gratuita e abrangente que apresenta ao p\u00fablico a diversidade da produ\u00e7\u00e3o audiovisual brasileira em mais de 100 filmes em pr\u00e9-estreias e mostras tem\u00e1ticas. Mais que exibir filmes, a Mostra Tiradentes oferece um espa\u00e7o rico e generoso de&nbsp;forma\u00e7\u00e3o, apreens\u00e3o e discuss\u00e3o do cinema brasileiro,&nbsp;realiza a Mostrinha de Cinema, Mostra Valores, promove o&nbsp;28\u00ba Semin\u00e1rio do Cinema Brasileiro, o 3\u00ba F\u00f3rum de Tiradentes, Rodas de Conversa, Programa de Forma\u00e7\u00e3o, Conex\u00e3o Brasil CineMundi, Performances, lan\u00e7amentos de livros, exposi\u00e7\u00f5es, shows e atra\u00e7\u00f5es art\u00edsticas. Destaca e premia filmes eleitos pelo J\u00fari Oficial, J\u00fari Jovem e J\u00fari Popular.<\/p>\n\n\n\n<p>\u201cA Mostra Tiradentes mant\u00e9m sua ess\u00eancia como plataforma de lan\u00e7amento do cinema brasileiro contempor\u00e2neo e como espa\u00e7o de inova\u00e7\u00f5es e inquieta\u00e7\u00f5es na cinematografia nacional, discuss\u00f5es sobre as pol\u00edticas p\u00fablicas no audiovisual. A cada edi\u00e7\u00e3o traz novidades com novas abordagens, sess\u00f5es tem\u00e1ticas, revela novos talentos, provoca novas discuss\u00f5es e apresenta tend\u00eancias. Tem uma fun\u00e7\u00e3o de destaque na constru\u00e7\u00e3o de um panorama contempor\u00e2neo do cinema brasileiro, refletindo temas sociais, culturais e est\u00e9ticos da atualidade\u201d, destaca Raquel Hallak, coordenadora geral da Mostra de Cinema de Tiradentes.<\/p>\n\n\n\n<p><strong>TEM\u00c1TICA CENTRAL: QUE CINEMA \u00c9 ESSE?<\/strong><\/p>\n\n\n\n<p>A cada edi\u00e7\u00e3o o esfor\u00e7o da Mostra \u00e9 mapear um conjunto variado e numeroso de filmes, pr\u00e1ticas e ideias, conhecer e reconhecer obras dispersas e diferentes entre si que na maior parte dos casos n\u00e3o viria a p\u00fablico de outro modo que n\u00e3o fosse num espa\u00e7o de festival. A partir de inquieta\u00e7\u00f5es relacionadas \u00e0 multiplicidade de cinemas brasileiros, a curadoria do evento adotou para 2025 a tem\u00e1tica&nbsp;<strong>\u201cQue cinema \u00e9 esse?\u201d<\/strong>.<\/p>\n\n\n\n<p>\u201cExiste uma produ\u00e7\u00e3o numerosa e complexa e \u00e9 preciso olhar para ela, n\u00e3o s\u00f3 como exerc\u00edcio de contempla\u00e7\u00e3o da beleza, do intrigante e da singularidade, mas num esfor\u00e7o de ver e discutir esses filmes, o que, do ponto de vista \u00e9tico, \u00e9 contrair responsabilidade pelo que se v\u00ea\u201d, afirma&nbsp;<strong>Francis Vogner dos Reis<\/strong>, coordenador curatorial. \u201cN\u00e3o \u00e9 poss\u00edvel construir um novo audiovisual brasileiro ignorando as experi\u00eancias que j\u00e1 existem, muitas vezes \u00e0 margem das pol\u00edticas p\u00fablicas e em muitos casos apartadas do mercado\u201d.<\/p>\n\n\n\n<p>Tiradentes se tornou refer\u00eancia por programar um cinema que aposta no processo criativo, na liberdade de express\u00e3o e na imagina\u00e7\u00e3o de novos mundos. O desafio da tem\u00e1tica&nbsp;<strong>\u201cQue cinema \u00e9 esse?\u201d<\/strong>&nbsp;\u00e9 o de indagar o ponto em que essa produ\u00e7\u00e3o est\u00e1 agora. \u201c\u00c9 preciso que o cinema brasileiro se arrisque a fazer perguntas novas, se arrisque a sair do j\u00e1 conhecido, seja na cria\u00e7\u00e3o dos filmes, na elabora\u00e7\u00e3o das pol\u00edticas p\u00fablicas e estruturais do setor, na elei\u00e7\u00e3o de nossas prioridades, na nossa pr\u00f3pria linguagem no debate p\u00fablico e no forjamento das novas ideias\u201d.<\/p>\n\n\n\n<p>Para o curador, a pergunta da tem\u00e1tica estimula olhar uma multiplicidade de produ\u00e7\u00f5es, muitas vezes desconhecidas ou fora do circuito tradicional. \u201cO cinema n\u00e3o \u00e9 \u2018o\u2019 cinema, mas \u2018os\u2019 cinemas, compostos por uma din\u00e2mica povoada de olhares, pr\u00e1ticas e ideias contrastantes. \u00c9 necess\u00e1rio preservar e restaurar filmes, fazer pesquisa e cr\u00edtica, programar obras e formar novos p\u00fablicos. Tudo isso faz parte do ato de \u2018fazer cinema\u2019, mas \u00e9 preciso tamb\u00e9m reconhecer as distin\u00e7\u00f5es e hierarquias dentro dessa multiplicidade\u201d, diz ele.<\/p>\n\n\n\n<p><strong>HOMENAGEM \u00c0 ATRIZ BRUNA LINZMEYER<\/strong><\/p>\n\n\n\n<p>Em 2025, a Mostra homenageia a atriz&nbsp;<strong>Bruna Linzmeyer<\/strong>, um dos nomes mais representativos de sua gera\u00e7\u00e3o. Com uma carreira marcada pela coragem e versatilidade, Bruna transita entre o cinema independente e produ\u00e7\u00f5es televisivas de grande alcance. Nascida em Santa Catarina, come\u00e7ou sua trajet\u00f3ria art\u00edstica aos 16 anos, quando se mudou para S\u00e3o Paulo para estudar teatro. Estreou na televis\u00e3o em 2010, na s\u00e9rie \u201cAfinal, o que Querem as Mulheres?\u201d, de Luiz Fernando Carvalho, e acumula pap\u00e9is marcantes em novelas como \u201cGabriela\u201d (2012), \u201cAmor \u00e0 Vida\u201d (2013) e \u201cPantanal\u201d (2022).<\/p>\n\n\n\n<p>No cinema, Bruna tem uma filmografia significativa, com filmes como \u201cMedusa\u201d (2023), de Anita Rocha da Silveira, e \u201cCidade; Campo\u201d (2024), de Juliana Rojas. Para al\u00e9m dos longas, a sua filmografia chama a aten\u00e7\u00e3o por uma substantiva presen\u00e7a de filmes de curta-metragem, coisa rara para uma atriz j\u00e1 consagrada. Ela atuou em \u201cAlfazema\u201d, de Sabrina Fidalgo (2019), \u201cUma Paci\u00eancia Selvagem me Trouxe At\u00e9 Aqui\u201d, de Eri Sarmet (2021, melhor curta da Mostra Foco da 25\u00aa Mostra de Cinema de Tiradentes) e \u201cSe Eu T\u00f4 aqui \u00e9 Por Mist\u00e9rio\u201d, de Clari Ribeiro (2024, selecionado para a Mostra na 27\u00aa Mostra de Cinema de Tiradentes).<\/p>\n\n\n\n<p>A homenagem a Bruna Linzmeyer celebra&nbsp;<strong>n\u00e3o apenas sua trajet\u00f3ria como atriz, mas tamb\u00e9m o engajamento com um cinema inventivo, po\u00e9tico e provocador<\/strong>. \u201cEla n\u00e3o s\u00f3 \u00e9 uma atriz talentosa, mas uma mulher de seu tempo, que se vincula \u00e0s lutas e \u00e0 cria\u00e7\u00e3o de uma arte do prazer e da rebeldia\u201d, diz Francis Vogner dos Reis. \u201cArtista de coragem e escolhas assertivas, Bruna soma carisma rebelde, uma fotogenia rara e um talento mutante a cada projeto que faz\u201d.<\/p>\n\n\n\n<p>Al\u00e9m da presen\u00e7a de Bruna Linzmeyer, a Mostra vai promover um recorte de t\u00edtulos com a atriz para ser exibido ao longo do evento em formato presencial e na plataforma online. Dentre os t\u00edtulos, est\u00e3o: \u201cO Vento Frio que a Chuva Traz\u201d, Neville d&#8217;Almeida; \u201cBaby\u201d (2024), Marcelo Caetano; \u201cUma Paci\u00eancia Selvagem me Trouxe at\u00e9 Aqui\u201d (2021), Eri Sarmet; \u201cSe Eu to Aqui \u00e9 por Mist\u00e9rio\u201d (2024), Clari Ribeiro; e \u201cAlfazema\u201d (2019), Sabrina Fidalgo.<\/p>\n\n\n\n<p><strong>SOBRE A MOSTRA DE CINEMA DE TIRADENTES<\/strong><\/p>\n\n\n\n<p><strong>PLATAFORMA DE LAN\u00c7AMENTO DO CINEMA BRASILEIRO<\/strong><\/p>\n\n\n\n<p>Maior evento do cinema brasileiro contempor\u00e2neo em forma\u00e7\u00e3o, reflex\u00e3o, exibi\u00e7\u00e3o e difus\u00e3o realizado no pa\u00eds e chega a sua 28\u00aa edi\u00e7\u00e3o de&nbsp;<strong>24 de janeiro a 1\u00ba de fevereiro de 2025,<\/strong>&nbsp;em formato online e presencial. Apresenta, exibe e debate, em edi\u00e7\u00f5es anuais, o que h\u00e1 de mais inovador e promissor na produ\u00e7\u00e3o audiovisual brasileira, em pr\u00e9-estreias mundiais e nacionais \u2013 uma trajet\u00f3ria rica e abrangente que ocupa lugar de destaque no centro da hist\u00f3ria do audiovisual e no circuito de festivais realizados no Brasil.<\/p>\n\n\n\n<p>O evento exibe mais de filmes brasileiros em pr\u00e9-estreias nacionais e mostras tem\u00e1ticas, presta homenagem a personalidades do audiovisual, promove semin\u00e1rio, debates, a s\u00e9rie Encontro com os filmes, oficinas, Mostrinha de Cinema, F\u00f3rum de Tiradentes, Conex\u00e3o Brasil CineMundi e atra\u00e7\u00f5es art\u00edsticas. Toda a programa\u00e7\u00e3o \u00e9 gratuita. Mais informa\u00e7\u00f5es&nbsp;<strong><a href=\"http:\/\/www.mostratiradentes.com.br\/\" target=\"_blank\" rel=\"noreferrer noopener\">www.mostratiradentes.com.br<\/a><\/strong><\/p>\n","protected":false},"excerpt":{"rendered":"<p>Evento abre o calend\u00e1rio audiovisual brasileiro de 2025 na cidade hist\u00f3rica mineira entre os dias 24 de janeiro a 1\u00ba de fevereiro. A programa\u00e7\u00e3o \u00e9 gratuita A 28\u00aa Mostra de Cinema de Tiradentes abre o calend\u00e1rio audiovisual de 2025, entre os dias&nbsp;24 de janeiro e 1\u00ba de fevereiro&nbsp;transformando a cidade hist\u00f3rica mineira na capital do [&hellip;]<\/p>\n","protected":false},"author":5,"featured_media":144765,"comment_status":"closed","ping_status":"open","sticky":false,"template":"","format":"standard","meta":{"advgb_blocks_editor_width":"","advgb_blocks_columns_visual_guide":"","_exactmetrics_skip_tracking":false,"_exactmetrics_sitenote_active":false,"_exactmetrics_sitenote_note":"","_exactmetrics_sitenote_category":0,"footnotes":""},"categories":[7,2],"tags":[],"class_list":["post-144764","post","type-post","status-publish","format-standard","has-post-thumbnail","hentry","category-destaques","category-noticias"],"better_featured_image":{"id":144765,"alt_text":"","caption":"","description":"","media_type":"image","media_details":{"width":2048,"height":1365,"file":"2024\/12\/54208273244_339af783f6_k.jpg","filesize":470147,"sizes":{"medium":{"file":"54208273244_339af783f6_k-450x300.jpg","width":450,"height":300,"mime-type":"image\/jpeg","filesize":32530,"source_url":"https:\/\/lavras.tv\/site\/wp-content\/uploads\/2024\/12\/54208273244_339af783f6_k-450x300.jpg"},"large":{"file":"54208273244_339af783f6_k-970x647.jpg","width":970,"height":647,"mime-type":"image\/jpeg","filesize":92568,"source_url":"https:\/\/lavras.tv\/site\/wp-content\/uploads\/2024\/12\/54208273244_339af783f6_k-970x647.jpg"},"thumbnail":{"file":"54208273244_339af783f6_k-170x113.jpg","width":170,"height":113,"mime-type":"image\/jpeg","filesize":9897,"source_url":"https:\/\/lavras.tv\/site\/wp-content\/uploads\/2024\/12\/54208273244_339af783f6_k-170x113.jpg"},"lshowcase-thumb":{"file":"54208273244_339af783f6_k-200x133.jpg","width":200,"height":133,"mime-type":"image\/jpeg","filesize":11686,"source_url":"https:\/\/lavras.tv\/site\/wp-content\/uploads\/2024\/12\/54208273244_339af783f6_k-200x133.jpg"},"1536x1536":{"file":"54208273244_339af783f6_k-1536x1024.jpg","width":1536,"height":1024,"mime-type":"image\/jpeg","filesize":183163,"source_url":"https:\/\/lavras.tv\/site\/wp-content\/uploads\/2024\/12\/54208273244_339af783f6_k-1536x1024.jpg"},"alm-thumbnail":{"file":"54208273244_339af783f6_k-150x150.jpg","width":150,"height":150,"mime-type":"image\/jpeg","filesize":10213,"source_url":"https:\/\/lavras.tv\/site\/wp-content\/uploads\/2024\/12\/54208273244_339af783f6_k-150x150.jpg"}},"image_meta":{"aperture":"0","credit":"","camera":"","caption":"","created_timestamp":"0","copyright":"","focal_length":"0","iso":"0","shutter_speed":"0","title":"","orientation":"0","keywords":[]}},"post":144764,"source_url":"https:\/\/lavras.tv\/site\/wp-content\/uploads\/2024\/12\/54208273244_339af783f6_k.jpg"},"author_meta":{"display_name":"Vinicius Bustamante","author_link":"https:\/\/lavras.tv\/site\/author\/vinicius-bustamante\/"},"featured_img":"https:\/\/lavras.tv\/site\/wp-content\/uploads\/2024\/12\/54208273244_339af783f6_k-450x300.jpg","coauthors":[],"tax_additional":{"categories":{"linked":["<a href=\"https:\/\/lavras.tv\/site\/category\/destaques\/\" class=\"advgb-post-tax-term\">Destaques<\/a>","<a href=\"https:\/\/lavras.tv\/site\/category\/noticias\/\" class=\"advgb-post-tax-term\">Not\u00edcias<\/a>"],"unlinked":["<span class=\"advgb-post-tax-term\">Destaques<\/span>","<span class=\"advgb-post-tax-term\">Not\u00edcias<\/span>"]}},"comment_count":"0","relative_dates":{"created":"Publicado 1 ano atr\u00e1s","modified":"Atualizado 1 ano atr\u00e1s"},"absolute_dates":{"created":"Publicado em 18 de dezembro de 2024","modified":"Atualizado em 18 de dezembro de 2024"},"absolute_dates_time":{"created":"Publicado em 18 de dezembro de 2024 10:03","modified":"Atualizado em 18 de dezembro de 2024 10:03"},"featured_img_caption":"","series_order":"","_links":{"self":[{"href":"https:\/\/lavras.tv\/site\/wp-json\/wp\/v2\/posts\/144764","targetHints":{"allow":["GET"]}}],"collection":[{"href":"https:\/\/lavras.tv\/site\/wp-json\/wp\/v2\/posts"}],"about":[{"href":"https:\/\/lavras.tv\/site\/wp-json\/wp\/v2\/types\/post"}],"author":[{"embeddable":true,"href":"https:\/\/lavras.tv\/site\/wp-json\/wp\/v2\/users\/5"}],"replies":[{"embeddable":true,"href":"https:\/\/lavras.tv\/site\/wp-json\/wp\/v2\/comments?post=144764"}],"version-history":[{"count":1,"href":"https:\/\/lavras.tv\/site\/wp-json\/wp\/v2\/posts\/144764\/revisions"}],"predecessor-version":[{"id":144766,"href":"https:\/\/lavras.tv\/site\/wp-json\/wp\/v2\/posts\/144764\/revisions\/144766"}],"wp:featuredmedia":[{"embeddable":true,"href":"https:\/\/lavras.tv\/site\/wp-json\/wp\/v2\/media\/144765"}],"wp:attachment":[{"href":"https:\/\/lavras.tv\/site\/wp-json\/wp\/v2\/media?parent=144764"}],"wp:term":[{"taxonomy":"category","embeddable":true,"href":"https:\/\/lavras.tv\/site\/wp-json\/wp\/v2\/categories?post=144764"},{"taxonomy":"post_tag","embeddable":true,"href":"https:\/\/lavras.tv\/site\/wp-json\/wp\/v2\/tags?post=144764"}],"curies":[{"name":"wp","href":"https:\/\/api.w.org\/{rel}","templated":true}]}}