{"id":14485,"date":"2018-01-30T09:35:42","date_gmt":"2018-01-30T11:35:42","guid":{"rendered":"http:\/\/lavras.tv\/site\/?p=14485"},"modified":"2018-01-30T09:35:42","modified_gmt":"2018-01-30T11:35:42","slug":"temer-reafirma-em-programa-de-televisao-que-sem-reforma-previdencia-vai-quebrar","status":"publish","type":"post","link":"https:\/\/lavras.tv\/site\/2018\/01\/30\/temer-reafirma-em-programa-de-televisao-que-sem-reforma-previdencia-vai-quebrar\/","title":{"rendered":"Temer reafirma em programa de televis\u00e3o que, sem reforma, Previd\u00eancia vai quebrar"},"content":{"rendered":"<div class=\"lavra-antes-do-conteudo_2\" id=\"lavra-845854501\"><div id=\"lavra-slider-27\" class=\"custom-slider lavra-slider-2582316995 lavra-slider\"><ul><li><div style=\"margin-left: auto;margin-right: auto;text-align: center;\" id=\"lavra-1078435222\"><a href=\"https:\/\/sistemas.lavras.mg.gov.br\/portalcidadao\/#df1b1a7c7b2a290bcb31e32771e610784662739a88807c0dacac58ede5f391a7530e299dc302d611ee73cb143fc22eaf93592e53e7b5bdb01b00a0b8d28dae460c141dd2ff83412e4dc1c31b16b25f33144a9e5620ea73b13f5bc1c59411d98439ad226e8af03840603796067d87afe130812cf3de24982d0e306f9e61e764e5\" aria-label=\"Lavras-TV&#8211;720x104px (1) (1)\"><img src=\"https:\/\/lavras.tv\/site\/wp-content\/uploads\/2025\/01\/Lavras-TV-720x104px-1-1.png\" alt=\"\"  srcset=\"https:\/\/lavras.tv\/site\/wp-content\/uploads\/2025\/01\/Lavras-TV-720x104px-1-1.png 720w, https:\/\/lavras.tv\/site\/wp-content\/uploads\/2025\/01\/Lavras-TV-720x104px-1-1-470x68.png 470w, https:\/\/lavras.tv\/site\/wp-content\/uploads\/2025\/01\/Lavras-TV-720x104px-1-1-170x25.png 170w, https:\/\/lavras.tv\/site\/wp-content\/uploads\/2025\/01\/Lavras-TV-720x104px-1-1-200x29.png 200w\" sizes=\"(max-width: 720px) 100vw, 720px\" width=\"720\" height=\"104\"  style=\"display: inline-block;\" \/><\/a><\/div><\/li><li><a href=\"https:\/\/sistemas.lavras.mg.gov.br\/portalcidadao\/#df1b1a7c7b2a290bcb31e32771e610784662739a88807c0dacac58ede5f391a7530e299dc302d611ee73cb143fc22eaf93592e53e7b5bdb01b00a0b8d28dae460c141dd2ff83412e4dc1c31b16b25f33144a9e5620ea73b13f5bc1c59411d98439ad226e8af03840603796067d87afe130812cf3de24982d0e306f9e61e764e5\" aria-label=\"Banner_Emprego_PortallavrasTV\"><img src=\"https:\/\/lavras.tv\/site\/wp-content\/uploads\/2025\/03\/Banner_Emprego_PortallavrasTV.png\" alt=\"\"  srcset=\"https:\/\/lavras.tv\/site\/wp-content\/uploads\/2025\/03\/Banner_Emprego_PortallavrasTV.png 720w, https:\/\/lavras.tv\/site\/wp-content\/uploads\/2025\/03\/Banner_Emprego_PortallavrasTV-470x68.png 470w, https:\/\/lavras.tv\/site\/wp-content\/uploads\/2025\/03\/Banner_Emprego_PortallavrasTV-170x25.png 170w, https:\/\/lavras.tv\/site\/wp-content\/uploads\/2025\/03\/Banner_Emprego_PortallavrasTV-200x29.png 200w\" sizes=\"(max-width: 720px) 100vw, 720px\" width=\"720\" height=\"104\"   \/><\/a><\/li><li><a href=\"https:\/\/sistemas.lavras.mg.gov.br\/portalcidadao\/#df1b1a7c7b2a290bcb31e32771e610784662739a88807c0dacac58ede5f391a7530e299dc302d611ee73cb143fc22eaf93592e53e7b5bdb01b00a0b8d28dae460c141dd2ff83412e4dc1c31b16b25f33144a9e5620ea73b13f5bc1c59411d98439ad226e8af03840603796067d87afe130812cf3de24982d0e306f9e61e764e5\" aria-label=\"Banner_Obras_PortallavrasTV\"><img src=\"https:\/\/lavras.tv\/site\/wp-content\/uploads\/2025\/03\/Banner_Obras_PortallavrasTV.png\" alt=\"\"  srcset=\"https:\/\/lavras.tv\/site\/wp-content\/uploads\/2025\/03\/Banner_Obras_PortallavrasTV.png 720w, https:\/\/lavras.tv\/site\/wp-content\/uploads\/2025\/03\/Banner_Obras_PortallavrasTV-470x68.png 470w, https:\/\/lavras.tv\/site\/wp-content\/uploads\/2025\/03\/Banner_Obras_PortallavrasTV-170x25.png 170w, https:\/\/lavras.tv\/site\/wp-content\/uploads\/2025\/03\/Banner_Obras_PortallavrasTV-200x29.png 200w\" sizes=\"(max-width: 720px) 100vw, 720px\" width=\"720\" height=\"104\"   \/><\/a><\/li><li><div style=\"margin-left: auto;margin-right: auto;text-align: center;\" id=\"lavra-3809520593\"><a href=\"https:\/\/sistemas.lavras.mg.gov.br\/portalcidadao\/#df1b1a7c7b2a290bcb31e32771e610784662739a88807c0dacac58ede5f391a7530e299dc302d611ee73cb143fc22eaf93592e53e7b5bdb01b00a0b8d28dae460c141dd2ff83412e4dc1c31b16b25f33144a9e5620ea73b13f5bc1c59411d98439ad226e8af03840603796067d87afe130812cf3de24982d0e306f9e61e764e5\" aria-label=\"Banner_Educa\u00e7\u00e3o_PortallavrasTV\"><img src=\"https:\/\/lavras.tv\/site\/wp-content\/uploads\/2025\/01\/Banner_Educacao_PortallavrasTV.png\" alt=\"\"  srcset=\"https:\/\/lavras.tv\/site\/wp-content\/uploads\/2025\/01\/Banner_Educacao_PortallavrasTV.png 720w, https:\/\/lavras.tv\/site\/wp-content\/uploads\/2025\/01\/Banner_Educacao_PortallavrasTV-470x68.png 470w, https:\/\/lavras.tv\/site\/wp-content\/uploads\/2025\/01\/Banner_Educacao_PortallavrasTV-170x25.png 170w, https:\/\/lavras.tv\/site\/wp-content\/uploads\/2025\/01\/Banner_Educacao_PortallavrasTV-200x29.png 200w\" sizes=\"(max-width: 720px) 100vw, 720px\" width=\"720\" height=\"104\"  style=\"display: inline-block;\" \/><\/a><\/div><\/li><li><a href=\"https:\/\/sistemas.lavras.mg.gov.br\/portalcidadao\/#df1b1a7c7b2a290bcb31e32771e610784662739a88807c0dacac58ede5f391a7530e299dc302d611ee73cb143fc22eaf93592e53e7b5bdb01b00a0b8d28dae460c141dd2ff83412e4dc1c31b16b25f33144a9e5620ea73b13f5bc1c59411d98439ad226e8af03840603796067d87afe130812cf3de24982d0e306f9e61e764e5\" aria-label=\"Banner_Sa\u00fade_PortallavrasTV\"><img src=\"https:\/\/lavras.tv\/site\/wp-content\/uploads\/2025\/03\/Banner_Saude_PortallavrasTV.png\" alt=\"\"  srcset=\"https:\/\/lavras.tv\/site\/wp-content\/uploads\/2025\/03\/Banner_Saude_PortallavrasTV.png 720w, https:\/\/lavras.tv\/site\/wp-content\/uploads\/2025\/03\/Banner_Saude_PortallavrasTV-470x68.png 470w, https:\/\/lavras.tv\/site\/wp-content\/uploads\/2025\/03\/Banner_Saude_PortallavrasTV-170x25.png 170w, https:\/\/lavras.tv\/site\/wp-content\/uploads\/2025\/03\/Banner_Saude_PortallavrasTV-200x29.png 200w\" sizes=\"(max-width: 720px) 100vw, 720px\" width=\"720\" height=\"104\"   \/><\/a><\/li><li><div id=\"lavra-2708914096\" style=\"width:720px;height:104px;background-color:#ddd;overflow:scroll;\">\n\t<strong>Sa\u00edda da depura\u00e7\u00e3o de an\u00fancios<\/strong>\n\t<br><br>\n\tO an\u00fancio n\u00e3o \u00e9 exibido na p\u00e1gina<br><br>post atual: Temer reafirma em programa de televis\u00e3o que, sem reforma, Previd\u00eancia vai quebrar, ID: 14485<br><br><span style=\"color: red;\">O post atual n\u00e3o \u00e9 id\u00eantico ao post principal.<\/span><br><br>An\u00fancios: ROXO - TOPO INTERNA - ROTATIVO 2 (197)<br \/>Grupo de an\u00fancios: Princ_Meio01_720x104 (27)<br><br>Condi\u00e7\u00f5es de exibi\u00e7\u00e3o<div style=\"margin-bottom: 20px; white-space: pre-wrap; font-family: monospace; width: 100%; background: #ffe9e9;\"><strong>condi\u00e7\u00f5es gerais<\/strong><table border=\"1\"><thead><tr><th><\/th><th>An\u00fancios<\/th><th>wp_the_query<\/th><\/tr><\/thead><tr><td>is_main_query<\/td><td>1<\/td><td>1<\/td><\/tr><tr><td>is_rest_api<\/td><td>0<\/td><td>1<\/td><\/tr><tr><td>page<\/td><td>0<\/td><td>1<\/td><\/tr><tr><td>numpages<\/td><td>0<\/td><td>1<\/td><\/tr><tr><td>is_archive<\/td><td>1<\/td><td><\/td><\/tr><tr><td>is_search<\/td><td>1<\/td><td><\/td><\/tr><tr><td>is_home<\/td><td>1<\/td><td><\/td><\/tr><tr><td>is_404<\/td><td>1<\/td><td><\/td><\/tr><tr><td>is_attachment<\/td><td>1<\/td><td><\/td><\/tr><tr><td>is_singular<\/td><td>1<\/td><td><\/td><\/tr><tr><td>is_front_page<\/td><td>1<\/td><td><\/td><\/tr><tr><td>is_feed<\/td><td>1<\/td><td><\/td><\/tr><\/table><\/div><br><br><span style=\"color: red;\">Seu site usa HTTPS, mas o c\u00f3digo do an\u00fancio cont\u00e9m HTTP e pode n\u00e3o funcionar.<\/span>\t<br><br>\n\t<a style=\"color: green;\" href=\"https:\/\/wpadvancedads.com\/manual\/ad-debug-mode\/?utm_source=advanced-ads&utm_medium=link&utm_campaign=ad-debug-mode\" target=\"_blank\" rel=\"nofollow\">Encontre solu\u00e7\u00f5es no manual<\/a>\n<\/div>\n<\/li><\/ul><\/div><script>( window.advanced_ads_ready || jQuery( document ).ready ).call( null, function() {var $lavraslider2582316995 = jQuery( \".lavra-slider-2582316995\" );$lavraslider2582316995.on( \"unslider.ready\", function() { jQuery( \"div.custom-slider ul li\" ).css( \"display\", \"block\" ); });$lavraslider2582316995.unslider({ delay:4000, autoplay:true, nav:false, arrows:false, infinite:true });$lavraslider2582316995.on(\"mouseover\", function() {$lavraslider2582316995.unslider(\"stop\");}).on(\"mouseout\", function() {$lavraslider2582316995.unslider(\"start\");});});<\/script><\/div><p>O presidente Michel Temer voltou a afirmar nessa segunda-feira (30), no programa do Ratinho, que sem a reforma, a Previd\u00eancia vai quebrar. <!--more-->Ele respondeu a perguntas do apresentador e a outras gravadas na rua, por cidad\u00e3os comuns. Temer havia conversado tamb\u00e9m sobre a reforma da Previd\u00eancia no programa Silvio Santos, exibido no domingo (28).<\/p>\n<p><img fetchpriority=\"high\" decoding=\"async\" class=\"alignnone size-full wp-image-14486 aligncenter\" src=\"http:\/\/lavras.tv\/site\/wp-content\/uploads\/2018\/01\/temer-ratinho.jpeg\" alt=\"temer ratinho\" width=\"620\" height=\"413\" srcset=\"https:\/\/lavras.tv\/site\/wp-content\/uploads\/2018\/01\/temer-ratinho.jpeg 620w, https:\/\/lavras.tv\/site\/wp-content\/uploads\/2018\/01\/temer-ratinho-150x100.jpeg 150w, https:\/\/lavras.tv\/site\/wp-content\/uploads\/2018\/01\/temer-ratinho-300x200.jpeg 300w, https:\/\/lavras.tv\/site\/wp-content\/uploads\/2018\/01\/temer-ratinho-480x320.jpeg 480w, https:\/\/lavras.tv\/site\/wp-content\/uploads\/2018\/01\/temer-ratinho-272x182.jpeg 272w\" sizes=\"(max-width: 620px) 100vw, 620px\" \/><\/p>\n<p>\u201cA previd\u00eancia quebra. Voc\u00ea veja o caso da Gr\u00e9cia e de Portugal. H\u00e1 pouqu\u00edssimo tempo, foi preciso fazer [nesses pa\u00edses] uma reforma da Previd\u00eancia e cortar pens\u00f5es de aposentados e vencimentos de servidores p\u00fablicos porque tardaram muito a fazer a reforma\u201d, disse Temer. \u201cN\u00f3s estamos pensando em impedir uma reforma muito mais radical. Porque se n\u00e3o fizermos agora, daqui a dois, tr\u00eas anos no m\u00e1ximo, teremos uma reforma radical que vai prejudicar os aposentados\u201d, completou.<\/p>\n<p>O presidente gravou sua participa\u00e7\u00e3o no Programa do Ratinho no dia 18 de janeiro. A conversa foi exibida na noite de ontem (29) pelo SBT. Questionado pelo apresentador sobre as empresas com d\u00edvidas com a Previd\u00eancia, Temer disse que a Advocacia-Geral da Uni\u00e3o (AGU) est\u00e1 acionando judicialmente todas as empresas.<\/p>\n<p>\u201cA AGU moveu a\u00e7\u00e3o contra todos os devedores. As a\u00e7\u00f5es est\u00e3o correndo. Algumas s\u00e3o pagas, outras demoram. Em outras, a empresa pediu recupera\u00e7\u00e3o judicial ou foi \u00e0 fal\u00eancia\u201d, disse ele, lembrando que a d\u00edvida da Previd\u00eancia \u00e9 de R$ 189 bilh\u00f5es. \u201cPara sairmos desse buraco, temos que fazer [a reforma]\u201d.<\/p>\n<p><img decoding=\"async\" class=\"aligncenter\" src=\"https:\/\/abrilveja.files.wordpress.com\/2018\/01\/dupmywgx0ae6ja5.jpg?quality=70&amp;strip=info&amp;w=1000&amp;h=666&amp;crop=1\" alt=\"Resultado de imagem para temer silvio santos\" \/><\/p>\n<p>A entrevista teve linguagem informal, t\u00edpica do programa. O apresentador buscava uma resposta simples e direta. \u201cVai mudar alguma coisa para quem se aposenta por doen\u00e7a?\u201d, perguntou Ratinho. \u201cN\u00e3o h\u00e1 nenhuma modifica\u00e7\u00e3o em rela\u00e7\u00e3o a esse tema. A aposentadoria por invalidez vai continuar da mesma maneira\u201d, respondeu o presidente.<\/p>\n<p>A uma pergunta de uma pessoa na rua, Temer disse que os aposentados e aqueles que j\u00e1 t\u00eam direito \u00e0 aposentadoria n\u00e3o ser\u00e3o afetados pela reforma. Tamb\u00e9m respondeu que a reforma vai trazer igualdade de aposentadoria entre servidores p\u00fablicos e inciativa privada, e tamb\u00e9m entre pol\u00edticos e os demais trabalhadores.<\/p>\n<p>Em seguida, fez um apelo \u00e0 audi\u00eancia do programa. \u201cO que eu gostaria de pedir aos telespectadores \u00e9 que mandem carta para deputado, senador, mostrando que \u00e9 fundamental para a aposentadoria. O deputado vai fazer ecoar no Congresso a voz do povo. Se o povo estiver de acordo, ele se sente confort\u00e1vel para votar [a favor da reforma]\u201d.<\/p>\n<p><strong>Votos<\/strong><\/p>\n<p>Dos 308 votos necess\u00e1rios para a aprova\u00e7\u00e3o da reforma da Previd\u00eancia na C\u00e2mara, o governo tem 275, nas contas do relator, deputado Arthur Maia (PPS-BA). Ap\u00f3s reuni\u00e3o com o ministro da Secretaria de Governo, Carlos Marun, na semana passada, Maia afirmou que o governo tem pelo menos 275 votos favor\u00e1veis.<\/p>\n<p>Segundo Marun, a vota\u00e7\u00e3o vai ocorrer no dia 19 de fevereiro e o governo est\u00e1 confiante em conseguir os votos necess\u00e1rios.<\/p>\n<p>Fonte: Ag\u00eancia Brasil<\/p>\n","protected":false},"excerpt":{"rendered":"<p>O presidente Michel Temer voltou a afirmar nessa segunda-feira (30), no programa do Ratinho, que sem a reforma, a Previd\u00eancia vai quebrar.<\/p>\n","protected":false},"author":2,"featured_media":14486,"comment_status":"closed","ping_status":"open","sticky":false,"template":"","format":"standard","meta":{"advgb_blocks_editor_width":"","advgb_blocks_columns_visual_guide":"","_exactmetrics_skip_tracking":false,"_exactmetrics_sitenote_active":false,"_exactmetrics_sitenote_note":"","_exactmetrics_sitenote_category":0,"footnotes":""},"categories":[12],"tags":[50,697,4480,1875,1093,1206],"class_list":["post-14485","post","type-post","status-publish","format-standard","has-post-thumbnail","hentry","category-politica","tag-lavras-tv","tag-michel-temer","tag-ratinho","tag-reforma-da-previdencia","tag-sbt","tag-silvio-santos"],"better_featured_image":{"id":14486,"alt_text":"","caption":"","description":"","media_type":"image","media_details":{"width":620,"height":413,"file":"2018\/01\/temer-ratinho.jpeg","sizes":{"thumbnail":{"file":"temer-ratinho-150x100.jpeg","width":150,"height":100,"mime-type":"image\/jpeg","source_url":"https:\/\/lavras.tv\/site\/wp-content\/uploads\/2018\/01\/temer-ratinho-150x100.jpeg"},"medium":{"file":"temer-ratinho-300x200.jpeg","width":300,"height":200,"mime-type":"image\/jpeg","source_url":"https:\/\/lavras.tv\/site\/wp-content\/uploads\/2018\/01\/temer-ratinho-300x200.jpeg"},"featured-post-img":{"file":"temer-ratinho-480x320.jpeg","width":480,"height":320,"mime-type":"image\/jpeg","source_url":"https:\/\/lavras.tv\/site\/wp-content\/uploads\/2018\/01\/temer-ratinho-480x320.jpeg"},"sow-carousel-default":{"file":"temer-ratinho-272x182.jpeg","width":272,"height":182,"mime-type":"image\/jpeg","source_url":"https:\/\/lavras.tv\/site\/wp-content\/uploads\/2018\/01\/temer-ratinho-272x182.jpeg"}},"image_meta":{"aperture":"0","credit":"","camera":"","caption":"","created_timestamp":"0","copyright":"","focal_length":"0","iso":"0","shutter_speed":"0","title":"","orientation":"0","keywords":[]}},"post":14485,"source_url":"https:\/\/lavras.tv\/site\/wp-content\/uploads\/2018\/01\/temer-ratinho.jpeg"},"author_meta":{"display_name":"Lavras TV","author_link":"https:\/\/lavras.tv\/site\/author\/lavrastv\/"},"featured_img":"https:\/\/lavras.tv\/site\/wp-content\/uploads\/2018\/01\/temer-ratinho-300x200.jpeg","coauthors":[],"tax_additional":{"categories":{"linked":["<a href=\"https:\/\/lavras.tv\/site\/category\/politica\/\" class=\"advgb-post-tax-term\">Pol\u00edtica<\/a>"],"unlinked":["<span class=\"advgb-post-tax-term\">Pol\u00edtica<\/span>"]},"tags":{"linked":["<a href=\"https:\/\/lavras.tv\/site\/category\/politica\/\" class=\"advgb-post-tax-term\">lavras.tv<\/a>","<a href=\"https:\/\/lavras.tv\/site\/category\/politica\/\" class=\"advgb-post-tax-term\">michel temer<\/a>","<a href=\"https:\/\/lavras.tv\/site\/category\/politica\/\" class=\"advgb-post-tax-term\">Ratinho<\/a>","<a href=\"https:\/\/lavras.tv\/site\/category\/politica\/\" class=\"advgb-post-tax-term\">reforma da previd\u00eancia<\/a>","<a href=\"https:\/\/lavras.tv\/site\/category\/politica\/\" class=\"advgb-post-tax-term\">sbt<\/a>","<a href=\"https:\/\/lavras.tv\/site\/category\/politica\/\" class=\"advgb-post-tax-term\">silvio santos<\/a>"],"unlinked":["<span class=\"advgb-post-tax-term\">lavras.tv<\/span>","<span class=\"advgb-post-tax-term\">michel temer<\/span>","<span class=\"advgb-post-tax-term\">Ratinho<\/span>","<span class=\"advgb-post-tax-term\">reforma da previd\u00eancia<\/span>","<span class=\"advgb-post-tax-term\">sbt<\/span>","<span class=\"advgb-post-tax-term\">silvio santos<\/span>"]}},"comment_count":"0","relative_dates":{"created":"Publicado 8 anos atr\u00e1s","modified":"Atualizado 8 anos atr\u00e1s"},"absolute_dates":{"created":"Publicado em 30 de janeiro de 2018","modified":"Atualizado em 30 de janeiro de 2018"},"absolute_dates_time":{"created":"Publicado em 30 de janeiro de 2018 09:35","modified":"Atualizado em 30 de janeiro de 2018 09:35"},"featured_img_caption":"","series_order":"","_links":{"self":[{"href":"https:\/\/lavras.tv\/site\/wp-json\/wp\/v2\/posts\/14485","targetHints":{"allow":["GET"]}}],"collection":[{"href":"https:\/\/lavras.tv\/site\/wp-json\/wp\/v2\/posts"}],"about":[{"href":"https:\/\/lavras.tv\/site\/wp-json\/wp\/v2\/types\/post"}],"author":[{"embeddable":true,"href":"https:\/\/lavras.tv\/site\/wp-json\/wp\/v2\/users\/2"}],"replies":[{"embeddable":true,"href":"https:\/\/lavras.tv\/site\/wp-json\/wp\/v2\/comments?post=14485"}],"version-history":[{"count":1,"href":"https:\/\/lavras.tv\/site\/wp-json\/wp\/v2\/posts\/14485\/revisions"}],"predecessor-version":[{"id":14487,"href":"https:\/\/lavras.tv\/site\/wp-json\/wp\/v2\/posts\/14485\/revisions\/14487"}],"wp:featuredmedia":[{"embeddable":true,"href":"https:\/\/lavras.tv\/site\/wp-json\/wp\/v2\/media\/14486"}],"wp:attachment":[{"href":"https:\/\/lavras.tv\/site\/wp-json\/wp\/v2\/media?parent=14485"}],"wp:term":[{"taxonomy":"category","embeddable":true,"href":"https:\/\/lavras.tv\/site\/wp-json\/wp\/v2\/categories?post=14485"},{"taxonomy":"post_tag","embeddable":true,"href":"https:\/\/lavras.tv\/site\/wp-json\/wp\/v2\/tags?post=14485"}],"curies":[{"name":"wp","href":"https:\/\/api.w.org\/{rel}","templated":true}]}}