{"id":145011,"date":"2024-12-19T10:56:58","date_gmt":"2024-12-19T13:56:58","guid":{"rendered":"https:\/\/lavras.tv\/site\/?p=145011"},"modified":"2024-12-19T10:56:59","modified_gmt":"2024-12-19T13:56:59","slug":"abono-salarial-pis-pasep-2025-comeca-a-ser-pago-em-fevereiro-veja-o-calendario","status":"publish","type":"post","link":"https:\/\/lavras.tv\/site\/2024\/12\/19\/abono-salarial-pis-pasep-2025-comeca-a-ser-pago-em-fevereiro-veja-o-calendario\/","title":{"rendered":"Abono salarial PIS-Pasep 2025 come\u00e7a a ser pago em fevereiro; veja o calend\u00e1rio"},"content":{"rendered":"<div class=\"lavra-antes-do-conteudo_2\" id=\"lavra-179346398\"><div id=\"lavra-slider-27\" class=\"custom-slider lavra-slider-2206462178 lavra-slider\"><ul><li><div style=\"margin-left: auto;margin-right: auto;text-align: center;\" id=\"lavra-2936939485\"><a href=\"https:\/\/sistemas.lavras.mg.gov.br\/portalcidadao\/#df1b1a7c7b2a290bcb31e32771e610784662739a88807c0dacac58ede5f391a7530e299dc302d611ee73cb143fc22eaf93592e53e7b5bdb01b00a0b8d28dae460c141dd2ff83412e4dc1c31b16b25f33144a9e5620ea73b13f5bc1c59411d98439ad226e8af03840603796067d87afe130812cf3de24982d0e306f9e61e764e5\" aria-label=\"Lavras-TV&#8211;720x104px (1) (1)\"><img src=\"https:\/\/lavras.tv\/site\/wp-content\/uploads\/2025\/01\/Lavras-TV-720x104px-1-1.png\" alt=\"\"  srcset=\"https:\/\/lavras.tv\/site\/wp-content\/uploads\/2025\/01\/Lavras-TV-720x104px-1-1.png 720w, https:\/\/lavras.tv\/site\/wp-content\/uploads\/2025\/01\/Lavras-TV-720x104px-1-1-470x68.png 470w, https:\/\/lavras.tv\/site\/wp-content\/uploads\/2025\/01\/Lavras-TV-720x104px-1-1-170x25.png 170w, https:\/\/lavras.tv\/site\/wp-content\/uploads\/2025\/01\/Lavras-TV-720x104px-1-1-200x29.png 200w\" sizes=\"(max-width: 720px) 100vw, 720px\" width=\"720\" height=\"104\"  style=\"display: inline-block;\" \/><\/a><\/div><\/li><li><a href=\"https:\/\/sistemas.lavras.mg.gov.br\/portalcidadao\/#df1b1a7c7b2a290bcb31e32771e610784662739a88807c0dacac58ede5f391a7530e299dc302d611ee73cb143fc22eaf93592e53e7b5bdb01b00a0b8d28dae460c141dd2ff83412e4dc1c31b16b25f33144a9e5620ea73b13f5bc1c59411d98439ad226e8af03840603796067d87afe130812cf3de24982d0e306f9e61e764e5\" aria-label=\"Banner_Emprego_PortallavrasTV\"><img src=\"https:\/\/lavras.tv\/site\/wp-content\/uploads\/2025\/03\/Banner_Emprego_PortallavrasTV.png\" alt=\"\"  srcset=\"https:\/\/lavras.tv\/site\/wp-content\/uploads\/2025\/03\/Banner_Emprego_PortallavrasTV.png 720w, https:\/\/lavras.tv\/site\/wp-content\/uploads\/2025\/03\/Banner_Emprego_PortallavrasTV-470x68.png 470w, https:\/\/lavras.tv\/site\/wp-content\/uploads\/2025\/03\/Banner_Emprego_PortallavrasTV-170x25.png 170w, https:\/\/lavras.tv\/site\/wp-content\/uploads\/2025\/03\/Banner_Emprego_PortallavrasTV-200x29.png 200w\" sizes=\"(max-width: 720px) 100vw, 720px\" width=\"720\" height=\"104\"   \/><\/a><\/li><li><a href=\"https:\/\/sistemas.lavras.mg.gov.br\/portalcidadao\/#df1b1a7c7b2a290bcb31e32771e610784662739a88807c0dacac58ede5f391a7530e299dc302d611ee73cb143fc22eaf93592e53e7b5bdb01b00a0b8d28dae460c141dd2ff83412e4dc1c31b16b25f33144a9e5620ea73b13f5bc1c59411d98439ad226e8af03840603796067d87afe130812cf3de24982d0e306f9e61e764e5\" aria-label=\"Banner_Obras_PortallavrasTV\"><img src=\"https:\/\/lavras.tv\/site\/wp-content\/uploads\/2025\/03\/Banner_Obras_PortallavrasTV.png\" alt=\"\"  srcset=\"https:\/\/lavras.tv\/site\/wp-content\/uploads\/2025\/03\/Banner_Obras_PortallavrasTV.png 720w, https:\/\/lavras.tv\/site\/wp-content\/uploads\/2025\/03\/Banner_Obras_PortallavrasTV-470x68.png 470w, https:\/\/lavras.tv\/site\/wp-content\/uploads\/2025\/03\/Banner_Obras_PortallavrasTV-170x25.png 170w, https:\/\/lavras.tv\/site\/wp-content\/uploads\/2025\/03\/Banner_Obras_PortallavrasTV-200x29.png 200w\" sizes=\"(max-width: 720px) 100vw, 720px\" width=\"720\" height=\"104\"   \/><\/a><\/li><li><div style=\"margin-left: auto;margin-right: auto;text-align: center;\" id=\"lavra-1183330187\"><a href=\"https:\/\/sistemas.lavras.mg.gov.br\/portalcidadao\/#df1b1a7c7b2a290bcb31e32771e610784662739a88807c0dacac58ede5f391a7530e299dc302d611ee73cb143fc22eaf93592e53e7b5bdb01b00a0b8d28dae460c141dd2ff83412e4dc1c31b16b25f33144a9e5620ea73b13f5bc1c59411d98439ad226e8af03840603796067d87afe130812cf3de24982d0e306f9e61e764e5\" aria-label=\"Banner_Educa\u00e7\u00e3o_PortallavrasTV\"><img src=\"https:\/\/lavras.tv\/site\/wp-content\/uploads\/2025\/01\/Banner_Educacao_PortallavrasTV.png\" alt=\"\"  srcset=\"https:\/\/lavras.tv\/site\/wp-content\/uploads\/2025\/01\/Banner_Educacao_PortallavrasTV.png 720w, https:\/\/lavras.tv\/site\/wp-content\/uploads\/2025\/01\/Banner_Educacao_PortallavrasTV-470x68.png 470w, https:\/\/lavras.tv\/site\/wp-content\/uploads\/2025\/01\/Banner_Educacao_PortallavrasTV-170x25.png 170w, https:\/\/lavras.tv\/site\/wp-content\/uploads\/2025\/01\/Banner_Educacao_PortallavrasTV-200x29.png 200w\" sizes=\"(max-width: 720px) 100vw, 720px\" width=\"720\" height=\"104\"  style=\"display: inline-block;\" \/><\/a><\/div><\/li><li><a href=\"https:\/\/sistemas.lavras.mg.gov.br\/portalcidadao\/#df1b1a7c7b2a290bcb31e32771e610784662739a88807c0dacac58ede5f391a7530e299dc302d611ee73cb143fc22eaf93592e53e7b5bdb01b00a0b8d28dae460c141dd2ff83412e4dc1c31b16b25f33144a9e5620ea73b13f5bc1c59411d98439ad226e8af03840603796067d87afe130812cf3de24982d0e306f9e61e764e5\" aria-label=\"Banner_Sa\u00fade_PortallavrasTV\"><img src=\"https:\/\/lavras.tv\/site\/wp-content\/uploads\/2025\/03\/Banner_Saude_PortallavrasTV.png\" alt=\"\"  srcset=\"https:\/\/lavras.tv\/site\/wp-content\/uploads\/2025\/03\/Banner_Saude_PortallavrasTV.png 720w, https:\/\/lavras.tv\/site\/wp-content\/uploads\/2025\/03\/Banner_Saude_PortallavrasTV-470x68.png 470w, https:\/\/lavras.tv\/site\/wp-content\/uploads\/2025\/03\/Banner_Saude_PortallavrasTV-170x25.png 170w, https:\/\/lavras.tv\/site\/wp-content\/uploads\/2025\/03\/Banner_Saude_PortallavrasTV-200x29.png 200w\" sizes=\"(max-width: 720px) 100vw, 720px\" width=\"720\" height=\"104\"   \/><\/a><\/li><li><div id=\"lavra-2437118576\" style=\"width:720px;height:104px;background-color:#ddd;overflow:scroll;\">\n\t<strong>Sa\u00edda da depura\u00e7\u00e3o de an\u00fancios<\/strong>\n\t<br><br>\n\tO an\u00fancio n\u00e3o \u00e9 exibido na p\u00e1gina<br><br>post atual: Abono salarial PIS-Pasep 2025 come\u00e7a a ser pago em fevereiro; veja o calend\u00e1rio, ID: 145011<br><br><span style=\"color: red;\">O post atual n\u00e3o \u00e9 id\u00eantico ao post principal.<\/span><br><br>An\u00fancios: ROXO - TOPO INTERNA - ROTATIVO 2 (197)<br \/>Grupo de an\u00fancios: Princ_Meio01_720x104 (27)<br><br>Condi\u00e7\u00f5es de exibi\u00e7\u00e3o<div style=\"margin-bottom: 20px; white-space: pre-wrap; font-family: monospace; width: 100%; background: #ffe9e9;\"><strong>condi\u00e7\u00f5es gerais<\/strong><table border=\"1\"><thead><tr><th><\/th><th>An\u00fancios<\/th><th>wp_the_query<\/th><\/tr><\/thead><tr><td>is_main_query<\/td><td>1<\/td><td>1<\/td><\/tr><tr><td>is_rest_api<\/td><td>0<\/td><td>1<\/td><\/tr><tr><td>page<\/td><td>0<\/td><td>1<\/td><\/tr><tr><td>numpages<\/td><td>0<\/td><td>1<\/td><\/tr><tr><td>is_archive<\/td><td>1<\/td><td><\/td><\/tr><tr><td>is_search<\/td><td>1<\/td><td><\/td><\/tr><tr><td>is_home<\/td><td>1<\/td><td><\/td><\/tr><tr><td>is_404<\/td><td>1<\/td><td><\/td><\/tr><tr><td>is_attachment<\/td><td>1<\/td><td><\/td><\/tr><tr><td>is_singular<\/td><td>1<\/td><td><\/td><\/tr><tr><td>is_front_page<\/td><td>1<\/td><td><\/td><\/tr><tr><td>is_feed<\/td><td>1<\/td><td><\/td><\/tr><\/table><\/div><br><br><span style=\"color: red;\">Seu site usa HTTPS, mas o c\u00f3digo do an\u00fancio cont\u00e9m HTTP e pode n\u00e3o funcionar.<\/span>\t<br><br>\n\t<a style=\"color: green;\" href=\"https:\/\/wpadvancedads.com\/manual\/ad-debug-mode\/?utm_source=advanced-ads&utm_medium=link&utm_campaign=ad-debug-mode\" target=\"_blank\" rel=\"nofollow\">Encontre solu\u00e7\u00f5es no manual<\/a>\n<\/div>\n<\/li><\/ul><\/div><script>( window.advanced_ads_ready || jQuery( document ).ready ).call( null, function() {var $lavraslider2206462178 = jQuery( \".lavra-slider-2206462178\" );$lavraslider2206462178.on( \"unslider.ready\", function() { jQuery( \"div.custom-slider ul li\" ).css( \"display\", \"block\" ); });$lavraslider2206462178.unslider({ delay:4000, autoplay:true, nav:false, arrows:false, infinite:true });$lavraslider2206462178.on(\"mouseover\", function() {$lavraslider2206462178.unslider(\"stop\");}).on(\"mouseout\", function() {$lavraslider2206462178.unslider(\"start\");});});<\/script><\/div>\n<p>Benef\u00edcio no valor de at\u00e9 um sal\u00e1rio-m\u00ednimo \u00e9 concedido anualmente a trabalhadores e servidores que atendem aos requisitos do programa; entenda.<\/p>\n\n\n\n<figure class=\"wp-block-image\"><img decoding=\"async\" src=\"https:\/\/s2-g1.glbimg.com\/sIcl32z_LrpOq1TZjJKRASw9zZk=\/0x0:4961x3307\/984x0\/smart\/filters:strip_icc()\/i.s3.glbimg.com\/v1\/AUTH_59edd422c0c84a879bd37670ae4f538a\/internal_photos\/bs\/2023\/d\/v\/hfKVQUQaaJzXq5MEANiA\/saque-do-pis-foto-jose-cruz-agencia-brasil.jpg\" alt=\"O benef\u00edcio no valor de at\u00e9 um sal\u00e1rio-m\u00ednimo \u00e9 concedido anualmente para trabalhadores e servidores \u2014 Foto: Jos\u00e9 Cruz\/Ag\u00eancia Brasil\"\/><\/figure>\n\n\n\n<p>O governo federal divulgou o calend\u00e1rio de pagamento do&nbsp;<strong>Abono Salarial de 2025, referente ao ano-base 2023<\/strong>.<\/p>\n\n\n\n<p>O cronograma foi aprovado pelo Conselho Deliberativo do Fundo de Amparo ao Trabalhador (Codefat) nesta quarta-feira (18).<\/p>\n\n\n\n<p><strong>Em 2025, o pagamento ter\u00e1 in\u00edcio em 17 de fevereiro para os nascidos em janeiro.<\/strong>&nbsp;Os valores estar\u00e3o dispon\u00edveis para saque at\u00e9 o encerramento do calend\u00e1rio, em&nbsp;<strong>29 de dezembro de 2025.<\/strong>&nbsp;<em>(confira o calend\u00e1rio abaixo)<\/em><\/p>\n\n\n\n<p>Assim como neste ano, o calend\u00e1rio de pagamento de 2025 foi unificado: tanto os trabalhadores da iniciativa privada como os servidores p\u00fablicos v\u00e3o receber de acordo com o m\u00eas de nascimento de cada benefici\u00e1rio.<\/p>\n\n\n\n<p>No geral, t\u00eam direito ao abono funcion\u00e1rios da iniciativa privada (<a class=\"\" href=\"https:\/\/g1.globo.com\/tudo-sobre\/pis\/\">PIS<\/a>) e servidores p\u00fablicos (<a class=\"\" href=\"https:\/\/g1.globo.com\/tudo-sobre\/pasep\/\">Pasep<\/a>) que trabalharam durante pelo menos 30 dias no ano-base e receberam at\u00e9 dois sal\u00e1rios-m\u00ednimos por m\u00eas.<\/p>\n\n\n\n<p>O banco de recebimento, data e os valores, inclusive de anos anteriores, est\u00e3o&nbsp;<a class=\"\" href=\"https:\/\/g1.globo.com\/trabalho-e-carreira\/noticia\/2024\/02\/05\/consulta-ao-abono-salarial-pis-pasep-2024-comeca-nesta-segunda-veja-se-vai-receber.ghtml\">dispon\u00edveis para consulta<\/a>&nbsp;no aplicativo&nbsp;<a class=\"\" href=\"https:\/\/www.gov.br\/pt-br\/temas\/carteira-de-trabalho-digital\" target=\"_blank\" rel=\"noreferrer noopener\"><strong>Carteira de Trabalho Digital&nbsp;<\/strong><\/a>e no portal&nbsp;<a class=\"\" href=\"https:\/\/www.gov.br\/pt-br\" target=\"_blank\" rel=\"noreferrer noopener\"><strong>gov.br<\/strong><\/a>.<\/p>\n\n\n\n<p>Ao todo, ser\u00e3o disponibilizados&nbsp;<strong>R$ 30,7 bilh\u00f5es para pagamento do benef\u00edcio a cerca de 25,8 milh\u00f5es de trabalhadores<\/strong>, segundo o Minist\u00e9rio do Trabalho.<\/p>\n\n\n\n<p><strong>Veja abaixo as datas.<\/strong><\/p>\n\n\n\n<p>Calend\u00e1rio de Pagamento Abono Salarial PIS-Pasep 2025 (Ano-Base 2023)<\/p>\n\n\n\n<figure class=\"wp-block-table\"><table class=\"has-fixed-layout\"><tbody><tr><td>Nascido em<\/td><td>Recebem a partir de<\/td><\/tr><tr><td>Janeiro<\/td><td>17 de fevereiro<\/td><\/tr><tr><td>Fevereiro<\/td><td>17 de mar\u00e7o<\/td><\/tr><tr><td>Mar\u00e7o<\/td><td>15 de abril<\/td><\/tr><tr><td>Abril<\/td><td>15 de abril<\/td><\/tr><tr><td>Maio<\/td><td>15 de de maio<\/td><\/tr><tr><td>Junho<\/td><td>15 de de maio<\/td><\/tr><tr><td>Julho<\/td><td>16 de junho<\/td><\/tr><tr><td>Agosto<\/td><td>16 de junho<\/td><\/tr><tr><td>Setembro<\/td><td>15 de julho<\/td><\/tr><tr><td>Outubro<\/td><td>15 de julho<\/td><\/tr><tr><td>Novembro<\/td><td>15 de agosto<\/td><\/tr><tr><td>Dezembro<\/td><td>15 de agosto<\/td><\/tr><\/tbody><\/table><\/figure>\n\n\n\n<p>Fonte: Minist\u00e9rio do Trabalho e Emprego<\/p>\n\n\n\n<h2 class=\"wp-block-heading\"><strong>1. Quem tem direito ao abono salarial?<\/strong><\/h2>\n\n\n\n<p>Os trabalhadores devem atender aos seguintes crit\u00e9rios para ter direito ao benef\u00edcio:<\/p>\n\n\n\n<ul class=\"wp-block-list\">\n<li>estar cadastrado no programa PIS\/Pasep ou no CNIS\u00a0(data do primeiro emprego) h\u00e1 pelo menos cinco anos;<\/li>\n\n\n\n<li>ter trabalhado para empregadores que contribuem para o Programa de Integra\u00e7\u00e3o Social (PIS) ou para o Programa de Forma\u00e7\u00e3o do Patrim\u00f4nio do Servidor P\u00fablico (Pasep);<\/li>\n\n\n\n<li>ter recebido at\u00e9 2 sal\u00e1rios-m\u00ednimos m\u00e9dios\u00a0(no valor em vigor no ano-base) de remunera\u00e7\u00e3o mensal no per\u00edodo trabalhado;<\/li>\n\n\n\n<li>ter exercido atividade remunerada durante pelo menos 30 dias, consecutivos ou n\u00e3o, no ano-base da apura\u00e7\u00e3o (2022);<\/li>\n\n\n\n<li>ter os dados informados pelo empregador (pessoa jur\u00eddica ou governo) corretamente na Rela\u00e7\u00e3o Anual de Informa\u00e7\u00f5es Sociais (Rais) ou no eSocial do ano-base considerado para apura\u00e7\u00e3o (2022).<\/li>\n<\/ul>\n\n\n\n<h2 class=\"wp-block-heading\"><strong><br>2. Quem&nbsp;<\/strong><strong>n\u00e3o<\/strong><strong>&nbsp;tem direito ao abono salarial?<\/strong><\/h2>\n\n\n\n<ul class=\"wp-block-list\">\n<li>empregado(a) dom\u00e9stico(a);<\/li>\n\n\n\n<li>trabalhadores rurais empregados por pessoa f\u00edsica;<\/li>\n\n\n\n<li>trabalhadores urbanos empregados por pessoa f\u00edsica;<\/li>\n\n\n\n<li>trabalhadores empregados por pessoa f\u00edsica equiparada a jur\u00eddica.<\/li>\n<\/ul>\n\n\n\n<h2 class=\"wp-block-heading\"><strong>3. Qual \u00e9 o valor?<\/strong><\/h2>\n\n\n\n<p>O valor do abono salarial \u00e9<strong>&nbsp;proporcional ao tempo de servi\u00e7o do trabalhador no ano-base em quest\u00e3o<\/strong>.<\/p>\n\n\n\n<p>O c\u00e1lculo corresponde ao&nbsp;valor atual do sal\u00e1rio-m\u00ednimo&nbsp;dividido por 12 e multiplicado pela quantidade de meses trabalhados no ano-base. Assim, somente quem trabalhou os 12 meses do ano-base recebe o valor total de um sal\u00e1rio-m\u00ednimo.<\/p>\n\n\n\n<p>Neste ano,&nbsp;o benef\u00edcio variou entre R$ 118 a R$ 1.412. Para 2025,&nbsp;<strong>os valores depende de quanto ser\u00e1 o sal\u00e1rio-m\u00ednimo<\/strong>.<\/p>\n\n\n\n<h2 class=\"wp-block-heading\">4. Como consultar?<\/h2>\n\n\n\n<p>Para fazer a consulta pelo<a class=\"\" href=\"https:\/\/www.gov.br\/pt-br\/temas\/carteira-de-trabalho-digital\" target=\"_blank\" rel=\"noreferrer noopener\">&nbsp;aplicativo da Carteira de Trabalho Digital<\/a>, siga o&nbsp;<a class=\"\" href=\"https:\/\/www.gov.br\/trabalho-e-emprego\/pt-br\/noticias-e-conteudo\/2024\/Fevereiro\/abono-salarial-mte-disponibiliza-consulta-de-valores-e-datas-de-pagamento-nesta-segunda-feira-5-1\/passoAPassoAbonoSalarial2.pdf\" target=\"_blank\" rel=\"noreferrer noopener\"><strong>passo a passo<\/strong><\/a>:<\/p>\n\n\n\n<ol class=\"wp-block-list\">\n<li>Certifique-se de que o aplicativo esteja atualizado;<\/li>\n\n\n\n<li>Acesse o sistema com seu n\u00famero de CPF e a senha utilizada no portal gov.br;<\/li>\n\n\n\n<li>Toque em\u00a0<strong>&#8220;Benef\u00edcios&#8221;<\/strong>\u00a0e, em seguida, em &#8220;<strong>Abono Salarial&#8221;<\/strong>. A tela seguinte ir\u00e1 informar se o trabalhador est\u00e1 ou n\u00e3o habilitado para receber o benef\u00edcio.<\/li>\n<\/ol>\n\n\n\n<p>Vale lembrar que trabalhadores do setor privado tamb\u00e9m podem consultar a situa\u00e7\u00e3o do benef\u00edcio e a data de pagamento nos aplicativos&nbsp;<a class=\"\" href=\"https:\/\/www.caixa.gov.br\/atendimento\/aplicativos\/caixa-trabalhador\/Paginas\/default.aspx\" target=\"_blank\" rel=\"noreferrer noopener\">Caixa Trabalhador&nbsp;<\/a>e&nbsp;<a class=\"\" href=\"https:\/\/www.caixa.gov.br\/caixatem\/Paginas\/default.aspx\" target=\"_blank\" rel=\"noreferrer noopener\">Caixa Tem<\/a>.<\/p>\n\n\n\n<h2 class=\"wp-block-heading\"><strong>5. Como s\u00e3o os pagamentos?<\/strong><\/h2>\n\n\n\n<p>O pagamento do PIS (Programa de Integra\u00e7\u00e3o Social) aos trabalhadores da iniciativa privada \u00e9 administrado pela&nbsp;<a class=\"\" href=\"https:\/\/g1.globo.com\/tudo-sobre\/caixa-economica-federal\/\">Caixa Econ\u00f4mica Federal<\/a>. S\u00e3o quatro op\u00e7\u00f5es para receber:<\/p>\n\n\n\n<ul class=\"wp-block-list\">\n<li>As pessoas que possuem conta corrente ou poupan\u00e7a na Caixa\u00a0receber\u00e3o o abono automaticamente, informou o banco.<\/li>\n\n\n\n<li>Tamb\u00e9m \u00e9 poss\u00edvel receber os valores por meio da Poupan\u00e7a Social Digital, cuja movimenta\u00e7\u00e3o \u00e9 feita pelo aplicativo Caixa Tem.<\/li>\n\n\n\n<li>Outra op\u00e7\u00e3o \u00e9 fazer o\u00a0saque com o cart\u00e3o social e senha\u00a0nos terminais de autoatendimento, unidades lot\u00e9ricas e Caixa Aqui.<\/li>\n\n\n\n<li>Se o trabalhador n\u00e3o possuir cart\u00e3o social, o pagamento tamb\u00e9m pode ser realizado em qualquer ag\u00eancia da Caixa com a apresenta\u00e7\u00e3o de um documento de identifica\u00e7\u00e3o.<\/li>\n<\/ul>\n\n\n\n<p>J\u00e1 o Pasep (Programa de Forma\u00e7\u00e3o do Patrim\u00f4nio do Servidor P\u00fablico) \u00e9 v\u00e1lido para os servidores p\u00fablicos, e os dep\u00f3sitos s\u00e3o feitos pelo&nbsp;<a class=\"\" href=\"https:\/\/g1.globo.com\/tudo-sobre\/banco-do-brasil\/\">Banco do Brasil<\/a>.<\/p>\n\n\n\n<p>Nesse caso, o pagamento ser\u00e1 realizado prioritariamente como cr\u00e9dito em conta banc\u00e1ria, transfer\u00eancia via TED, via PIX ou presencial nas ag\u00eancias de atendimento, informou o Minist\u00e9rio do Trabalho.<\/p>\n\n\n\n<h2 class=\"wp-block-heading\"><strong>6. Ainda tem d\u00favidas?<\/strong><\/h2>\n\n\n\n<p>Mais informa\u00e7\u00f5es podem ser solicitadas nos canais de atendimento do Minist\u00e9rio do Trabalho e nas unidades das Superintend\u00eancias Regionais do Trabalho,&nbsp;<strong>pelo telefone 158 ou pelo e-mail: trabalho.uf@economia.gov.br<\/strong>&nbsp;(substituindo os d\u00edgitos UF pela sigla do estado do trabalhador).<\/p>\n","protected":false},"excerpt":{"rendered":"<p>Benef\u00edcio no valor de at\u00e9 um sal\u00e1rio-m\u00ednimo \u00e9 concedido anualmente a trabalhadores e servidores que atendem aos requisitos do programa; entenda. O governo federal divulgou o calend\u00e1rio de pagamento do&nbsp;Abono Salarial de 2025, referente ao ano-base 2023. O cronograma foi aprovado pelo Conselho Deliberativo do Fundo de Amparo ao Trabalhador (Codefat) nesta quarta-feira (18). Em [&hellip;]<\/p>\n","protected":false},"author":5,"featured_media":145012,"comment_status":"closed","ping_status":"open","sticky":false,"template":"","format":"standard","meta":{"advgb_blocks_editor_width":"","advgb_blocks_columns_visual_guide":"","_exactmetrics_skip_tracking":false,"_exactmetrics_sitenote_active":false,"_exactmetrics_sitenote_note":"","_exactmetrics_sitenote_category":0,"footnotes":""},"categories":[7,2],"tags":[],"class_list":["post-145011","post","type-post","status-publish","format-standard","has-post-thumbnail","hentry","category-destaques","category-noticias"],"better_featured_image":{"id":145012,"alt_text":"","caption":"","description":"","media_type":"image","media_details":{"width":984,"height":656,"file":"2024\/12\/saque-do-pis-foto-jose-cruz-agencia-brasil.avif_snapshot_00.05.968.png","filesize":823428,"sizes":{"medium":{"file":"saque-do-pis-foto-jose-cruz-agencia-brasil.avif_snapshot_00.05.968-450x300.png","width":450,"height":300,"mime-type":"image\/png","filesize":134076,"source_url":"https:\/\/lavras.tv\/site\/wp-content\/uploads\/2024\/12\/saque-do-pis-foto-jose-cruz-agencia-brasil.avif_snapshot_00.05.968-450x300.png"},"large":{"file":"saque-do-pis-foto-jose-cruz-agencia-brasil.avif_snapshot_00.05.968-970x647.png","width":970,"height":647,"mime-type":"image\/png","filesize":437641,"source_url":"https:\/\/lavras.tv\/site\/wp-content\/uploads\/2024\/12\/saque-do-pis-foto-jose-cruz-agencia-brasil.avif_snapshot_00.05.968-970x647.png"},"thumbnail":{"file":"saque-do-pis-foto-jose-cruz-agencia-brasil.avif_snapshot_00.05.968-170x113.png","width":170,"height":113,"mime-type":"image\/png","filesize":28356,"source_url":"https:\/\/lavras.tv\/site\/wp-content\/uploads\/2024\/12\/saque-do-pis-foto-jose-cruz-agencia-brasil.avif_snapshot_00.05.968-170x113.png"},"lshowcase-thumb":{"file":"saque-do-pis-foto-jose-cruz-agencia-brasil.avif_snapshot_00.05.968-200x133.png","width":200,"height":133,"mime-type":"image\/png","filesize":36497,"source_url":"https:\/\/lavras.tv\/site\/wp-content\/uploads\/2024\/12\/saque-do-pis-foto-jose-cruz-agencia-brasil.avif_snapshot_00.05.968-200x133.png"},"alm-thumbnail":{"file":"saque-do-pis-foto-jose-cruz-agencia-brasil.avif_snapshot_00.05.968-150x150.png","width":150,"height":150,"mime-type":"image\/png","filesize":30061,"source_url":"https:\/\/lavras.tv\/site\/wp-content\/uploads\/2024\/12\/saque-do-pis-foto-jose-cruz-agencia-brasil.avif_snapshot_00.05.968-150x150.png"}},"image_meta":{"aperture":"0","credit":"","camera":"","caption":"","created_timestamp":"0","copyright":"","focal_length":"0","iso":"0","shutter_speed":"0","title":"","orientation":"0","keywords":[]}},"post":145011,"source_url":"https:\/\/lavras.tv\/site\/wp-content\/uploads\/2024\/12\/saque-do-pis-foto-jose-cruz-agencia-brasil.avif_snapshot_00.05.968.png"},"author_meta":{"display_name":"Vinicius Bustamante","author_link":"https:\/\/lavras.tv\/site\/author\/vinicius-bustamante\/"},"featured_img":"https:\/\/lavras.tv\/site\/wp-content\/uploads\/2024\/12\/saque-do-pis-foto-jose-cruz-agencia-brasil.avif_snapshot_00.05.968-450x300.png","coauthors":[],"tax_additional":{"categories":{"linked":["<a href=\"https:\/\/lavras.tv\/site\/category\/destaques\/\" class=\"advgb-post-tax-term\">Destaques<\/a>","<a href=\"https:\/\/lavras.tv\/site\/category\/noticias\/\" class=\"advgb-post-tax-term\">Not\u00edcias<\/a>"],"unlinked":["<span class=\"advgb-post-tax-term\">Destaques<\/span>","<span class=\"advgb-post-tax-term\">Not\u00edcias<\/span>"]}},"comment_count":"0","relative_dates":{"created":"Publicado 1 ano atr\u00e1s","modified":"Atualizado 1 ano atr\u00e1s"},"absolute_dates":{"created":"Publicado em 19 de dezembro de 2024","modified":"Atualizado em 19 de dezembro de 2024"},"absolute_dates_time":{"created":"Publicado em 19 de dezembro de 2024 10:56","modified":"Atualizado em 19 de dezembro de 2024 10:56"},"featured_img_caption":"","series_order":"","_links":{"self":[{"href":"https:\/\/lavras.tv\/site\/wp-json\/wp\/v2\/posts\/145011","targetHints":{"allow":["GET"]}}],"collection":[{"href":"https:\/\/lavras.tv\/site\/wp-json\/wp\/v2\/posts"}],"about":[{"href":"https:\/\/lavras.tv\/site\/wp-json\/wp\/v2\/types\/post"}],"author":[{"embeddable":true,"href":"https:\/\/lavras.tv\/site\/wp-json\/wp\/v2\/users\/5"}],"replies":[{"embeddable":true,"href":"https:\/\/lavras.tv\/site\/wp-json\/wp\/v2\/comments?post=145011"}],"version-history":[{"count":1,"href":"https:\/\/lavras.tv\/site\/wp-json\/wp\/v2\/posts\/145011\/revisions"}],"predecessor-version":[{"id":145013,"href":"https:\/\/lavras.tv\/site\/wp-json\/wp\/v2\/posts\/145011\/revisions\/145013"}],"wp:featuredmedia":[{"embeddable":true,"href":"https:\/\/lavras.tv\/site\/wp-json\/wp\/v2\/media\/145012"}],"wp:attachment":[{"href":"https:\/\/lavras.tv\/site\/wp-json\/wp\/v2\/media?parent=145011"}],"wp:term":[{"taxonomy":"category","embeddable":true,"href":"https:\/\/lavras.tv\/site\/wp-json\/wp\/v2\/categories?post=145011"},{"taxonomy":"post_tag","embeddable":true,"href":"https:\/\/lavras.tv\/site\/wp-json\/wp\/v2\/tags?post=145011"}],"curies":[{"name":"wp","href":"https:\/\/api.w.org\/{rel}","templated":true}]}}