{"id":14513,"date":"2018-01-31T09:30:27","date_gmt":"2018-01-31T11:30:27","guid":{"rendered":"http:\/\/lavras.tv\/site\/?p=14513"},"modified":"2018-01-31T09:30:27","modified_gmt":"2018-01-31T11:30:27","slug":"mesmo-condenado-em-2a-instancia-pelo-trf-4-lula-mantem-lideranca-em-corrida-presidencial","status":"publish","type":"post","link":"https:\/\/lavras.tv\/site\/2018\/01\/31\/mesmo-condenado-em-2a-instancia-pelo-trf-4-lula-mantem-lideranca-em-corrida-presidencial\/","title":{"rendered":"Mesmo condenado em 2\u00aa inst\u00e2ncia pelo TRF-4, Lula mant\u00e9m lideran\u00e7a em corrida presidencial"},"content":{"rendered":"<div class=\"lavra-antes-do-conteudo_2\" id=\"lavra-4284274181\"><div id=\"lavra-slider-27\" class=\"custom-slider lavra-slider-4251460802 lavra-slider\"><ul><li><div style=\"margin-left: auto;margin-right: auto;text-align: center;\" id=\"lavra-332066790\"><a href=\"https:\/\/sistemas.lavras.mg.gov.br\/portalcidadao\/#df1b1a7c7b2a290bcb31e32771e610784662739a88807c0dacac58ede5f391a7530e299dc302d611ee73cb143fc22eaf93592e53e7b5bdb01b00a0b8d28dae460c141dd2ff83412e4dc1c31b16b25f33144a9e5620ea73b13f5bc1c59411d98439ad226e8af03840603796067d87afe130812cf3de24982d0e306f9e61e764e5\" aria-label=\"Lavras-TV&#8211;720x104px (1) (1)\"><img src=\"https:\/\/lavras.tv\/site\/wp-content\/uploads\/2025\/01\/Lavras-TV-720x104px-1-1.png\" alt=\"\"  srcset=\"https:\/\/lavras.tv\/site\/wp-content\/uploads\/2025\/01\/Lavras-TV-720x104px-1-1.png 720w, https:\/\/lavras.tv\/site\/wp-content\/uploads\/2025\/01\/Lavras-TV-720x104px-1-1-470x68.png 470w, https:\/\/lavras.tv\/site\/wp-content\/uploads\/2025\/01\/Lavras-TV-720x104px-1-1-170x25.png 170w, https:\/\/lavras.tv\/site\/wp-content\/uploads\/2025\/01\/Lavras-TV-720x104px-1-1-200x29.png 200w\" sizes=\"(max-width: 720px) 100vw, 720px\" width=\"720\" height=\"104\"  style=\"display: inline-block;\" \/><\/a><\/div><\/li><li><a href=\"https:\/\/sistemas.lavras.mg.gov.br\/portalcidadao\/#df1b1a7c7b2a290bcb31e32771e610784662739a88807c0dacac58ede5f391a7530e299dc302d611ee73cb143fc22eaf93592e53e7b5bdb01b00a0b8d28dae460c141dd2ff83412e4dc1c31b16b25f33144a9e5620ea73b13f5bc1c59411d98439ad226e8af03840603796067d87afe130812cf3de24982d0e306f9e61e764e5\" aria-label=\"Banner_Emprego_PortallavrasTV\"><img src=\"https:\/\/lavras.tv\/site\/wp-content\/uploads\/2025\/03\/Banner_Emprego_PortallavrasTV.png\" alt=\"\"  srcset=\"https:\/\/lavras.tv\/site\/wp-content\/uploads\/2025\/03\/Banner_Emprego_PortallavrasTV.png 720w, https:\/\/lavras.tv\/site\/wp-content\/uploads\/2025\/03\/Banner_Emprego_PortallavrasTV-470x68.png 470w, https:\/\/lavras.tv\/site\/wp-content\/uploads\/2025\/03\/Banner_Emprego_PortallavrasTV-170x25.png 170w, https:\/\/lavras.tv\/site\/wp-content\/uploads\/2025\/03\/Banner_Emprego_PortallavrasTV-200x29.png 200w\" sizes=\"(max-width: 720px) 100vw, 720px\" width=\"720\" height=\"104\"   \/><\/a><\/li><li><a href=\"https:\/\/sistemas.lavras.mg.gov.br\/portalcidadao\/#df1b1a7c7b2a290bcb31e32771e610784662739a88807c0dacac58ede5f391a7530e299dc302d611ee73cb143fc22eaf93592e53e7b5bdb01b00a0b8d28dae460c141dd2ff83412e4dc1c31b16b25f33144a9e5620ea73b13f5bc1c59411d98439ad226e8af03840603796067d87afe130812cf3de24982d0e306f9e61e764e5\" aria-label=\"Banner_Obras_PortallavrasTV\"><img src=\"https:\/\/lavras.tv\/site\/wp-content\/uploads\/2025\/03\/Banner_Obras_PortallavrasTV.png\" alt=\"\"  srcset=\"https:\/\/lavras.tv\/site\/wp-content\/uploads\/2025\/03\/Banner_Obras_PortallavrasTV.png 720w, https:\/\/lavras.tv\/site\/wp-content\/uploads\/2025\/03\/Banner_Obras_PortallavrasTV-470x68.png 470w, https:\/\/lavras.tv\/site\/wp-content\/uploads\/2025\/03\/Banner_Obras_PortallavrasTV-170x25.png 170w, https:\/\/lavras.tv\/site\/wp-content\/uploads\/2025\/03\/Banner_Obras_PortallavrasTV-200x29.png 200w\" sizes=\"(max-width: 720px) 100vw, 720px\" width=\"720\" height=\"104\"   \/><\/a><\/li><li><div style=\"margin-left: auto;margin-right: auto;text-align: center;\" id=\"lavra-2503555303\"><a href=\"https:\/\/sistemas.lavras.mg.gov.br\/portalcidadao\/#df1b1a7c7b2a290bcb31e32771e610784662739a88807c0dacac58ede5f391a7530e299dc302d611ee73cb143fc22eaf93592e53e7b5bdb01b00a0b8d28dae460c141dd2ff83412e4dc1c31b16b25f33144a9e5620ea73b13f5bc1c59411d98439ad226e8af03840603796067d87afe130812cf3de24982d0e306f9e61e764e5\" aria-label=\"Banner_Educa\u00e7\u00e3o_PortallavrasTV\"><img src=\"https:\/\/lavras.tv\/site\/wp-content\/uploads\/2025\/01\/Banner_Educacao_PortallavrasTV.png\" alt=\"\"  srcset=\"https:\/\/lavras.tv\/site\/wp-content\/uploads\/2025\/01\/Banner_Educacao_PortallavrasTV.png 720w, https:\/\/lavras.tv\/site\/wp-content\/uploads\/2025\/01\/Banner_Educacao_PortallavrasTV-470x68.png 470w, https:\/\/lavras.tv\/site\/wp-content\/uploads\/2025\/01\/Banner_Educacao_PortallavrasTV-170x25.png 170w, https:\/\/lavras.tv\/site\/wp-content\/uploads\/2025\/01\/Banner_Educacao_PortallavrasTV-200x29.png 200w\" sizes=\"(max-width: 720px) 100vw, 720px\" width=\"720\" height=\"104\"  style=\"display: inline-block;\" \/><\/a><\/div><\/li><li><a href=\"https:\/\/sistemas.lavras.mg.gov.br\/portalcidadao\/#df1b1a7c7b2a290bcb31e32771e610784662739a88807c0dacac58ede5f391a7530e299dc302d611ee73cb143fc22eaf93592e53e7b5bdb01b00a0b8d28dae460c141dd2ff83412e4dc1c31b16b25f33144a9e5620ea73b13f5bc1c59411d98439ad226e8af03840603796067d87afe130812cf3de24982d0e306f9e61e764e5\" aria-label=\"Banner_Sa\u00fade_PortallavrasTV\"><img src=\"https:\/\/lavras.tv\/site\/wp-content\/uploads\/2025\/03\/Banner_Saude_PortallavrasTV.png\" alt=\"\"  srcset=\"https:\/\/lavras.tv\/site\/wp-content\/uploads\/2025\/03\/Banner_Saude_PortallavrasTV.png 720w, https:\/\/lavras.tv\/site\/wp-content\/uploads\/2025\/03\/Banner_Saude_PortallavrasTV-470x68.png 470w, https:\/\/lavras.tv\/site\/wp-content\/uploads\/2025\/03\/Banner_Saude_PortallavrasTV-170x25.png 170w, https:\/\/lavras.tv\/site\/wp-content\/uploads\/2025\/03\/Banner_Saude_PortallavrasTV-200x29.png 200w\" sizes=\"(max-width: 720px) 100vw, 720px\" width=\"720\" height=\"104\"   \/><\/a><\/li><li><div id=\"lavra-1617243706\" style=\"width:720px;height:104px;background-color:#ddd;overflow:scroll;\">\n\t<strong>Sa\u00edda da depura\u00e7\u00e3o de an\u00fancios<\/strong>\n\t<br><br>\n\tO an\u00fancio n\u00e3o \u00e9 exibido na p\u00e1gina<br><br>post atual: Mesmo condenado em 2\u00aa inst\u00e2ncia pelo TRF-4, Lula mant\u00e9m lideran\u00e7a em corrida presidencial, ID: 14513<br><br><span style=\"color: red;\">O post atual n\u00e3o \u00e9 id\u00eantico ao post principal.<\/span><br><br>An\u00fancios: ROXO - TOPO INTERNA - ROTATIVO 2 (197)<br \/>Grupo de an\u00fancios: Princ_Meio01_720x104 (27)<br><br>Condi\u00e7\u00f5es de exibi\u00e7\u00e3o<div style=\"margin-bottom: 20px; white-space: pre-wrap; font-family: monospace; width: 100%; background: #ffe9e9;\"><strong>condi\u00e7\u00f5es gerais<\/strong><table border=\"1\"><thead><tr><th><\/th><th>An\u00fancios<\/th><th>wp_the_query<\/th><\/tr><\/thead><tr><td>is_main_query<\/td><td>1<\/td><td>1<\/td><\/tr><tr><td>is_rest_api<\/td><td>0<\/td><td>1<\/td><\/tr><tr><td>page<\/td><td>0<\/td><td>1<\/td><\/tr><tr><td>numpages<\/td><td>0<\/td><td>1<\/td><\/tr><tr><td>is_archive<\/td><td>1<\/td><td><\/td><\/tr><tr><td>is_search<\/td><td>1<\/td><td><\/td><\/tr><tr><td>is_home<\/td><td>1<\/td><td><\/td><\/tr><tr><td>is_404<\/td><td>1<\/td><td><\/td><\/tr><tr><td>is_attachment<\/td><td>1<\/td><td><\/td><\/tr><tr><td>is_singular<\/td><td>1<\/td><td><\/td><\/tr><tr><td>is_front_page<\/td><td>1<\/td><td><\/td><\/tr><tr><td>is_feed<\/td><td>1<\/td><td><\/td><\/tr><\/table><\/div><br><br><span style=\"color: red;\">Seu site usa HTTPS, mas o c\u00f3digo do an\u00fancio cont\u00e9m HTTP e pode n\u00e3o funcionar.<\/span>\t<br><br>\n\t<a style=\"color: green;\" href=\"https:\/\/wpadvancedads.com\/manual\/ad-debug-mode\/?utm_source=advanced-ads&utm_medium=link&utm_campaign=ad-debug-mode\" target=\"_blank\" rel=\"nofollow\">Encontre solu\u00e7\u00f5es no manual<\/a>\n<\/div>\n<\/li><\/ul><\/div><script>( window.advanced_ads_ready || jQuery( document ).ready ).call( null, function() {var $lavraslider4251460802 = jQuery( \".lavra-slider-4251460802\" );$lavraslider4251460802.on( \"unslider.ready\", function() { jQuery( \"div.custom-slider ul li\" ).css( \"display\", \"block\" ); });$lavraslider4251460802.unslider({ delay:4000, autoplay:true, nav:false, arrows:false, infinite:true });$lavraslider4251460802.on(\"mouseover\", function() {$lavraslider4251460802.unslider(\"stop\");}).on(\"mouseout\", function() {$lavraslider4251460802.unslider(\"start\");});});<\/script><\/div><p>Ap\u00f3s ter a\u00a0condena\u00e7\u00e3o por corrup\u00e7\u00e3o e lavagem de dinheiro confirmada pelo Tribunal Regional Federal da 4\u00aa Regi\u00e3o (TRF-4), o ex-presidente Luiz In\u00e1cio Lula da Silva manteve os \u00edndices de inten\u00e7\u00e3o de voto na corrida presidencial que tinha em dezembro, segundo pesquisa do Instituto Datafolha divulgada na madrugada desta quarta-feira, 31, pela Folha de S.Paulo. <!--more-->O petista lidera os cinco cen\u00e1rios em que \u00e9 inclu\u00eddo, com entre 34% e 37% da prefer\u00eancia do eleitorado &#8211; mesma faixa do levantamento de dezembro. O deputado Jair Bolsonaro (PSC-RJ) vem em segundo lugar, com 15% a 18% das inten\u00e7\u00f5es de voto &#8211; no m\u00eas passado, o parlamentar tinha entre 17% e 18%.<\/p>\n<figure id=\"attachment_64\" aria-describedby=\"caption-attachment-64\" style=\"width: 699px\" class=\"wp-caption aligncenter\"><img fetchpriority=\"high\" decoding=\"async\" class=\"size-full wp-image-64\" src=\"http:\/\/lavras.tv\/site\/wp-content\/uploads\/2016\/02\/lula.jpg\" alt=\"Luis In\u00e1cio Lula da Silva\" width=\"699\" height=\"420\" srcset=\"https:\/\/lavras.tv\/site\/wp-content\/uploads\/2016\/02\/lula.jpg 699w, https:\/\/lavras.tv\/site\/wp-content\/uploads\/2016\/02\/lula-300x180.jpg 300w\" sizes=\"(max-width: 699px) 100vw, 699px\" \/><figcaption id=\"caption-attachment-64\" class=\"wp-caption-text\">Luis In\u00e1cio Lula da Silva<\/figcaption><\/figure>\n<p>A pesquisa foi feita na segunda-feira, 29, e na ter\u00e7a-feira, 30 &#8211; ap\u00f3s, portanto, o julgamento no TRF-4, que ocorreu na quarta-feira, 24, e que pode tirar Lula da disputa por causa da Lei da Ficha Limpa.<\/p>\n<p>Nos cinco cen\u00e1rios que incluem Lula, o terceiro lugar apresenta empate t\u00e9cnico. Na primeira simula\u00e7\u00e3o, Geraldo Alckmin (PSDB) e Ciro Gomes (PDT) t\u00eam 7% e Joaquim Barbosa (sem partido), 5%. No segundo cen\u00e1rio, Alckmin e Ciro mant\u00eam os 7%, e Alvaro Dias (Podemos) tem 4%.<\/p>\n<p>Na terceira simula\u00e7\u00e3o, Marina Silva (Rede) aparece com 8% e Luciano Huck (sem partido) tem 6% &#8211; mesmo porcentual de Alckmin e Ciro. Numa quarta hip\u00f3tese, Marina tem 10%, Ciro, 7%, Dias, 4% e Jo\u00e3o Doria (PSDB), 4%.<\/p>\n<p>Um quinto cen\u00e1rio apresenta Marina com 7%, Alckmin e Ciro com 6% Huck com 5%, Barbosa e Dias com 3% &#8211; neste caso, o presidente Michel Temer, o presidente da C\u00e2mara, Rodrigo Maia (DEM-RJ), e o ministro da Fazenda, Henrique Meirelles, ficam com 1% cada.<\/p>\n<p>No segundo turno, Lula venceria Alckmin (49% a 30%) e Marina (47% a 32%) e Bolsonaro (49% a 32%).<\/p>\n<p>Fonte: Itatiaia<\/p>\n","protected":false},"excerpt":{"rendered":"<p>Ap\u00f3s ter a\u00a0condena\u00e7\u00e3o por corrup\u00e7\u00e3o e lavagem de dinheiro confirmada pelo Tribunal Regional Federal da 4\u00aa Regi\u00e3o (TRF-4), o ex-presidente Luiz In\u00e1cio Lula da Silva manteve os \u00edndices de inten\u00e7\u00e3o de voto na corrida presidencial que tinha em dezembro, segundo pesquisa do Instituto Datafolha divulgada na madrugada desta quarta-feira, 31, pela Folha de S.Paulo.<\/p>\n","protected":false},"author":2,"featured_media":64,"comment_status":"closed","ping_status":"open","sticky":false,"template":"","format":"standard","meta":{"advgb_blocks_editor_width":"","advgb_blocks_columns_visual_guide":"","_exactmetrics_skip_tracking":false,"_exactmetrics_sitenote_active":false,"_exactmetrics_sitenote_note":"","_exactmetrics_sitenote_category":0,"footnotes":""},"categories":[12],"tags":[3281,50,1497],"class_list":["post-14513","post","type-post","status-publish","format-standard","has-post-thumbnail","hentry","category-politica","tag-eleicoes-2018","tag-lavras-tv","tag-lula"],"better_featured_image":{"id":64,"alt_text":"","caption":"Luis In\u00e1cio Lula da Silva","description":"","media_type":"image","media_details":{"width":699,"height":420,"file":"2016\/02\/lula.jpg","sizes":{"thumbnail":{"file":"lula-150x150.jpg","width":150,"height":150,"mime-type":"image\/jpeg","source_url":"https:\/\/lavras.tv\/site\/wp-content\/uploads\/2016\/02\/lula-150x150.jpg"},"medium":{"file":"lula-300x180.jpg","width":300,"height":180,"mime-type":"image\/jpeg","source_url":"https:\/\/lavras.tv\/site\/wp-content\/uploads\/2016\/02\/lula-300x180.jpg"},"featured-slider-img":{"file":"lula-640x420.jpg","width":640,"height":420,"mime-type":"image\/jpeg","source_url":"https:\/\/lavras.tv\/site\/wp-content\/uploads\/2016\/02\/lula-640x420.jpg"},"featured-post-img":{"file":"lula-480x320.jpg","width":480,"height":320,"mime-type":"image\/jpeg","source_url":"https:\/\/lavras.tv\/site\/wp-content\/uploads\/2016\/02\/lula-480x320.jpg"}},"image_meta":{"aperture":"0","credit":"","camera":"","caption":"","created_timestamp":"0","copyright":"","focal_length":"0","iso":"0","shutter_speed":"0","title":"","orientation":"0","keywords":[]}},"post":14513,"source_url":"https:\/\/lavras.tv\/site\/wp-content\/uploads\/2016\/02\/lula.jpg"},"author_meta":{"display_name":"Lavras TV","author_link":"https:\/\/lavras.tv\/site\/author\/lavrastv\/"},"featured_img":"https:\/\/lavras.tv\/site\/wp-content\/uploads\/2016\/02\/lula-300x180.jpg","coauthors":[],"tax_additional":{"categories":{"linked":["<a href=\"https:\/\/lavras.tv\/site\/category\/politica\/\" class=\"advgb-post-tax-term\">Pol\u00edtica<\/a>"],"unlinked":["<span class=\"advgb-post-tax-term\">Pol\u00edtica<\/span>"]},"tags":{"linked":["<a href=\"https:\/\/lavras.tv\/site\/category\/politica\/\" class=\"advgb-post-tax-term\">elei\u00e7\u00f5es 2018<\/a>","<a href=\"https:\/\/lavras.tv\/site\/category\/politica\/\" class=\"advgb-post-tax-term\">lavras.tv<\/a>","<a href=\"https:\/\/lavras.tv\/site\/category\/politica\/\" class=\"advgb-post-tax-term\">lula<\/a>"],"unlinked":["<span class=\"advgb-post-tax-term\">elei\u00e7\u00f5es 2018<\/span>","<span class=\"advgb-post-tax-term\">lavras.tv<\/span>","<span class=\"advgb-post-tax-term\">lula<\/span>"]}},"comment_count":"0","relative_dates":{"created":"Publicado 8 anos atr\u00e1s","modified":"Atualizado 8 anos atr\u00e1s"},"absolute_dates":{"created":"Publicado em 31 de janeiro de 2018","modified":"Atualizado em 31 de janeiro de 2018"},"absolute_dates_time":{"created":"Publicado em 31 de janeiro de 2018 09:30","modified":"Atualizado em 31 de janeiro de 2018 09:30"},"featured_img_caption":"Luis In\u00e1cio Lula da Silva","series_order":"","_links":{"self":[{"href":"https:\/\/lavras.tv\/site\/wp-json\/wp\/v2\/posts\/14513","targetHints":{"allow":["GET"]}}],"collection":[{"href":"https:\/\/lavras.tv\/site\/wp-json\/wp\/v2\/posts"}],"about":[{"href":"https:\/\/lavras.tv\/site\/wp-json\/wp\/v2\/types\/post"}],"author":[{"embeddable":true,"href":"https:\/\/lavras.tv\/site\/wp-json\/wp\/v2\/users\/2"}],"replies":[{"embeddable":true,"href":"https:\/\/lavras.tv\/site\/wp-json\/wp\/v2\/comments?post=14513"}],"version-history":[{"count":1,"href":"https:\/\/lavras.tv\/site\/wp-json\/wp\/v2\/posts\/14513\/revisions"}],"predecessor-version":[{"id":14514,"href":"https:\/\/lavras.tv\/site\/wp-json\/wp\/v2\/posts\/14513\/revisions\/14514"}],"wp:featuredmedia":[{"embeddable":true,"href":"https:\/\/lavras.tv\/site\/wp-json\/wp\/v2\/media\/64"}],"wp:attachment":[{"href":"https:\/\/lavras.tv\/site\/wp-json\/wp\/v2\/media?parent=14513"}],"wp:term":[{"taxonomy":"category","embeddable":true,"href":"https:\/\/lavras.tv\/site\/wp-json\/wp\/v2\/categories?post=14513"},{"taxonomy":"post_tag","embeddable":true,"href":"https:\/\/lavras.tv\/site\/wp-json\/wp\/v2\/tags?post=14513"}],"curies":[{"name":"wp","href":"https:\/\/api.w.org\/{rel}","templated":true}]}}