{"id":14518,"date":"2018-01-31T09:38:33","date_gmt":"2018-01-31T11:38:33","guid":{"rendered":"http:\/\/lavras.tv\/site\/?p=14518"},"modified":"2018-01-31T09:38:33","modified_gmt":"2018-01-31T11:38:33","slug":"informe-parlamentar-deputado-federal-diego-andrade-destina-r-775-mil-em-recursos-para-a-saude-em-lavras","status":"publish","type":"post","link":"https:\/\/lavras.tv\/site\/2018\/01\/31\/informe-parlamentar-deputado-federal-diego-andrade-destina-r-775-mil-em-recursos-para-a-saude-em-lavras\/","title":{"rendered":"[Informe Parlamentar] Deputado federal Diego Andrade destina R$ 775 mil em recursos para a sa\u00fade em Lavras"},"content":{"rendered":"<div class=\"lavra-antes-do-conteudo_2\" id=\"lavra-3879859426\"><div id=\"lavra-slider-27\" class=\"custom-slider lavra-slider-4110063057 lavra-slider\"><ul><li><div style=\"margin-left: auto;margin-right: auto;text-align: center;\" id=\"lavra-3291720364\"><a href=\"https:\/\/sistemas.lavras.mg.gov.br\/portalcidadao\/#df1b1a7c7b2a290bcb31e32771e610784662739a88807c0dacac58ede5f391a7530e299dc302d611ee73cb143fc22eaf93592e53e7b5bdb01b00a0b8d28dae460c141dd2ff83412e4dc1c31b16b25f33144a9e5620ea73b13f5bc1c59411d98439ad226e8af03840603796067d87afe130812cf3de24982d0e306f9e61e764e5\" aria-label=\"Lavras-TV&#8211;720x104px (1) (1)\"><img src=\"https:\/\/lavras.tv\/site\/wp-content\/uploads\/2025\/01\/Lavras-TV-720x104px-1-1.png\" alt=\"\"  srcset=\"https:\/\/lavras.tv\/site\/wp-content\/uploads\/2025\/01\/Lavras-TV-720x104px-1-1.png 720w, https:\/\/lavras.tv\/site\/wp-content\/uploads\/2025\/01\/Lavras-TV-720x104px-1-1-470x68.png 470w, https:\/\/lavras.tv\/site\/wp-content\/uploads\/2025\/01\/Lavras-TV-720x104px-1-1-170x25.png 170w, https:\/\/lavras.tv\/site\/wp-content\/uploads\/2025\/01\/Lavras-TV-720x104px-1-1-200x29.png 200w\" sizes=\"(max-width: 720px) 100vw, 720px\" width=\"720\" height=\"104\"  style=\"display: inline-block;\" \/><\/a><\/div><\/li><li><a href=\"https:\/\/sistemas.lavras.mg.gov.br\/portalcidadao\/#df1b1a7c7b2a290bcb31e32771e610784662739a88807c0dacac58ede5f391a7530e299dc302d611ee73cb143fc22eaf93592e53e7b5bdb01b00a0b8d28dae460c141dd2ff83412e4dc1c31b16b25f33144a9e5620ea73b13f5bc1c59411d98439ad226e8af03840603796067d87afe130812cf3de24982d0e306f9e61e764e5\" aria-label=\"Banner_Emprego_PortallavrasTV\"><img src=\"https:\/\/lavras.tv\/site\/wp-content\/uploads\/2025\/03\/Banner_Emprego_PortallavrasTV.png\" alt=\"\"  srcset=\"https:\/\/lavras.tv\/site\/wp-content\/uploads\/2025\/03\/Banner_Emprego_PortallavrasTV.png 720w, https:\/\/lavras.tv\/site\/wp-content\/uploads\/2025\/03\/Banner_Emprego_PortallavrasTV-470x68.png 470w, https:\/\/lavras.tv\/site\/wp-content\/uploads\/2025\/03\/Banner_Emprego_PortallavrasTV-170x25.png 170w, https:\/\/lavras.tv\/site\/wp-content\/uploads\/2025\/03\/Banner_Emprego_PortallavrasTV-200x29.png 200w\" sizes=\"(max-width: 720px) 100vw, 720px\" width=\"720\" height=\"104\"   \/><\/a><\/li><li><a href=\"https:\/\/sistemas.lavras.mg.gov.br\/portalcidadao\/#df1b1a7c7b2a290bcb31e32771e610784662739a88807c0dacac58ede5f391a7530e299dc302d611ee73cb143fc22eaf93592e53e7b5bdb01b00a0b8d28dae460c141dd2ff83412e4dc1c31b16b25f33144a9e5620ea73b13f5bc1c59411d98439ad226e8af03840603796067d87afe130812cf3de24982d0e306f9e61e764e5\" aria-label=\"Banner_Obras_PortallavrasTV\"><img src=\"https:\/\/lavras.tv\/site\/wp-content\/uploads\/2025\/03\/Banner_Obras_PortallavrasTV.png\" alt=\"\"  srcset=\"https:\/\/lavras.tv\/site\/wp-content\/uploads\/2025\/03\/Banner_Obras_PortallavrasTV.png 720w, https:\/\/lavras.tv\/site\/wp-content\/uploads\/2025\/03\/Banner_Obras_PortallavrasTV-470x68.png 470w, https:\/\/lavras.tv\/site\/wp-content\/uploads\/2025\/03\/Banner_Obras_PortallavrasTV-170x25.png 170w, https:\/\/lavras.tv\/site\/wp-content\/uploads\/2025\/03\/Banner_Obras_PortallavrasTV-200x29.png 200w\" sizes=\"(max-width: 720px) 100vw, 720px\" width=\"720\" height=\"104\"   \/><\/a><\/li><li><div style=\"margin-left: auto;margin-right: auto;text-align: center;\" id=\"lavra-2398689900\"><a href=\"https:\/\/sistemas.lavras.mg.gov.br\/portalcidadao\/#df1b1a7c7b2a290bcb31e32771e610784662739a88807c0dacac58ede5f391a7530e299dc302d611ee73cb143fc22eaf93592e53e7b5bdb01b00a0b8d28dae460c141dd2ff83412e4dc1c31b16b25f33144a9e5620ea73b13f5bc1c59411d98439ad226e8af03840603796067d87afe130812cf3de24982d0e306f9e61e764e5\" aria-label=\"Banner_Educa\u00e7\u00e3o_PortallavrasTV\"><img src=\"https:\/\/lavras.tv\/site\/wp-content\/uploads\/2025\/01\/Banner_Educacao_PortallavrasTV.png\" alt=\"\"  srcset=\"https:\/\/lavras.tv\/site\/wp-content\/uploads\/2025\/01\/Banner_Educacao_PortallavrasTV.png 720w, https:\/\/lavras.tv\/site\/wp-content\/uploads\/2025\/01\/Banner_Educacao_PortallavrasTV-470x68.png 470w, https:\/\/lavras.tv\/site\/wp-content\/uploads\/2025\/01\/Banner_Educacao_PortallavrasTV-170x25.png 170w, https:\/\/lavras.tv\/site\/wp-content\/uploads\/2025\/01\/Banner_Educacao_PortallavrasTV-200x29.png 200w\" sizes=\"(max-width: 720px) 100vw, 720px\" width=\"720\" height=\"104\"  style=\"display: inline-block;\" \/><\/a><\/div><\/li><li><a href=\"https:\/\/sistemas.lavras.mg.gov.br\/portalcidadao\/#df1b1a7c7b2a290bcb31e32771e610784662739a88807c0dacac58ede5f391a7530e299dc302d611ee73cb143fc22eaf93592e53e7b5bdb01b00a0b8d28dae460c141dd2ff83412e4dc1c31b16b25f33144a9e5620ea73b13f5bc1c59411d98439ad226e8af03840603796067d87afe130812cf3de24982d0e306f9e61e764e5\" aria-label=\"Banner_Sa\u00fade_PortallavrasTV\"><img src=\"https:\/\/lavras.tv\/site\/wp-content\/uploads\/2025\/03\/Banner_Saude_PortallavrasTV.png\" alt=\"\"  srcset=\"https:\/\/lavras.tv\/site\/wp-content\/uploads\/2025\/03\/Banner_Saude_PortallavrasTV.png 720w, https:\/\/lavras.tv\/site\/wp-content\/uploads\/2025\/03\/Banner_Saude_PortallavrasTV-470x68.png 470w, https:\/\/lavras.tv\/site\/wp-content\/uploads\/2025\/03\/Banner_Saude_PortallavrasTV-170x25.png 170w, https:\/\/lavras.tv\/site\/wp-content\/uploads\/2025\/03\/Banner_Saude_PortallavrasTV-200x29.png 200w\" sizes=\"(max-width: 720px) 100vw, 720px\" width=\"720\" height=\"104\"   \/><\/a><\/li><li><div id=\"lavra-2988110995\" style=\"width:720px;height:104px;background-color:#ddd;overflow:scroll;\">\n\t<strong>Sa\u00edda da depura\u00e7\u00e3o de an\u00fancios<\/strong>\n\t<br><br>\n\tO an\u00fancio n\u00e3o \u00e9 exibido na p\u00e1gina<br><br>post atual: [Informe Parlamentar] Deputado federal Diego Andrade destina R$ 775 mil em recursos para a sa\u00fade em Lavras, ID: 14518<br><br><span style=\"color: red;\">O post atual n\u00e3o \u00e9 id\u00eantico ao post principal.<\/span><br><br>An\u00fancios: ROXO - TOPO INTERNA - ROTATIVO 2 (197)<br \/>Grupo de an\u00fancios: Princ_Meio01_720x104 (27)<br><br>Condi\u00e7\u00f5es de exibi\u00e7\u00e3o<div style=\"margin-bottom: 20px; white-space: pre-wrap; font-family: monospace; width: 100%; background: #ffe9e9;\"><strong>condi\u00e7\u00f5es gerais<\/strong><table border=\"1\"><thead><tr><th><\/th><th>An\u00fancios<\/th><th>wp_the_query<\/th><\/tr><\/thead><tr><td>is_main_query<\/td><td>1<\/td><td>1<\/td><\/tr><tr><td>is_rest_api<\/td><td>0<\/td><td>1<\/td><\/tr><tr><td>page<\/td><td>0<\/td><td>1<\/td><\/tr><tr><td>numpages<\/td><td>0<\/td><td>1<\/td><\/tr><tr><td>is_archive<\/td><td>1<\/td><td><\/td><\/tr><tr><td>is_search<\/td><td>1<\/td><td><\/td><\/tr><tr><td>is_home<\/td><td>1<\/td><td><\/td><\/tr><tr><td>is_404<\/td><td>1<\/td><td><\/td><\/tr><tr><td>is_attachment<\/td><td>1<\/td><td><\/td><\/tr><tr><td>is_singular<\/td><td>1<\/td><td><\/td><\/tr><tr><td>is_front_page<\/td><td>1<\/td><td><\/td><\/tr><tr><td>is_feed<\/td><td>1<\/td><td><\/td><\/tr><\/table><\/div><br><br><span style=\"color: red;\">Seu site usa HTTPS, mas o c\u00f3digo do an\u00fancio cont\u00e9m HTTP e pode n\u00e3o funcionar.<\/span>\t<br><br>\n\t<a style=\"color: green;\" href=\"https:\/\/wpadvancedads.com\/manual\/ad-debug-mode\/?utm_source=advanced-ads&utm_medium=link&utm_campaign=ad-debug-mode\" target=\"_blank\" rel=\"nofollow\">Encontre solu\u00e7\u00f5es no manual<\/a>\n<\/div>\n<\/li><\/ul><\/div><script>( window.advanced_ads_ready || jQuery( document ).ready ).call( null, function() {var $lavraslider4110063057 = jQuery( \".lavra-slider-4110063057\" );$lavraslider4110063057.on( \"unslider.ready\", function() { jQuery( \"div.custom-slider ul li\" ).css( \"display\", \"block\" ); });$lavraslider4110063057.unslider({ delay:4000, autoplay:true, nav:false, arrows:false, infinite:true });$lavraslider4110063057.on(\"mouseover\", function() {$lavraslider4110063057.unslider(\"stop\");}).on(\"mouseout\", function() {$lavraslider4110063057.unslider(\"start\");});});<\/script><\/div><p>O deputado federal Diego Andrade (PSD) esteve reunido na \u00faltima quinta-feira (25) com o deputado F\u00e1bio Cherem, o prefeito Jos\u00e9 Cherem e o presidente da C\u00e2mara Municipal, vereador Jo\u00e3o Paulo Felizardo. <!--more-->Na oportunidade, o parlamentar anunciou a libera\u00e7\u00e3o de recursos atrav\u00e9s de emendas parlamentares de sua autoria para investimentos no setor de Sa\u00fade do munic\u00edpio.<\/p>\n<p>A reuni\u00e3o realizada no gabinete do prefeito teve ainda na pauta a inser\u00e7\u00e3o de Lavras no programa \u201cInternet para Todos\u201d, do Governo Federal, e tamb\u00e9m a destina\u00e7\u00e3o de equipamentos para o P\u00f3lo Tecnol\u00f3gico da UFLA, atendendo uma contrapartida por parte da Prefeitura Municipal de Lavras ao projeto que ir\u00e1 atrair diversas empresas do setor de tecnologia e se tornar um centro de produ\u00e7\u00e3o cient\u00edfica e de neg\u00f3cios em n\u00edvel nacional.<\/p>\n<p><img fetchpriority=\"high\" decoding=\"async\" class=\"alignnone size-full wp-image-14519 aligncenter\" src=\"http:\/\/lavras.tv\/site\/wp-content\/uploads\/2018\/01\/IMG_2032.jpg\" alt=\"IMG_2032\" width=\"4200\" height=\"2800\" srcset=\"https:\/\/lavras.tv\/site\/wp-content\/uploads\/2018\/01\/IMG_2032.jpg 4200w, https:\/\/lavras.tv\/site\/wp-content\/uploads\/2018\/01\/IMG_2032-150x100.jpg 150w, https:\/\/lavras.tv\/site\/wp-content\/uploads\/2018\/01\/IMG_2032-300x200.jpg 300w, https:\/\/lavras.tv\/site\/wp-content\/uploads\/2018\/01\/IMG_2032-1024x683.jpg 1024w, https:\/\/lavras.tv\/site\/wp-content\/uploads\/2018\/01\/IMG_2032-480x320.jpg 480w, https:\/\/lavras.tv\/site\/wp-content\/uploads\/2018\/01\/IMG_2032-272x182.jpg 272w\" sizes=\"(max-width: 4200px) 100vw, 4200px\" \/><\/p>\n<p>Sobre os repasses para a sa\u00fade no munic\u00edpio, Diego Andrade confirmou a destina\u00e7\u00e3o de R$ 100 mil para o Hospital Vaz Monteiro; R$ 175 mil para a Santa Casa de Miseric\u00f3rdia e outros R$ 500 mil para a Secretaria Municipal de Sa\u00fade, o que certamente ir\u00e1 aprimorar o atendimento \u00e0 popula\u00e7\u00e3o. Al\u00e9m dos recursos financeiros, o parlamentar, que \u00e9 o presidente do PSD Mineiro, destinou um \u00f4nibus para o transporte escolar no munic\u00edpio.<\/p>\n<p>A reuni\u00e3o serviu tamb\u00e9m para discutir junto com o deputado F\u00e1bio Cherem e o pr\u00f3prio prefeito Jos\u00e9 Cherem os detalhes sobre a inclus\u00e3o do munic\u00edpio de Lavras na rela\u00e7\u00e3o das cidades beneficiadas prioritariamente pelo programa \u201cInternet para Todos\u201d, que levar\u00e1 ampliar o sinal de internet banda larga para escolas e institui\u00e7\u00f5es em todo o pa\u00eds. Durante o encontro, o deputado Diego Andrade garantiu ao prefeito Jos\u00e9 Cherem que Lavras estar\u00e1 entre as primeiras cidades a receber o programa.<\/p>\n<p>\u201cA presen\u00e7a do deputado federal Diego Andrade para mais essa reuni\u00e3o junto com o prefeito Jos\u00e9 Cherem \u00e9 mais um passo no fortalecimento de um trabalho que j\u00e1 vem sendo realizado h\u00e1 alguns anos visando sempre trazer benef\u00edcios para a popula\u00e7\u00e3o lavrense. Al\u00e9m destina\u00e7\u00e3o de recursos para a Sa\u00fade e o programa Internet para Todos, discutimos tamb\u00e9m outras a\u00e7\u00f5es importantes que ir\u00e3o se confirmar ao longo de 2018\u201d, e explicou o deputado F\u00e1bio Cherem.<\/p>\n<p>Fonte: assessoria do deputado F\u00e1bio Cherem<\/p>\n","protected":false},"excerpt":{"rendered":"<p>O deputado federal Diego Andrade (PSD) esteve reunido na \u00faltima quinta-feira (25) com o deputado F\u00e1bio Cherem, o prefeito Jos\u00e9 Cherem e o presidente da C\u00e2mara Municipal, vereador Jo\u00e3o Paulo Felizardo.<\/p>\n","protected":false},"author":2,"featured_media":14519,"comment_status":"closed","ping_status":"open","sticky":false,"template":"","format":"standard","meta":{"advgb_blocks_editor_width":"","advgb_blocks_columns_visual_guide":"","_exactmetrics_skip_tracking":false,"_exactmetrics_sitenote_active":false,"_exactmetrics_sitenote_note":"","_exactmetrics_sitenote_category":0,"footnotes":""},"categories":[7,12],"tags":[2340,672],"class_list":["post-14518","post","type-post","status-publish","format-standard","has-post-thumbnail","hentry","category-destaques","category-politica","tag-diego-andrade","tag-fabio-cherem"],"better_featured_image":{"id":14519,"alt_text":"","caption":"","description":"","media_type":"image","media_details":{"width":4200,"height":2800,"file":"2018\/01\/IMG_2032.jpg","sizes":{"thumbnail":{"file":"IMG_2032-150x100.jpg","width":150,"height":100,"mime-type":"image\/jpeg","source_url":"https:\/\/lavras.tv\/site\/wp-content\/uploads\/2018\/01\/IMG_2032-150x100.jpg"},"medium":{"file":"IMG_2032-300x200.jpg","width":300,"height":200,"mime-type":"image\/jpeg","source_url":"https:\/\/lavras.tv\/site\/wp-content\/uploads\/2018\/01\/IMG_2032-300x200.jpg"},"large":{"file":"IMG_2032-1024x683.jpg","width":1024,"height":683,"mime-type":"image\/jpeg","source_url":"https:\/\/lavras.tv\/site\/wp-content\/uploads\/2018\/01\/IMG_2032-1024x683.jpg"},"featured-slider-img":{"file":"IMG_2032-640x480.jpg","width":640,"height":480,"mime-type":"image\/jpeg","source_url":"https:\/\/lavras.tv\/site\/wp-content\/uploads\/2018\/01\/IMG_2032-640x480.jpg"},"featured-post-img":{"file":"IMG_2032-480x320.jpg","width":480,"height":320,"mime-type":"image\/jpeg","source_url":"https:\/\/lavras.tv\/site\/wp-content\/uploads\/2018\/01\/IMG_2032-480x320.jpg"},"sow-carousel-default":{"file":"IMG_2032-272x182.jpg","width":272,"height":182,"mime-type":"image\/jpeg","source_url":"https:\/\/lavras.tv\/site\/wp-content\/uploads\/2018\/01\/IMG_2032-272x182.jpg"}},"image_meta":{"aperture":"4.5","credit":"","camera":"Canon EOS REBEL T5i","caption":"","created_timestamp":"1516896270","copyright":"","focal_length":"22","iso":"1600","shutter_speed":"0.00625","title":"","orientation":"1","keywords":[]}},"post":14518,"source_url":"https:\/\/lavras.tv\/site\/wp-content\/uploads\/2018\/01\/IMG_2032.jpg"},"author_meta":{"display_name":"Lavras TV","author_link":"https:\/\/lavras.tv\/site\/author\/lavrastv\/"},"featured_img":"https:\/\/lavras.tv\/site\/wp-content\/uploads\/2018\/01\/IMG_2032-300x200.jpg","coauthors":[],"tax_additional":{"categories":{"linked":["<a href=\"https:\/\/lavras.tv\/site\/category\/destaques\/\" class=\"advgb-post-tax-term\">Destaques<\/a>","<a href=\"https:\/\/lavras.tv\/site\/category\/politica\/\" class=\"advgb-post-tax-term\">Pol\u00edtica<\/a>"],"unlinked":["<span class=\"advgb-post-tax-term\">Destaques<\/span>","<span class=\"advgb-post-tax-term\">Pol\u00edtica<\/span>"]},"tags":{"linked":["<a href=\"https:\/\/lavras.tv\/site\/category\/politica\/\" class=\"advgb-post-tax-term\">diego andrade<\/a>","<a href=\"https:\/\/lavras.tv\/site\/category\/politica\/\" class=\"advgb-post-tax-term\">fabio cherem<\/a>"],"unlinked":["<span class=\"advgb-post-tax-term\">diego andrade<\/span>","<span class=\"advgb-post-tax-term\">fabio cherem<\/span>"]}},"comment_count":"0","relative_dates":{"created":"Publicado 8 anos atr\u00e1s","modified":"Atualizado 8 anos atr\u00e1s"},"absolute_dates":{"created":"Publicado em 31 de janeiro de 2018","modified":"Atualizado em 31 de janeiro de 2018"},"absolute_dates_time":{"created":"Publicado em 31 de janeiro de 2018 09:38","modified":"Atualizado em 31 de janeiro de 2018 09:38"},"featured_img_caption":"","series_order":"","_links":{"self":[{"href":"https:\/\/lavras.tv\/site\/wp-json\/wp\/v2\/posts\/14518","targetHints":{"allow":["GET"]}}],"collection":[{"href":"https:\/\/lavras.tv\/site\/wp-json\/wp\/v2\/posts"}],"about":[{"href":"https:\/\/lavras.tv\/site\/wp-json\/wp\/v2\/types\/post"}],"author":[{"embeddable":true,"href":"https:\/\/lavras.tv\/site\/wp-json\/wp\/v2\/users\/2"}],"replies":[{"embeddable":true,"href":"https:\/\/lavras.tv\/site\/wp-json\/wp\/v2\/comments?post=14518"}],"version-history":[{"count":1,"href":"https:\/\/lavras.tv\/site\/wp-json\/wp\/v2\/posts\/14518\/revisions"}],"predecessor-version":[{"id":14520,"href":"https:\/\/lavras.tv\/site\/wp-json\/wp\/v2\/posts\/14518\/revisions\/14520"}],"wp:featuredmedia":[{"embeddable":true,"href":"https:\/\/lavras.tv\/site\/wp-json\/wp\/v2\/media\/14519"}],"wp:attachment":[{"href":"https:\/\/lavras.tv\/site\/wp-json\/wp\/v2\/media?parent=14518"}],"wp:term":[{"taxonomy":"category","embeddable":true,"href":"https:\/\/lavras.tv\/site\/wp-json\/wp\/v2\/categories?post=14518"},{"taxonomy":"post_tag","embeddable":true,"href":"https:\/\/lavras.tv\/site\/wp-json\/wp\/v2\/tags?post=14518"}],"curies":[{"name":"wp","href":"https:\/\/api.w.org\/{rel}","templated":true}]}}