{"id":145284,"date":"2024-12-20T16:03:30","date_gmt":"2024-12-20T19:03:30","guid":{"rendered":"https:\/\/lavras.tv\/site\/?p=145284"},"modified":"2024-12-20T16:03:31","modified_gmt":"2024-12-20T19:03:31","slug":"localizacao-de-pessoas-desaparecidas-cresce-em-minas-gerais-em-2024","status":"publish","type":"post","link":"https:\/\/lavras.tv\/site\/2024\/12\/20\/localizacao-de-pessoas-desaparecidas-cresce-em-minas-gerais-em-2024\/","title":{"rendered":"Localiza\u00e7\u00e3o de pessoas desaparecidas cresce em Minas Gerais em 2024"},"content":{"rendered":"<div class=\"lavra-antes-do-conteudo_2\" id=\"lavra-103119002\"><div id=\"lavra-slider-27\" class=\"custom-slider lavra-slider-3390501205 lavra-slider\"><ul><li><div style=\"margin-left: auto;margin-right: auto;text-align: center;\" id=\"lavra-3227847603\"><a href=\"https:\/\/sistemas.lavras.mg.gov.br\/portalcidadao\/#df1b1a7c7b2a290bcb31e32771e610784662739a88807c0dacac58ede5f391a7530e299dc302d611ee73cb143fc22eaf93592e53e7b5bdb01b00a0b8d28dae460c141dd2ff83412e4dc1c31b16b25f33144a9e5620ea73b13f5bc1c59411d98439ad226e8af03840603796067d87afe130812cf3de24982d0e306f9e61e764e5\" aria-label=\"Lavras-TV&#8211;720x104px (1) (1)\"><img src=\"https:\/\/lavras.tv\/site\/wp-content\/uploads\/2025\/01\/Lavras-TV-720x104px-1-1.png\" alt=\"\"  srcset=\"https:\/\/lavras.tv\/site\/wp-content\/uploads\/2025\/01\/Lavras-TV-720x104px-1-1.png 720w, https:\/\/lavras.tv\/site\/wp-content\/uploads\/2025\/01\/Lavras-TV-720x104px-1-1-470x68.png 470w, https:\/\/lavras.tv\/site\/wp-content\/uploads\/2025\/01\/Lavras-TV-720x104px-1-1-170x25.png 170w, https:\/\/lavras.tv\/site\/wp-content\/uploads\/2025\/01\/Lavras-TV-720x104px-1-1-200x29.png 200w\" sizes=\"(max-width: 720px) 100vw, 720px\" width=\"720\" height=\"104\"  style=\"display: inline-block;\" \/><\/a><\/div><\/li><li><a href=\"https:\/\/sistemas.lavras.mg.gov.br\/portalcidadao\/#df1b1a7c7b2a290bcb31e32771e610784662739a88807c0dacac58ede5f391a7530e299dc302d611ee73cb143fc22eaf93592e53e7b5bdb01b00a0b8d28dae460c141dd2ff83412e4dc1c31b16b25f33144a9e5620ea73b13f5bc1c59411d98439ad226e8af03840603796067d87afe130812cf3de24982d0e306f9e61e764e5\" aria-label=\"Banner_Emprego_PortallavrasTV\"><img src=\"https:\/\/lavras.tv\/site\/wp-content\/uploads\/2025\/03\/Banner_Emprego_PortallavrasTV.png\" alt=\"\"  srcset=\"https:\/\/lavras.tv\/site\/wp-content\/uploads\/2025\/03\/Banner_Emprego_PortallavrasTV.png 720w, https:\/\/lavras.tv\/site\/wp-content\/uploads\/2025\/03\/Banner_Emprego_PortallavrasTV-470x68.png 470w, https:\/\/lavras.tv\/site\/wp-content\/uploads\/2025\/03\/Banner_Emprego_PortallavrasTV-170x25.png 170w, https:\/\/lavras.tv\/site\/wp-content\/uploads\/2025\/03\/Banner_Emprego_PortallavrasTV-200x29.png 200w\" sizes=\"(max-width: 720px) 100vw, 720px\" width=\"720\" height=\"104\"   \/><\/a><\/li><li><a href=\"https:\/\/sistemas.lavras.mg.gov.br\/portalcidadao\/#df1b1a7c7b2a290bcb31e32771e610784662739a88807c0dacac58ede5f391a7530e299dc302d611ee73cb143fc22eaf93592e53e7b5bdb01b00a0b8d28dae460c141dd2ff83412e4dc1c31b16b25f33144a9e5620ea73b13f5bc1c59411d98439ad226e8af03840603796067d87afe130812cf3de24982d0e306f9e61e764e5\" aria-label=\"Banner_Obras_PortallavrasTV\"><img src=\"https:\/\/lavras.tv\/site\/wp-content\/uploads\/2025\/03\/Banner_Obras_PortallavrasTV.png\" alt=\"\"  srcset=\"https:\/\/lavras.tv\/site\/wp-content\/uploads\/2025\/03\/Banner_Obras_PortallavrasTV.png 720w, https:\/\/lavras.tv\/site\/wp-content\/uploads\/2025\/03\/Banner_Obras_PortallavrasTV-470x68.png 470w, https:\/\/lavras.tv\/site\/wp-content\/uploads\/2025\/03\/Banner_Obras_PortallavrasTV-170x25.png 170w, https:\/\/lavras.tv\/site\/wp-content\/uploads\/2025\/03\/Banner_Obras_PortallavrasTV-200x29.png 200w\" sizes=\"(max-width: 720px) 100vw, 720px\" width=\"720\" height=\"104\"   \/><\/a><\/li><li><div style=\"margin-left: auto;margin-right: auto;text-align: center;\" id=\"lavra-1037199512\"><a href=\"https:\/\/sistemas.lavras.mg.gov.br\/portalcidadao\/#df1b1a7c7b2a290bcb31e32771e610784662739a88807c0dacac58ede5f391a7530e299dc302d611ee73cb143fc22eaf93592e53e7b5bdb01b00a0b8d28dae460c141dd2ff83412e4dc1c31b16b25f33144a9e5620ea73b13f5bc1c59411d98439ad226e8af03840603796067d87afe130812cf3de24982d0e306f9e61e764e5\" aria-label=\"Banner_Educa\u00e7\u00e3o_PortallavrasTV\"><img src=\"https:\/\/lavras.tv\/site\/wp-content\/uploads\/2025\/01\/Banner_Educacao_PortallavrasTV.png\" alt=\"\"  srcset=\"https:\/\/lavras.tv\/site\/wp-content\/uploads\/2025\/01\/Banner_Educacao_PortallavrasTV.png 720w, https:\/\/lavras.tv\/site\/wp-content\/uploads\/2025\/01\/Banner_Educacao_PortallavrasTV-470x68.png 470w, https:\/\/lavras.tv\/site\/wp-content\/uploads\/2025\/01\/Banner_Educacao_PortallavrasTV-170x25.png 170w, https:\/\/lavras.tv\/site\/wp-content\/uploads\/2025\/01\/Banner_Educacao_PortallavrasTV-200x29.png 200w\" sizes=\"(max-width: 720px) 100vw, 720px\" width=\"720\" height=\"104\"  style=\"display: inline-block;\" \/><\/a><\/div><\/li><li><a href=\"https:\/\/sistemas.lavras.mg.gov.br\/portalcidadao\/#df1b1a7c7b2a290bcb31e32771e610784662739a88807c0dacac58ede5f391a7530e299dc302d611ee73cb143fc22eaf93592e53e7b5bdb01b00a0b8d28dae460c141dd2ff83412e4dc1c31b16b25f33144a9e5620ea73b13f5bc1c59411d98439ad226e8af03840603796067d87afe130812cf3de24982d0e306f9e61e764e5\" aria-label=\"Banner_Sa\u00fade_PortallavrasTV\"><img src=\"https:\/\/lavras.tv\/site\/wp-content\/uploads\/2025\/03\/Banner_Saude_PortallavrasTV.png\" alt=\"\"  srcset=\"https:\/\/lavras.tv\/site\/wp-content\/uploads\/2025\/03\/Banner_Saude_PortallavrasTV.png 720w, https:\/\/lavras.tv\/site\/wp-content\/uploads\/2025\/03\/Banner_Saude_PortallavrasTV-470x68.png 470w, https:\/\/lavras.tv\/site\/wp-content\/uploads\/2025\/03\/Banner_Saude_PortallavrasTV-170x25.png 170w, https:\/\/lavras.tv\/site\/wp-content\/uploads\/2025\/03\/Banner_Saude_PortallavrasTV-200x29.png 200w\" sizes=\"(max-width: 720px) 100vw, 720px\" width=\"720\" height=\"104\"   \/><\/a><\/li><li><div id=\"lavra-3244941268\" style=\"width:720px;height:104px;background-color:#ddd;overflow:scroll;\">\n\t<strong>Sa\u00edda da depura\u00e7\u00e3o de an\u00fancios<\/strong>\n\t<br><br>\n\tO an\u00fancio n\u00e3o \u00e9 exibido na p\u00e1gina<br><br>post atual: Localiza\u00e7\u00e3o de pessoas desaparecidas cresce em Minas Gerais em 2024, ID: 145284<br><br><span style=\"color: red;\">O post atual n\u00e3o \u00e9 id\u00eantico ao post principal.<\/span><br><br>An\u00fancios: ROXO - TOPO INTERNA - ROTATIVO 2 (197)<br \/>Grupo de an\u00fancios: Princ_Meio01_720x104 (27)<br><br>Condi\u00e7\u00f5es de exibi\u00e7\u00e3o<div style=\"margin-bottom: 20px; white-space: pre-wrap; font-family: monospace; width: 100%; background: #ffe9e9;\"><strong>condi\u00e7\u00f5es gerais<\/strong><table border=\"1\"><thead><tr><th><\/th><th>An\u00fancios<\/th><th>wp_the_query<\/th><\/tr><\/thead><tr><td>is_main_query<\/td><td>1<\/td><td>1<\/td><\/tr><tr><td>is_rest_api<\/td><td>0<\/td><td>1<\/td><\/tr><tr><td>page<\/td><td>0<\/td><td>1<\/td><\/tr><tr><td>numpages<\/td><td>0<\/td><td>1<\/td><\/tr><tr><td>is_archive<\/td><td>1<\/td><td><\/td><\/tr><tr><td>is_search<\/td><td>1<\/td><td><\/td><\/tr><tr><td>is_home<\/td><td>1<\/td><td><\/td><\/tr><tr><td>is_404<\/td><td>1<\/td><td><\/td><\/tr><tr><td>is_attachment<\/td><td>1<\/td><td><\/td><\/tr><tr><td>is_singular<\/td><td>1<\/td><td><\/td><\/tr><tr><td>is_front_page<\/td><td>1<\/td><td><\/td><\/tr><tr><td>is_feed<\/td><td>1<\/td><td><\/td><\/tr><\/table><\/div><br><br><span style=\"color: red;\">Seu site usa HTTPS, mas o c\u00f3digo do an\u00fancio cont\u00e9m HTTP e pode n\u00e3o funcionar.<\/span>\t<br><br>\n\t<a style=\"color: green;\" href=\"https:\/\/wpadvancedads.com\/manual\/ad-debug-mode\/?utm_source=advanced-ads&utm_medium=link&utm_campaign=ad-debug-mode\" target=\"_blank\" rel=\"nofollow\">Encontre solu\u00e7\u00f5es no manual<\/a>\n<\/div>\n<\/li><\/ul><\/div><script>( window.advanced_ads_ready || jQuery( document ).ready ).call( null, function() {var $lavraslider3390501205 = jQuery( \".lavra-slider-3390501205\" );$lavraslider3390501205.on( \"unslider.ready\", function() { jQuery( \"div.custom-slider ul li\" ).css( \"display\", \"block\" ); });$lavraslider3390501205.unslider({ delay:4000, autoplay:true, nav:false, arrows:false, infinite:true });$lavraslider3390501205.on(\"mouseover\", function() {$lavraslider3390501205.unslider(\"stop\");}).on(\"mouseout\", function() {$lavraslider3390501205.unslider(\"start\");});});<\/script><\/div>\n<p><em>Dado divulgado nesta quinta-feira (19\/12) pelo Observat\u00f3rio de Seguran\u00e7a P\u00fablica do Estado tamb\u00e9m indicou aumento na capital Belo Horizonte; saiba o que fazer e quando procurar ajuda<\/em><\/p>\n\n\n\n<p>Exatas 4.857 pessoas, at\u00e9 ent\u00e3o desaparecidas, foram localizadas em Minas Gerais em 2024, diante dos esfor\u00e7os das for\u00e7as de seguran\u00e7a do&nbsp;<a href=\"https:\/\/www.mg.gov.br\/\" target=\"_blank\" rel=\"noreferrer noopener\">Governo de Minas<\/a>. O dado \u00e9 4,4% maior que o registrado em 2023, quando 4.651 cidad\u00e3os foram encontrados.<br><br>O recorte estat\u00edstico foi divulgado nesta quinta-feira (19\/12) pelo Observat\u00f3rio de Seguran\u00e7a P\u00fablica da&nbsp;<a href=\"https:\/\/www.seguranca.mg.gov.br\/\" target=\"_blank\" rel=\"noreferrer noopener\">Secretaria de Estado de Justi\u00e7a e Seguran\u00e7a P\u00fablica (Sejusp)<\/a>, e contabiliza o per\u00edodo de janeiro a novembro dos dois anos.<br><br>As pessoas localizadas em 2024 n\u00e3o necessariamente foram classificadas como desaparecidas neste mesmo per\u00edodo. E que muitas fam\u00edlias tamb\u00e9m n\u00e3o registram, na delegacia, o retorno dos ausentes para casa. Por isso n\u00e3o \u00e9 poss\u00edvel fazer uma rela\u00e7\u00e3o direta entre o n\u00famero de desaparecidos, que tamb\u00e9m teve redu\u00e7\u00e3o de 3,8% neste ano, passando de 6.561 para 6.313, com o n\u00famero de localizados.<br><br>O perfil dos desaparecidos em Minas \u00e9 formado, em sua maioria, por pessoas de 35 a 64 anos (37,5%). Os adolescentes, entre 12 e 17 anos, representam 22%. No quesito cor de pele, seis a cada dez s\u00e3o autodeclarados pretos ou pardos (mais detalhes no quadro).<br>&nbsp;<\/p>\n\n\n\n<figure class=\"wp-block-image size-full\"><img fetchpriority=\"high\" decoding=\"async\" width=\"549\" height=\"572\" src=\"https:\/\/lavras.tv\/site\/wp-content\/uploads\/2024\/12\/Desaparecidos-03.jpg\" alt=\"\" class=\"wp-image-145285\" srcset=\"https:\/\/lavras.tv\/site\/wp-content\/uploads\/2024\/12\/Desaparecidos-03.jpg 549w, https:\/\/lavras.tv\/site\/wp-content\/uploads\/2024\/12\/Desaparecidos-03-288x300.jpg 288w, https:\/\/lavras.tv\/site\/wp-content\/uploads\/2024\/12\/Desaparecidos-03-144x150.jpg 144w, https:\/\/lavras.tv\/site\/wp-content\/uploads\/2024\/12\/Desaparecidos-03-192x200.jpg 192w\" sizes=\"(max-width: 549px) 100vw, 549px\" \/><\/figure>\n\n\n\n<p><br><strong>Capital e demais regi\u00f5es<\/strong><br><br>As cidades com mais registros desse tipo de ocorr\u00eancia seguem tend\u00eancia de grandeza populacional: a capital, Belo Horizonte, ficou com o primeiro lugar da lista, com 1.215 desaparecidos. A cidade \u00e9 seguida por Uberl\u00e2ndia (344), Contagem (301) e Juiz de Fora (229), para citar alguns exemplos.<br><br>Belo Horizonte, entretanto, apesar de ter o maior n\u00famero de desaparecidos, possui destaque no aumento do n\u00famero de pessoas encontradas na cidade. Segundo dados da Divis\u00e3o de Refer\u00eancia \u00e0 Pessoa Desaparecida (DRPD), da&nbsp;<a href=\"https:\/\/www.policiacivil.mg.gov.br\/\" target=\"_blank\" rel=\"noreferrer noopener\">Pol\u00edcia Civil de Minas Gerais (PCMG)<\/a>, o crescimento das localiza\u00e7\u00f5es na capital, em 2024, foi de 19,8%.<br>&nbsp;<\/p>\n\n\n\n<p>&#8220;Neste ano, ampliamos o atendimento 0800, respons\u00e1vel por receber den\u00fancias sobre desaparecimentos e, tamb\u00e9m, intensificamos as dilig\u00eancias. Tais a\u00e7\u00f5es estrat\u00e9gicas, felizmente, nos deram um retorno altamente positivo em rela\u00e7\u00e3o \u00e0s localiza\u00e7\u00f5es&#8221;, destacou a chefe da DRPD, delegada Ingrid Estevam.<\/p>\n\n\n\n<p><br>A DRPD \u00e9 respons\u00e1vel pelas investiga\u00e7\u00f5es de desaparecimentos ocorridos em Belo Horizonte e, quando acionada, oferece suporte \u00e0s delegacias do interior encarregadas da investiga\u00e7\u00e3o de casos ocorridos em seus munic\u00edpios de atua\u00e7\u00e3o.<br><br><strong>O que fazer em caso de desaparecimento?<\/strong><br><br>Uma regra importante \u00e9 a de que a pol\u00edcia deve ser procurada imediatamente ap\u00f3s a identifica\u00e7\u00e3o da quebra da rotina da pessoa desaparecida. Diferente do que \u00e9 muito propagado, n\u00e3o \u00e9 necess\u00e1rio esperar 24 horas ou mais para registrar a ocorr\u00eancia.<br><br>Esse registro pode ser feito em qualquer delegacia da Pol\u00edcia Civil ou unidade da&nbsp;<a href=\"https:\/\/www.policiamilitar.mg.gov.br\/\" target=\"_blank\" rel=\"noreferrer noopener\">Pol\u00edcia Militar (PMMG)<\/a>&nbsp;mais pr\u00f3xima. \u00c9 preciso levar o documento de identidade de quem faz a queixa e, tamb\u00e9m, uma foto recente e n\u00edtida de quem ser\u00e1 procurado. Em Minas, o registro do desaparecimento tamb\u00e9m pode ser feito virtualmente por meio da&nbsp;<a href=\"https:\/\/delegaciavirtual.sids.mg.gov.br\/sxgn\/\" target=\"_blank\" rel=\"noreferrer noopener\">Delegacia Virtual<\/a>.<br><br>A Divis\u00e3o de Refer\u00eancia \u00e0 Pessoa Desaparecida da Pol\u00edcia Civil possui uma equipe dispon\u00edvel 24 horas por dia para receber informa\u00e7\u00f5es sobre pessoas desaparecidas. O n\u00famero \u00e9 0800 2828 197. Informa\u00e7\u00f5es sobre desaparecimento tamb\u00e9m podem ser repassadas pelos n\u00fameros 197 (Pol\u00edcia Civil) e 181 (Disque Den\u00fancia com anonimato garantido).<\/p>\n","protected":false},"excerpt":{"rendered":"<p>Dado divulgado nesta quinta-feira (19\/12) pelo Observat\u00f3rio de Seguran\u00e7a P\u00fablica do Estado tamb\u00e9m indicou aumento na capital Belo Horizonte; saiba o que fazer e quando procurar ajuda Exatas 4.857 pessoas, at\u00e9 ent\u00e3o desaparecidas, foram localizadas em Minas Gerais em 2024, diante dos esfor\u00e7os das for\u00e7as de seguran\u00e7a do&nbsp;Governo de Minas. O dado \u00e9 4,4% maior [&hellip;]<\/p>\n","protected":false},"author":5,"featured_media":145286,"comment_status":"closed","ping_status":"open","sticky":false,"template":"","format":"standard","meta":{"advgb_blocks_editor_width":"","advgb_blocks_columns_visual_guide":"","_exactmetrics_skip_tracking":false,"_exactmetrics_sitenote_active":false,"_exactmetrics_sitenote_note":"","_exactmetrics_sitenote_category":0,"footnotes":""},"categories":[7,2],"tags":[],"class_list":["post-145284","post","type-post","status-publish","format-standard","has-post-thumbnail","hentry","category-destaques","category-noticias"],"better_featured_image":{"id":145286,"alt_text":"","caption":"","description":"","media_type":"image","media_details":{"width":1600,"height":1068,"file":"2024\/12\/Desaparecidos-02.jpeg","filesize":278312,"sizes":{"medium":{"file":"Desaparecidos-02-449x300.jpeg","width":449,"height":300,"mime-type":"image\/jpeg","filesize":22492,"source_url":"https:\/\/lavras.tv\/site\/wp-content\/uploads\/2024\/12\/Desaparecidos-02-449x300.jpeg"},"large":{"file":"Desaparecidos-02-970x647.jpeg","width":970,"height":647,"mime-type":"image\/jpeg","filesize":73373,"source_url":"https:\/\/lavras.tv\/site\/wp-content\/uploads\/2024\/12\/Desaparecidos-02-970x647.jpeg"},"thumbnail":{"file":"Desaparecidos-02-170x113.jpeg","width":170,"height":113,"mime-type":"image\/jpeg","filesize":5543,"source_url":"https:\/\/lavras.tv\/site\/wp-content\/uploads\/2024\/12\/Desaparecidos-02-170x113.jpeg"},"lshowcase-thumb":{"file":"Desaparecidos-02-200x134.jpeg","width":200,"height":134,"mime-type":"image\/jpeg","filesize":6888,"source_url":"https:\/\/lavras.tv\/site\/wp-content\/uploads\/2024\/12\/Desaparecidos-02-200x134.jpeg"},"1536x1536":{"file":"Desaparecidos-02-1536x1025.jpeg","width":1536,"height":1025,"mime-type":"image\/jpeg","filesize":150148,"source_url":"https:\/\/lavras.tv\/site\/wp-content\/uploads\/2024\/12\/Desaparecidos-02-1536x1025.jpeg"},"alm-thumbnail":{"file":"Desaparecidos-02-150x150.jpeg","width":150,"height":150,"mime-type":"image\/jpeg","filesize":6365,"source_url":"https:\/\/lavras.tv\/site\/wp-content\/uploads\/2024\/12\/Desaparecidos-02-150x150.jpeg"}},"image_meta":{"aperture":"0","credit":"","camera":"","caption":"","created_timestamp":"0","copyright":"","focal_length":"0","iso":"0","shutter_speed":"0","title":"","orientation":"0","keywords":[]}},"post":145284,"source_url":"https:\/\/lavras.tv\/site\/wp-content\/uploads\/2024\/12\/Desaparecidos-02.jpeg"},"author_meta":{"display_name":"Vinicius Bustamante","author_link":"https:\/\/lavras.tv\/site\/author\/vinicius-bustamante\/"},"featured_img":"https:\/\/lavras.tv\/site\/wp-content\/uploads\/2024\/12\/Desaparecidos-02-449x300.jpeg","coauthors":[],"tax_additional":{"categories":{"linked":["<a href=\"https:\/\/lavras.tv\/site\/category\/destaques\/\" class=\"advgb-post-tax-term\">Destaques<\/a>","<a href=\"https:\/\/lavras.tv\/site\/category\/noticias\/\" class=\"advgb-post-tax-term\">Not\u00edcias<\/a>"],"unlinked":["<span class=\"advgb-post-tax-term\">Destaques<\/span>","<span class=\"advgb-post-tax-term\">Not\u00edcias<\/span>"]}},"comment_count":"0","relative_dates":{"created":"Publicado 1 ano atr\u00e1s","modified":"Atualizado 1 ano atr\u00e1s"},"absolute_dates":{"created":"Publicado em 20 de dezembro de 2024","modified":"Atualizado em 20 de dezembro de 2024"},"absolute_dates_time":{"created":"Publicado em 20 de dezembro de 2024 16:03","modified":"Atualizado em 20 de dezembro de 2024 16:03"},"featured_img_caption":"","series_order":"","_links":{"self":[{"href":"https:\/\/lavras.tv\/site\/wp-json\/wp\/v2\/posts\/145284","targetHints":{"allow":["GET"]}}],"collection":[{"href":"https:\/\/lavras.tv\/site\/wp-json\/wp\/v2\/posts"}],"about":[{"href":"https:\/\/lavras.tv\/site\/wp-json\/wp\/v2\/types\/post"}],"author":[{"embeddable":true,"href":"https:\/\/lavras.tv\/site\/wp-json\/wp\/v2\/users\/5"}],"replies":[{"embeddable":true,"href":"https:\/\/lavras.tv\/site\/wp-json\/wp\/v2\/comments?post=145284"}],"version-history":[{"count":1,"href":"https:\/\/lavras.tv\/site\/wp-json\/wp\/v2\/posts\/145284\/revisions"}],"predecessor-version":[{"id":145287,"href":"https:\/\/lavras.tv\/site\/wp-json\/wp\/v2\/posts\/145284\/revisions\/145287"}],"wp:featuredmedia":[{"embeddable":true,"href":"https:\/\/lavras.tv\/site\/wp-json\/wp\/v2\/media\/145286"}],"wp:attachment":[{"href":"https:\/\/lavras.tv\/site\/wp-json\/wp\/v2\/media?parent=145284"}],"wp:term":[{"taxonomy":"category","embeddable":true,"href":"https:\/\/lavras.tv\/site\/wp-json\/wp\/v2\/categories?post=145284"},{"taxonomy":"post_tag","embeddable":true,"href":"https:\/\/lavras.tv\/site\/wp-json\/wp\/v2\/tags?post=145284"}],"curies":[{"name":"wp","href":"https:\/\/api.w.org\/{rel}","templated":true}]}}