{"id":145288,"date":"2024-12-20T16:10:50","date_gmt":"2024-12-20T19:10:50","guid":{"rendered":"https:\/\/lavras.tv\/site\/?p=145288"},"modified":"2024-12-20T16:10:51","modified_gmt":"2024-12-20T19:10:51","slug":"justica-suspende-show-de-joelma-em-aniversario-de-cidade-do-interior-de-mg","status":"publish","type":"post","link":"https:\/\/lavras.tv\/site\/2024\/12\/20\/justica-suspende-show-de-joelma-em-aniversario-de-cidade-do-interior-de-mg\/","title":{"rendered":"Justi\u00e7a suspende show de Joelma em anivers\u00e1rio de cidade do interior de MG"},"content":{"rendered":"<div class=\"lavra-antes-do-conteudo_2\" id=\"lavra-1501368335\"><div id=\"lavra-slider-27\" class=\"custom-slider lavra-slider-2240520565 lavra-slider\"><ul><li><div style=\"margin-left: auto;margin-right: auto;text-align: center;\" id=\"lavra-3178426119\"><a href=\"https:\/\/sistemas.lavras.mg.gov.br\/portalcidadao\/#df1b1a7c7b2a290bcb31e32771e610784662739a88807c0dacac58ede5f391a7530e299dc302d611ee73cb143fc22eaf93592e53e7b5bdb01b00a0b8d28dae460c141dd2ff83412e4dc1c31b16b25f33144a9e5620ea73b13f5bc1c59411d98439ad226e8af03840603796067d87afe130812cf3de24982d0e306f9e61e764e5\" aria-label=\"Lavras-TV&#8211;720x104px (1) (1)\"><img src=\"https:\/\/lavras.tv\/site\/wp-content\/uploads\/2025\/01\/Lavras-TV-720x104px-1-1.png\" alt=\"\"  srcset=\"https:\/\/lavras.tv\/site\/wp-content\/uploads\/2025\/01\/Lavras-TV-720x104px-1-1.png 720w, https:\/\/lavras.tv\/site\/wp-content\/uploads\/2025\/01\/Lavras-TV-720x104px-1-1-470x68.png 470w, https:\/\/lavras.tv\/site\/wp-content\/uploads\/2025\/01\/Lavras-TV-720x104px-1-1-170x25.png 170w, https:\/\/lavras.tv\/site\/wp-content\/uploads\/2025\/01\/Lavras-TV-720x104px-1-1-200x29.png 200w\" sizes=\"(max-width: 720px) 100vw, 720px\" width=\"720\" height=\"104\"  style=\"display: inline-block;\" \/><\/a><\/div><\/li><li><a href=\"https:\/\/sistemas.lavras.mg.gov.br\/portalcidadao\/#df1b1a7c7b2a290bcb31e32771e610784662739a88807c0dacac58ede5f391a7530e299dc302d611ee73cb143fc22eaf93592e53e7b5bdb01b00a0b8d28dae460c141dd2ff83412e4dc1c31b16b25f33144a9e5620ea73b13f5bc1c59411d98439ad226e8af03840603796067d87afe130812cf3de24982d0e306f9e61e764e5\" aria-label=\"Banner_Emprego_PortallavrasTV\"><img src=\"https:\/\/lavras.tv\/site\/wp-content\/uploads\/2025\/03\/Banner_Emprego_PortallavrasTV.png\" alt=\"\"  srcset=\"https:\/\/lavras.tv\/site\/wp-content\/uploads\/2025\/03\/Banner_Emprego_PortallavrasTV.png 720w, https:\/\/lavras.tv\/site\/wp-content\/uploads\/2025\/03\/Banner_Emprego_PortallavrasTV-470x68.png 470w, https:\/\/lavras.tv\/site\/wp-content\/uploads\/2025\/03\/Banner_Emprego_PortallavrasTV-170x25.png 170w, https:\/\/lavras.tv\/site\/wp-content\/uploads\/2025\/03\/Banner_Emprego_PortallavrasTV-200x29.png 200w\" sizes=\"(max-width: 720px) 100vw, 720px\" width=\"720\" height=\"104\"   \/><\/a><\/li><li><a href=\"https:\/\/sistemas.lavras.mg.gov.br\/portalcidadao\/#df1b1a7c7b2a290bcb31e32771e610784662739a88807c0dacac58ede5f391a7530e299dc302d611ee73cb143fc22eaf93592e53e7b5bdb01b00a0b8d28dae460c141dd2ff83412e4dc1c31b16b25f33144a9e5620ea73b13f5bc1c59411d98439ad226e8af03840603796067d87afe130812cf3de24982d0e306f9e61e764e5\" aria-label=\"Banner_Obras_PortallavrasTV\"><img src=\"https:\/\/lavras.tv\/site\/wp-content\/uploads\/2025\/03\/Banner_Obras_PortallavrasTV.png\" alt=\"\"  srcset=\"https:\/\/lavras.tv\/site\/wp-content\/uploads\/2025\/03\/Banner_Obras_PortallavrasTV.png 720w, https:\/\/lavras.tv\/site\/wp-content\/uploads\/2025\/03\/Banner_Obras_PortallavrasTV-470x68.png 470w, https:\/\/lavras.tv\/site\/wp-content\/uploads\/2025\/03\/Banner_Obras_PortallavrasTV-170x25.png 170w, https:\/\/lavras.tv\/site\/wp-content\/uploads\/2025\/03\/Banner_Obras_PortallavrasTV-200x29.png 200w\" sizes=\"(max-width: 720px) 100vw, 720px\" width=\"720\" height=\"104\"   \/><\/a><\/li><li><div style=\"margin-left: auto;margin-right: auto;text-align: center;\" id=\"lavra-3767517513\"><a href=\"https:\/\/sistemas.lavras.mg.gov.br\/portalcidadao\/#df1b1a7c7b2a290bcb31e32771e610784662739a88807c0dacac58ede5f391a7530e299dc302d611ee73cb143fc22eaf93592e53e7b5bdb01b00a0b8d28dae460c141dd2ff83412e4dc1c31b16b25f33144a9e5620ea73b13f5bc1c59411d98439ad226e8af03840603796067d87afe130812cf3de24982d0e306f9e61e764e5\" aria-label=\"Banner_Educa\u00e7\u00e3o_PortallavrasTV\"><img src=\"https:\/\/lavras.tv\/site\/wp-content\/uploads\/2025\/01\/Banner_Educacao_PortallavrasTV.png\" alt=\"\"  srcset=\"https:\/\/lavras.tv\/site\/wp-content\/uploads\/2025\/01\/Banner_Educacao_PortallavrasTV.png 720w, https:\/\/lavras.tv\/site\/wp-content\/uploads\/2025\/01\/Banner_Educacao_PortallavrasTV-470x68.png 470w, https:\/\/lavras.tv\/site\/wp-content\/uploads\/2025\/01\/Banner_Educacao_PortallavrasTV-170x25.png 170w, https:\/\/lavras.tv\/site\/wp-content\/uploads\/2025\/01\/Banner_Educacao_PortallavrasTV-200x29.png 200w\" sizes=\"(max-width: 720px) 100vw, 720px\" width=\"720\" height=\"104\"  style=\"display: inline-block;\" \/><\/a><\/div><\/li><li><a href=\"https:\/\/sistemas.lavras.mg.gov.br\/portalcidadao\/#df1b1a7c7b2a290bcb31e32771e610784662739a88807c0dacac58ede5f391a7530e299dc302d611ee73cb143fc22eaf93592e53e7b5bdb01b00a0b8d28dae460c141dd2ff83412e4dc1c31b16b25f33144a9e5620ea73b13f5bc1c59411d98439ad226e8af03840603796067d87afe130812cf3de24982d0e306f9e61e764e5\" aria-label=\"Banner_Sa\u00fade_PortallavrasTV\"><img src=\"https:\/\/lavras.tv\/site\/wp-content\/uploads\/2025\/03\/Banner_Saude_PortallavrasTV.png\" alt=\"\"  srcset=\"https:\/\/lavras.tv\/site\/wp-content\/uploads\/2025\/03\/Banner_Saude_PortallavrasTV.png 720w, https:\/\/lavras.tv\/site\/wp-content\/uploads\/2025\/03\/Banner_Saude_PortallavrasTV-470x68.png 470w, https:\/\/lavras.tv\/site\/wp-content\/uploads\/2025\/03\/Banner_Saude_PortallavrasTV-170x25.png 170w, https:\/\/lavras.tv\/site\/wp-content\/uploads\/2025\/03\/Banner_Saude_PortallavrasTV-200x29.png 200w\" sizes=\"(max-width: 720px) 100vw, 720px\" width=\"720\" height=\"104\"   \/><\/a><\/li><li><div id=\"lavra-4091911503\" style=\"width:720px;height:104px;background-color:#ddd;overflow:scroll;\">\n\t<strong>Sa\u00edda da depura\u00e7\u00e3o de an\u00fancios<\/strong>\n\t<br><br>\n\tO an\u00fancio n\u00e3o \u00e9 exibido na p\u00e1gina<br><br>post atual: Justi\u00e7a suspende show de Joelma em anivers\u00e1rio de cidade do interior de MG, ID: 145288<br><br><span style=\"color: red;\">O post atual n\u00e3o \u00e9 id\u00eantico ao post principal.<\/span><br><br>An\u00fancios: ROXO - TOPO INTERNA - ROTATIVO 2 (197)<br \/>Grupo de an\u00fancios: Princ_Meio01_720x104 (27)<br><br>Condi\u00e7\u00f5es de exibi\u00e7\u00e3o<div style=\"margin-bottom: 20px; white-space: pre-wrap; font-family: monospace; width: 100%; background: #ffe9e9;\"><strong>condi\u00e7\u00f5es gerais<\/strong><table border=\"1\"><thead><tr><th><\/th><th>An\u00fancios<\/th><th>wp_the_query<\/th><\/tr><\/thead><tr><td>is_main_query<\/td><td>1<\/td><td>1<\/td><\/tr><tr><td>is_rest_api<\/td><td>0<\/td><td>1<\/td><\/tr><tr><td>page<\/td><td>0<\/td><td>1<\/td><\/tr><tr><td>numpages<\/td><td>0<\/td><td>1<\/td><\/tr><tr><td>is_archive<\/td><td>1<\/td><td><\/td><\/tr><tr><td>is_search<\/td><td>1<\/td><td><\/td><\/tr><tr><td>is_home<\/td><td>1<\/td><td><\/td><\/tr><tr><td>is_404<\/td><td>1<\/td><td><\/td><\/tr><tr><td>is_attachment<\/td><td>1<\/td><td><\/td><\/tr><tr><td>is_singular<\/td><td>1<\/td><td><\/td><\/tr><tr><td>is_front_page<\/td><td>1<\/td><td><\/td><\/tr><tr><td>is_feed<\/td><td>1<\/td><td><\/td><\/tr><\/table><\/div><br><br><span style=\"color: red;\">Seu site usa HTTPS, mas o c\u00f3digo do an\u00fancio cont\u00e9m HTTP e pode n\u00e3o funcionar.<\/span>\t<br><br>\n\t<a style=\"color: green;\" href=\"https:\/\/wpadvancedads.com\/manual\/ad-debug-mode\/?utm_source=advanced-ads&utm_medium=link&utm_campaign=ad-debug-mode\" target=\"_blank\" rel=\"nofollow\">Encontre solu\u00e7\u00f5es no manual<\/a>\n<\/div>\n<\/li><\/ul><\/div><script>( window.advanced_ads_ready || jQuery( document ).ready ).call( null, function() {var $lavraslider2240520565 = jQuery( \".lavra-slider-2240520565\" );$lavraslider2240520565.on( \"unslider.ready\", function() { jQuery( \"div.custom-slider ul li\" ).css( \"display\", \"block\" ); });$lavraslider2240520565.unslider({ delay:4000, autoplay:true, nav:false, arrows:false, infinite:true });$lavraslider2240520565.on(\"mouseover\", function() {$lavraslider2240520565.unslider(\"stop\");}).on(\"mouseout\", function() {$lavraslider2240520565.unslider(\"start\");});});<\/script><\/div>\n<p>Prefeitura negou irregularidades e informou que entrou com recurso no Tribunal de Justi\u00e7a (TJMG). Show da cantora paraense estava marcado para o pr\u00f3ximo dia 30<\/p>\n\n\n\n<figure class=\"wp-block-image\"><img decoding=\"async\" src=\"https:\/\/midias.em.com.br\/app\/noticia_127983242361\/2023\/05\/30\/1500802\/joelma_1_114240.jpg\" alt=\"Joelma -  (cr\u00e9dito: Instagram\/Reprodu\u00e7\u00e3o)\" title=\"Joelma -  (cr\u00e9dito: Instagram\/Reprodu\u00e7\u00e3o)\"\/><figcaption class=\"wp-element-caption\">Munic\u00edpio de Santa B\u00e1rbara do Tug\u00fario responde a outra a\u00e7\u00e3o judicial pela contrata\u00e7\u00e3o de Joelma em 2022<small>cr\u00e9dito: Instagram\/Reprodu\u00e7\u00e3o<\/small><\/figcaption><\/figure>\n\n\n\n<p>A Justi\u00e7a suspendeu o show da cantora Joelma em Santa B\u00e1rbara do Tug\u00fario, na regi\u00e3o do Campo das Vertentes, em Minas Gerais, marcado para 30 de dezembro, no anivers\u00e1rio de 62 anos do munic\u00edpio. A decis\u00e3o foi tomada ap\u00f3s o Minist\u00e9rio P\u00fablico de Minas Gerais (MPMG) apontar que o valor de R$ 500 mil para custeio da apresenta\u00e7\u00e3o da artista estava muito acima do pre\u00e7o de mercado, &#8220;consolidando grave e claro dano ao er\u00e1rio&#8221;.<\/p>\n\n\n\n<p>O\u00a0MPMG tamb\u00e9m solicitou \u00e0 Justi\u00e7a que a empresa JMusic Editora e Produ\u00e7\u00f5es Art\u00edsticas, respons\u00e1vel pela comercializa\u00e7\u00e3o dos trabalhos da cantora, devolvesse qualquer valor que tenha recebido de forma antecipada. A prefeitura negou irregularidades e recorreu da decis\u00e3o (<em>leia o posicionamento na \u00edntegra no fim da reportagem<\/em>).\u00a0<\/p>\n\n\n\n<p>Em a\u00e7\u00e3o civil p\u00fablica, o promotor de Justi\u00e7a Vin\u00edcius de Souza Chaves destacou que o munic\u00edpio de Santa B\u00e1rbara do Tug\u00fario n\u00e3o disponibilizou o inteiro teor do processo de inexigibilidade de licita\u00e7\u00e3o ou o termo do contrato em seu Portal da Transpar\u00eancia.<\/p>\n\n\n\n<p>\u201cA decis\u00e3o judicial considerou que, apesar de a artista ter um longo hist\u00f3rico de apresenta\u00e7\u00f5es e ser reconhecida nacionalmente, houve uma mudan\u00e7a s\u00fabita de praticamente o dobro do valor em pouco tempo, o que n\u00e3o se justifica\u201d, informou o MPMG nesta quinta-feira (19\/12) ao divulgar a determina\u00e7\u00e3o da Justi\u00e7a.<\/p>\n\n\n\n<p>\u201cAl\u00e9m disso, a aus\u00eancia de transpar\u00eancia quanto ao processo executado na contrata\u00e7\u00e3o, a princ\u00edpio, gera d\u00favidas acerca da sua legalidade, havendo ind\u00edcios de irregularidades\u201d, diz trecho da decis\u00e3o. A Justi\u00e7a ainda estabeleceu uma multa de R$ 1 milh\u00e3o para o caso de descumprimento das determina\u00e7\u00f5es.<\/p>\n\n\n\n<p>O munic\u00edpio e a empresa tamb\u00e9m respondem a outra a\u00e7\u00e3o judicial pela contrata\u00e7\u00e3o da mesma artista, em 2022, pelo valor de R$ 265 mil. \u201cNa \u00e9poca, em inqu\u00e9rito civil instaurado, apurou-se superfaturamento de cerca de R$ 145 mil na contrata\u00e7\u00e3o do show, considerando o pre\u00e7o m\u00e9dio da hora das apresenta\u00e7\u00f5es realizadas pela cantora\u201d, informou o Minist\u00e9rio P\u00fablico.<\/p>\n\n\n\n<h2 class=\"wp-block-heading\"><strong>Prefeitura recorre da decis\u00e3o<\/strong><\/h2>\n\n\n\n<p>A Prefeitura de Santa B\u00e1rbara do Tug\u00fario disse que apresentou recurso no Tribunal de Justi\u00e7a de Minas Gerais (TJMG). O Executivo justificou que o valor de R$ 500 mil inclui n\u00e3o apenas o cach\u00ea da artista, mas todos os custos relacionados \u00e0 apresenta\u00e7\u00e3o, como despesas com a banda, equipe t\u00e9cnica, transporte, hospedagem, alimenta\u00e7\u00e3o e tributos.<\/p>\n\n\n\n<p>Ao&nbsp;<strong>Estado de Minas<\/strong>, o&nbsp;prefeito Jos\u00e9 Ant\u00f4nio Alves Donato (PSD), popularmente conhecido na cidade como Donatinho, frisou que o montante \u00e9 compat\u00edvel com o pre\u00e7o cobrado por Joelma em outros shows realizados ao longo deste ano. Nesse sentido, o chefe do Executivo afirmou que a prefeitura encaminhou \u00e0 Justi\u00e7a documentos&nbsp;comprovando a m\u00e9dia dos cach\u00eas cobrados pela artista.<\/p>\n\n\n\n<p>&#8220;Esse evento promete fomentar a economia da cidade ao trazer muitos visitantes que j\u00e1 est\u00e3o com tudo programado. F\u00e3s de v\u00e1rias partes de Minas e outros estados, como&nbsp;Esp\u00edrito Santo, Rio de Janeiro e S\u00e3o Paulo,&nbsp;j\u00e1 est\u00e3o com fretamentos fechados. Estamos confiantes que a decis\u00e3o ser\u00e1 revertida&#8221;, avaliou.&nbsp;<\/p>\n","protected":false},"excerpt":{"rendered":"<p>Prefeitura negou irregularidades e informou que entrou com recurso no Tribunal de Justi\u00e7a (TJMG). Show da cantora paraense estava marcado para o pr\u00f3ximo dia 30 A Justi\u00e7a suspendeu o show da cantora Joelma em Santa B\u00e1rbara do Tug\u00fario, na regi\u00e3o do Campo das Vertentes, em Minas Gerais, marcado para 30 de dezembro, no anivers\u00e1rio de [&hellip;]<\/p>\n","protected":false},"author":5,"featured_media":145289,"comment_status":"closed","ping_status":"open","sticky":false,"template":"","format":"standard","meta":{"advgb_blocks_editor_width":"","advgb_blocks_columns_visual_guide":"","_exactmetrics_skip_tracking":false,"_exactmetrics_sitenote_active":false,"_exactmetrics_sitenote_note":"","_exactmetrics_sitenote_category":0,"footnotes":""},"categories":[7,2],"tags":[],"class_list":["post-145288","post","type-post","status-publish","format-standard","has-post-thumbnail","hentry","category-destaques","category-noticias"],"better_featured_image":{"id":145289,"alt_text":"","caption":"","description":"","media_type":"image","media_details":{"width":1200,"height":720,"file":"2024\/12\/joelma_1_114240.jpg","filesize":114240,"sizes":{"medium":{"file":"joelma_1_114240-470x282.jpg","width":470,"height":282,"mime-type":"image\/jpeg","filesize":26654,"source_url":"https:\/\/lavras.tv\/site\/wp-content\/uploads\/2024\/12\/joelma_1_114240-470x282.jpg"},"large":{"file":"joelma_1_114240-970x582.jpg","width":970,"height":582,"mime-type":"image\/jpeg","filesize":88810,"source_url":"https:\/\/lavras.tv\/site\/wp-content\/uploads\/2024\/12\/joelma_1_114240-970x582.jpg"},"thumbnail":{"file":"joelma_1_114240-170x102.jpg","width":170,"height":102,"mime-type":"image\/jpeg","filesize":5351,"source_url":"https:\/\/lavras.tv\/site\/wp-content\/uploads\/2024\/12\/joelma_1_114240-170x102.jpg"},"lshowcase-thumb":{"file":"joelma_1_114240-200x120.jpg","width":200,"height":120,"mime-type":"image\/jpeg","filesize":6743,"source_url":"https:\/\/lavras.tv\/site\/wp-content\/uploads\/2024\/12\/joelma_1_114240-200x120.jpg"},"alm-thumbnail":{"file":"joelma_1_114240-150x150.jpg","width":150,"height":150,"mime-type":"image\/jpeg","filesize":7129,"source_url":"https:\/\/lavras.tv\/site\/wp-content\/uploads\/2024\/12\/joelma_1_114240-150x150.jpg"}},"image_meta":{"aperture":"0","credit":"","camera":"","caption":"","created_timestamp":"0","copyright":"","focal_length":"0","iso":"0","shutter_speed":"0","title":"","orientation":"0","keywords":[]}},"post":145288,"source_url":"https:\/\/lavras.tv\/site\/wp-content\/uploads\/2024\/12\/joelma_1_114240.jpg"},"author_meta":{"display_name":"Vinicius Bustamante","author_link":"https:\/\/lavras.tv\/site\/author\/vinicius-bustamante\/"},"featured_img":"https:\/\/lavras.tv\/site\/wp-content\/uploads\/2024\/12\/joelma_1_114240-470x282.jpg","coauthors":[],"tax_additional":{"categories":{"linked":["<a href=\"https:\/\/lavras.tv\/site\/category\/destaques\/\" class=\"advgb-post-tax-term\">Destaques<\/a>","<a href=\"https:\/\/lavras.tv\/site\/category\/noticias\/\" class=\"advgb-post-tax-term\">Not\u00edcias<\/a>"],"unlinked":["<span class=\"advgb-post-tax-term\">Destaques<\/span>","<span class=\"advgb-post-tax-term\">Not\u00edcias<\/span>"]}},"comment_count":"0","relative_dates":{"created":"Publicado 1 ano atr\u00e1s","modified":"Atualizado 1 ano atr\u00e1s"},"absolute_dates":{"created":"Publicado em 20 de dezembro de 2024","modified":"Atualizado em 20 de dezembro de 2024"},"absolute_dates_time":{"created":"Publicado em 20 de dezembro de 2024 16:10","modified":"Atualizado em 20 de dezembro de 2024 16:10"},"featured_img_caption":"","series_order":"","_links":{"self":[{"href":"https:\/\/lavras.tv\/site\/wp-json\/wp\/v2\/posts\/145288","targetHints":{"allow":["GET"]}}],"collection":[{"href":"https:\/\/lavras.tv\/site\/wp-json\/wp\/v2\/posts"}],"about":[{"href":"https:\/\/lavras.tv\/site\/wp-json\/wp\/v2\/types\/post"}],"author":[{"embeddable":true,"href":"https:\/\/lavras.tv\/site\/wp-json\/wp\/v2\/users\/5"}],"replies":[{"embeddable":true,"href":"https:\/\/lavras.tv\/site\/wp-json\/wp\/v2\/comments?post=145288"}],"version-history":[{"count":1,"href":"https:\/\/lavras.tv\/site\/wp-json\/wp\/v2\/posts\/145288\/revisions"}],"predecessor-version":[{"id":145290,"href":"https:\/\/lavras.tv\/site\/wp-json\/wp\/v2\/posts\/145288\/revisions\/145290"}],"wp:featuredmedia":[{"embeddable":true,"href":"https:\/\/lavras.tv\/site\/wp-json\/wp\/v2\/media\/145289"}],"wp:attachment":[{"href":"https:\/\/lavras.tv\/site\/wp-json\/wp\/v2\/media?parent=145288"}],"wp:term":[{"taxonomy":"category","embeddable":true,"href":"https:\/\/lavras.tv\/site\/wp-json\/wp\/v2\/categories?post=145288"},{"taxonomy":"post_tag","embeddable":true,"href":"https:\/\/lavras.tv\/site\/wp-json\/wp\/v2\/tags?post=145288"}],"curies":[{"name":"wp","href":"https:\/\/api.w.org\/{rel}","templated":true}]}}