{"id":145291,"date":"2024-12-20T16:29:38","date_gmt":"2024-12-20T19:29:38","guid":{"rendered":"https:\/\/lavras.tv\/site\/?p=145291"},"modified":"2024-12-20T16:29:39","modified_gmt":"2024-12-20T19:29:39","slug":"natal-solidario-fecomercio-mg-mobiliza-doacoes-para-familias-vulneraveis","status":"publish","type":"post","link":"https:\/\/lavras.tv\/site\/2024\/12\/20\/natal-solidario-fecomercio-mg-mobiliza-doacoes-para-familias-vulneraveis\/","title":{"rendered":"Natal Solid\u00e1rio: Fecom\u00e9rcio MG mobiliza doa\u00e7\u00f5es para fam\u00edlias vulner\u00e1veis"},"content":{"rendered":"<div class=\"lavra-antes-do-conteudo_2\" id=\"lavra-1587023345\"><div id=\"lavra-slider-27\" class=\"custom-slider lavra-slider-1921442679 lavra-slider\"><ul><li><div style=\"margin-left: auto;margin-right: auto;text-align: center;\" id=\"lavra-2255438583\"><a href=\"https:\/\/sistemas.lavras.mg.gov.br\/portalcidadao\/#df1b1a7c7b2a290bcb31e32771e610784662739a88807c0dacac58ede5f391a7530e299dc302d611ee73cb143fc22eaf93592e53e7b5bdb01b00a0b8d28dae460c141dd2ff83412e4dc1c31b16b25f33144a9e5620ea73b13f5bc1c59411d98439ad226e8af03840603796067d87afe130812cf3de24982d0e306f9e61e764e5\" aria-label=\"Lavras-TV&#8211;720x104px (1) (1)\"><img src=\"https:\/\/lavras.tv\/site\/wp-content\/uploads\/2025\/01\/Lavras-TV-720x104px-1-1.png\" alt=\"\"  srcset=\"https:\/\/lavras.tv\/site\/wp-content\/uploads\/2025\/01\/Lavras-TV-720x104px-1-1.png 720w, https:\/\/lavras.tv\/site\/wp-content\/uploads\/2025\/01\/Lavras-TV-720x104px-1-1-470x68.png 470w, https:\/\/lavras.tv\/site\/wp-content\/uploads\/2025\/01\/Lavras-TV-720x104px-1-1-170x25.png 170w, https:\/\/lavras.tv\/site\/wp-content\/uploads\/2025\/01\/Lavras-TV-720x104px-1-1-200x29.png 200w\" sizes=\"(max-width: 720px) 100vw, 720px\" width=\"720\" height=\"104\"  style=\"display: inline-block;\" \/><\/a><\/div><\/li><li><a href=\"https:\/\/sistemas.lavras.mg.gov.br\/portalcidadao\/#df1b1a7c7b2a290bcb31e32771e610784662739a88807c0dacac58ede5f391a7530e299dc302d611ee73cb143fc22eaf93592e53e7b5bdb01b00a0b8d28dae460c141dd2ff83412e4dc1c31b16b25f33144a9e5620ea73b13f5bc1c59411d98439ad226e8af03840603796067d87afe130812cf3de24982d0e306f9e61e764e5\" aria-label=\"Banner_Emprego_PortallavrasTV\"><img src=\"https:\/\/lavras.tv\/site\/wp-content\/uploads\/2025\/03\/Banner_Emprego_PortallavrasTV.png\" alt=\"\"  srcset=\"https:\/\/lavras.tv\/site\/wp-content\/uploads\/2025\/03\/Banner_Emprego_PortallavrasTV.png 720w, https:\/\/lavras.tv\/site\/wp-content\/uploads\/2025\/03\/Banner_Emprego_PortallavrasTV-470x68.png 470w, https:\/\/lavras.tv\/site\/wp-content\/uploads\/2025\/03\/Banner_Emprego_PortallavrasTV-170x25.png 170w, https:\/\/lavras.tv\/site\/wp-content\/uploads\/2025\/03\/Banner_Emprego_PortallavrasTV-200x29.png 200w\" sizes=\"(max-width: 720px) 100vw, 720px\" width=\"720\" height=\"104\"   \/><\/a><\/li><li><a href=\"https:\/\/sistemas.lavras.mg.gov.br\/portalcidadao\/#df1b1a7c7b2a290bcb31e32771e610784662739a88807c0dacac58ede5f391a7530e299dc302d611ee73cb143fc22eaf93592e53e7b5bdb01b00a0b8d28dae460c141dd2ff83412e4dc1c31b16b25f33144a9e5620ea73b13f5bc1c59411d98439ad226e8af03840603796067d87afe130812cf3de24982d0e306f9e61e764e5\" aria-label=\"Banner_Obras_PortallavrasTV\"><img src=\"https:\/\/lavras.tv\/site\/wp-content\/uploads\/2025\/03\/Banner_Obras_PortallavrasTV.png\" alt=\"\"  srcset=\"https:\/\/lavras.tv\/site\/wp-content\/uploads\/2025\/03\/Banner_Obras_PortallavrasTV.png 720w, https:\/\/lavras.tv\/site\/wp-content\/uploads\/2025\/03\/Banner_Obras_PortallavrasTV-470x68.png 470w, https:\/\/lavras.tv\/site\/wp-content\/uploads\/2025\/03\/Banner_Obras_PortallavrasTV-170x25.png 170w, https:\/\/lavras.tv\/site\/wp-content\/uploads\/2025\/03\/Banner_Obras_PortallavrasTV-200x29.png 200w\" sizes=\"(max-width: 720px) 100vw, 720px\" width=\"720\" height=\"104\"   \/><\/a><\/li><li><div style=\"margin-left: auto;margin-right: auto;text-align: center;\" id=\"lavra-3617700170\"><a href=\"https:\/\/sistemas.lavras.mg.gov.br\/portalcidadao\/#df1b1a7c7b2a290bcb31e32771e610784662739a88807c0dacac58ede5f391a7530e299dc302d611ee73cb143fc22eaf93592e53e7b5bdb01b00a0b8d28dae460c141dd2ff83412e4dc1c31b16b25f33144a9e5620ea73b13f5bc1c59411d98439ad226e8af03840603796067d87afe130812cf3de24982d0e306f9e61e764e5\" aria-label=\"Banner_Educa\u00e7\u00e3o_PortallavrasTV\"><img src=\"https:\/\/lavras.tv\/site\/wp-content\/uploads\/2025\/01\/Banner_Educacao_PortallavrasTV.png\" alt=\"\"  srcset=\"https:\/\/lavras.tv\/site\/wp-content\/uploads\/2025\/01\/Banner_Educacao_PortallavrasTV.png 720w, https:\/\/lavras.tv\/site\/wp-content\/uploads\/2025\/01\/Banner_Educacao_PortallavrasTV-470x68.png 470w, https:\/\/lavras.tv\/site\/wp-content\/uploads\/2025\/01\/Banner_Educacao_PortallavrasTV-170x25.png 170w, https:\/\/lavras.tv\/site\/wp-content\/uploads\/2025\/01\/Banner_Educacao_PortallavrasTV-200x29.png 200w\" sizes=\"(max-width: 720px) 100vw, 720px\" width=\"720\" height=\"104\"  style=\"display: inline-block;\" \/><\/a><\/div><\/li><li><a href=\"https:\/\/sistemas.lavras.mg.gov.br\/portalcidadao\/#df1b1a7c7b2a290bcb31e32771e610784662739a88807c0dacac58ede5f391a7530e299dc302d611ee73cb143fc22eaf93592e53e7b5bdb01b00a0b8d28dae460c141dd2ff83412e4dc1c31b16b25f33144a9e5620ea73b13f5bc1c59411d98439ad226e8af03840603796067d87afe130812cf3de24982d0e306f9e61e764e5\" aria-label=\"Banner_Sa\u00fade_PortallavrasTV\"><img src=\"https:\/\/lavras.tv\/site\/wp-content\/uploads\/2025\/03\/Banner_Saude_PortallavrasTV.png\" alt=\"\"  srcset=\"https:\/\/lavras.tv\/site\/wp-content\/uploads\/2025\/03\/Banner_Saude_PortallavrasTV.png 720w, https:\/\/lavras.tv\/site\/wp-content\/uploads\/2025\/03\/Banner_Saude_PortallavrasTV-470x68.png 470w, https:\/\/lavras.tv\/site\/wp-content\/uploads\/2025\/03\/Banner_Saude_PortallavrasTV-170x25.png 170w, https:\/\/lavras.tv\/site\/wp-content\/uploads\/2025\/03\/Banner_Saude_PortallavrasTV-200x29.png 200w\" sizes=\"(max-width: 720px) 100vw, 720px\" width=\"720\" height=\"104\"   \/><\/a><\/li><li><div id=\"lavra-827273170\" style=\"width:720px;height:104px;background-color:#ddd;overflow:scroll;\">\n\t<strong>Sa\u00edda da depura\u00e7\u00e3o de an\u00fancios<\/strong>\n\t<br><br>\n\tO an\u00fancio n\u00e3o \u00e9 exibido na p\u00e1gina<br><br>post atual: Natal Solid\u00e1rio: Fecom\u00e9rcio MG mobiliza doa\u00e7\u00f5es para fam\u00edlias vulner\u00e1veis, ID: 145291<br><br><span style=\"color: red;\">O post atual n\u00e3o \u00e9 id\u00eantico ao post principal.<\/span><br><br>An\u00fancios: ROXO - TOPO INTERNA - ROTATIVO 2 (197)<br \/>Grupo de an\u00fancios: Princ_Meio01_720x104 (27)<br><br>Condi\u00e7\u00f5es de exibi\u00e7\u00e3o<div style=\"margin-bottom: 20px; white-space: pre-wrap; font-family: monospace; width: 100%; background: #ffe9e9;\"><strong>condi\u00e7\u00f5es gerais<\/strong><table border=\"1\"><thead><tr><th><\/th><th>An\u00fancios<\/th><th>wp_the_query<\/th><\/tr><\/thead><tr><td>is_main_query<\/td><td>1<\/td><td>1<\/td><\/tr><tr><td>is_rest_api<\/td><td>0<\/td><td>1<\/td><\/tr><tr><td>page<\/td><td>0<\/td><td>1<\/td><\/tr><tr><td>numpages<\/td><td>0<\/td><td>1<\/td><\/tr><tr><td>is_archive<\/td><td>1<\/td><td><\/td><\/tr><tr><td>is_search<\/td><td>1<\/td><td><\/td><\/tr><tr><td>is_home<\/td><td>1<\/td><td><\/td><\/tr><tr><td>is_404<\/td><td>1<\/td><td><\/td><\/tr><tr><td>is_attachment<\/td><td>1<\/td><td><\/td><\/tr><tr><td>is_singular<\/td><td>1<\/td><td><\/td><\/tr><tr><td>is_front_page<\/td><td>1<\/td><td><\/td><\/tr><tr><td>is_feed<\/td><td>1<\/td><td><\/td><\/tr><\/table><\/div><br><br><span style=\"color: red;\">Seu site usa HTTPS, mas o c\u00f3digo do an\u00fancio cont\u00e9m HTTP e pode n\u00e3o funcionar.<\/span>\t<br><br>\n\t<a style=\"color: green;\" href=\"https:\/\/wpadvancedads.com\/manual\/ad-debug-mode\/?utm_source=advanced-ads&utm_medium=link&utm_campaign=ad-debug-mode\" target=\"_blank\" rel=\"nofollow\">Encontre solu\u00e7\u00f5es no manual<\/a>\n<\/div>\n<\/li><\/ul><\/div><script>( window.advanced_ads_ready || jQuery( document ).ready ).call( null, function() {var $lavraslider1921442679 = jQuery( \".lavra-slider-1921442679\" );$lavraslider1921442679.on( \"unslider.ready\", function() { jQuery( \"div.custom-slider ul li\" ).css( \"display\", \"block\" ); });$lavraslider1921442679.unslider({ delay:4000, autoplay:true, nav:false, arrows:false, infinite:true });$lavraslider1921442679.on(\"mouseover\", function() {$lavraslider1921442679.unslider(\"stop\");}).on(\"mouseout\", function() {$lavraslider1921442679.unslider(\"start\");});});<\/script><\/div>\n<p>Com apoio do Sesc, Senac e Sindicatos, Fecom\u00e9rcio MG lan\u00e7a a 4\u00aa edi\u00e7\u00e3o da campanha Natal Solid\u00e1rio Sesc Mesa Brasil para ajudar fam\u00edlias carentes; participe!<\/p>\n\n\n\n<figure class=\"wp-block-image size-large\"><img fetchpriority=\"high\" decoding=\"async\" width=\"970\" height=\"581\" src=\"https:\/\/lavras.tv\/site\/wp-content\/uploads\/2024\/12\/1_novo_projeto__38_-43243160-970x581.jpg\" alt=\"\" class=\"wp-image-145292\" title=\"Com a for\u00e7a da solidariedade, Fecom\u00e9rcio MG lan\u00e7a a 4\u00aa edi\u00e7\u00e3o do Natal Solid\u00e1rio Sesc Mesa Brasil, espalhando esperan\u00e7a e transformando vidas em Minas Gerais  -  (cr\u00e9dito: Divulga\u00e7\u00e3o Sesc)\" srcset=\"https:\/\/lavras.tv\/site\/wp-content\/uploads\/2024\/12\/1_novo_projeto__38_-43243160-970x581.jpg 970w, https:\/\/lavras.tv\/site\/wp-content\/uploads\/2024\/12\/1_novo_projeto__38_-43243160-470x282.jpg 470w, https:\/\/lavras.tv\/site\/wp-content\/uploads\/2024\/12\/1_novo_projeto__38_-43243160-170x102.jpg 170w, https:\/\/lavras.tv\/site\/wp-content\/uploads\/2024\/12\/1_novo_projeto__38_-43243160-200x120.jpg 200w, https:\/\/lavras.tv\/site\/wp-content\/uploads\/2024\/12\/1_novo_projeto__38_-43243160.jpg 1200w\" sizes=\"(max-width: 970px) 100vw, 970px\" \/><figcaption class=\"wp-element-caption\">Com a for\u00e7a da solidariedade, Fecom\u00e9rcio MG lan\u00e7a a 4\u00aa edi\u00e7\u00e3o do Natal Solid\u00e1rio Sesc Mesa Brasil, espalhando esperan\u00e7a e transformando vidas em Minas Gerais<small>cr\u00e9dito: Divulga\u00e7\u00e3o Sesc<\/small><\/figcaption><\/figure>\n\n\n\n<p>Com a chegada do Natal, o esp\u00edrito de solidariedade ganha for\u00e7a em todo o estado de Minas Gerais. Pensando nisso, o Sistema Fecom\u00e9rcio MG, por meio de suas unidades do Sesc e Senac e dos Sindicatos Empresariais, lan\u00e7ou a 4\u00aa edi\u00e7\u00e3o da campanha Natal Solid\u00e1rio Sesc Mesa Brasil. A a\u00e7\u00e3o convida os mineiros e as mineiras a participarem de uma ampla rede de solidariedade, arrecadando alimentos e doa\u00e7\u00f5es para ajudar fam\u00edlias em situa\u00e7\u00e3o de vulnerabilidade social.<\/p>\n\n\n\n<p>O Natal Solid\u00e1rio nasceu h\u00e1 12 anos em Almenara, no Vale do Jequitinhonha, e, ao longo do tempo, expandiu-se para todas as unidades do Sesc em Minas. A campanha arrecada alimentos n\u00e3o perec\u00edveis com o objetivo de proporcionar um Natal mais digno para crian\u00e7as, jovens e pessoas adultas e +60 que enfrentam dificuldades. Nos \u00faltimos anos, foram arrecadadas mais de 340 toneladas de alimentos em 194 pontos de coleta espalhados por Minas Gerais.<\/p>\n\n\n\n<p>Neste ano, a campanha segue ainda mais inclusiva, com a possibilidade de doa\u00e7\u00f5es por meio de uma chave-pix: natalsolidario@sescmg.com.br. Para quem prefere doar presencialmente, os pontos de coleta est\u00e3o dispon\u00edveis nas unidades do Sesc situadas em todas as regi\u00f5es de Minas Gerais. S\u00e3o mais de 20 pontos, e a lista completa pode ser consultada&nbsp;<a href=\"https:\/\/sescmg.com.br\/noticias\/campanha-de-natal-do-sistema-fecomercio-mg-arrecada-donativos-para-familias-em-situacao-de-vulnerabilidade-saiba-como-colaborar\/\">clicando aqui<\/a>.<\/p>\n\n\n\n<p>Uma das grandes for\u00e7as da campanha \u00e9 sua capacidade de mobilizar n\u00e3o apenas pessoas f\u00edsicas, mas tamb\u00e9m representantes do empresariado e do com\u00e9rcio. Ao participar, as empresas fortalecem o Sesc Mesa Brasil, um dos programas de combate \u00e0 fome mais consolidados do pa\u00eds. A parceria entre o setor comercial e a sociedade \u00e9 uma ferramenta poderosa para transformar vidas e promover o bem-estar coletivo.<\/p>\n\n\n\n<h2 class=\"wp-block-heading\">Sesc Mesa Brasil<\/h2>\n\n\n\n<p>Criado em 1994, o Programa Sesc Mesa Brasil atualmente se configura como a maior rede privada de bancos de alimentos da Am\u00e9rica Latina e tem como objetivo reduzir a inseguran\u00e7a alimentar e nutricional por meio de parcerias com empresas doadoras e entidades sociais que atendem ao p\u00fablico em situa\u00e7\u00e3o de vulnerabilidade social.<\/p>\n\n\n\n<p>Em 2023, o Sesc Mesa Brasil em Minas alcan\u00e7ou n\u00fameros expressivos, com a distribui\u00e7\u00e3o de mais de 8 milh\u00f5es de quilos de alimentos, beneficiando mais de 1,2 milh\u00e3o de pessoas. Al\u00e9m disso, foram doados itens como produtos de higiene, limpeza, vestu\u00e1rio e outros materiais essenciais.<\/p>\n\n\n\n<p>O Programa \u00e9 um exemplo de como a uni\u00e3o de esfor\u00e7os pode gerar um impacto significativo. Ele n\u00e3o apenas atende \u00e0s necessidades imediatas de quem tem fome, como tamb\u00e9m promove a conscientiza\u00e7\u00e3o sobre o desperd\u00edcio de alimentos, contribuindo para uma sociedade mais sustent\u00e1vel e solid\u00e1ria.<\/p>\n\n\n\n<figure class=\"wp-block-image\"><img decoding=\"async\" src=\"https:\/\/midias.em.com.br\/_midias\/jpg\/2024\/12\/18\/novo_projeto__35_-43243099.jpg\" alt=\"A campanha Natal Solid\u00e1rio Sesc Mesa Brasil segue sua mobiliza\u00e7\u00e3o para transformar o Natal de fam\u00edlias em situa\u00e7\u00e3o de vulnerabilidade social\" title=\"A campanha Natal Solid\u00e1rio Sesc Mesa Brasil segue sua mobiliza\u00e7\u00e3o para transformar o Natal de fam\u00edlias em situa\u00e7\u00e3o de vulnerabilidade social\"\/><figcaption class=\"wp-element-caption\">A campanha Natal Solid\u00e1rio Sesc Mesa Brasil segue sua mobiliza\u00e7\u00e3o para transformar o Natal de fam\u00edlias em situa\u00e7\u00e3o de vulnerabilidade social<small>Divulga\u00e7\u00e3o Mesa Brasil<\/small><\/figcaption><\/figure>\n\n\n\n<h3 class=\"wp-block-heading\">Atua\u00e7\u00e3o social durante todo o ano<\/h3>\n\n\n\n<p>Embora o Natal Solid\u00e1rio seja um dos pontos altos da atua\u00e7\u00e3o social do Sistema Fecom\u00e9rcio MG, suas a\u00e7\u00f5es n\u00e3o se limitam ao per\u00edodo natalino. A institui\u00e7\u00e3o mant\u00e9m um compromisso constante com a promo\u00e7\u00e3o da qualidade de vida, da educa\u00e7\u00e3o e do desenvolvimento econ\u00f4mico em Minas Gerais. Por meio de iniciativas realizadas pelo Sesc e pelo Senac, a Fecom\u00e9rcio MG fortalece o setor terci\u00e1rio mineiro e apoia comunidades vulner\u00e1veis durante todo o ano.<\/p>\n\n\n\n<p>O Senac MG se destaca por ser refer\u00eancia na capacita\u00e7\u00e3o profissional, oferecendo cursos que atendem \u00e0s demandas do mercado e preparam as pessoas para ocupa\u00e7\u00f5es estrat\u00e9gicas em diversas \u00e1reas. J\u00e1 o Sesc em Minas promove atividades nas \u00e1reas da Cultura, da Educa\u00e7\u00e3o, da A\u00e7\u00e3o Social, da Sa\u00fade e do Lazer que beneficiam diretamente trabalhadores e trabalhadoras do com\u00e9rcio e suas fam\u00edlias, ampliando o acesso a bens e servi\u00e7os essenciais.<\/p>\n\n\n\n<h2 class=\"wp-block-heading\">Por que participar da campanha Natal Solid\u00e1rio?<\/h2>\n\n\n\n<p>A campanha Natal Solid\u00e1rio vai al\u00e9m da doa\u00e7\u00e3o de alimentos. Ela representa uma oportunidade de fortalecer os la\u00e7os comunit\u00e1rios e demonstrar o poder da colabora\u00e7\u00e3o. Para quem doa, \u00e9 uma forma de exercer a cidadania e contribuir para uma sociedade mais justa. Para quem recebe o benef\u00edcio \u00e9 uma chance de viver o Natal com mais dignidade e esperan\u00e7a.<\/p>\n\n\n\n<p>Al\u00e9m disso, ao participar da campanha, empresas e pessoas f\u00edsicas se tornam parte de uma rede que valoriza o bem-estar social e o desenvolvimento sustent\u00e1vel. O impacto dessas a\u00e7\u00f5es vai al\u00e9m do per\u00edodo natalino, deixando um legado positivo para toda a comunidade.<\/p>\n\n\n\n<p>A cada ano, o Natal Solid\u00e1rio tem se mostrado uma campanha de grande alcance e efici\u00eancia. Desde sua cria\u00e7\u00e3o, a iniciativa cresceu e conquistou apoio por meio de diversas parcerias, que contribuem com doa\u00e7\u00f5es e divulga\u00e7\u00e3o. O engajamento coletivo \u00e9 fundamental para aumentar o volume de arrecada\u00e7\u00e3o e ampliar o impacto da a\u00e7\u00e3o. A distribui\u00e7\u00e3o de milh\u00f5es de quilos de alimentos e o atendimento a milhares de pessoas s\u00e3o exemplos concretos de como a solidariedade pode transformar realidades.<\/p>\n\n\n\n<h2 class=\"wp-block-heading\">Sistema Fecom\u00e9rcio MG: investimento e promo\u00e7\u00e3o do bem-estar social<\/h2>\n\n\n\n<p>O&nbsp;<a href=\"https:\/\/fecomerciomg.org.br\/\">Sistema Fecom\u00e9rcio MG<\/a>&nbsp;\u00e9 uma entidade que atua em diferentes frentes para promover o desenvolvimento do com\u00e9rcio de bens, servi\u00e7os e turismo em Minas Gerais. Al\u00e9m de representar os interesses empresariais, a institui\u00e7\u00e3o investe em a\u00e7\u00f5es sociais e educacionais que beneficiam diretamente a sociedade e em solu\u00e7\u00f5es para empresas e microempreendimentos nos segmentos de sa\u00fade, neg\u00f3cio, tecnologia, entre outros.<\/p>\n\n\n\n<p>A atua\u00e7\u00e3o integrada do Sesc, Senac e dos Sindicatos Empresariais permite que o Sistema Fecom\u00e9rcio MG atenda a diversas demandas, desde a qualifica\u00e7\u00e3o profissional at\u00e9 a promo\u00e7\u00e3o da seguran\u00e7a alimentar. Essa abordagem abrangente fortalece o setor terci\u00e1rio e contribui para a economia estadual, ao mesmo tempo em que melhora a qualidade de vida das comunidades.<\/p>\n\n\n\n<p>Atualmente, o Sistema Fecom\u00e9rcio est\u00e1 presente nos 853 munic\u00edpios mineiros, com parceria de 740 mil empresas. S\u00e3o 51 sindicatos filiados \u00e0 institui\u00e7\u00e3o, sendo seis conveniados.<\/p>\n\n\n\n<h2 class=\"wp-block-heading\">Participe da Campanha Natal Solid\u00e1rio<\/h2>\n\n\n\n<p>A campanha Natal Solid\u00e1rio Sesc Mesa Brasil \u00e9 uma oportunidade de fazer a diferen\u00e7a neste fim de ano. Seja por meio de doa\u00e7\u00f5es financeiras ou alimentos n\u00e3o perec\u00edveis, cada contribui\u00e7\u00e3o ajuda a transformar a vida de fam\u00edlias que enfrentam dificuldades. Para saber mais sobre a campanha e como participar, acesse&nbsp;<a href=\"https:\/\/mais.sescmg.com.br\/sistemafecomerciomg\">Natal Solid\u00e1rio<\/a>.<\/p>\n\n\n\n<p>O esp\u00edrito de solidariedade \u00e9 um reflexo do compromisso do Sistema Fecom\u00e9rcio MG com a sociedade mineira. Ao unir esfor\u00e7os, empres\u00e1rios, empres\u00e1rias, trabalhadores, trabalhadoras, cidad\u00e3os e cidad\u00e3s podem construir um futuro mais justo e promissor para todo mundo.<\/p>\n","protected":false},"excerpt":{"rendered":"<p>Com apoio do Sesc, Senac e Sindicatos, Fecom\u00e9rcio MG lan\u00e7a a 4\u00aa edi\u00e7\u00e3o da campanha Natal Solid\u00e1rio Sesc Mesa Brasil para ajudar fam\u00edlias carentes; participe! Com a chegada do Natal, o esp\u00edrito de solidariedade ganha for\u00e7a em todo o estado de Minas Gerais. Pensando nisso, o Sistema Fecom\u00e9rcio MG, por meio de suas unidades do [&hellip;]<\/p>\n","protected":false},"author":5,"featured_media":145292,"comment_status":"closed","ping_status":"open","sticky":false,"template":"","format":"standard","meta":{"advgb_blocks_editor_width":"","advgb_blocks_columns_visual_guide":"","_exactmetrics_skip_tracking":false,"_exactmetrics_sitenote_active":false,"_exactmetrics_sitenote_note":"","_exactmetrics_sitenote_category":0,"footnotes":""},"categories":[7,2],"tags":[],"class_list":["post-145291","post","type-post","status-publish","format-standard","has-post-thumbnail","hentry","category-destaques","category-noticias"],"better_featured_image":{"id":145292,"alt_text":"","caption":"","description":"","media_type":"image","media_details":{"width":1200,"height":719,"file":"2024\/12\/1_novo_projeto__38_-43243160.jpg","filesize":223709,"sizes":{"medium":{"file":"1_novo_projeto__38_-43243160-470x282.jpg","width":470,"height":282,"mime-type":"image\/jpeg","filesize":34208,"source_url":"https:\/\/lavras.tv\/site\/wp-content\/uploads\/2024\/12\/1_novo_projeto__38_-43243160-470x282.jpg"},"large":{"file":"1_novo_projeto__38_-43243160-970x581.jpg","width":970,"height":581,"mime-type":"image\/jpeg","filesize":119668,"source_url":"https:\/\/lavras.tv\/site\/wp-content\/uploads\/2024\/12\/1_novo_projeto__38_-43243160-970x581.jpg"},"thumbnail":{"file":"1_novo_projeto__38_-43243160-170x102.jpg","width":170,"height":102,"mime-type":"image\/jpeg","filesize":5730,"source_url":"https:\/\/lavras.tv\/site\/wp-content\/uploads\/2024\/12\/1_novo_projeto__38_-43243160-170x102.jpg"},"lshowcase-thumb":{"file":"1_novo_projeto__38_-43243160-200x120.jpg","width":200,"height":120,"mime-type":"image\/jpeg","filesize":7383,"source_url":"https:\/\/lavras.tv\/site\/wp-content\/uploads\/2024\/12\/1_novo_projeto__38_-43243160-200x120.jpg"},"alm-thumbnail":{"file":"1_novo_projeto__38_-43243160-150x150.jpg","width":150,"height":150,"mime-type":"image\/jpeg","filesize":7079,"source_url":"https:\/\/lavras.tv\/site\/wp-content\/uploads\/2024\/12\/1_novo_projeto__38_-43243160-150x150.jpg"}},"image_meta":{"aperture":"0","credit":"","camera":"","caption":"","created_timestamp":"0","copyright":"","focal_length":"0","iso":"0","shutter_speed":"0","title":"","orientation":"0","keywords":[]}},"post":145291,"source_url":"https:\/\/lavras.tv\/site\/wp-content\/uploads\/2024\/12\/1_novo_projeto__38_-43243160.jpg"},"author_meta":{"display_name":"Vinicius Bustamante","author_link":"https:\/\/lavras.tv\/site\/author\/vinicius-bustamante\/"},"featured_img":"https:\/\/lavras.tv\/site\/wp-content\/uploads\/2024\/12\/1_novo_projeto__38_-43243160-470x282.jpg","coauthors":[],"tax_additional":{"categories":{"linked":["<a href=\"https:\/\/lavras.tv\/site\/category\/destaques\/\" class=\"advgb-post-tax-term\">Destaques<\/a>","<a href=\"https:\/\/lavras.tv\/site\/category\/noticias\/\" class=\"advgb-post-tax-term\">Not\u00edcias<\/a>"],"unlinked":["<span class=\"advgb-post-tax-term\">Destaques<\/span>","<span class=\"advgb-post-tax-term\">Not\u00edcias<\/span>"]}},"comment_count":"0","relative_dates":{"created":"Publicado 1 ano atr\u00e1s","modified":"Atualizado 1 ano atr\u00e1s"},"absolute_dates":{"created":"Publicado em 20 de dezembro de 2024","modified":"Atualizado em 20 de dezembro de 2024"},"absolute_dates_time":{"created":"Publicado em 20 de dezembro de 2024 16:29","modified":"Atualizado em 20 de dezembro de 2024 16:29"},"featured_img_caption":"","series_order":"","_links":{"self":[{"href":"https:\/\/lavras.tv\/site\/wp-json\/wp\/v2\/posts\/145291","targetHints":{"allow":["GET"]}}],"collection":[{"href":"https:\/\/lavras.tv\/site\/wp-json\/wp\/v2\/posts"}],"about":[{"href":"https:\/\/lavras.tv\/site\/wp-json\/wp\/v2\/types\/post"}],"author":[{"embeddable":true,"href":"https:\/\/lavras.tv\/site\/wp-json\/wp\/v2\/users\/5"}],"replies":[{"embeddable":true,"href":"https:\/\/lavras.tv\/site\/wp-json\/wp\/v2\/comments?post=145291"}],"version-history":[{"count":1,"href":"https:\/\/lavras.tv\/site\/wp-json\/wp\/v2\/posts\/145291\/revisions"}],"predecessor-version":[{"id":145293,"href":"https:\/\/lavras.tv\/site\/wp-json\/wp\/v2\/posts\/145291\/revisions\/145293"}],"wp:featuredmedia":[{"embeddable":true,"href":"https:\/\/lavras.tv\/site\/wp-json\/wp\/v2\/media\/145292"}],"wp:attachment":[{"href":"https:\/\/lavras.tv\/site\/wp-json\/wp\/v2\/media?parent=145291"}],"wp:term":[{"taxonomy":"category","embeddable":true,"href":"https:\/\/lavras.tv\/site\/wp-json\/wp\/v2\/categories?post=145291"},{"taxonomy":"post_tag","embeddable":true,"href":"https:\/\/lavras.tv\/site\/wp-json\/wp\/v2\/tags?post=145291"}],"curies":[{"name":"wp","href":"https:\/\/api.w.org\/{rel}","templated":true}]}}