{"id":145912,"date":"2024-12-23T13:50:29","date_gmt":"2024-12-23T16:50:29","guid":{"rendered":"https:\/\/lavras.tv\/site\/?p=145912"},"modified":"2024-12-23T13:50:30","modified_gmt":"2024-12-23T16:50:30","slug":"epamig-encerra-2024-com-garantia-de-mais-recursos-para-projetos-de-pesquisa","status":"publish","type":"post","link":"https:\/\/lavras.tv\/site\/2024\/12\/23\/epamig-encerra-2024-com-garantia-de-mais-recursos-para-projetos-de-pesquisa\/","title":{"rendered":"Epamig encerra 2024 com garantia de mais recursos para projetos de pesquisa"},"content":{"rendered":"<div class=\"lavra-antes-do-conteudo_2\" id=\"lavra-2140019170\"><div id=\"lavra-slider-27\" class=\"custom-slider lavra-slider-3067266139 lavra-slider\"><ul><li><div style=\"margin-left: auto;margin-right: auto;text-align: center;\" id=\"lavra-2719289249\"><a href=\"https:\/\/sistemas.lavras.mg.gov.br\/portalcidadao\/#df1b1a7c7b2a290bcb31e32771e610784662739a88807c0dacac58ede5f391a7530e299dc302d611ee73cb143fc22eaf93592e53e7b5bdb01b00a0b8d28dae460c141dd2ff83412e4dc1c31b16b25f33144a9e5620ea73b13f5bc1c59411d98439ad226e8af03840603796067d87afe130812cf3de24982d0e306f9e61e764e5\" aria-label=\"Lavras-TV&#8211;720x104px (1) (1)\"><img src=\"https:\/\/lavras.tv\/site\/wp-content\/uploads\/2025\/01\/Lavras-TV-720x104px-1-1.png\" alt=\"\"  srcset=\"https:\/\/lavras.tv\/site\/wp-content\/uploads\/2025\/01\/Lavras-TV-720x104px-1-1.png 720w, https:\/\/lavras.tv\/site\/wp-content\/uploads\/2025\/01\/Lavras-TV-720x104px-1-1-470x68.png 470w, https:\/\/lavras.tv\/site\/wp-content\/uploads\/2025\/01\/Lavras-TV-720x104px-1-1-170x25.png 170w, https:\/\/lavras.tv\/site\/wp-content\/uploads\/2025\/01\/Lavras-TV-720x104px-1-1-200x29.png 200w\" sizes=\"(max-width: 720px) 100vw, 720px\" width=\"720\" height=\"104\"  style=\"display: inline-block;\" \/><\/a><\/div><\/li><li><a href=\"https:\/\/sistemas.lavras.mg.gov.br\/portalcidadao\/#df1b1a7c7b2a290bcb31e32771e610784662739a88807c0dacac58ede5f391a7530e299dc302d611ee73cb143fc22eaf93592e53e7b5bdb01b00a0b8d28dae460c141dd2ff83412e4dc1c31b16b25f33144a9e5620ea73b13f5bc1c59411d98439ad226e8af03840603796067d87afe130812cf3de24982d0e306f9e61e764e5\" aria-label=\"Banner_Emprego_PortallavrasTV\"><img src=\"https:\/\/lavras.tv\/site\/wp-content\/uploads\/2025\/03\/Banner_Emprego_PortallavrasTV.png\" alt=\"\"  srcset=\"https:\/\/lavras.tv\/site\/wp-content\/uploads\/2025\/03\/Banner_Emprego_PortallavrasTV.png 720w, https:\/\/lavras.tv\/site\/wp-content\/uploads\/2025\/03\/Banner_Emprego_PortallavrasTV-470x68.png 470w, https:\/\/lavras.tv\/site\/wp-content\/uploads\/2025\/03\/Banner_Emprego_PortallavrasTV-170x25.png 170w, https:\/\/lavras.tv\/site\/wp-content\/uploads\/2025\/03\/Banner_Emprego_PortallavrasTV-200x29.png 200w\" sizes=\"(max-width: 720px) 100vw, 720px\" width=\"720\" height=\"104\"   \/><\/a><\/li><li><a href=\"https:\/\/sistemas.lavras.mg.gov.br\/portalcidadao\/#df1b1a7c7b2a290bcb31e32771e610784662739a88807c0dacac58ede5f391a7530e299dc302d611ee73cb143fc22eaf93592e53e7b5bdb01b00a0b8d28dae460c141dd2ff83412e4dc1c31b16b25f33144a9e5620ea73b13f5bc1c59411d98439ad226e8af03840603796067d87afe130812cf3de24982d0e306f9e61e764e5\" aria-label=\"Banner_Obras_PortallavrasTV\"><img src=\"https:\/\/lavras.tv\/site\/wp-content\/uploads\/2025\/03\/Banner_Obras_PortallavrasTV.png\" alt=\"\"  srcset=\"https:\/\/lavras.tv\/site\/wp-content\/uploads\/2025\/03\/Banner_Obras_PortallavrasTV.png 720w, https:\/\/lavras.tv\/site\/wp-content\/uploads\/2025\/03\/Banner_Obras_PortallavrasTV-470x68.png 470w, https:\/\/lavras.tv\/site\/wp-content\/uploads\/2025\/03\/Banner_Obras_PortallavrasTV-170x25.png 170w, https:\/\/lavras.tv\/site\/wp-content\/uploads\/2025\/03\/Banner_Obras_PortallavrasTV-200x29.png 200w\" sizes=\"(max-width: 720px) 100vw, 720px\" width=\"720\" height=\"104\"   \/><\/a><\/li><li><div style=\"margin-left: auto;margin-right: auto;text-align: center;\" id=\"lavra-2261968570\"><a href=\"https:\/\/sistemas.lavras.mg.gov.br\/portalcidadao\/#df1b1a7c7b2a290bcb31e32771e610784662739a88807c0dacac58ede5f391a7530e299dc302d611ee73cb143fc22eaf93592e53e7b5bdb01b00a0b8d28dae460c141dd2ff83412e4dc1c31b16b25f33144a9e5620ea73b13f5bc1c59411d98439ad226e8af03840603796067d87afe130812cf3de24982d0e306f9e61e764e5\" aria-label=\"Banner_Educa\u00e7\u00e3o_PortallavrasTV\"><img src=\"https:\/\/lavras.tv\/site\/wp-content\/uploads\/2025\/01\/Banner_Educacao_PortallavrasTV.png\" alt=\"\"  srcset=\"https:\/\/lavras.tv\/site\/wp-content\/uploads\/2025\/01\/Banner_Educacao_PortallavrasTV.png 720w, https:\/\/lavras.tv\/site\/wp-content\/uploads\/2025\/01\/Banner_Educacao_PortallavrasTV-470x68.png 470w, https:\/\/lavras.tv\/site\/wp-content\/uploads\/2025\/01\/Banner_Educacao_PortallavrasTV-170x25.png 170w, https:\/\/lavras.tv\/site\/wp-content\/uploads\/2025\/01\/Banner_Educacao_PortallavrasTV-200x29.png 200w\" sizes=\"(max-width: 720px) 100vw, 720px\" width=\"720\" height=\"104\"  style=\"display: inline-block;\" \/><\/a><\/div><\/li><li><a href=\"https:\/\/sistemas.lavras.mg.gov.br\/portalcidadao\/#df1b1a7c7b2a290bcb31e32771e610784662739a88807c0dacac58ede5f391a7530e299dc302d611ee73cb143fc22eaf93592e53e7b5bdb01b00a0b8d28dae460c141dd2ff83412e4dc1c31b16b25f33144a9e5620ea73b13f5bc1c59411d98439ad226e8af03840603796067d87afe130812cf3de24982d0e306f9e61e764e5\" aria-label=\"Banner_Sa\u00fade_PortallavrasTV\"><img src=\"https:\/\/lavras.tv\/site\/wp-content\/uploads\/2025\/03\/Banner_Saude_PortallavrasTV.png\" alt=\"\"  srcset=\"https:\/\/lavras.tv\/site\/wp-content\/uploads\/2025\/03\/Banner_Saude_PortallavrasTV.png 720w, https:\/\/lavras.tv\/site\/wp-content\/uploads\/2025\/03\/Banner_Saude_PortallavrasTV-470x68.png 470w, https:\/\/lavras.tv\/site\/wp-content\/uploads\/2025\/03\/Banner_Saude_PortallavrasTV-170x25.png 170w, https:\/\/lavras.tv\/site\/wp-content\/uploads\/2025\/03\/Banner_Saude_PortallavrasTV-200x29.png 200w\" sizes=\"(max-width: 720px) 100vw, 720px\" width=\"720\" height=\"104\"   \/><\/a><\/li><li><div id=\"lavra-2738872222\" style=\"width:720px;height:104px;background-color:#ddd;overflow:scroll;\">\n\t<strong>Sa\u00edda da depura\u00e7\u00e3o de an\u00fancios<\/strong>\n\t<br><br>\n\tO an\u00fancio n\u00e3o \u00e9 exibido na p\u00e1gina<br><br>post atual: Epamig encerra 2024 com garantia de mais recursos para projetos de pesquisa, ID: 145912<br><br><span style=\"color: red;\">O post atual n\u00e3o \u00e9 id\u00eantico ao post principal.<\/span><br><br>An\u00fancios: ROXO - TOPO INTERNA - ROTATIVO 2 (197)<br \/>Grupo de an\u00fancios: Princ_Meio01_720x104 (27)<br><br>Condi\u00e7\u00f5es de exibi\u00e7\u00e3o<div style=\"margin-bottom: 20px; white-space: pre-wrap; font-family: monospace; width: 100%; background: #ffe9e9;\"><strong>condi\u00e7\u00f5es gerais<\/strong><table border=\"1\"><thead><tr><th><\/th><th>An\u00fancios<\/th><th>wp_the_query<\/th><\/tr><\/thead><tr><td>is_main_query<\/td><td>1<\/td><td>1<\/td><\/tr><tr><td>is_rest_api<\/td><td>0<\/td><td>1<\/td><\/tr><tr><td>page<\/td><td>0<\/td><td>1<\/td><\/tr><tr><td>numpages<\/td><td>0<\/td><td>1<\/td><\/tr><tr><td>is_archive<\/td><td>1<\/td><td><\/td><\/tr><tr><td>is_search<\/td><td>1<\/td><td><\/td><\/tr><tr><td>is_home<\/td><td>1<\/td><td><\/td><\/tr><tr><td>is_404<\/td><td>1<\/td><td><\/td><\/tr><tr><td>is_attachment<\/td><td>1<\/td><td><\/td><\/tr><tr><td>is_singular<\/td><td>1<\/td><td><\/td><\/tr><tr><td>is_front_page<\/td><td>1<\/td><td><\/td><\/tr><tr><td>is_feed<\/td><td>1<\/td><td><\/td><\/tr><\/table><\/div><br><br><span style=\"color: red;\">Seu site usa HTTPS, mas o c\u00f3digo do an\u00fancio cont\u00e9m HTTP e pode n\u00e3o funcionar.<\/span>\t<br><br>\n\t<a style=\"color: green;\" href=\"https:\/\/wpadvancedads.com\/manual\/ad-debug-mode\/?utm_source=advanced-ads&utm_medium=link&utm_campaign=ad-debug-mode\" target=\"_blank\" rel=\"nofollow\">Encontre solu\u00e7\u00f5es no manual<\/a>\n<\/div>\n<\/li><\/ul><\/div><script>( window.advanced_ads_ready || jQuery( document ).ready ).call( null, function() {var $lavraslider3067266139 = jQuery( \".lavra-slider-3067266139\" );$lavraslider3067266139.on( \"unslider.ready\", function() { jQuery( \"div.custom-slider ul li\" ).css( \"display\", \"block\" ); });$lavraslider3067266139.unslider({ delay:4000, autoplay:true, nav:false, arrows:false, infinite:true });$lavraslider3067266139.on(\"mouseover\", function() {$lavraslider3067266139.unslider(\"stop\");}).on(\"mouseout\", function() {$lavraslider3067266139.unslider(\"start\");});});<\/script><\/div>\n<p><em>Empresa, que completou 50 anos em 2024, comemora tamb\u00e9m o reconhecimento dos resultados positivos da gest\u00e3o<\/em><\/p>\n\n\n\n<figure class=\"wp-block-image size-full\"><img fetchpriority=\"high\" decoding=\"async\" width=\"740\" height=\"556\" src=\"https:\/\/lavras.tv\/site\/wp-content\/uploads\/2024\/12\/epamig-mantem-dois-cursos-de-graduacao-tecnologica-foto-alessandro-botelho.png\" alt=\"\" class=\"wp-image-145913\" srcset=\"https:\/\/lavras.tv\/site\/wp-content\/uploads\/2024\/12\/epamig-mantem-dois-cursos-de-graduacao-tecnologica-foto-alessandro-botelho.png 740w, https:\/\/lavras.tv\/site\/wp-content\/uploads\/2024\/12\/epamig-mantem-dois-cursos-de-graduacao-tecnologica-foto-alessandro-botelho-399x300.png 399w, https:\/\/lavras.tv\/site\/wp-content\/uploads\/2024\/12\/epamig-mantem-dois-cursos-de-graduacao-tecnologica-foto-alessandro-botelho-170x128.png 170w, https:\/\/lavras.tv\/site\/wp-content\/uploads\/2024\/12\/epamig-mantem-dois-cursos-de-graduacao-tecnologica-foto-alessandro-botelho-200x150.png 200w\" sizes=\"(max-width: 740px) 100vw, 740px\" \/><\/figure>\n\n\n\n<p>A&nbsp;<a href=\"https:\/\/www.epamig.br\/\" target=\"_blank\" rel=\"noreferrer noopener\">Empresa de Pesquisa Agropecu\u00e1ria de Minas Gerais (Epamig)<\/a>&nbsp;termina 2024 com a consolida\u00e7\u00e3o de marcos importantes. O principal deles foi a san\u00e7\u00e3o da Lei Estadual 24.821\/2024, que garante a destina\u00e7\u00e3o de recursos estaduais exclusivos para a pesquisa agropecu\u00e1ria.<\/p>\n\n\n\n<p>\u201cEste ano, no qual comemoramos os 50 anos da Epamig, tem sido bastante especial. Esta Lei assegura, constitucionalmente, 8% dos recursos destinados \u00e0s pesquisas financiadas pela&nbsp;<a href=\"http:\/\/www.fapemig.br\/pt\/\" target=\"_blank\" rel=\"noreferrer noopener\">Funda\u00e7\u00e3o de Amparo \u00e0 Pesquisa do Estado de Minas Gerais (Fapemig)<\/a>&nbsp;\u2013 para projetos da Epamig, uma mudan\u00e7a de patamar para a pesquisa agropecu\u00e1ria em Minas Gerais\u201d, avalia a diretora-presidente, Nilda Ferreira Soares.<\/p>\n\n\n\n<p>Outro ponto positivo registrado nos \u00faltimos anos tem sido o cumprimento das metas da gest\u00e3o, com equil\u00edbrio fiscal e investimentos em pessoal e em infraestrutura. Desde 2020, a Epamig conta com ferramentas como o Sistema de Gest\u00e3o Integrada (SGI), para auxiliar no monitoramento das atividades realizadas e apontar metas alcan\u00e7adas e pontos de aten\u00e7\u00e3o.<\/p>\n\n\n\n<p>\u201cH\u00e1 quatro anos temos sido inclu\u00eddos, com base em crit\u00e9rios da Serasa Experian, no ranking dos Melhores do Agroneg\u00f3cio da Revista Globo Rural. E, em 2024 fomos considerados a melhor empresa de servi\u00e7os agropecu\u00e1rios de Minas Gerais\u201d, destaca Nilda.<\/p>\n\n\n\n<p><strong>Mais recursos para a pesquisa<\/strong><\/p>\n\n\n\n<p>No final do m\u00eas de novembro, a Fapemig divulgou o resultado da chamada n\u00ba 12\/2024 \u2013 Fortalecimento e Consolida\u00e7\u00e3o da Pesquisa na Epamig. O edital foi o primeiro em atendimento \u00e0 Lei Estadual 24.821\/2024 e recebeu 80 submiss\u00f5es.<\/p>\n\n\n\n<p>As 24 propostas aprovadas atingiram R$ 25.724.929,30, o limite de recursos alocados para o financiamento desta Chamada. Os projetos abrangem diferentes \u00e1reas da agropecu\u00e1ria e aguardam homologa\u00e7\u00e3o e disponibiliza\u00e7\u00e3o de recursos.<\/p>\n\n\n\n<p>\u201cEsta chamada garante que os recursos disponibilizados ser\u00e3o alocados em projetos da Epamig\u201d, ressalta o diretor de Opera\u00e7\u00f5es T\u00e9cnicas da Epamig, Trazilbo de Paula, que acrescenta: \u201cOs tr\u00e2mites s\u00e3o os mesmos de qualquer edital da Fapemig. As propostas s\u00e3o julgadas e os recursos aprovados devem ser empregados, exclusivamente, na execu\u00e7\u00e3o dos projetos selecionados\u201d.<\/p>\n\n\n\n<p>As pesquisas da Epamig contam ainda com recursos de outras fontes, investimentos p\u00fablicos, privados e pr\u00f3prios. Atualmente, 264 projetos de pesquisa est\u00e3o vigentes. Al\u00e9m disso, 79 projetos externos contam com a participa\u00e7\u00e3o de pesquisadores da institui\u00e7\u00e3o.<\/p>\n\n\n\n<p><strong>Gest\u00e3o e visibilidade<\/strong><\/p>\n\n\n\n<p>O diretor de Administra\u00e7\u00e3o e Finan\u00e7as, Leonardo Kalil, avalia que as melhorias gerenciais impactaram nos resultados alcan\u00e7ados pela Epamig sob o comando da atual gest\u00e3o. \u201cDesde 2019, a empresa teve resultados cont\u00e1beis e financeiros positivos e conseguiu cumprir as metas do SGI e do Plano Plurianual de A\u00e7\u00e3o Governamental (PPAG)\u201d.<\/p>\n\n\n\n<p>Segundo Leonardo, o custeio continua sendo o principal gargalo enfrentado pela empresa. \u201cContamos com recursos do&nbsp;<a href=\"https:\/\/www.mg.gov.br\/\" target=\"_blank\" rel=\"noreferrer noopener\">Governo Estadual<\/a>&nbsp;para pagamento de pessoal, da Educa\u00e7\u00e3o para os cursos superiores e de emendas parlamentares para demandas determinadas. Mas, \u00e9 recorrente a necessidade de recursos para custeio e para as melhorias na infraestrutura e na frota\u201d.<\/p>\n\n\n\n<p>Como efeito positivo, o diretor cita a credibilidade alcan\u00e7ada pela marca Epamig. \u201cConquistamos o respeito do Governo, pela forma como \u00e9 realizada a gest\u00e3o; dos produtores que t\u00eam adotado tecnologias da Epamig e conquistado reconhecimento e pr\u00eamios no mundo todo; e do consumidor que tem valorizado cada vez mais o trabalho e os resultados da pesquisa agropecu\u00e1ria\u201d, finaliza.<\/p>\n","protected":false},"excerpt":{"rendered":"<p>Empresa, que completou 50 anos em 2024, comemora tamb\u00e9m o reconhecimento dos resultados positivos da gest\u00e3o A&nbsp;Empresa de Pesquisa Agropecu\u00e1ria de Minas Gerais (Epamig)&nbsp;termina 2024 com a consolida\u00e7\u00e3o de marcos importantes. O principal deles foi a san\u00e7\u00e3o da Lei Estadual 24.821\/2024, que garante a destina\u00e7\u00e3o de recursos estaduais exclusivos para a pesquisa agropecu\u00e1ria. \u201cEste ano, [&hellip;]<\/p>\n","protected":false},"author":5,"featured_media":145913,"comment_status":"closed","ping_status":"open","sticky":false,"template":"","format":"standard","meta":{"advgb_blocks_editor_width":"","advgb_blocks_columns_visual_guide":"","_exactmetrics_skip_tracking":false,"_exactmetrics_sitenote_active":false,"_exactmetrics_sitenote_note":"","_exactmetrics_sitenote_category":0,"footnotes":""},"categories":[7,2],"tags":[],"class_list":["post-145912","post","type-post","status-publish","format-standard","has-post-thumbnail","hentry","category-destaques","category-noticias"],"better_featured_image":{"id":145913,"alt_text":"","caption":"","description":"","media_type":"image","media_details":{"width":740,"height":556,"file":"2024\/12\/epamig-mantem-dois-cursos-de-graduacao-tecnologica-foto-alessandro-botelho.png","filesize":794693,"sizes":{"medium":{"file":"epamig-mantem-dois-cursos-de-graduacao-tecnologica-foto-alessandro-botelho-399x300.png","width":399,"height":300,"mime-type":"image\/png","filesize":206513,"source_url":"https:\/\/lavras.tv\/site\/wp-content\/uploads\/2024\/12\/epamig-mantem-dois-cursos-de-graduacao-tecnologica-foto-alessandro-botelho-399x300.png"},"thumbnail":{"file":"epamig-mantem-dois-cursos-de-graduacao-tecnologica-foto-alessandro-botelho-170x128.png","width":170,"height":128,"mime-type":"image\/png","filesize":44787,"source_url":"https:\/\/lavras.tv\/site\/wp-content\/uploads\/2024\/12\/epamig-mantem-dois-cursos-de-graduacao-tecnologica-foto-alessandro-botelho-170x128.png"},"lshowcase-thumb":{"file":"epamig-mantem-dois-cursos-de-graduacao-tecnologica-foto-alessandro-botelho-200x150.png","width":200,"height":150,"mime-type":"image\/png","filesize":59602,"source_url":"https:\/\/lavras.tv\/site\/wp-content\/uploads\/2024\/12\/epamig-mantem-dois-cursos-de-graduacao-tecnologica-foto-alessandro-botelho-200x150.png"},"alm-thumbnail":{"file":"epamig-mantem-dois-cursos-de-graduacao-tecnologica-foto-alessandro-botelho-150x150.png","width":150,"height":150,"mime-type":"image\/png","filesize":45377,"source_url":"https:\/\/lavras.tv\/site\/wp-content\/uploads\/2024\/12\/epamig-mantem-dois-cursos-de-graduacao-tecnologica-foto-alessandro-botelho-150x150.png"}},"image_meta":{"aperture":"0","credit":"","camera":"","caption":"","created_timestamp":"0","copyright":"","focal_length":"0","iso":"0","shutter_speed":"0","title":"","orientation":"0","keywords":[]}},"post":145912,"source_url":"https:\/\/lavras.tv\/site\/wp-content\/uploads\/2024\/12\/epamig-mantem-dois-cursos-de-graduacao-tecnologica-foto-alessandro-botelho.png"},"author_meta":{"display_name":"Vinicius Bustamante","author_link":"https:\/\/lavras.tv\/site\/author\/vinicius-bustamante\/"},"featured_img":"https:\/\/lavras.tv\/site\/wp-content\/uploads\/2024\/12\/epamig-mantem-dois-cursos-de-graduacao-tecnologica-foto-alessandro-botelho-399x300.png","coauthors":[],"tax_additional":{"categories":{"linked":["<a href=\"https:\/\/lavras.tv\/site\/category\/destaques\/\" class=\"advgb-post-tax-term\">Destaques<\/a>","<a href=\"https:\/\/lavras.tv\/site\/category\/noticias\/\" class=\"advgb-post-tax-term\">Not\u00edcias<\/a>"],"unlinked":["<span class=\"advgb-post-tax-term\">Destaques<\/span>","<span class=\"advgb-post-tax-term\">Not\u00edcias<\/span>"]}},"comment_count":"0","relative_dates":{"created":"Publicado 1 ano atr\u00e1s","modified":"Atualizado 1 ano atr\u00e1s"},"absolute_dates":{"created":"Publicado em 23 de dezembro de 2024","modified":"Atualizado em 23 de dezembro de 2024"},"absolute_dates_time":{"created":"Publicado em 23 de dezembro de 2024 13:50","modified":"Atualizado em 23 de dezembro de 2024 13:50"},"featured_img_caption":"","series_order":"","_links":{"self":[{"href":"https:\/\/lavras.tv\/site\/wp-json\/wp\/v2\/posts\/145912","targetHints":{"allow":["GET"]}}],"collection":[{"href":"https:\/\/lavras.tv\/site\/wp-json\/wp\/v2\/posts"}],"about":[{"href":"https:\/\/lavras.tv\/site\/wp-json\/wp\/v2\/types\/post"}],"author":[{"embeddable":true,"href":"https:\/\/lavras.tv\/site\/wp-json\/wp\/v2\/users\/5"}],"replies":[{"embeddable":true,"href":"https:\/\/lavras.tv\/site\/wp-json\/wp\/v2\/comments?post=145912"}],"version-history":[{"count":1,"href":"https:\/\/lavras.tv\/site\/wp-json\/wp\/v2\/posts\/145912\/revisions"}],"predecessor-version":[{"id":145914,"href":"https:\/\/lavras.tv\/site\/wp-json\/wp\/v2\/posts\/145912\/revisions\/145914"}],"wp:featuredmedia":[{"embeddable":true,"href":"https:\/\/lavras.tv\/site\/wp-json\/wp\/v2\/media\/145913"}],"wp:attachment":[{"href":"https:\/\/lavras.tv\/site\/wp-json\/wp\/v2\/media?parent=145912"}],"wp:term":[{"taxonomy":"category","embeddable":true,"href":"https:\/\/lavras.tv\/site\/wp-json\/wp\/v2\/categories?post=145912"},{"taxonomy":"post_tag","embeddable":true,"href":"https:\/\/lavras.tv\/site\/wp-json\/wp\/v2\/tags?post=145912"}],"curies":[{"name":"wp","href":"https:\/\/api.w.org\/{rel}","templated":true}]}}