{"id":145915,"date":"2024-12-23T14:05:22","date_gmt":"2024-12-23T17:05:22","guid":{"rendered":"https:\/\/lavras.tv\/site\/?p=145915"},"modified":"2024-12-23T14:05:23","modified_gmt":"2024-12-23T17:05:23","slug":"mais-de-1-550-cursos-realizados-no-sul-de-minas-pelo-sistema-faemg","status":"publish","type":"post","link":"https:\/\/lavras.tv\/site\/2024\/12\/23\/mais-de-1-550-cursos-realizados-no-sul-de-minas-pelo-sistema-faemg\/","title":{"rendered":"Mais de 1.550 cursos realizados no Sul de Minas pelo Sistema Faemg"},"content":{"rendered":"<div class=\"lavra-antes-do-conteudo_2\" id=\"lavra-2213910322\"><div id=\"lavra-slider-27\" class=\"custom-slider lavra-slider-1364797029 lavra-slider\"><ul><li><div style=\"margin-left: auto;margin-right: auto;text-align: center;\" id=\"lavra-649699633\"><a href=\"https:\/\/sistemas.lavras.mg.gov.br\/portalcidadao\/#df1b1a7c7b2a290bcb31e32771e610784662739a88807c0dacac58ede5f391a7530e299dc302d611ee73cb143fc22eaf93592e53e7b5bdb01b00a0b8d28dae460c141dd2ff83412e4dc1c31b16b25f33144a9e5620ea73b13f5bc1c59411d98439ad226e8af03840603796067d87afe130812cf3de24982d0e306f9e61e764e5\" aria-label=\"Lavras-TV&#8211;720x104px (1) (1)\"><img src=\"https:\/\/lavras.tv\/site\/wp-content\/uploads\/2025\/01\/Lavras-TV-720x104px-1-1.png\" alt=\"\"  srcset=\"https:\/\/lavras.tv\/site\/wp-content\/uploads\/2025\/01\/Lavras-TV-720x104px-1-1.png 720w, https:\/\/lavras.tv\/site\/wp-content\/uploads\/2025\/01\/Lavras-TV-720x104px-1-1-470x68.png 470w, https:\/\/lavras.tv\/site\/wp-content\/uploads\/2025\/01\/Lavras-TV-720x104px-1-1-170x25.png 170w, https:\/\/lavras.tv\/site\/wp-content\/uploads\/2025\/01\/Lavras-TV-720x104px-1-1-200x29.png 200w\" sizes=\"(max-width: 720px) 100vw, 720px\" width=\"720\" height=\"104\"  style=\"display: inline-block;\" \/><\/a><\/div><\/li><li><a href=\"https:\/\/sistemas.lavras.mg.gov.br\/portalcidadao\/#df1b1a7c7b2a290bcb31e32771e610784662739a88807c0dacac58ede5f391a7530e299dc302d611ee73cb143fc22eaf93592e53e7b5bdb01b00a0b8d28dae460c141dd2ff83412e4dc1c31b16b25f33144a9e5620ea73b13f5bc1c59411d98439ad226e8af03840603796067d87afe130812cf3de24982d0e306f9e61e764e5\" aria-label=\"Banner_Emprego_PortallavrasTV\"><img src=\"https:\/\/lavras.tv\/site\/wp-content\/uploads\/2025\/03\/Banner_Emprego_PortallavrasTV.png\" alt=\"\"  srcset=\"https:\/\/lavras.tv\/site\/wp-content\/uploads\/2025\/03\/Banner_Emprego_PortallavrasTV.png 720w, https:\/\/lavras.tv\/site\/wp-content\/uploads\/2025\/03\/Banner_Emprego_PortallavrasTV-470x68.png 470w, https:\/\/lavras.tv\/site\/wp-content\/uploads\/2025\/03\/Banner_Emprego_PortallavrasTV-170x25.png 170w, https:\/\/lavras.tv\/site\/wp-content\/uploads\/2025\/03\/Banner_Emprego_PortallavrasTV-200x29.png 200w\" sizes=\"(max-width: 720px) 100vw, 720px\" width=\"720\" height=\"104\"   \/><\/a><\/li><li><a href=\"https:\/\/sistemas.lavras.mg.gov.br\/portalcidadao\/#df1b1a7c7b2a290bcb31e32771e610784662739a88807c0dacac58ede5f391a7530e299dc302d611ee73cb143fc22eaf93592e53e7b5bdb01b00a0b8d28dae460c141dd2ff83412e4dc1c31b16b25f33144a9e5620ea73b13f5bc1c59411d98439ad226e8af03840603796067d87afe130812cf3de24982d0e306f9e61e764e5\" aria-label=\"Banner_Obras_PortallavrasTV\"><img src=\"https:\/\/lavras.tv\/site\/wp-content\/uploads\/2025\/03\/Banner_Obras_PortallavrasTV.png\" alt=\"\"  srcset=\"https:\/\/lavras.tv\/site\/wp-content\/uploads\/2025\/03\/Banner_Obras_PortallavrasTV.png 720w, https:\/\/lavras.tv\/site\/wp-content\/uploads\/2025\/03\/Banner_Obras_PortallavrasTV-470x68.png 470w, https:\/\/lavras.tv\/site\/wp-content\/uploads\/2025\/03\/Banner_Obras_PortallavrasTV-170x25.png 170w, https:\/\/lavras.tv\/site\/wp-content\/uploads\/2025\/03\/Banner_Obras_PortallavrasTV-200x29.png 200w\" sizes=\"(max-width: 720px) 100vw, 720px\" width=\"720\" height=\"104\"   \/><\/a><\/li><li><div style=\"margin-left: auto;margin-right: auto;text-align: center;\" id=\"lavra-2772750947\"><a href=\"https:\/\/sistemas.lavras.mg.gov.br\/portalcidadao\/#df1b1a7c7b2a290bcb31e32771e610784662739a88807c0dacac58ede5f391a7530e299dc302d611ee73cb143fc22eaf93592e53e7b5bdb01b00a0b8d28dae460c141dd2ff83412e4dc1c31b16b25f33144a9e5620ea73b13f5bc1c59411d98439ad226e8af03840603796067d87afe130812cf3de24982d0e306f9e61e764e5\" aria-label=\"Banner_Educa\u00e7\u00e3o_PortallavrasTV\"><img src=\"https:\/\/lavras.tv\/site\/wp-content\/uploads\/2025\/01\/Banner_Educacao_PortallavrasTV.png\" alt=\"\"  srcset=\"https:\/\/lavras.tv\/site\/wp-content\/uploads\/2025\/01\/Banner_Educacao_PortallavrasTV.png 720w, https:\/\/lavras.tv\/site\/wp-content\/uploads\/2025\/01\/Banner_Educacao_PortallavrasTV-470x68.png 470w, https:\/\/lavras.tv\/site\/wp-content\/uploads\/2025\/01\/Banner_Educacao_PortallavrasTV-170x25.png 170w, https:\/\/lavras.tv\/site\/wp-content\/uploads\/2025\/01\/Banner_Educacao_PortallavrasTV-200x29.png 200w\" sizes=\"(max-width: 720px) 100vw, 720px\" width=\"720\" height=\"104\"  style=\"display: inline-block;\" \/><\/a><\/div><\/li><li><a href=\"https:\/\/sistemas.lavras.mg.gov.br\/portalcidadao\/#df1b1a7c7b2a290bcb31e32771e610784662739a88807c0dacac58ede5f391a7530e299dc302d611ee73cb143fc22eaf93592e53e7b5bdb01b00a0b8d28dae460c141dd2ff83412e4dc1c31b16b25f33144a9e5620ea73b13f5bc1c59411d98439ad226e8af03840603796067d87afe130812cf3de24982d0e306f9e61e764e5\" aria-label=\"Banner_Sa\u00fade_PortallavrasTV\"><img src=\"https:\/\/lavras.tv\/site\/wp-content\/uploads\/2025\/03\/Banner_Saude_PortallavrasTV.png\" alt=\"\"  srcset=\"https:\/\/lavras.tv\/site\/wp-content\/uploads\/2025\/03\/Banner_Saude_PortallavrasTV.png 720w, https:\/\/lavras.tv\/site\/wp-content\/uploads\/2025\/03\/Banner_Saude_PortallavrasTV-470x68.png 470w, https:\/\/lavras.tv\/site\/wp-content\/uploads\/2025\/03\/Banner_Saude_PortallavrasTV-170x25.png 170w, https:\/\/lavras.tv\/site\/wp-content\/uploads\/2025\/03\/Banner_Saude_PortallavrasTV-200x29.png 200w\" sizes=\"(max-width: 720px) 100vw, 720px\" width=\"720\" height=\"104\"   \/><\/a><\/li><li><div id=\"lavra-3055288603\" style=\"width:720px;height:104px;background-color:#ddd;overflow:scroll;\">\n\t<strong>Sa\u00edda da depura\u00e7\u00e3o de an\u00fancios<\/strong>\n\t<br><br>\n\tO an\u00fancio n\u00e3o \u00e9 exibido na p\u00e1gina<br><br>post atual: Mais de 1.550 cursos realizados no Sul de Minas pelo Sistema Faemg, ID: 145915<br><br><span style=\"color: red;\">O post atual n\u00e3o \u00e9 id\u00eantico ao post principal.<\/span><br><br>An\u00fancios: ROXO - TOPO INTERNA - ROTATIVO 2 (197)<br \/>Grupo de an\u00fancios: Princ_Meio01_720x104 (27)<br><br>Condi\u00e7\u00f5es de exibi\u00e7\u00e3o<div style=\"margin-bottom: 20px; white-space: pre-wrap; font-family: monospace; width: 100%; background: #ffe9e9;\"><strong>condi\u00e7\u00f5es gerais<\/strong><table border=\"1\"><thead><tr><th><\/th><th>An\u00fancios<\/th><th>wp_the_query<\/th><\/tr><\/thead><tr><td>is_main_query<\/td><td>1<\/td><td>1<\/td><\/tr><tr><td>is_rest_api<\/td><td>0<\/td><td>1<\/td><\/tr><tr><td>page<\/td><td>0<\/td><td>1<\/td><\/tr><tr><td>numpages<\/td><td>0<\/td><td>1<\/td><\/tr><tr><td>is_archive<\/td><td>1<\/td><td><\/td><\/tr><tr><td>is_search<\/td><td>1<\/td><td><\/td><\/tr><tr><td>is_home<\/td><td>1<\/td><td><\/td><\/tr><tr><td>is_404<\/td><td>1<\/td><td><\/td><\/tr><tr><td>is_attachment<\/td><td>1<\/td><td><\/td><\/tr><tr><td>is_singular<\/td><td>1<\/td><td><\/td><\/tr><tr><td>is_front_page<\/td><td>1<\/td><td><\/td><\/tr><tr><td>is_feed<\/td><td>1<\/td><td><\/td><\/tr><\/table><\/div><br><br><span style=\"color: red;\">Seu site usa HTTPS, mas o c\u00f3digo do an\u00fancio cont\u00e9m HTTP e pode n\u00e3o funcionar.<\/span>\t<br><br>\n\t<a style=\"color: green;\" href=\"https:\/\/wpadvancedads.com\/manual\/ad-debug-mode\/?utm_source=advanced-ads&utm_medium=link&utm_campaign=ad-debug-mode\" target=\"_blank\" rel=\"nofollow\">Encontre solu\u00e7\u00f5es no manual<\/a>\n<\/div>\n<\/li><\/ul><\/div><script>( window.advanced_ads_ready || jQuery( document ).ready ).call( null, function() {var $lavraslider1364797029 = jQuery( \".lavra-slider-1364797029\" );$lavraslider1364797029.on( \"unslider.ready\", function() { jQuery( \"div.custom-slider ul li\" ).css( \"display\", \"block\" ); });$lavraslider1364797029.unslider({ delay:4000, autoplay:true, nav:false, arrows:false, infinite:true });$lavraslider1364797029.on(\"mouseover\", function() {$lavraslider1364797029.unslider(\"stop\");}).on(\"mouseout\", function() {$lavraslider1364797029.unslider(\"start\");});});<\/script><\/div>\n<figure class=\"wp-block-image size-large\"><img fetchpriority=\"high\" decoding=\"async\" width=\"970\" height=\"728\" src=\"https:\/\/lavras.tv\/site\/wp-content\/uploads\/2024\/12\/centro-de-excelencia-em-varginha_1_67804-970x728.png\" alt=\"\" class=\"wp-image-145916\" srcset=\"https:\/\/lavras.tv\/site\/wp-content\/uploads\/2024\/12\/centro-de-excelencia-em-varginha_1_67804-970x728.png 970w, https:\/\/lavras.tv\/site\/wp-content\/uploads\/2024\/12\/centro-de-excelencia-em-varginha_1_67804-400x300.png 400w, https:\/\/lavras.tv\/site\/wp-content\/uploads\/2024\/12\/centro-de-excelencia-em-varginha_1_67804-170x128.png 170w, https:\/\/lavras.tv\/site\/wp-content\/uploads\/2024\/12\/centro-de-excelencia-em-varginha_1_67804-200x150.png 200w, https:\/\/lavras.tv\/site\/wp-content\/uploads\/2024\/12\/centro-de-excelencia-em-varginha_1_67804.png 1200w\" sizes=\"(max-width: 970px) 100vw, 970px\" \/><\/figure>\n\n\n\n<p>O Escrit\u00f3rio Regional de Varginha, do Sistema Faemg Senar, tem sido protagonista na promo\u00e7\u00e3o do desenvolvimento rural e na transforma\u00e7\u00e3o de vidas no sul de Minas Gerais. Com o suporte de 58 entidades cooperadas e a atua\u00e7\u00e3o de 54 Agentes de Desenvolvimento Rural, os resultados alcan\u00e7ados em 2024 reafirmam o compromisso da institui\u00e7\u00e3o em levar capacita\u00e7\u00e3o, assist\u00eancia t\u00e9cnica e novas oportunidades a produtores e trabalhadores rurais nos 113 munic\u00edpios atendidos pela regional.<\/p>\n\n\n\n<p><strong>\u2022 ATeG &#8211; impulsionando a produtividade no campo:<\/strong>&nbsp;com o trabalho dedicado de 54 t\u00e9cnicos e 7 supervisores, o Programa de Assist\u00eancia T\u00e9cnica e Gerencial (ATeG) atendeu 1.500 propriedades rurais, promovendo melhorias significativas na gest\u00e3o, no aumento da produtividade e na implementa\u00e7\u00e3o de novas t\u00e9cnicas de produ\u00e7\u00e3o.<\/p>\n\n\n\n<p><strong>\u2022 AGSPR \u2013 Gest\u00e3o estrat\u00e9gica para Sindicatos mais fortes:&nbsp;<\/strong>a Assist\u00eancia Gerencial aos Sindicatos de Produtores Rurais (AGSPR) consolidou seu impacto com duas turmas que, juntas, realizaram 177 visitas em 29 Sindicatos. Essa iniciativa foi essencial para o fortalecimento institucional e o planejamento estrat\u00e9gico das entidades.<\/p>\n\n\n\n<p>\u2022&nbsp;<strong>Cursos &#8211; Aprendizado que promove prosperidade rural:<\/strong>&nbsp;foram realizados 1.557 cursos de Forma\u00e7\u00e3o Profissional Rural (FPR) e 270 cursos de Promo\u00e7\u00e3o Social (PS), impactando milhares de pessoas e proporcionando capacita\u00e7\u00e3o em atividades essenciais ao campo. Al\u00e9m disso, os Programas Especiais tamb\u00e9m se destacaram, com 11 edi\u00e7\u00f5es voltadas \u00e0 FPR e 34 \u00e0 PS, abrangendo temas que promovem tanto o desenvolvimento t\u00e9cnico, quanto o bem-estar das fam\u00edlias rurais.<\/p>\n\n\n\n<p>\u2022&nbsp;<strong>Dias de Campo &#8211; Inova\u00e7\u00f5es que fortalecem a produ\u00e7\u00e3o rural:<\/strong>&nbsp;Os Dias de Campo, eventos que proporcionam o compartilhamento de pr\u00e1ticas e inova\u00e7\u00f5es, tamb\u00e9m s\u00e3o destaques. Foram realizados 6 Dias de Campo do ATeG, com a participa\u00e7\u00e3o de 900 pessoas, e outros 6 em parceria com o BB Agro, alcan\u00e7ando 545 participantes. Essas a\u00e7\u00f5es refor\u00e7am o papel do Sistema Faemg Senar como facilitador de conhecimento e inova\u00e7\u00e3o para o campo.<\/p>\n\n\n\n<p>O gerente regional do Sistema Faemg Senar, Caio Oliveira, explica que o Escrit\u00f3rio Regional de Varginha segue como refer\u00eancia no fortalecimento do agro e na valoriza\u00e7\u00e3o das pessoas que fazem do campo um ambiente de produtividade e prosperidade.<\/p>\n\n\n\n<p>\u201cFoi um ano de muito aprendizado, desafio e conquistas. Realizamos um balan\u00e7o positivo das nossas a\u00e7\u00f5es, concretizamos os planos tra\u00e7ados e, com o apoio de todos, alcan\u00e7amos resultados expressivos para o agroneg\u00f3cio&#8221;, destacou o gerente.<\/p>\n","protected":false},"excerpt":{"rendered":"<p>O Escrit\u00f3rio Regional de Varginha, do Sistema Faemg Senar, tem sido protagonista na promo\u00e7\u00e3o do desenvolvimento rural e na transforma\u00e7\u00e3o de vidas no sul de Minas Gerais. Com o suporte de 58 entidades cooperadas e a atua\u00e7\u00e3o de 54 Agentes de Desenvolvimento Rural, os resultados alcan\u00e7ados em 2024 reafirmam o compromisso da institui\u00e7\u00e3o em levar [&hellip;]<\/p>\n","protected":false},"author":5,"featured_media":145916,"comment_status":"closed","ping_status":"open","sticky":false,"template":"","format":"standard","meta":{"advgb_blocks_editor_width":"","advgb_blocks_columns_visual_guide":"","_exactmetrics_skip_tracking":false,"_exactmetrics_sitenote_active":false,"_exactmetrics_sitenote_note":"","_exactmetrics_sitenote_category":0,"footnotes":""},"categories":[7,2],"tags":[],"class_list":["post-145915","post","type-post","status-publish","format-standard","has-post-thumbnail","hentry","category-destaques","category-noticias"],"better_featured_image":{"id":145916,"alt_text":"","caption":"","description":"","media_type":"image","media_details":{"width":1200,"height":900,"file":"2024\/12\/centro-de-excelencia-em-varginha_1_67804.png","filesize":1968634,"sizes":{"medium":{"file":"centro-de-excelencia-em-varginha_1_67804-400x300.png","width":400,"height":300,"mime-type":"image\/png","filesize":216312,"source_url":"https:\/\/lavras.tv\/site\/wp-content\/uploads\/2024\/12\/centro-de-excelencia-em-varginha_1_67804-400x300.png"},"large":{"file":"centro-de-excelencia-em-varginha_1_67804-970x728.png","width":970,"height":728,"mime-type":"image\/png","filesize":967081,"source_url":"https:\/\/lavras.tv\/site\/wp-content\/uploads\/2024\/12\/centro-de-excelencia-em-varginha_1_67804-970x728.png"},"thumbnail":{"file":"centro-de-excelencia-em-varginha_1_67804-170x128.png","width":170,"height":128,"mime-type":"image\/png","filesize":46425,"source_url":"https:\/\/lavras.tv\/site\/wp-content\/uploads\/2024\/12\/centro-de-excelencia-em-varginha_1_67804-170x128.png"},"lshowcase-thumb":{"file":"centro-de-excelencia-em-varginha_1_67804-200x150.png","width":200,"height":150,"mime-type":"image\/png","filesize":61892,"source_url":"https:\/\/lavras.tv\/site\/wp-content\/uploads\/2024\/12\/centro-de-excelencia-em-varginha_1_67804-200x150.png"},"alm-thumbnail":{"file":"centro-de-excelencia-em-varginha_1_67804-150x150.png","width":150,"height":150,"mime-type":"image\/png","filesize":46975,"source_url":"https:\/\/lavras.tv\/site\/wp-content\/uploads\/2024\/12\/centro-de-excelencia-em-varginha_1_67804-150x150.png"}},"image_meta":{"aperture":"0","credit":"","camera":"","caption":"","created_timestamp":"0","copyright":"","focal_length":"0","iso":"0","shutter_speed":"0","title":"","orientation":"0","keywords":[]}},"post":145915,"source_url":"https:\/\/lavras.tv\/site\/wp-content\/uploads\/2024\/12\/centro-de-excelencia-em-varginha_1_67804.png"},"author_meta":{"display_name":"Vinicius Bustamante","author_link":"https:\/\/lavras.tv\/site\/author\/vinicius-bustamante\/"},"featured_img":"https:\/\/lavras.tv\/site\/wp-content\/uploads\/2024\/12\/centro-de-excelencia-em-varginha_1_67804-400x300.png","coauthors":[],"tax_additional":{"categories":{"linked":["<a href=\"https:\/\/lavras.tv\/site\/category\/destaques\/\" class=\"advgb-post-tax-term\">Destaques<\/a>","<a href=\"https:\/\/lavras.tv\/site\/category\/noticias\/\" class=\"advgb-post-tax-term\">Not\u00edcias<\/a>"],"unlinked":["<span class=\"advgb-post-tax-term\">Destaques<\/span>","<span class=\"advgb-post-tax-term\">Not\u00edcias<\/span>"]}},"comment_count":"0","relative_dates":{"created":"Publicado 1 ano atr\u00e1s","modified":"Atualizado 1 ano atr\u00e1s"},"absolute_dates":{"created":"Publicado em 23 de dezembro de 2024","modified":"Atualizado em 23 de dezembro de 2024"},"absolute_dates_time":{"created":"Publicado em 23 de dezembro de 2024 14:05","modified":"Atualizado em 23 de dezembro de 2024 14:05"},"featured_img_caption":"","series_order":"","_links":{"self":[{"href":"https:\/\/lavras.tv\/site\/wp-json\/wp\/v2\/posts\/145915","targetHints":{"allow":["GET"]}}],"collection":[{"href":"https:\/\/lavras.tv\/site\/wp-json\/wp\/v2\/posts"}],"about":[{"href":"https:\/\/lavras.tv\/site\/wp-json\/wp\/v2\/types\/post"}],"author":[{"embeddable":true,"href":"https:\/\/lavras.tv\/site\/wp-json\/wp\/v2\/users\/5"}],"replies":[{"embeddable":true,"href":"https:\/\/lavras.tv\/site\/wp-json\/wp\/v2\/comments?post=145915"}],"version-history":[{"count":1,"href":"https:\/\/lavras.tv\/site\/wp-json\/wp\/v2\/posts\/145915\/revisions"}],"predecessor-version":[{"id":145917,"href":"https:\/\/lavras.tv\/site\/wp-json\/wp\/v2\/posts\/145915\/revisions\/145917"}],"wp:featuredmedia":[{"embeddable":true,"href":"https:\/\/lavras.tv\/site\/wp-json\/wp\/v2\/media\/145916"}],"wp:attachment":[{"href":"https:\/\/lavras.tv\/site\/wp-json\/wp\/v2\/media?parent=145915"}],"wp:term":[{"taxonomy":"category","embeddable":true,"href":"https:\/\/lavras.tv\/site\/wp-json\/wp\/v2\/categories?post=145915"},{"taxonomy":"post_tag","embeddable":true,"href":"https:\/\/lavras.tv\/site\/wp-json\/wp\/v2\/tags?post=145915"}],"curies":[{"name":"wp","href":"https:\/\/api.w.org\/{rel}","templated":true}]}}