{"id":145918,"date":"2024-12-23T14:17:21","date_gmt":"2024-12-23T17:17:21","guid":{"rendered":"https:\/\/lavras.tv\/site\/?p=145918"},"modified":"2024-12-23T14:17:22","modified_gmt":"2024-12-23T17:17:22","slug":"governo-de-minas-realiza-aporte-adicional-do-bolsa-reciclagem-as-organizacoes-de-catadores-de-materiais-reciclaveis","status":"publish","type":"post","link":"https:\/\/lavras.tv\/site\/2024\/12\/23\/governo-de-minas-realiza-aporte-adicional-do-bolsa-reciclagem-as-organizacoes-de-catadores-de-materiais-reciclaveis\/","title":{"rendered":"Governo de Minas realiza aporte adicional do Bolsa Reciclagem \u00e0s organiza\u00e7\u00f5es de catadores de materiais recicl\u00e1veis"},"content":{"rendered":"<div class=\"lavra-antes-do-conteudo_2\" id=\"lavra-1746516172\"><div id=\"lavra-slider-27\" class=\"custom-slider lavra-slider-1265621859 lavra-slider\"><ul><li><div style=\"margin-left: auto;margin-right: auto;text-align: center;\" id=\"lavra-1258023737\"><a href=\"https:\/\/sistemas.lavras.mg.gov.br\/portalcidadao\/#df1b1a7c7b2a290bcb31e32771e610784662739a88807c0dacac58ede5f391a7530e299dc302d611ee73cb143fc22eaf93592e53e7b5bdb01b00a0b8d28dae460c141dd2ff83412e4dc1c31b16b25f33144a9e5620ea73b13f5bc1c59411d98439ad226e8af03840603796067d87afe130812cf3de24982d0e306f9e61e764e5\" aria-label=\"Lavras-TV&#8211;720x104px (1) (1)\"><img src=\"https:\/\/lavras.tv\/site\/wp-content\/uploads\/2025\/01\/Lavras-TV-720x104px-1-1.png\" alt=\"\"  srcset=\"https:\/\/lavras.tv\/site\/wp-content\/uploads\/2025\/01\/Lavras-TV-720x104px-1-1.png 720w, https:\/\/lavras.tv\/site\/wp-content\/uploads\/2025\/01\/Lavras-TV-720x104px-1-1-470x68.png 470w, https:\/\/lavras.tv\/site\/wp-content\/uploads\/2025\/01\/Lavras-TV-720x104px-1-1-170x25.png 170w, https:\/\/lavras.tv\/site\/wp-content\/uploads\/2025\/01\/Lavras-TV-720x104px-1-1-200x29.png 200w\" sizes=\"(max-width: 720px) 100vw, 720px\" width=\"720\" height=\"104\"  style=\"display: inline-block;\" \/><\/a><\/div><\/li><li><a href=\"https:\/\/sistemas.lavras.mg.gov.br\/portalcidadao\/#df1b1a7c7b2a290bcb31e32771e610784662739a88807c0dacac58ede5f391a7530e299dc302d611ee73cb143fc22eaf93592e53e7b5bdb01b00a0b8d28dae460c141dd2ff83412e4dc1c31b16b25f33144a9e5620ea73b13f5bc1c59411d98439ad226e8af03840603796067d87afe130812cf3de24982d0e306f9e61e764e5\" aria-label=\"Banner_Emprego_PortallavrasTV\"><img src=\"https:\/\/lavras.tv\/site\/wp-content\/uploads\/2025\/03\/Banner_Emprego_PortallavrasTV.png\" alt=\"\"  srcset=\"https:\/\/lavras.tv\/site\/wp-content\/uploads\/2025\/03\/Banner_Emprego_PortallavrasTV.png 720w, https:\/\/lavras.tv\/site\/wp-content\/uploads\/2025\/03\/Banner_Emprego_PortallavrasTV-470x68.png 470w, https:\/\/lavras.tv\/site\/wp-content\/uploads\/2025\/03\/Banner_Emprego_PortallavrasTV-170x25.png 170w, https:\/\/lavras.tv\/site\/wp-content\/uploads\/2025\/03\/Banner_Emprego_PortallavrasTV-200x29.png 200w\" sizes=\"(max-width: 720px) 100vw, 720px\" width=\"720\" height=\"104\"   \/><\/a><\/li><li><a href=\"https:\/\/sistemas.lavras.mg.gov.br\/portalcidadao\/#df1b1a7c7b2a290bcb31e32771e610784662739a88807c0dacac58ede5f391a7530e299dc302d611ee73cb143fc22eaf93592e53e7b5bdb01b00a0b8d28dae460c141dd2ff83412e4dc1c31b16b25f33144a9e5620ea73b13f5bc1c59411d98439ad226e8af03840603796067d87afe130812cf3de24982d0e306f9e61e764e5\" aria-label=\"Banner_Obras_PortallavrasTV\"><img src=\"https:\/\/lavras.tv\/site\/wp-content\/uploads\/2025\/03\/Banner_Obras_PortallavrasTV.png\" alt=\"\"  srcset=\"https:\/\/lavras.tv\/site\/wp-content\/uploads\/2025\/03\/Banner_Obras_PortallavrasTV.png 720w, https:\/\/lavras.tv\/site\/wp-content\/uploads\/2025\/03\/Banner_Obras_PortallavrasTV-470x68.png 470w, https:\/\/lavras.tv\/site\/wp-content\/uploads\/2025\/03\/Banner_Obras_PortallavrasTV-170x25.png 170w, https:\/\/lavras.tv\/site\/wp-content\/uploads\/2025\/03\/Banner_Obras_PortallavrasTV-200x29.png 200w\" sizes=\"(max-width: 720px) 100vw, 720px\" width=\"720\" height=\"104\"   \/><\/a><\/li><li><div style=\"margin-left: auto;margin-right: auto;text-align: center;\" id=\"lavra-1051008292\"><a href=\"https:\/\/sistemas.lavras.mg.gov.br\/portalcidadao\/#df1b1a7c7b2a290bcb31e32771e610784662739a88807c0dacac58ede5f391a7530e299dc302d611ee73cb143fc22eaf93592e53e7b5bdb01b00a0b8d28dae460c141dd2ff83412e4dc1c31b16b25f33144a9e5620ea73b13f5bc1c59411d98439ad226e8af03840603796067d87afe130812cf3de24982d0e306f9e61e764e5\" aria-label=\"Banner_Educa\u00e7\u00e3o_PortallavrasTV\"><img src=\"https:\/\/lavras.tv\/site\/wp-content\/uploads\/2025\/01\/Banner_Educacao_PortallavrasTV.png\" alt=\"\"  srcset=\"https:\/\/lavras.tv\/site\/wp-content\/uploads\/2025\/01\/Banner_Educacao_PortallavrasTV.png 720w, https:\/\/lavras.tv\/site\/wp-content\/uploads\/2025\/01\/Banner_Educacao_PortallavrasTV-470x68.png 470w, https:\/\/lavras.tv\/site\/wp-content\/uploads\/2025\/01\/Banner_Educacao_PortallavrasTV-170x25.png 170w, https:\/\/lavras.tv\/site\/wp-content\/uploads\/2025\/01\/Banner_Educacao_PortallavrasTV-200x29.png 200w\" sizes=\"(max-width: 720px) 100vw, 720px\" width=\"720\" height=\"104\"  style=\"display: inline-block;\" \/><\/a><\/div><\/li><li><a href=\"https:\/\/sistemas.lavras.mg.gov.br\/portalcidadao\/#df1b1a7c7b2a290bcb31e32771e610784662739a88807c0dacac58ede5f391a7530e299dc302d611ee73cb143fc22eaf93592e53e7b5bdb01b00a0b8d28dae460c141dd2ff83412e4dc1c31b16b25f33144a9e5620ea73b13f5bc1c59411d98439ad226e8af03840603796067d87afe130812cf3de24982d0e306f9e61e764e5\" aria-label=\"Banner_Sa\u00fade_PortallavrasTV\"><img src=\"https:\/\/lavras.tv\/site\/wp-content\/uploads\/2025\/03\/Banner_Saude_PortallavrasTV.png\" alt=\"\"  srcset=\"https:\/\/lavras.tv\/site\/wp-content\/uploads\/2025\/03\/Banner_Saude_PortallavrasTV.png 720w, https:\/\/lavras.tv\/site\/wp-content\/uploads\/2025\/03\/Banner_Saude_PortallavrasTV-470x68.png 470w, https:\/\/lavras.tv\/site\/wp-content\/uploads\/2025\/03\/Banner_Saude_PortallavrasTV-170x25.png 170w, https:\/\/lavras.tv\/site\/wp-content\/uploads\/2025\/03\/Banner_Saude_PortallavrasTV-200x29.png 200w\" sizes=\"(max-width: 720px) 100vw, 720px\" width=\"720\" height=\"104\"   \/><\/a><\/li><li><div id=\"lavra-2935024231\" style=\"width:720px;height:104px;background-color:#ddd;overflow:scroll;\">\n\t<strong>Sa\u00edda da depura\u00e7\u00e3o de an\u00fancios<\/strong>\n\t<br><br>\n\tO an\u00fancio n\u00e3o \u00e9 exibido na p\u00e1gina<br><br>post atual: Governo de Minas realiza aporte adicional do Bolsa Reciclagem \u00e0s organiza\u00e7\u00f5es de catadores de materiais recicl\u00e1veis, ID: 145918<br><br><span style=\"color: red;\">O post atual n\u00e3o \u00e9 id\u00eantico ao post principal.<\/span><br><br>An\u00fancios: ROXO - TOPO INTERNA - ROTATIVO 2 (197)<br \/>Grupo de an\u00fancios: Princ_Meio01_720x104 (27)<br><br>Condi\u00e7\u00f5es de exibi\u00e7\u00e3o<div style=\"margin-bottom: 20px; white-space: pre-wrap; font-family: monospace; width: 100%; background: #ffe9e9;\"><strong>condi\u00e7\u00f5es gerais<\/strong><table border=\"1\"><thead><tr><th><\/th><th>An\u00fancios<\/th><th>wp_the_query<\/th><\/tr><\/thead><tr><td>is_main_query<\/td><td>1<\/td><td>1<\/td><\/tr><tr><td>is_rest_api<\/td><td>0<\/td><td>1<\/td><\/tr><tr><td>page<\/td><td>0<\/td><td>1<\/td><\/tr><tr><td>numpages<\/td><td>0<\/td><td>1<\/td><\/tr><tr><td>is_archive<\/td><td>1<\/td><td><\/td><\/tr><tr><td>is_search<\/td><td>1<\/td><td><\/td><\/tr><tr><td>is_home<\/td><td>1<\/td><td><\/td><\/tr><tr><td>is_404<\/td><td>1<\/td><td><\/td><\/tr><tr><td>is_attachment<\/td><td>1<\/td><td><\/td><\/tr><tr><td>is_singular<\/td><td>1<\/td><td><\/td><\/tr><tr><td>is_front_page<\/td><td>1<\/td><td><\/td><\/tr><tr><td>is_feed<\/td><td>1<\/td><td><\/td><\/tr><\/table><\/div><br><br><span style=\"color: red;\">Seu site usa HTTPS, mas o c\u00f3digo do an\u00fancio cont\u00e9m HTTP e pode n\u00e3o funcionar.<\/span>\t<br><br>\n\t<a style=\"color: green;\" href=\"https:\/\/wpadvancedads.com\/manual\/ad-debug-mode\/?utm_source=advanced-ads&utm_medium=link&utm_campaign=ad-debug-mode\" target=\"_blank\" rel=\"nofollow\">Encontre solu\u00e7\u00f5es no manual<\/a>\n<\/div>\n<\/li><\/ul><\/div><script>( window.advanced_ads_ready || jQuery( document ).ready ).call( null, function() {var $lavraslider1265621859 = jQuery( \".lavra-slider-1265621859\" );$lavraslider1265621859.on( \"unslider.ready\", function() { jQuery( \"div.custom-slider ul li\" ).css( \"display\", \"block\" ); });$lavraslider1265621859.unslider({ delay:4000, autoplay:true, nav:false, arrows:false, infinite:true });$lavraslider1265621859.on(\"mouseover\", function() {$lavraslider1265621859.unslider(\"stop\");}).on(\"mouseout\", function() {$lavraslider1265621859.unslider(\"start\");});});<\/script><\/div>\n<p><em>Repasse, que inicialmente seria de R$ 875 mil, teve uma adi\u00e7\u00e3o de cerca de R$ 900 mil, que beneficiar\u00e1 a quase 1,6 mil\u00a0catadores de todas as regi\u00f5es do Estado<\/em><\/p>\n\n\n\n<figure class=\"wp-block-image size-large\"><img fetchpriority=\"high\" decoding=\"async\" width=\"970\" height=\"646\" src=\"https:\/\/lavras.tv\/site\/wp-content\/uploads\/2024\/12\/Catadores-20122024-Semad_Divulgacao-970x646.jpeg\" alt=\"\" class=\"wp-image-145919\" srcset=\"https:\/\/lavras.tv\/site\/wp-content\/uploads\/2024\/12\/Catadores-20122024-Semad_Divulgacao-970x646.jpeg 970w, https:\/\/lavras.tv\/site\/wp-content\/uploads\/2024\/12\/Catadores-20122024-Semad_Divulgacao-450x300.jpeg 450w, https:\/\/lavras.tv\/site\/wp-content\/uploads\/2024\/12\/Catadores-20122024-Semad_Divulgacao-170x113.jpeg 170w, https:\/\/lavras.tv\/site\/wp-content\/uploads\/2024\/12\/Catadores-20122024-Semad_Divulgacao-200x133.jpeg 200w, https:\/\/lavras.tv\/site\/wp-content\/uploads\/2024\/12\/Catadores-20122024-Semad_Divulgacao.jpeg 1280w\" sizes=\"(max-width: 970px) 100vw, 970px\" \/><\/figure>\n\n\n\n<p>O&nbsp;<a href=\"https:\/\/www.mg.gov.br\/\" target=\"_blank\" rel=\"noreferrer noopener\">Governo de Minas<\/a>&nbsp;realizou, nesta sexta-feira (20\/12), o pagamento referente ao terceiro trimestre de 2024 do Programa Bolsa Reciclagem, mantido pela&nbsp;<a href=\"https:\/\/meioambiente.mg.gov.br\/\" target=\"_blank\" rel=\"noreferrer noopener\">Secretaria de Estado de Meio Ambiente e Desenvolvimento Sustent\u00e1vel (Semad)<\/a>.<br><br>O repasse, inicialmente previsto em R$ 875 mil, teve um aporte adicional de cerca de R$ 900 mil, que viabilizou a transfer\u00eancia de R$ 1,7 milh\u00e3o a 82 associa\u00e7\u00f5es e cooperativas de catadores de materiais recicl\u00e1veis.<br><br>O Bolsa Reciclagem \u00e9 uma iniciativa de pagamento por servi\u00e7os ambientais urbanos pioneira no Brasil. Al\u00e9m de garantir o desenvolvimento sustent\u00e1vel, por meio da gest\u00e3o adequada de res\u00edduos s\u00f3lidos, o benef\u00edcio proporciona uma melhoria das condi\u00e7\u00f5es sociais e econ\u00f4micas das pessoas que trabalham na coleta, triagem e comercializa\u00e7\u00e3o no estado.<br><br>Ao todo, o repasse financeiro trar\u00e1 benef\u00edcios a quase 1,6 mil catadores de todas as regi\u00f5es de Minas.<br>&nbsp;<\/p>\n\n\n\n<p>&#8220;Os catadores separam materiais recicl\u00e1veis como papel, pl\u00e1stico e vidro, fazendo um trabalho fundamental para evitar que esses itens cheguem aos aterros sanit\u00e1rios e lix\u00f5es. Isso ajuda a aumentar a vida \u00fatil desses locais e a reaproveitar os materiais, diminuindo o uso de recursos naturais e energia&#8221;, afirma o governador de Minas Gerais, Romeu Zema.<\/p>\n\n\n\n<p><br>O Bolsa Reciclagem conta, atualmente, com 176 empreendimentos cadastrados, distribu\u00eddos em 152 munic\u00edpios mineiros, com participa\u00e7\u00e3o ativa de cerca de 80 organiza\u00e7\u00f5es a cada trimestre. O valor total de recurso repassado para o programa Bolsa Reciclagem no ano de 2024, at\u00e9 o momento, foi de R$ 4.397.420,00.<br><br>No terceiro trimestre de 2024, foram processados, aproximadamente, 6.509,48 toneladas de papel, 2.756,89 toneladas de pl\u00e1stico, 2.072,50 toneladas de vidro e 968,92 toneladas de metal, comercializados por todas as associa\u00e7\u00f5es e cooperativas participantes do trimestre.<br>&nbsp;<\/p>\n\n\n\n<p>&#8220;Minas segue em frente, trabalhando para garantir dignidade \u00e0s pessoas e uma sociedade cada vez mais sustent\u00e1vel&#8221;, diz&nbsp;a secret\u00e1ria de Estado de Meio Ambiente e Desenvolvimento Sustent\u00e1vel (Semad), Mar\u00edlia Melo.<\/p>\n\n\n\n<p><br><strong>Reciclando Dignidade<\/strong><br><br>Em novembro, o Governo de Minas participou do lan\u00e7amento do projeto Reciclando Dignidade, iniciativa que pretende promover a inclus\u00e3o previdenci\u00e1ria de catadores de materiais recicl\u00e1veis no estado, estabelecendo uma ponte entre sustentabilidade ambiental e justi\u00e7a social.<br><br>O projeto, idealizado pelo Servi\u00e7o Social Aut\u00f4nomo (Servas), com contribui\u00e7\u00e3o t\u00e9cnica da Semad e financiamento do Minist\u00e9rio P\u00fablico de Minas Gerais (MPMG), busca garantir que esses trabalhadores tenham acesso a direitos como aposentadoria, aux\u00edlio por incapacidade tempor\u00e1ria, licen\u00e7a maternidade, pens\u00e3o por morte, entre outros.<br><br><strong>Bolsa Reciclagem<\/strong><br><br>O Bolsa Reciclagem \u00e9 uma iniciativa pioneira no Brasil, concedendo incentivo financeiro trimestral para associa\u00e7\u00f5es e cooperativas de materiais recicl\u00e1veis, tendo como objetivo incentivar a reintrodu\u00e7\u00e3o de materiais recicl\u00e1veis em processos produtivos e reduzir a utiliza\u00e7\u00e3o de recursos naturais e insumos energ\u00e9ticos. O incentivo proporciona, ainda, a inclus\u00e3o social de catadores de materiais recicl\u00e1veis.<\/p>\n","protected":false},"excerpt":{"rendered":"<p>Repasse, que inicialmente seria de R$ 875 mil, teve uma adi\u00e7\u00e3o de cerca de R$ 900 mil, que beneficiar\u00e1 a quase 1,6 mil\u00a0catadores de todas as regi\u00f5es do Estado O&nbsp;Governo de Minas&nbsp;realizou, nesta sexta-feira (20\/12), o pagamento referente ao terceiro trimestre de 2024 do Programa Bolsa Reciclagem, mantido pela&nbsp;Secretaria de Estado de Meio Ambiente e [&hellip;]<\/p>\n","protected":false},"author":5,"featured_media":145919,"comment_status":"closed","ping_status":"open","sticky":false,"template":"","format":"standard","meta":{"advgb_blocks_editor_width":"","advgb_blocks_columns_visual_guide":"","_exactmetrics_skip_tracking":false,"_exactmetrics_sitenote_active":false,"_exactmetrics_sitenote_note":"","_exactmetrics_sitenote_category":0,"footnotes":""},"categories":[7,2],"tags":[],"class_list":["post-145918","post","type-post","status-publish","format-standard","has-post-thumbnail","hentry","category-destaques","category-noticias"],"better_featured_image":{"id":145919,"alt_text":"","caption":"","description":"","media_type":"image","media_details":{"width":1280,"height":853,"file":"2024\/12\/Catadores-20122024-Semad_Divulgacao.jpeg","filesize":228032,"sizes":{"medium":{"file":"Catadores-20122024-Semad_Divulgacao-450x300.jpeg","width":450,"height":300,"mime-type":"image\/jpeg","filesize":29460,"source_url":"https:\/\/lavras.tv\/site\/wp-content\/uploads\/2024\/12\/Catadores-20122024-Semad_Divulgacao-450x300.jpeg"},"large":{"file":"Catadores-20122024-Semad_Divulgacao-970x646.jpeg","width":970,"height":646,"mime-type":"image\/jpeg","filesize":98930,"source_url":"https:\/\/lavras.tv\/site\/wp-content\/uploads\/2024\/12\/Catadores-20122024-Semad_Divulgacao-970x646.jpeg"},"thumbnail":{"file":"Catadores-20122024-Semad_Divulgacao-170x113.jpeg","width":170,"height":113,"mime-type":"image\/jpeg","filesize":6304,"source_url":"https:\/\/lavras.tv\/site\/wp-content\/uploads\/2024\/12\/Catadores-20122024-Semad_Divulgacao-170x113.jpeg"},"lshowcase-thumb":{"file":"Catadores-20122024-Semad_Divulgacao-200x133.jpeg","width":200,"height":133,"mime-type":"image\/jpeg","filesize":7977,"source_url":"https:\/\/lavras.tv\/site\/wp-content\/uploads\/2024\/12\/Catadores-20122024-Semad_Divulgacao-200x133.jpeg"},"alm-thumbnail":{"file":"Catadores-20122024-Semad_Divulgacao-150x150.jpeg","width":150,"height":150,"mime-type":"image\/jpeg","filesize":7125,"source_url":"https:\/\/lavras.tv\/site\/wp-content\/uploads\/2024\/12\/Catadores-20122024-Semad_Divulgacao-150x150.jpeg"}},"image_meta":{"aperture":"0","credit":"","camera":"","caption":"","created_timestamp":"0","copyright":"","focal_length":"0","iso":"0","shutter_speed":"0","title":"","orientation":"0","keywords":[]}},"post":145918,"source_url":"https:\/\/lavras.tv\/site\/wp-content\/uploads\/2024\/12\/Catadores-20122024-Semad_Divulgacao.jpeg"},"author_meta":{"display_name":"Vinicius Bustamante","author_link":"https:\/\/lavras.tv\/site\/author\/vinicius-bustamante\/"},"featured_img":"https:\/\/lavras.tv\/site\/wp-content\/uploads\/2024\/12\/Catadores-20122024-Semad_Divulgacao-450x300.jpeg","coauthors":[],"tax_additional":{"categories":{"linked":["<a href=\"https:\/\/lavras.tv\/site\/category\/destaques\/\" class=\"advgb-post-tax-term\">Destaques<\/a>","<a href=\"https:\/\/lavras.tv\/site\/category\/noticias\/\" class=\"advgb-post-tax-term\">Not\u00edcias<\/a>"],"unlinked":["<span class=\"advgb-post-tax-term\">Destaques<\/span>","<span class=\"advgb-post-tax-term\">Not\u00edcias<\/span>"]}},"comment_count":"0","relative_dates":{"created":"Publicado 1 ano atr\u00e1s","modified":"Atualizado 1 ano atr\u00e1s"},"absolute_dates":{"created":"Publicado em 23 de dezembro de 2024","modified":"Atualizado em 23 de dezembro de 2024"},"absolute_dates_time":{"created":"Publicado em 23 de dezembro de 2024 14:17","modified":"Atualizado em 23 de dezembro de 2024 14:17"},"featured_img_caption":"","series_order":"","_links":{"self":[{"href":"https:\/\/lavras.tv\/site\/wp-json\/wp\/v2\/posts\/145918","targetHints":{"allow":["GET"]}}],"collection":[{"href":"https:\/\/lavras.tv\/site\/wp-json\/wp\/v2\/posts"}],"about":[{"href":"https:\/\/lavras.tv\/site\/wp-json\/wp\/v2\/types\/post"}],"author":[{"embeddable":true,"href":"https:\/\/lavras.tv\/site\/wp-json\/wp\/v2\/users\/5"}],"replies":[{"embeddable":true,"href":"https:\/\/lavras.tv\/site\/wp-json\/wp\/v2\/comments?post=145918"}],"version-history":[{"count":1,"href":"https:\/\/lavras.tv\/site\/wp-json\/wp\/v2\/posts\/145918\/revisions"}],"predecessor-version":[{"id":145920,"href":"https:\/\/lavras.tv\/site\/wp-json\/wp\/v2\/posts\/145918\/revisions\/145920"}],"wp:featuredmedia":[{"embeddable":true,"href":"https:\/\/lavras.tv\/site\/wp-json\/wp\/v2\/media\/145919"}],"wp:attachment":[{"href":"https:\/\/lavras.tv\/site\/wp-json\/wp\/v2\/media?parent=145918"}],"wp:term":[{"taxonomy":"category","embeddable":true,"href":"https:\/\/lavras.tv\/site\/wp-json\/wp\/v2\/categories?post=145918"},{"taxonomy":"post_tag","embeddable":true,"href":"https:\/\/lavras.tv\/site\/wp-json\/wp\/v2\/tags?post=145918"}],"curies":[{"name":"wp","href":"https:\/\/api.w.org\/{rel}","templated":true}]}}