{"id":145921,"date":"2024-12-23T14:30:27","date_gmt":"2024-12-23T17:30:27","guid":{"rendered":"https:\/\/lavras.tv\/site\/?p=145921"},"modified":"2024-12-23T14:30:28","modified_gmt":"2024-12-23T17:30:28","slug":"as-5-cidades-que-movem-a-economia-brasileira","status":"publish","type":"post","link":"https:\/\/lavras.tv\/site\/2024\/12\/23\/as-5-cidades-que-movem-a-economia-brasileira\/","title":{"rendered":"As 5 Cidades que Movem a Economia Brasileira"},"content":{"rendered":"<div class=\"lavra-antes-do-conteudo_2\" id=\"lavra-61832034\"><div id=\"lavra-slider-27\" class=\"custom-slider lavra-slider-42287499 lavra-slider\"><ul><li><div style=\"margin-left: auto;margin-right: auto;text-align: center;\" id=\"lavra-3242081016\"><a href=\"https:\/\/sistemas.lavras.mg.gov.br\/portalcidadao\/#df1b1a7c7b2a290bcb31e32771e610784662739a88807c0dacac58ede5f391a7530e299dc302d611ee73cb143fc22eaf93592e53e7b5bdb01b00a0b8d28dae460c141dd2ff83412e4dc1c31b16b25f33144a9e5620ea73b13f5bc1c59411d98439ad226e8af03840603796067d87afe130812cf3de24982d0e306f9e61e764e5\" aria-label=\"Lavras-TV&#8211;720x104px (1) (1)\"><img src=\"https:\/\/lavras.tv\/site\/wp-content\/uploads\/2025\/01\/Lavras-TV-720x104px-1-1.png\" alt=\"\"  srcset=\"https:\/\/lavras.tv\/site\/wp-content\/uploads\/2025\/01\/Lavras-TV-720x104px-1-1.png 720w, https:\/\/lavras.tv\/site\/wp-content\/uploads\/2025\/01\/Lavras-TV-720x104px-1-1-470x68.png 470w, https:\/\/lavras.tv\/site\/wp-content\/uploads\/2025\/01\/Lavras-TV-720x104px-1-1-170x25.png 170w, https:\/\/lavras.tv\/site\/wp-content\/uploads\/2025\/01\/Lavras-TV-720x104px-1-1-200x29.png 200w\" sizes=\"(max-width: 720px) 100vw, 720px\" width=\"720\" height=\"104\"  style=\"display: inline-block;\" \/><\/a><\/div><\/li><li><a href=\"https:\/\/sistemas.lavras.mg.gov.br\/portalcidadao\/#df1b1a7c7b2a290bcb31e32771e610784662739a88807c0dacac58ede5f391a7530e299dc302d611ee73cb143fc22eaf93592e53e7b5bdb01b00a0b8d28dae460c141dd2ff83412e4dc1c31b16b25f33144a9e5620ea73b13f5bc1c59411d98439ad226e8af03840603796067d87afe130812cf3de24982d0e306f9e61e764e5\" aria-label=\"Banner_Emprego_PortallavrasTV\"><img src=\"https:\/\/lavras.tv\/site\/wp-content\/uploads\/2025\/03\/Banner_Emprego_PortallavrasTV.png\" alt=\"\"  srcset=\"https:\/\/lavras.tv\/site\/wp-content\/uploads\/2025\/03\/Banner_Emprego_PortallavrasTV.png 720w, https:\/\/lavras.tv\/site\/wp-content\/uploads\/2025\/03\/Banner_Emprego_PortallavrasTV-470x68.png 470w, https:\/\/lavras.tv\/site\/wp-content\/uploads\/2025\/03\/Banner_Emprego_PortallavrasTV-170x25.png 170w, https:\/\/lavras.tv\/site\/wp-content\/uploads\/2025\/03\/Banner_Emprego_PortallavrasTV-200x29.png 200w\" sizes=\"(max-width: 720px) 100vw, 720px\" width=\"720\" height=\"104\"   \/><\/a><\/li><li><a href=\"https:\/\/sistemas.lavras.mg.gov.br\/portalcidadao\/#df1b1a7c7b2a290bcb31e32771e610784662739a88807c0dacac58ede5f391a7530e299dc302d611ee73cb143fc22eaf93592e53e7b5bdb01b00a0b8d28dae460c141dd2ff83412e4dc1c31b16b25f33144a9e5620ea73b13f5bc1c59411d98439ad226e8af03840603796067d87afe130812cf3de24982d0e306f9e61e764e5\" aria-label=\"Banner_Obras_PortallavrasTV\"><img src=\"https:\/\/lavras.tv\/site\/wp-content\/uploads\/2025\/03\/Banner_Obras_PortallavrasTV.png\" alt=\"\"  srcset=\"https:\/\/lavras.tv\/site\/wp-content\/uploads\/2025\/03\/Banner_Obras_PortallavrasTV.png 720w, https:\/\/lavras.tv\/site\/wp-content\/uploads\/2025\/03\/Banner_Obras_PortallavrasTV-470x68.png 470w, https:\/\/lavras.tv\/site\/wp-content\/uploads\/2025\/03\/Banner_Obras_PortallavrasTV-170x25.png 170w, https:\/\/lavras.tv\/site\/wp-content\/uploads\/2025\/03\/Banner_Obras_PortallavrasTV-200x29.png 200w\" sizes=\"(max-width: 720px) 100vw, 720px\" width=\"720\" height=\"104\"   \/><\/a><\/li><li><div style=\"margin-left: auto;margin-right: auto;text-align: center;\" id=\"lavra-2221297168\"><a href=\"https:\/\/sistemas.lavras.mg.gov.br\/portalcidadao\/#df1b1a7c7b2a290bcb31e32771e610784662739a88807c0dacac58ede5f391a7530e299dc302d611ee73cb143fc22eaf93592e53e7b5bdb01b00a0b8d28dae460c141dd2ff83412e4dc1c31b16b25f33144a9e5620ea73b13f5bc1c59411d98439ad226e8af03840603796067d87afe130812cf3de24982d0e306f9e61e764e5\" aria-label=\"Banner_Educa\u00e7\u00e3o_PortallavrasTV\"><img src=\"https:\/\/lavras.tv\/site\/wp-content\/uploads\/2025\/01\/Banner_Educacao_PortallavrasTV.png\" alt=\"\"  srcset=\"https:\/\/lavras.tv\/site\/wp-content\/uploads\/2025\/01\/Banner_Educacao_PortallavrasTV.png 720w, https:\/\/lavras.tv\/site\/wp-content\/uploads\/2025\/01\/Banner_Educacao_PortallavrasTV-470x68.png 470w, https:\/\/lavras.tv\/site\/wp-content\/uploads\/2025\/01\/Banner_Educacao_PortallavrasTV-170x25.png 170w, https:\/\/lavras.tv\/site\/wp-content\/uploads\/2025\/01\/Banner_Educacao_PortallavrasTV-200x29.png 200w\" sizes=\"(max-width: 720px) 100vw, 720px\" width=\"720\" height=\"104\"  style=\"display: inline-block;\" \/><\/a><\/div><\/li><li><a href=\"https:\/\/sistemas.lavras.mg.gov.br\/portalcidadao\/#df1b1a7c7b2a290bcb31e32771e610784662739a88807c0dacac58ede5f391a7530e299dc302d611ee73cb143fc22eaf93592e53e7b5bdb01b00a0b8d28dae460c141dd2ff83412e4dc1c31b16b25f33144a9e5620ea73b13f5bc1c59411d98439ad226e8af03840603796067d87afe130812cf3de24982d0e306f9e61e764e5\" aria-label=\"Banner_Sa\u00fade_PortallavrasTV\"><img src=\"https:\/\/lavras.tv\/site\/wp-content\/uploads\/2025\/03\/Banner_Saude_PortallavrasTV.png\" alt=\"\"  srcset=\"https:\/\/lavras.tv\/site\/wp-content\/uploads\/2025\/03\/Banner_Saude_PortallavrasTV.png 720w, https:\/\/lavras.tv\/site\/wp-content\/uploads\/2025\/03\/Banner_Saude_PortallavrasTV-470x68.png 470w, https:\/\/lavras.tv\/site\/wp-content\/uploads\/2025\/03\/Banner_Saude_PortallavrasTV-170x25.png 170w, https:\/\/lavras.tv\/site\/wp-content\/uploads\/2025\/03\/Banner_Saude_PortallavrasTV-200x29.png 200w\" sizes=\"(max-width: 720px) 100vw, 720px\" width=\"720\" height=\"104\"   \/><\/a><\/li><li><div id=\"lavra-4009199193\" style=\"width:720px;height:104px;background-color:#ddd;overflow:scroll;\">\n\t<strong>Sa\u00edda da depura\u00e7\u00e3o de an\u00fancios<\/strong>\n\t<br><br>\n\tO an\u00fancio n\u00e3o \u00e9 exibido na p\u00e1gina<br><br>post atual: As 5 Cidades que Movem a Economia Brasileira, ID: 145921<br><br><span style=\"color: red;\">O post atual n\u00e3o \u00e9 id\u00eantico ao post principal.<\/span><br><br>An\u00fancios: ROXO - TOPO INTERNA - ROTATIVO 2 (197)<br \/>Grupo de an\u00fancios: Princ_Meio01_720x104 (27)<br><br>Condi\u00e7\u00f5es de exibi\u00e7\u00e3o<div style=\"margin-bottom: 20px; white-space: pre-wrap; font-family: monospace; width: 100%; background: #ffe9e9;\"><strong>condi\u00e7\u00f5es gerais<\/strong><table border=\"1\"><thead><tr><th><\/th><th>An\u00fancios<\/th><th>wp_the_query<\/th><\/tr><\/thead><tr><td>is_main_query<\/td><td>1<\/td><td>1<\/td><\/tr><tr><td>is_rest_api<\/td><td>0<\/td><td>1<\/td><\/tr><tr><td>page<\/td><td>0<\/td><td>1<\/td><\/tr><tr><td>numpages<\/td><td>0<\/td><td>1<\/td><\/tr><tr><td>is_archive<\/td><td>1<\/td><td><\/td><\/tr><tr><td>is_search<\/td><td>1<\/td><td><\/td><\/tr><tr><td>is_home<\/td><td>1<\/td><td><\/td><\/tr><tr><td>is_404<\/td><td>1<\/td><td><\/td><\/tr><tr><td>is_attachment<\/td><td>1<\/td><td><\/td><\/tr><tr><td>is_singular<\/td><td>1<\/td><td><\/td><\/tr><tr><td>is_front_page<\/td><td>1<\/td><td><\/td><\/tr><tr><td>is_feed<\/td><td>1<\/td><td><\/td><\/tr><\/table><\/div><br><br><span style=\"color: red;\">Seu site usa HTTPS, mas o c\u00f3digo do an\u00fancio cont\u00e9m HTTP e pode n\u00e3o funcionar.<\/span>\t<br><br>\n\t<a style=\"color: green;\" href=\"https:\/\/wpadvancedads.com\/manual\/ad-debug-mode\/?utm_source=advanced-ads&utm_medium=link&utm_campaign=ad-debug-mode\" target=\"_blank\" rel=\"nofollow\">Encontre solu\u00e7\u00f5es no manual<\/a>\n<\/div>\n<\/li><\/ul><\/div><script>( window.advanced_ads_ready || jQuery( document ).ready ).call( null, function() {var $lavraslider42287499 = jQuery( \".lavra-slider-42287499\" );$lavraslider42287499.on( \"unslider.ready\", function() { jQuery( \"div.custom-slider ul li\" ).css( \"display\", \"block\" ); });$lavraslider42287499.unslider({ delay:4000, autoplay:true, nav:false, arrows:false, infinite:true });$lavraslider42287499.on(\"mouseover\", function() {$lavraslider42287499.unslider(\"stop\");}).on(\"mouseout\", function() {$lavraslider42287499.unslider(\"start\");});});<\/script><\/div>\n<figure class=\"wp-block-image size-full\"><img fetchpriority=\"high\" decoding=\"async\" width=\"750\" height=\"375\" src=\"https:\/\/lavras.tv\/site\/wp-content\/uploads\/2024\/12\/dinheiro_1733233251105-750x375-1.jpg\" alt=\"\" class=\"wp-image-145922\" srcset=\"https:\/\/lavras.tv\/site\/wp-content\/uploads\/2024\/12\/dinheiro_1733233251105-750x375-1.jpg 750w, https:\/\/lavras.tv\/site\/wp-content\/uploads\/2024\/12\/dinheiro_1733233251105-750x375-1-470x235.jpg 470w, https:\/\/lavras.tv\/site\/wp-content\/uploads\/2024\/12\/dinheiro_1733233251105-750x375-1-170x85.jpg 170w, https:\/\/lavras.tv\/site\/wp-content\/uploads\/2024\/12\/dinheiro_1733233251105-750x375-1-200x100.jpg 200w\" sizes=\"(max-width: 750px) 100vw, 750px\" \/><\/figure>\n\n\n\n<p>O Brasil \u00e9 conhecido por sua diversidade econ\u00f4mica, com algumas cidades desempenhando pap\u00e9is fundamentais na sustenta\u00e7\u00e3o e desenvolvimento da economia nacional. Estas cidades, al\u00e9m de fortalecerem o&nbsp;<a href=\"https:\/\/www.ibge.gov.br\/explica\/pib.php#:~:text=O%20que%20%C3%A9%20o%20PIB,R%24%2010%2C9%20trilh%C3%B5es.\" target=\"_blank\" rel=\"noreferrer noopener\"><strong>Produto Interno Bruto<\/strong><\/a>&nbsp;(PIB), s\u00e3o centros de inova\u00e7\u00e3o e cultura.<\/p>\n\n\n\n<p>Faremos uma an\u00e1lise sobre cinco cidades brasileiras que se destacam no cen\u00e1rio econ\u00f4mico, explorando os elementos que fazem delas pilares de riqueza e desenvolvimento.<\/p>\n\n\n\n<h2 class=\"wp-block-heading\">A For\u00e7a Econ\u00f4mica de S\u00e3o Paulo<\/h2>\n\n\n\n<p>A cidade de&nbsp;<strong><a href=\"https:\/\/www.em.com.br\/emfoco\/2024\/12\/09\/descubra-o-impacto-de-ayrton-senna-em-sao-paulo\/\" target=\"_blank\" rel=\"noreferrer noopener\">S\u00e3o Paulo<\/a><\/strong>&nbsp;\u00e9 um dos principais motores da economia no Brasil. Reconhecida por sua diversidade empresarial, ela abriga setores diversos como finan\u00e7as, tecnologia e com\u00e9rcio. A cidade \u00e9 um ponto de converg\u00eancia para empresas nacionais e internacionais, favorecendo o crescimento cont\u00ednuo.<\/p>\n\n\n\n<p>S\u00e3o Paulo \u00e9 tamb\u00e9m um centro estrat\u00e9gico devido \u00e0 sua infraestrutura que suporta um ambiente robusto de neg\u00f3cios, atraindo investidores e promovendo atividades comerciais em larga escala.<\/p>\n\n\n\n<figure class=\"wp-block-image\"><img decoding=\"async\" src=\"https:\/\/www.em.com.br\/emfoco\/wp-content\/uploads\/2024\/11\/Sao-Paulo_1732882130797-1024x576.jpg\" alt=\"Rio de Janeiro x S\u00e3o Paulo: A Batalha dos Destinos Tur\u00edsticos\" class=\"wp-image-2214\"\/><figcaption class=\"wp-element-caption\">S\u00e3o Paulo \u2013 Cr\u00e9ditos: depositphotos.com \/ julioricco<\/figcaption><\/figure>\n\n\n\n<h2 class=\"wp-block-heading\">Qual \u00e9 o Papel do Rio de Janeiro na Economia?<\/h2>\n\n\n\n<p>No&nbsp;<strong><a href=\"https:\/\/www.em.com.br\/emfoco\/2024\/12\/15\/christina-aguilera-no-rio-em-2025\/\" target=\"_blank\" rel=\"noreferrer noopener\">Rio de Janeiro<\/a><\/strong>, al\u00e9m de suas renomadas paisagens, a concentra\u00e7\u00e3o de atividades nos setores de turismo e energia \u00e9 not\u00e1vel. O Rio \u00e9 sede de grandes empresas de petr\u00f3leo e g\u00e1s e, ao mesmo tempo, atrai milhares de turistas por ano, interessados em sua oferta cultural e hist\u00f3rica.<\/p>\n\n\n\n<p>Essa combina\u00e7\u00e3o de ind\u00fastrias faz do Rio uma cidade integral para a economia, estimulando diversas vertentes do mercado interno.<\/p>\n\n\n\n<figure class=\"wp-block-image\"><img decoding=\"async\" src=\"https:\/\/www.em.com.br\/emfoco\/wp-content\/uploads\/2024\/11\/Rio-de-Janeiro_1732881948179-1-1024x576.jpg\" alt=\"Rio de Janeiro x S\u00e3o Paulo: A Batalha dos Destinos Tur\u00edsticos\" class=\"wp-image-2213\"\/><figcaption class=\"wp-element-caption\">Rio de Janeiro \u2013 Cr\u00e9ditos: depositphotos.com \/ rmnunes<\/figcaption><\/figure>\n\n\n\n<h2 class=\"wp-block-heading\">Bras\u00edlia como Centro de Servi\u00e7os P\u00fablicos<\/h2>\n\n\n\n<p><strong><a href=\"https:\/\/www.em.com.br\/emfoco\/2024\/12\/05\/a-cidade-que-voa-descubra-a-inspiracao-por-tras-de-um-projeto-ousado\/\" target=\"_blank\" rel=\"noreferrer noopener\">Bras\u00edlia<\/a><\/strong>, a capital do Brasil, concentra suas atividades econ\u00f4micas no setor de servi\u00e7os p\u00fablicos e administra\u00e7\u00e3o governamental. A presen\u00e7a de \u00f3rg\u00e3os federais define o perfil econ\u00f4mico da cidade, atraindo neg\u00f3cios focados em suporte governamental.<\/p>\n\n\n\n<p>A cidade, com seu planejamento urbano \u00fanico, oferece condi\u00e7\u00f5es para um crescimento constante, aliado \u00e0 alta qualidade de vida de seus moradores.<\/p>\n\n\n\n<figure class=\"wp-block-image\"><img decoding=\"async\" src=\"https:\/\/www.em.com.br\/emfoco\/wp-content\/uploads\/2024\/11\/Brasilia_1732985603429-1024x576.jpg\" alt=\"A cidade que voa: Descubra a inspira\u00e7\u00e3o por tr\u00e1s de um projeto ousado.\" class=\"wp-image-2461\"\/><figcaption class=\"wp-element-caption\">Bras\u00edlia \u2013 Cr\u00e9ditos: depositphotos.com \/ rmnunes<\/figcaption><\/figure>\n\n\n\n<h2 class=\"wp-block-heading\">Belo Horizonte e seu Cen\u00e1rio Industrial<\/h2>\n\n\n\n<p>Em&nbsp;<strong><a href=\"https:\/\/www.em.com.br\/emfoco\/2024\/12\/05\/uma-viagem-no-tempo-pela-historia-da-arquitetura-brasileira\/\" target=\"_blank\" rel=\"noreferrer noopener\">Belo Horizonte<\/a><\/strong>, a economia \u00e9 caracterizada pela sua for\u00e7a industrial, com destaque para o setor de minera\u00e7\u00e3o. A cidade tamb\u00e9m se beneficia de sua evolu\u00e7\u00e3o nos campos de sa\u00fade e educa\u00e7\u00e3o, criando um ambiente prop\u00edcio para inova\u00e7\u00e3o e forma\u00e7\u00e3o de novas empresas.<\/p>\n\n\n\n<p>Essa diversidade d\u00e1 \u00e0 Belo Horizonte resili\u00eancia e capacidade de adapta\u00e7\u00e3o frente a desafios econ\u00f4micos, fortalecendo o estado de Minas Gerais.<\/p>\n\n\n\n<figure class=\"wp-block-image\"><img decoding=\"async\" src=\"https:\/\/www.em.com.br\/emfoco\/wp-content\/uploads\/2024\/11\/Belo-Horizonte_1732807047989-1024x576.jpg\" alt=\"Viver em Belo Horizonte: Cultura, Mobilidade e Qualidade de Vida!\" class=\"wp-image-1915\"\/><figcaption class=\"wp-element-caption\">Belo Horizonte \u2013 Cr\u00e9ditos: depositphotos.com<\/figcaption><\/figure>\n\n\n\n<h2 class=\"wp-block-heading\">Curitiba: Pioneirismo em Sustentabilidade<\/h2>\n\n\n\n<p><strong><a href=\"https:\/\/www.em.com.br\/emfoco\/2024\/12\/06\/descubra-o-paraiso-verde-e-economico-do-brasil\/\" target=\"_blank\" rel=\"noreferrer noopener\">Curitiba<\/a><\/strong>&nbsp;\u00e9 conhecida mundialmente por suas pr\u00e1ticas sustent\u00e1veis e gest\u00e3o urbana eficiente. A cidade \u00e9 um centro de desenvolvimento tecnol\u00f3gico e automotivo, mantendo um compromisso cont\u00ednuo com solu\u00e7\u00f5es verdes.<\/p>\n\n\n\n<p>Inova\u00e7\u00f5es em transporte p\u00fablico e planejamento urbano colocam Curitiba como um modelo a ser seguido tanto no Brasil quanto fora dele, representando n\u00e3o apenas desenvolvimento econ\u00f4mico, mas tamb\u00e9m um avan\u00e7o social e ambiental.<\/p>\n\n\n\n<figure class=\"wp-block-image\"><img decoding=\"async\" src=\"https:\/\/www.em.com.br\/emfoco\/wp-content\/uploads\/2024\/12\/109-1024x576.jpg\" alt=\"Planejando sua Viagem para Curitiba? Veja as Melhores Dicas!\" class=\"wp-image-3635\"\/><figcaption class=\"wp-element-caption\">Parque Tangu\u00e1, Curitiba \u2013 Cr\u00e9ditos: depositphotos.com \/ diegograndi<\/figcaption><\/figure>\n\n\n\n<p>Essas cidades demonstram que atrav\u00e9s de uma combina\u00e7\u00e3o de inova\u00e7\u00e3o, infraestrutura eficiente e diversidade econ\u00f4mica, \u00e9 poss\u00edvel alcan\u00e7ar um status de destaque que contribui significativamente para a economia brasileira.<\/p>\n","protected":false},"excerpt":{"rendered":"<p>O Brasil \u00e9 conhecido por sua diversidade econ\u00f4mica, com algumas cidades desempenhando pap\u00e9is fundamentais na sustenta\u00e7\u00e3o e desenvolvimento da economia nacional. Estas cidades, al\u00e9m de fortalecerem o&nbsp;Produto Interno Bruto&nbsp;(PIB), s\u00e3o centros de inova\u00e7\u00e3o e cultura. Faremos uma an\u00e1lise sobre cinco cidades brasileiras que se destacam no cen\u00e1rio econ\u00f4mico, explorando os elementos que fazem delas pilares [&hellip;]<\/p>\n","protected":false},"author":5,"featured_media":145922,"comment_status":"closed","ping_status":"open","sticky":false,"template":"","format":"standard","meta":{"advgb_blocks_editor_width":"","advgb_blocks_columns_visual_guide":"","_exactmetrics_skip_tracking":false,"_exactmetrics_sitenote_active":false,"_exactmetrics_sitenote_note":"","_exactmetrics_sitenote_category":0,"footnotes":""},"categories":[7,2],"tags":[],"class_list":["post-145921","post","type-post","status-publish","format-standard","has-post-thumbnail","hentry","category-destaques","category-noticias"],"better_featured_image":{"id":145922,"alt_text":"","caption":"","description":"","media_type":"image","media_details":{"width":750,"height":375,"file":"2024\/12\/dinheiro_1733233251105-750x375-1.jpg","filesize":55687,"sizes":{"medium":{"file":"dinheiro_1733233251105-750x375-1-470x235.jpg","width":470,"height":235,"mime-type":"image\/jpeg","filesize":36922,"source_url":"https:\/\/lavras.tv\/site\/wp-content\/uploads\/2024\/12\/dinheiro_1733233251105-750x375-1-470x235.jpg"},"thumbnail":{"file":"dinheiro_1733233251105-750x375-1-170x85.jpg","width":170,"height":85,"mime-type":"image\/jpeg","filesize":22596,"source_url":"https:\/\/lavras.tv\/site\/wp-content\/uploads\/2024\/12\/dinheiro_1733233251105-750x375-1-170x85.jpg"},"lshowcase-thumb":{"file":"dinheiro_1733233251105-750x375-1-200x100.jpg","width":200,"height":100,"mime-type":"image\/jpeg","filesize":23657,"source_url":"https:\/\/lavras.tv\/site\/wp-content\/uploads\/2024\/12\/dinheiro_1733233251105-750x375-1-200x100.jpg"},"alm-thumbnail":{"file":"dinheiro_1733233251105-750x375-1-150x150.jpg","width":150,"height":150,"mime-type":"image\/jpeg","filesize":23960,"source_url":"https:\/\/lavras.tv\/site\/wp-content\/uploads\/2024\/12\/dinheiro_1733233251105-750x375-1-150x150.jpg"}},"image_meta":{"aperture":"0","credit":"","camera":"","caption":"","created_timestamp":"0","copyright":"","focal_length":"0","iso":"0","shutter_speed":"0","title":"","orientation":"0","keywords":[]}},"post":145921,"source_url":"https:\/\/lavras.tv\/site\/wp-content\/uploads\/2024\/12\/dinheiro_1733233251105-750x375-1.jpg"},"author_meta":{"display_name":"Vinicius Bustamante","author_link":"https:\/\/lavras.tv\/site\/author\/vinicius-bustamante\/"},"featured_img":"https:\/\/lavras.tv\/site\/wp-content\/uploads\/2024\/12\/dinheiro_1733233251105-750x375-1-470x235.jpg","coauthors":[],"tax_additional":{"categories":{"linked":["<a href=\"https:\/\/lavras.tv\/site\/category\/destaques\/\" class=\"advgb-post-tax-term\">Destaques<\/a>","<a href=\"https:\/\/lavras.tv\/site\/category\/noticias\/\" class=\"advgb-post-tax-term\">Not\u00edcias<\/a>"],"unlinked":["<span class=\"advgb-post-tax-term\">Destaques<\/span>","<span class=\"advgb-post-tax-term\">Not\u00edcias<\/span>"]}},"comment_count":"0","relative_dates":{"created":"Publicado 1 ano atr\u00e1s","modified":"Atualizado 1 ano atr\u00e1s"},"absolute_dates":{"created":"Publicado em 23 de dezembro de 2024","modified":"Atualizado em 23 de dezembro de 2024"},"absolute_dates_time":{"created":"Publicado em 23 de dezembro de 2024 14:30","modified":"Atualizado em 23 de dezembro de 2024 14:30"},"featured_img_caption":"","series_order":"","_links":{"self":[{"href":"https:\/\/lavras.tv\/site\/wp-json\/wp\/v2\/posts\/145921","targetHints":{"allow":["GET"]}}],"collection":[{"href":"https:\/\/lavras.tv\/site\/wp-json\/wp\/v2\/posts"}],"about":[{"href":"https:\/\/lavras.tv\/site\/wp-json\/wp\/v2\/types\/post"}],"author":[{"embeddable":true,"href":"https:\/\/lavras.tv\/site\/wp-json\/wp\/v2\/users\/5"}],"replies":[{"embeddable":true,"href":"https:\/\/lavras.tv\/site\/wp-json\/wp\/v2\/comments?post=145921"}],"version-history":[{"count":1,"href":"https:\/\/lavras.tv\/site\/wp-json\/wp\/v2\/posts\/145921\/revisions"}],"predecessor-version":[{"id":145923,"href":"https:\/\/lavras.tv\/site\/wp-json\/wp\/v2\/posts\/145921\/revisions\/145923"}],"wp:featuredmedia":[{"embeddable":true,"href":"https:\/\/lavras.tv\/site\/wp-json\/wp\/v2\/media\/145922"}],"wp:attachment":[{"href":"https:\/\/lavras.tv\/site\/wp-json\/wp\/v2\/media?parent=145921"}],"wp:term":[{"taxonomy":"category","embeddable":true,"href":"https:\/\/lavras.tv\/site\/wp-json\/wp\/v2\/categories?post=145921"},{"taxonomy":"post_tag","embeddable":true,"href":"https:\/\/lavras.tv\/site\/wp-json\/wp\/v2\/tags?post=145921"}],"curies":[{"name":"wp","href":"https:\/\/api.w.org\/{rel}","templated":true}]}}