{"id":14605,"date":"2018-02-06T09:23:11","date_gmt":"2018-02-06T11:23:11","guid":{"rendered":"http:\/\/lavras.tv\/site\/?p=14605"},"modified":"2018-02-06T09:23:11","modified_gmt":"2018-02-06T11:23:11","slug":"informe-parlamentar-deputado-fabio-cherem-teve-atuacao-decisiva-para-transformar-o-lavras-volei-em-realidade","status":"publish","type":"post","link":"https:\/\/lavras.tv\/site\/2018\/02\/06\/informe-parlamentar-deputado-fabio-cherem-teve-atuacao-decisiva-para-transformar-o-lavras-volei-em-realidade\/","title":{"rendered":"[Informe Parlamentar] Deputado F\u00e1bio Cherem teve atua\u00e7\u00e3o decisiva para transformar o Lavras V\u00f4lei em realidade"},"content":{"rendered":"<div class=\"lavra-antes-do-conteudo_2\" id=\"lavra-2210338257\"><div id=\"lavra-slider-27\" class=\"custom-slider lavra-slider-3050698934 lavra-slider\"><ul><li><div style=\"margin-left: auto;margin-right: auto;text-align: center;\" id=\"lavra-674656961\"><a href=\"https:\/\/sistemas.lavras.mg.gov.br\/portalcidadao\/#df1b1a7c7b2a290bcb31e32771e610784662739a88807c0dacac58ede5f391a7530e299dc302d611ee73cb143fc22eaf93592e53e7b5bdb01b00a0b8d28dae460c141dd2ff83412e4dc1c31b16b25f33144a9e5620ea73b13f5bc1c59411d98439ad226e8af03840603796067d87afe130812cf3de24982d0e306f9e61e764e5\" aria-label=\"Lavras-TV&#8211;720x104px (1) (1)\"><img src=\"https:\/\/lavras.tv\/site\/wp-content\/uploads\/2025\/01\/Lavras-TV-720x104px-1-1.png\" alt=\"\"  srcset=\"https:\/\/lavras.tv\/site\/wp-content\/uploads\/2025\/01\/Lavras-TV-720x104px-1-1.png 720w, https:\/\/lavras.tv\/site\/wp-content\/uploads\/2025\/01\/Lavras-TV-720x104px-1-1-470x68.png 470w, https:\/\/lavras.tv\/site\/wp-content\/uploads\/2025\/01\/Lavras-TV-720x104px-1-1-170x25.png 170w, https:\/\/lavras.tv\/site\/wp-content\/uploads\/2025\/01\/Lavras-TV-720x104px-1-1-200x29.png 200w\" sizes=\"(max-width: 720px) 100vw, 720px\" width=\"720\" height=\"104\"  style=\"display: inline-block;\" \/><\/a><\/div><\/li><li><a href=\"https:\/\/sistemas.lavras.mg.gov.br\/portalcidadao\/#df1b1a7c7b2a290bcb31e32771e610784662739a88807c0dacac58ede5f391a7530e299dc302d611ee73cb143fc22eaf93592e53e7b5bdb01b00a0b8d28dae460c141dd2ff83412e4dc1c31b16b25f33144a9e5620ea73b13f5bc1c59411d98439ad226e8af03840603796067d87afe130812cf3de24982d0e306f9e61e764e5\" aria-label=\"Banner_Emprego_PortallavrasTV\"><img src=\"https:\/\/lavras.tv\/site\/wp-content\/uploads\/2025\/03\/Banner_Emprego_PortallavrasTV.png\" alt=\"\"  srcset=\"https:\/\/lavras.tv\/site\/wp-content\/uploads\/2025\/03\/Banner_Emprego_PortallavrasTV.png 720w, https:\/\/lavras.tv\/site\/wp-content\/uploads\/2025\/03\/Banner_Emprego_PortallavrasTV-470x68.png 470w, https:\/\/lavras.tv\/site\/wp-content\/uploads\/2025\/03\/Banner_Emprego_PortallavrasTV-170x25.png 170w, https:\/\/lavras.tv\/site\/wp-content\/uploads\/2025\/03\/Banner_Emprego_PortallavrasTV-200x29.png 200w\" sizes=\"(max-width: 720px) 100vw, 720px\" width=\"720\" height=\"104\"   \/><\/a><\/li><li><a href=\"https:\/\/sistemas.lavras.mg.gov.br\/portalcidadao\/#df1b1a7c7b2a290bcb31e32771e610784662739a88807c0dacac58ede5f391a7530e299dc302d611ee73cb143fc22eaf93592e53e7b5bdb01b00a0b8d28dae460c141dd2ff83412e4dc1c31b16b25f33144a9e5620ea73b13f5bc1c59411d98439ad226e8af03840603796067d87afe130812cf3de24982d0e306f9e61e764e5\" aria-label=\"Banner_Obras_PortallavrasTV\"><img src=\"https:\/\/lavras.tv\/site\/wp-content\/uploads\/2025\/03\/Banner_Obras_PortallavrasTV.png\" alt=\"\"  srcset=\"https:\/\/lavras.tv\/site\/wp-content\/uploads\/2025\/03\/Banner_Obras_PortallavrasTV.png 720w, https:\/\/lavras.tv\/site\/wp-content\/uploads\/2025\/03\/Banner_Obras_PortallavrasTV-470x68.png 470w, https:\/\/lavras.tv\/site\/wp-content\/uploads\/2025\/03\/Banner_Obras_PortallavrasTV-170x25.png 170w, https:\/\/lavras.tv\/site\/wp-content\/uploads\/2025\/03\/Banner_Obras_PortallavrasTV-200x29.png 200w\" sizes=\"(max-width: 720px) 100vw, 720px\" width=\"720\" height=\"104\"   \/><\/a><\/li><li><div style=\"margin-left: auto;margin-right: auto;text-align: center;\" id=\"lavra-4183871638\"><a href=\"https:\/\/sistemas.lavras.mg.gov.br\/portalcidadao\/#df1b1a7c7b2a290bcb31e32771e610784662739a88807c0dacac58ede5f391a7530e299dc302d611ee73cb143fc22eaf93592e53e7b5bdb01b00a0b8d28dae460c141dd2ff83412e4dc1c31b16b25f33144a9e5620ea73b13f5bc1c59411d98439ad226e8af03840603796067d87afe130812cf3de24982d0e306f9e61e764e5\" aria-label=\"Banner_Educa\u00e7\u00e3o_PortallavrasTV\"><img src=\"https:\/\/lavras.tv\/site\/wp-content\/uploads\/2025\/01\/Banner_Educacao_PortallavrasTV.png\" alt=\"\"  srcset=\"https:\/\/lavras.tv\/site\/wp-content\/uploads\/2025\/01\/Banner_Educacao_PortallavrasTV.png 720w, https:\/\/lavras.tv\/site\/wp-content\/uploads\/2025\/01\/Banner_Educacao_PortallavrasTV-470x68.png 470w, https:\/\/lavras.tv\/site\/wp-content\/uploads\/2025\/01\/Banner_Educacao_PortallavrasTV-170x25.png 170w, https:\/\/lavras.tv\/site\/wp-content\/uploads\/2025\/01\/Banner_Educacao_PortallavrasTV-200x29.png 200w\" sizes=\"(max-width: 720px) 100vw, 720px\" width=\"720\" height=\"104\"  style=\"display: inline-block;\" \/><\/a><\/div><\/li><li><a href=\"https:\/\/sistemas.lavras.mg.gov.br\/portalcidadao\/#df1b1a7c7b2a290bcb31e32771e610784662739a88807c0dacac58ede5f391a7530e299dc302d611ee73cb143fc22eaf93592e53e7b5bdb01b00a0b8d28dae460c141dd2ff83412e4dc1c31b16b25f33144a9e5620ea73b13f5bc1c59411d98439ad226e8af03840603796067d87afe130812cf3de24982d0e306f9e61e764e5\" aria-label=\"Banner_Sa\u00fade_PortallavrasTV\"><img src=\"https:\/\/lavras.tv\/site\/wp-content\/uploads\/2025\/03\/Banner_Saude_PortallavrasTV.png\" alt=\"\"  srcset=\"https:\/\/lavras.tv\/site\/wp-content\/uploads\/2025\/03\/Banner_Saude_PortallavrasTV.png 720w, https:\/\/lavras.tv\/site\/wp-content\/uploads\/2025\/03\/Banner_Saude_PortallavrasTV-470x68.png 470w, https:\/\/lavras.tv\/site\/wp-content\/uploads\/2025\/03\/Banner_Saude_PortallavrasTV-170x25.png 170w, https:\/\/lavras.tv\/site\/wp-content\/uploads\/2025\/03\/Banner_Saude_PortallavrasTV-200x29.png 200w\" sizes=\"(max-width: 720px) 100vw, 720px\" width=\"720\" height=\"104\"   \/><\/a><\/li><li><div id=\"lavra-53003279\" style=\"width:720px;height:104px;background-color:#ddd;overflow:scroll;\">\n\t<strong>Sa\u00edda da depura\u00e7\u00e3o de an\u00fancios<\/strong>\n\t<br><br>\n\tO an\u00fancio n\u00e3o \u00e9 exibido na p\u00e1gina<br><br>post atual: [Informe Parlamentar] Deputado F\u00e1bio Cherem teve atua\u00e7\u00e3o decisiva para transformar o Lavras V\u00f4lei em realidade, ID: 14605<br><br><span style=\"color: red;\">O post atual n\u00e3o \u00e9 id\u00eantico ao post principal.<\/span><br><br>An\u00fancios: ROXO - TOPO INTERNA - ROTATIVO 2 (197)<br \/>Grupo de an\u00fancios: Princ_Meio01_720x104 (27)<br><br>Condi\u00e7\u00f5es de exibi\u00e7\u00e3o<div style=\"margin-bottom: 20px; white-space: pre-wrap; font-family: monospace; width: 100%; background: #ffe9e9;\"><strong>condi\u00e7\u00f5es gerais<\/strong><table border=\"1\"><thead><tr><th><\/th><th>An\u00fancios<\/th><th>wp_the_query<\/th><\/tr><\/thead><tr><td>is_main_query<\/td><td>1<\/td><td>1<\/td><\/tr><tr><td>is_rest_api<\/td><td>0<\/td><td>1<\/td><\/tr><tr><td>page<\/td><td>0<\/td><td>1<\/td><\/tr><tr><td>numpages<\/td><td>0<\/td><td>1<\/td><\/tr><tr><td>is_archive<\/td><td>1<\/td><td><\/td><\/tr><tr><td>is_search<\/td><td>1<\/td><td><\/td><\/tr><tr><td>is_home<\/td><td>1<\/td><td><\/td><\/tr><tr><td>is_404<\/td><td>1<\/td><td><\/td><\/tr><tr><td>is_attachment<\/td><td>1<\/td><td><\/td><\/tr><tr><td>is_singular<\/td><td>1<\/td><td><\/td><\/tr><tr><td>is_front_page<\/td><td>1<\/td><td><\/td><\/tr><tr><td>is_feed<\/td><td>1<\/td><td><\/td><\/tr><\/table><\/div><br><br><span style=\"color: red;\">Seu site usa HTTPS, mas o c\u00f3digo do an\u00fancio cont\u00e9m HTTP e pode n\u00e3o funcionar.<\/span>\t<br><br>\n\t<a style=\"color: green;\" href=\"https:\/\/wpadvancedads.com\/manual\/ad-debug-mode\/?utm_source=advanced-ads&utm_medium=link&utm_campaign=ad-debug-mode\" target=\"_blank\" rel=\"nofollow\">Encontre solu\u00e7\u00f5es no manual<\/a>\n<\/div>\n<\/li><\/ul><\/div><script>( window.advanced_ads_ready || jQuery( document ).ready ).call( null, function() {var $lavraslider3050698934 = jQuery( \".lavra-slider-3050698934\" );$lavraslider3050698934.on( \"unslider.ready\", function() { jQuery( \"div.custom-slider ul li\" ).css( \"display\", \"block\" ); });$lavraslider3050698934.unslider({ delay:4000, autoplay:true, nav:false, arrows:false, infinite:true });$lavraslider3050698934.on(\"mouseover\", function() {$lavraslider3050698934.unslider(\"stop\");}).on(\"mouseout\", function() {$lavraslider3050698934.unslider(\"start\");});});<\/script><\/div><p>A estreia da equipe do Lavras V\u00f4lei na Superliga B, que coloca Lavras num lugar de destaque no cen\u00e1rio do esporte nacional, foi o resultado de todo um projeto iniciado pelo supervisor da equipe, professor Marcelo de Castro, juntamente com a equipe t\u00e9cnica comandada pelo treinador Luiz Ricardo (Falc\u00e3o), e que teve a participa\u00e7\u00e3o decisiva do deputado F\u00e1bio Cherem em um dos momentos mais importantes do processo de transformar em realidade o sonho de ter uma equipe lavrense no torneio de acesso \u00e0 Super Liga Feminina de V\u00f4lei. <!--more-->O deputado foi o respons\u00e1vel direto pela interlocu\u00e7\u00e3o junto \u00e0 dire\u00e7\u00e3o da Cemig, atendendo ao chamado do prefeito Jos\u00e9 Cherem, o que viabilizou o patroc\u00ednio da empresa estatal, que assumiu 100% do valor autorizado para o abatimento de ICMS via da Lei de Incentivo Estadual, sendo este o aporte financeiro mais importante na concretiza\u00e7\u00e3o efetiva do projeto e que possibilitou a forma\u00e7\u00e3o da equipe.<\/p>\n<p><img fetchpriority=\"high\" decoding=\"async\" class=\"alignnone size-full wp-image-14606 aligncenter\" src=\"http:\/\/lavras.tv\/site\/wp-content\/uploads\/2018\/02\/Lavras-Volei-065.jpg\" alt=\"Lavras Volei 065\" width=\"1488\" height=\"926\" srcset=\"https:\/\/lavras.tv\/site\/wp-content\/uploads\/2018\/02\/Lavras-Volei-065.jpg 1488w, https:\/\/lavras.tv\/site\/wp-content\/uploads\/2018\/02\/Lavras-Volei-065-150x93.jpg 150w, https:\/\/lavras.tv\/site\/wp-content\/uploads\/2018\/02\/Lavras-Volei-065-300x187.jpg 300w, https:\/\/lavras.tv\/site\/wp-content\/uploads\/2018\/02\/Lavras-Volei-065-1024x637.jpg 1024w\" sizes=\"(max-width: 1488px) 100vw, 1488px\" \/><\/p>\n<p>\u201cAssim que fomos chamados pelo prefeito Jos\u00e9 Cherem a interceder em favor do projeto da cria\u00e7\u00e3o da equipe de v\u00f4lei para nossa cidade, imediatamente atuamos junto \u00e0 dire\u00e7\u00e3o da Cemig para qu\u00ea a empresa assumisse como principal patrocinadora do Lavras V\u00f4lei atrav\u00e9s da Lei de Incentivo. Felizmente o nosso trabalho deu resultado e hoje comemoramos a entrada de Lavras no seleto grupo das cidades do pa\u00eds que possui uma equipe num torneio nacional que tem a chancela da Confedera\u00e7\u00e3o Brasileira de V\u00f4lei, algo que sem d\u00favida trar\u00e1 um retorno imensur\u00e1vel para a nossa querida Lavras, um cap\u00edtulo sem precedente para o esporte local e para a pr\u00f3pria comunidade\u201d, enfatizou o deputado, que fez quest\u00e3o de estar presente para torcer pela equipe na partida de estreia no torneio, no \u00faltimo dia 25, no gin\u00e1sio do LTC.<\/p>\n<p>Um projeto deste porte e import\u00e2ncia exige investimentos altos desde remunera\u00e7\u00e3o dos profissionais, corpo t\u00e9cnico, viagens, alimenta\u00e7\u00e3o, hospedagem, treinamento, equipamento, material esportivo e assist\u00eancia m\u00e9dica, dentre outros. Da\u00ed a import\u00e2ncia da participa\u00e7\u00e3o do deputado F\u00e1bio Cherem, que foi fundamental para qu\u00ea a Cemig assumisse a cota como patrocinador master do projeto, que teve ainda apoio n\u00e3o menos importante do prefeito Jos\u00e9 Cherem, que, atrav\u00e9s de Lei aprovada na C\u00e2mara Municipal, destinou recursos para o pagamento da folha salarial dos atletas e equipe t\u00e9cnica. Al\u00e9m disso, o Lavras V\u00f4lei conta com o patroc\u00ednio direto de empresas lavrenses que enxergam a import\u00e2ncia de um projeto deste porte para a cidade.<\/p>\n<p><img decoding=\"async\" class=\"alignnone size-full wp-image-14607 aligncenter\" src=\"http:\/\/lavras.tv\/site\/wp-content\/uploads\/2018\/02\/27655400_1183117051823801_3251798308832737613_n.jpg\" alt=\"27655400_1183117051823801_3251798308832737613_n\" width=\"954\" height=\"604\" srcset=\"https:\/\/lavras.tv\/site\/wp-content\/uploads\/2018\/02\/27655400_1183117051823801_3251798308832737613_n.jpg 954w, https:\/\/lavras.tv\/site\/wp-content\/uploads\/2018\/02\/27655400_1183117051823801_3251798308832737613_n-150x95.jpg 150w, https:\/\/lavras.tv\/site\/wp-content\/uploads\/2018\/02\/27655400_1183117051823801_3251798308832737613_n-300x190.jpg 300w\" sizes=\"(max-width: 954px) 100vw, 954px\" \/><\/p>\n<p>A presen\u00e7a do Lavras V\u00f4lei numa competi\u00e7\u00e3o em n\u00edvel nacional \u00e9 um marco hist\u00f3rico para o esporte lavrense, sendo esta a primeira participa\u00e7\u00e3o de uma equipe local de esporte coletivo num torneio em n\u00edvel nacional, o que projeta o nome da cidade em todo o pais. A estreia com gin\u00e1sio lotado e com uma torcida fan\u00e1tica demonstra que a comunidade abra\u00e7ou a equipe e com certeza ter\u00e1 um papel fundamental nesta caminhada rumo a uma vaga na Superliga de V\u00f4lei Feminino. A derrota na partida de estreia em casa n\u00e3o abalou as jogadoras nem a equipe t\u00e9cnica, tanto \u00e9 que o Lavras V\u00f4lei conquistou no \u00faltimo s\u00e1bado (4\/2) sua primeira vit\u00f3ria por 3X1 contra a equipe do ADC Bradesco, em Osasco-SP, que foi de fundamental import\u00e2ncia dentro do calend\u00e1rio da competi\u00e7\u00e3o rumo a uma vaga nas semi-finais do torneio.<\/p>\n<p>Fonte: Assessoria do deputado F\u00e1bio Cherem<\/p>\n","protected":false},"excerpt":{"rendered":"<p>A estreia da equipe do Lavras V\u00f4lei na Superliga B, que coloca Lavras num lugar de destaque no cen\u00e1rio do esporte nacional, foi o resultado de todo um projeto iniciado pelo supervisor da equipe, professor Marcelo de Castro, juntamente com a equipe t\u00e9cnica comandada pelo treinador Luiz Ricardo (Falc\u00e3o), e que teve a participa\u00e7\u00e3o decisiva [&hellip;]<\/p>\n","protected":false},"author":2,"featured_media":14606,"comment_status":"closed","ping_status":"open","sticky":false,"template":"","format":"standard","meta":{"advgb_blocks_editor_width":"","advgb_blocks_columns_visual_guide":"","_exactmetrics_skip_tracking":false,"_exactmetrics_sitenote_active":false,"_exactmetrics_sitenote_note":"","_exactmetrics_sitenote_category":0,"footnotes":""},"categories":[7,12],"tags":[684,672,4439,4354],"class_list":["post-14605","post","type-post","status-publish","format-standard","has-post-thumbnail","hentry","category-destaques","category-politica","tag-cemig","tag-fabio-cherem","tag-lavras-volei","tag-super-liga-b"],"better_featured_image":{"id":14606,"alt_text":"","caption":"","description":"","media_type":"image","media_details":{"width":1488,"height":926,"file":"2018\/02\/Lavras-Volei-065.jpg","sizes":{"thumbnail":{"file":"Lavras-Volei-065-150x93.jpg","width":150,"height":93,"mime-type":"image\/jpeg","source_url":"https:\/\/lavras.tv\/site\/wp-content\/uploads\/2018\/02\/Lavras-Volei-065-150x93.jpg"},"medium":{"file":"Lavras-Volei-065-300x187.jpg","width":300,"height":187,"mime-type":"image\/jpeg","source_url":"https:\/\/lavras.tv\/site\/wp-content\/uploads\/2018\/02\/Lavras-Volei-065-300x187.jpg"},"large":{"file":"Lavras-Volei-065-1024x637.jpg","width":1024,"height":637,"mime-type":"image\/jpeg","source_url":"https:\/\/lavras.tv\/site\/wp-content\/uploads\/2018\/02\/Lavras-Volei-065-1024x637.jpg"},"featured-slider-img":{"file":"Lavras-Volei-065-640x480.jpg","width":640,"height":480,"mime-type":"image\/jpeg","source_url":"https:\/\/lavras.tv\/site\/wp-content\/uploads\/2018\/02\/Lavras-Volei-065-640x480.jpg"},"featured-post-img":{"file":"Lavras-Volei-065-480x320.jpg","width":480,"height":320,"mime-type":"image\/jpeg","source_url":"https:\/\/lavras.tv\/site\/wp-content\/uploads\/2018\/02\/Lavras-Volei-065-480x320.jpg"},"sow-carousel-default":{"file":"Lavras-Volei-065-272x182.jpg","width":272,"height":182,"mime-type":"image\/jpeg","source_url":"https:\/\/lavras.tv\/site\/wp-content\/uploads\/2018\/02\/Lavras-Volei-065-272x182.jpg"}},"image_meta":{"aperture":"4","credit":"","camera":"Canon EOS REBEL T1i","caption":"","created_timestamp":"1516915111","copyright":"","focal_length":"18","iso":"1600","shutter_speed":"0.0166666666667","title":"","orientation":"1","keywords":[]}},"post":14605,"source_url":"https:\/\/lavras.tv\/site\/wp-content\/uploads\/2018\/02\/Lavras-Volei-065.jpg"},"author_meta":{"display_name":"Lavras TV","author_link":"https:\/\/lavras.tv\/site\/author\/lavrastv\/"},"featured_img":"https:\/\/lavras.tv\/site\/wp-content\/uploads\/2018\/02\/Lavras-Volei-065-300x187.jpg","coauthors":[],"tax_additional":{"categories":{"linked":["<a href=\"https:\/\/lavras.tv\/site\/category\/destaques\/\" class=\"advgb-post-tax-term\">Destaques<\/a>","<a href=\"https:\/\/lavras.tv\/site\/category\/politica\/\" class=\"advgb-post-tax-term\">Pol\u00edtica<\/a>"],"unlinked":["<span class=\"advgb-post-tax-term\">Destaques<\/span>","<span class=\"advgb-post-tax-term\">Pol\u00edtica<\/span>"]},"tags":{"linked":["<a href=\"https:\/\/lavras.tv\/site\/category\/politica\/\" class=\"advgb-post-tax-term\">cemig<\/a>","<a href=\"https:\/\/lavras.tv\/site\/category\/politica\/\" class=\"advgb-post-tax-term\">fabio cherem<\/a>","<a href=\"https:\/\/lavras.tv\/site\/category\/politica\/\" class=\"advgb-post-tax-term\">Lavras V\u00f4lei<\/a>","<a href=\"https:\/\/lavras.tv\/site\/category\/politica\/\" class=\"advgb-post-tax-term\">super liga B<\/a>"],"unlinked":["<span class=\"advgb-post-tax-term\">cemig<\/span>","<span class=\"advgb-post-tax-term\">fabio cherem<\/span>","<span class=\"advgb-post-tax-term\">Lavras V\u00f4lei<\/span>","<span class=\"advgb-post-tax-term\">super liga B<\/span>"]}},"comment_count":"0","relative_dates":{"created":"Publicado 8 anos atr\u00e1s","modified":"Atualizado 8 anos atr\u00e1s"},"absolute_dates":{"created":"Publicado em 6 de fevereiro de 2018","modified":"Atualizado em 6 de fevereiro de 2018"},"absolute_dates_time":{"created":"Publicado em 6 de fevereiro de 2018 09:23","modified":"Atualizado em 6 de fevereiro de 2018 09:23"},"featured_img_caption":"","series_order":"","_links":{"self":[{"href":"https:\/\/lavras.tv\/site\/wp-json\/wp\/v2\/posts\/14605","targetHints":{"allow":["GET"]}}],"collection":[{"href":"https:\/\/lavras.tv\/site\/wp-json\/wp\/v2\/posts"}],"about":[{"href":"https:\/\/lavras.tv\/site\/wp-json\/wp\/v2\/types\/post"}],"author":[{"embeddable":true,"href":"https:\/\/lavras.tv\/site\/wp-json\/wp\/v2\/users\/2"}],"replies":[{"embeddable":true,"href":"https:\/\/lavras.tv\/site\/wp-json\/wp\/v2\/comments?post=14605"}],"version-history":[{"count":1,"href":"https:\/\/lavras.tv\/site\/wp-json\/wp\/v2\/posts\/14605\/revisions"}],"predecessor-version":[{"id":14608,"href":"https:\/\/lavras.tv\/site\/wp-json\/wp\/v2\/posts\/14605\/revisions\/14608"}],"wp:featuredmedia":[{"embeddable":true,"href":"https:\/\/lavras.tv\/site\/wp-json\/wp\/v2\/media\/14606"}],"wp:attachment":[{"href":"https:\/\/lavras.tv\/site\/wp-json\/wp\/v2\/media?parent=14605"}],"wp:term":[{"taxonomy":"category","embeddable":true,"href":"https:\/\/lavras.tv\/site\/wp-json\/wp\/v2\/categories?post=14605"},{"taxonomy":"post_tag","embeddable":true,"href":"https:\/\/lavras.tv\/site\/wp-json\/wp\/v2\/tags?post=14605"}],"curies":[{"name":"wp","href":"https:\/\/api.w.org\/{rel}","templated":true}]}}