{"id":146135,"date":"2024-12-24T14:00:32","date_gmt":"2024-12-24T17:00:32","guid":{"rendered":"https:\/\/lavras.tv\/site\/?p=146135"},"modified":"2024-12-24T14:00:33","modified_gmt":"2024-12-24T17:00:33","slug":"violencia-domestica-gera-tumulto-e-prisao-no-bairro-jardim-gloria-em-lavras","status":"publish","type":"post","link":"https:\/\/lavras.tv\/site\/2024\/12\/24\/violencia-domestica-gera-tumulto-e-prisao-no-bairro-jardim-gloria-em-lavras\/","title":{"rendered":"Viol\u00eancia dom\u00e9stica gera tumulto e pris\u00e3o no bairro Jardim Gl\u00f3ria, em Lavras"},"content":{"rendered":"<div class=\"lavra-antes-do-conteudo_2\" id=\"lavra-86321417\"><div id=\"lavra-slider-27\" class=\"custom-slider lavra-slider-4177393888 lavra-slider\"><ul><li><div style=\"margin-left: auto;margin-right: auto;text-align: center;\" id=\"lavra-2965796624\"><a href=\"https:\/\/sistemas.lavras.mg.gov.br\/portalcidadao\/#df1b1a7c7b2a290bcb31e32771e610784662739a88807c0dacac58ede5f391a7530e299dc302d611ee73cb143fc22eaf93592e53e7b5bdb01b00a0b8d28dae460c141dd2ff83412e4dc1c31b16b25f33144a9e5620ea73b13f5bc1c59411d98439ad226e8af03840603796067d87afe130812cf3de24982d0e306f9e61e764e5\" aria-label=\"Lavras-TV&#8211;720x104px (1) (1)\"><img src=\"https:\/\/lavras.tv\/site\/wp-content\/uploads\/2025\/01\/Lavras-TV-720x104px-1-1.png\" alt=\"\"  srcset=\"https:\/\/lavras.tv\/site\/wp-content\/uploads\/2025\/01\/Lavras-TV-720x104px-1-1.png 720w, https:\/\/lavras.tv\/site\/wp-content\/uploads\/2025\/01\/Lavras-TV-720x104px-1-1-470x68.png 470w, https:\/\/lavras.tv\/site\/wp-content\/uploads\/2025\/01\/Lavras-TV-720x104px-1-1-170x25.png 170w, https:\/\/lavras.tv\/site\/wp-content\/uploads\/2025\/01\/Lavras-TV-720x104px-1-1-200x29.png 200w\" sizes=\"(max-width: 720px) 100vw, 720px\" width=\"720\" height=\"104\"  style=\"display: inline-block;\" \/><\/a><\/div><\/li><li><a href=\"https:\/\/sistemas.lavras.mg.gov.br\/portalcidadao\/#df1b1a7c7b2a290bcb31e32771e610784662739a88807c0dacac58ede5f391a7530e299dc302d611ee73cb143fc22eaf93592e53e7b5bdb01b00a0b8d28dae460c141dd2ff83412e4dc1c31b16b25f33144a9e5620ea73b13f5bc1c59411d98439ad226e8af03840603796067d87afe130812cf3de24982d0e306f9e61e764e5\" aria-label=\"Banner_Emprego_PortallavrasTV\"><img src=\"https:\/\/lavras.tv\/site\/wp-content\/uploads\/2025\/03\/Banner_Emprego_PortallavrasTV.png\" alt=\"\"  srcset=\"https:\/\/lavras.tv\/site\/wp-content\/uploads\/2025\/03\/Banner_Emprego_PortallavrasTV.png 720w, https:\/\/lavras.tv\/site\/wp-content\/uploads\/2025\/03\/Banner_Emprego_PortallavrasTV-470x68.png 470w, https:\/\/lavras.tv\/site\/wp-content\/uploads\/2025\/03\/Banner_Emprego_PortallavrasTV-170x25.png 170w, https:\/\/lavras.tv\/site\/wp-content\/uploads\/2025\/03\/Banner_Emprego_PortallavrasTV-200x29.png 200w\" sizes=\"(max-width: 720px) 100vw, 720px\" width=\"720\" height=\"104\"   \/><\/a><\/li><li><a href=\"https:\/\/sistemas.lavras.mg.gov.br\/portalcidadao\/#df1b1a7c7b2a290bcb31e32771e610784662739a88807c0dacac58ede5f391a7530e299dc302d611ee73cb143fc22eaf93592e53e7b5bdb01b00a0b8d28dae460c141dd2ff83412e4dc1c31b16b25f33144a9e5620ea73b13f5bc1c59411d98439ad226e8af03840603796067d87afe130812cf3de24982d0e306f9e61e764e5\" aria-label=\"Banner_Obras_PortallavrasTV\"><img src=\"https:\/\/lavras.tv\/site\/wp-content\/uploads\/2025\/03\/Banner_Obras_PortallavrasTV.png\" alt=\"\"  srcset=\"https:\/\/lavras.tv\/site\/wp-content\/uploads\/2025\/03\/Banner_Obras_PortallavrasTV.png 720w, https:\/\/lavras.tv\/site\/wp-content\/uploads\/2025\/03\/Banner_Obras_PortallavrasTV-470x68.png 470w, https:\/\/lavras.tv\/site\/wp-content\/uploads\/2025\/03\/Banner_Obras_PortallavrasTV-170x25.png 170w, https:\/\/lavras.tv\/site\/wp-content\/uploads\/2025\/03\/Banner_Obras_PortallavrasTV-200x29.png 200w\" sizes=\"(max-width: 720px) 100vw, 720px\" width=\"720\" height=\"104\"   \/><\/a><\/li><li><div style=\"margin-left: auto;margin-right: auto;text-align: center;\" id=\"lavra-976788008\"><a href=\"https:\/\/sistemas.lavras.mg.gov.br\/portalcidadao\/#df1b1a7c7b2a290bcb31e32771e610784662739a88807c0dacac58ede5f391a7530e299dc302d611ee73cb143fc22eaf93592e53e7b5bdb01b00a0b8d28dae460c141dd2ff83412e4dc1c31b16b25f33144a9e5620ea73b13f5bc1c59411d98439ad226e8af03840603796067d87afe130812cf3de24982d0e306f9e61e764e5\" aria-label=\"Banner_Educa\u00e7\u00e3o_PortallavrasTV\"><img src=\"https:\/\/lavras.tv\/site\/wp-content\/uploads\/2025\/01\/Banner_Educacao_PortallavrasTV.png\" alt=\"\"  srcset=\"https:\/\/lavras.tv\/site\/wp-content\/uploads\/2025\/01\/Banner_Educacao_PortallavrasTV.png 720w, https:\/\/lavras.tv\/site\/wp-content\/uploads\/2025\/01\/Banner_Educacao_PortallavrasTV-470x68.png 470w, https:\/\/lavras.tv\/site\/wp-content\/uploads\/2025\/01\/Banner_Educacao_PortallavrasTV-170x25.png 170w, https:\/\/lavras.tv\/site\/wp-content\/uploads\/2025\/01\/Banner_Educacao_PortallavrasTV-200x29.png 200w\" sizes=\"(max-width: 720px) 100vw, 720px\" width=\"720\" height=\"104\"  style=\"display: inline-block;\" \/><\/a><\/div><\/li><li><a href=\"https:\/\/sistemas.lavras.mg.gov.br\/portalcidadao\/#df1b1a7c7b2a290bcb31e32771e610784662739a88807c0dacac58ede5f391a7530e299dc302d611ee73cb143fc22eaf93592e53e7b5bdb01b00a0b8d28dae460c141dd2ff83412e4dc1c31b16b25f33144a9e5620ea73b13f5bc1c59411d98439ad226e8af03840603796067d87afe130812cf3de24982d0e306f9e61e764e5\" aria-label=\"Banner_Sa\u00fade_PortallavrasTV\"><img src=\"https:\/\/lavras.tv\/site\/wp-content\/uploads\/2025\/03\/Banner_Saude_PortallavrasTV.png\" alt=\"\"  srcset=\"https:\/\/lavras.tv\/site\/wp-content\/uploads\/2025\/03\/Banner_Saude_PortallavrasTV.png 720w, https:\/\/lavras.tv\/site\/wp-content\/uploads\/2025\/03\/Banner_Saude_PortallavrasTV-470x68.png 470w, https:\/\/lavras.tv\/site\/wp-content\/uploads\/2025\/03\/Banner_Saude_PortallavrasTV-170x25.png 170w, https:\/\/lavras.tv\/site\/wp-content\/uploads\/2025\/03\/Banner_Saude_PortallavrasTV-200x29.png 200w\" sizes=\"(max-width: 720px) 100vw, 720px\" width=\"720\" height=\"104\"   \/><\/a><\/li><li><div id=\"lavra-1832114235\" style=\"width:720px;height:104px;background-color:#ddd;overflow:scroll;\">\n\t<strong>Sa\u00edda da depura\u00e7\u00e3o de an\u00fancios<\/strong>\n\t<br><br>\n\tO an\u00fancio n\u00e3o \u00e9 exibido na p\u00e1gina<br><br>post atual: Viol\u00eancia dom\u00e9stica gera tumulto e pris\u00e3o no bairro Jardim Gl\u00f3ria, em Lavras, ID: 146135<br><br><span style=\"color: red;\">O post atual n\u00e3o \u00e9 id\u00eantico ao post principal.<\/span><br><br>An\u00fancios: ROXO - TOPO INTERNA - ROTATIVO 2 (197)<br \/>Grupo de an\u00fancios: Princ_Meio01_720x104 (27)<br><br>Condi\u00e7\u00f5es de exibi\u00e7\u00e3o<div style=\"margin-bottom: 20px; white-space: pre-wrap; font-family: monospace; width: 100%; background: #ffe9e9;\"><strong>condi\u00e7\u00f5es gerais<\/strong><table border=\"1\"><thead><tr><th><\/th><th>An\u00fancios<\/th><th>wp_the_query<\/th><\/tr><\/thead><tr><td>is_main_query<\/td><td>1<\/td><td>1<\/td><\/tr><tr><td>is_rest_api<\/td><td>0<\/td><td>1<\/td><\/tr><tr><td>page<\/td><td>0<\/td><td>1<\/td><\/tr><tr><td>numpages<\/td><td>0<\/td><td>1<\/td><\/tr><tr><td>is_archive<\/td><td>1<\/td><td><\/td><\/tr><tr><td>is_search<\/td><td>1<\/td><td><\/td><\/tr><tr><td>is_home<\/td><td>1<\/td><td><\/td><\/tr><tr><td>is_404<\/td><td>1<\/td><td><\/td><\/tr><tr><td>is_attachment<\/td><td>1<\/td><td><\/td><\/tr><tr><td>is_singular<\/td><td>1<\/td><td><\/td><\/tr><tr><td>is_front_page<\/td><td>1<\/td><td><\/td><\/tr><tr><td>is_feed<\/td><td>1<\/td><td><\/td><\/tr><\/table><\/div><br><br><span style=\"color: red;\">Seu site usa HTTPS, mas o c\u00f3digo do an\u00fancio cont\u00e9m HTTP e pode n\u00e3o funcionar.<\/span>\t<br><br>\n\t<a style=\"color: green;\" href=\"https:\/\/wpadvancedads.com\/manual\/ad-debug-mode\/?utm_source=advanced-ads&utm_medium=link&utm_campaign=ad-debug-mode\" target=\"_blank\" rel=\"nofollow\">Encontre solu\u00e7\u00f5es no manual<\/a>\n<\/div>\n<\/li><\/ul><\/div><script>( window.advanced_ads_ready || jQuery( document ).ready ).call( null, function() {var $lavraslider4177393888 = jQuery( \".lavra-slider-4177393888\" );$lavraslider4177393888.on( \"unslider.ready\", function() { jQuery( \"div.custom-slider ul li\" ).css( \"display\", \"block\" ); });$lavraslider4177393888.unslider({ delay:4000, autoplay:true, nav:false, arrows:false, infinite:true });$lavraslider4177393888.on(\"mouseover\", function() {$lavraslider4177393888.unslider(\"stop\");}).on(\"mouseout\", function() {$lavraslider4177393888.unslider(\"start\");});});<\/script><\/div>\n\n\n<figure class=\"wp-block-image size-full\"><img fetchpriority=\"high\" decoding=\"async\" width=\"650\" height=\"488\" src=\"https:\/\/lavras.tv\/site\/wp-content\/uploads\/2024\/12\/2571e761eb48c6b48e5f0835fb82efed.jpg\" alt=\"\" class=\"wp-image-146136\" srcset=\"https:\/\/lavras.tv\/site\/wp-content\/uploads\/2024\/12\/2571e761eb48c6b48e5f0835fb82efed.jpg 650w, https:\/\/lavras.tv\/site\/wp-content\/uploads\/2024\/12\/2571e761eb48c6b48e5f0835fb82efed-400x300.jpg 400w, https:\/\/lavras.tv\/site\/wp-content\/uploads\/2024\/12\/2571e761eb48c6b48e5f0835fb82efed-170x128.jpg 170w, https:\/\/lavras.tv\/site\/wp-content\/uploads\/2024\/12\/2571e761eb48c6b48e5f0835fb82efed-200x150.jpg 200w\" sizes=\"(max-width: 650px) 100vw, 650px\" \/><\/figure>\n\n\n\n<p>Na noite Domingo (22\/12), a Pol\u00edcia Militar foi acionada via 190 para atender a uma ocorr\u00eancia de poss\u00edvel invas\u00e3o no bairro Jardim Gl\u00f3ria, em Lavras.<\/p>\n\n\n\n<p>Segundo as den\u00fancias, um grupo de pessoas tentava invadir uma resid\u00eancia em raz\u00e3o de uma situa\u00e7\u00e3o de viol\u00eancia dom\u00e9stica.<\/p>\n\n\n\n<p>No local, a equipe policial encontrou os envolvidos na via p\u00fablica. Durante o atendimento, foi constatado que a confus\u00e3o teve in\u00edcio ap\u00f3s um desentendimento entre m\u00e3e e filho, culminando em agress\u00f5es e danos materiais na resid\u00eancia.<\/p>\n\n\n\n<p>A v\u00edtima de 62 anos, apesar de relatar as agress\u00f5es, afirmou posteriormente que n\u00e3o desejava medidas policiais contra o autor. Testemunhas, entretanto, relataram reincid\u00eancia de comportamentos agressivos do autor contra sua m\u00e3e, o que gerou revolta entre os moradores da regi\u00e3o.<\/p>\n\n\n\n<p>Diante da situa\u00e7\u00e3o, o autor de 29 anos recebeu voz de pris\u00e3o e foi conduzido, juntamente com a v\u00edtima, para \u00e0 Delegacia de Pol\u00edcia Civil para as provid\u00eancias legais.<\/p>\n","protected":false},"excerpt":{"rendered":"<p>Na noite Domingo (22\/12), a Pol\u00edcia Militar foi acionada via 190 para atender a uma ocorr\u00eancia de poss\u00edvel invas\u00e3o no bairro Jardim Gl\u00f3ria, em Lavras. Segundo as den\u00fancias, um grupo de pessoas tentava invadir uma resid\u00eancia em raz\u00e3o de uma situa\u00e7\u00e3o de viol\u00eancia dom\u00e9stica. No local, a equipe policial encontrou os envolvidos na via p\u00fablica. [&hellip;]<\/p>\n","protected":false},"author":5,"featured_media":146136,"comment_status":"closed","ping_status":"open","sticky":false,"template":"","format":"standard","meta":{"advgb_blocks_editor_width":"","advgb_blocks_columns_visual_guide":"","_exactmetrics_skip_tracking":false,"_exactmetrics_sitenote_active":false,"_exactmetrics_sitenote_note":"","_exactmetrics_sitenote_category":0,"footnotes":""},"categories":[7,2],"tags":[],"class_list":["post-146135","post","type-post","status-publish","format-standard","has-post-thumbnail","hentry","category-destaques","category-noticias"],"better_featured_image":{"id":146136,"alt_text":"","caption":"","description":"","media_type":"image","media_details":{"width":650,"height":488,"file":"2024\/12\/2571e761eb48c6b48e5f0835fb82efed.jpg","filesize":66633,"sizes":{"medium":{"file":"2571e761eb48c6b48e5f0835fb82efed-400x300.jpg","width":400,"height":300,"mime-type":"image\/jpeg","filesize":49292,"source_url":"https:\/\/lavras.tv\/site\/wp-content\/uploads\/2024\/12\/2571e761eb48c6b48e5f0835fb82efed-400x300.jpg"},"thumbnail":{"file":"2571e761eb48c6b48e5f0835fb82efed-170x128.jpg","width":170,"height":128,"mime-type":"image\/jpeg","filesize":22873,"source_url":"https:\/\/lavras.tv\/site\/wp-content\/uploads\/2024\/12\/2571e761eb48c6b48e5f0835fb82efed-170x128.jpg"},"lshowcase-thumb":{"file":"2571e761eb48c6b48e5f0835fb82efed-200x150.jpg","width":200,"height":150,"mime-type":"image\/jpeg","filesize":25786,"source_url":"https:\/\/lavras.tv\/site\/wp-content\/uploads\/2024\/12\/2571e761eb48c6b48e5f0835fb82efed-200x150.jpg"},"alm-thumbnail":{"file":"2571e761eb48c6b48e5f0835fb82efed-150x150.jpg","width":150,"height":150,"mime-type":"image\/jpeg","filesize":22825,"source_url":"https:\/\/lavras.tv\/site\/wp-content\/uploads\/2024\/12\/2571e761eb48c6b48e5f0835fb82efed-150x150.jpg"}},"image_meta":{"aperture":"0","credit":"","camera":"","caption":"","created_timestamp":"0","copyright":"","focal_length":"0","iso":"0","shutter_speed":"0","title":"","orientation":"0","keywords":[]}},"post":146135,"source_url":"https:\/\/lavras.tv\/site\/wp-content\/uploads\/2024\/12\/2571e761eb48c6b48e5f0835fb82efed.jpg"},"author_meta":{"display_name":"Vinicius Bustamante","author_link":"https:\/\/lavras.tv\/site\/author\/vinicius-bustamante\/"},"featured_img":"https:\/\/lavras.tv\/site\/wp-content\/uploads\/2024\/12\/2571e761eb48c6b48e5f0835fb82efed-400x300.jpg","coauthors":[],"tax_additional":{"categories":{"linked":["<a href=\"https:\/\/lavras.tv\/site\/category\/destaques\/\" class=\"advgb-post-tax-term\">Destaques<\/a>","<a href=\"https:\/\/lavras.tv\/site\/category\/noticias\/\" class=\"advgb-post-tax-term\">Not\u00edcias<\/a>"],"unlinked":["<span class=\"advgb-post-tax-term\">Destaques<\/span>","<span class=\"advgb-post-tax-term\">Not\u00edcias<\/span>"]}},"comment_count":"0","relative_dates":{"created":"Publicado 1 ano atr\u00e1s","modified":"Atualizado 1 ano atr\u00e1s"},"absolute_dates":{"created":"Publicado em 24 de dezembro de 2024","modified":"Atualizado em 24 de dezembro de 2024"},"absolute_dates_time":{"created":"Publicado em 24 de dezembro de 2024 14:00","modified":"Atualizado em 24 de dezembro de 2024 14:00"},"featured_img_caption":"","series_order":"","_links":{"self":[{"href":"https:\/\/lavras.tv\/site\/wp-json\/wp\/v2\/posts\/146135","targetHints":{"allow":["GET"]}}],"collection":[{"href":"https:\/\/lavras.tv\/site\/wp-json\/wp\/v2\/posts"}],"about":[{"href":"https:\/\/lavras.tv\/site\/wp-json\/wp\/v2\/types\/post"}],"author":[{"embeddable":true,"href":"https:\/\/lavras.tv\/site\/wp-json\/wp\/v2\/users\/5"}],"replies":[{"embeddable":true,"href":"https:\/\/lavras.tv\/site\/wp-json\/wp\/v2\/comments?post=146135"}],"version-history":[{"count":1,"href":"https:\/\/lavras.tv\/site\/wp-json\/wp\/v2\/posts\/146135\/revisions"}],"predecessor-version":[{"id":146137,"href":"https:\/\/lavras.tv\/site\/wp-json\/wp\/v2\/posts\/146135\/revisions\/146137"}],"wp:featuredmedia":[{"embeddable":true,"href":"https:\/\/lavras.tv\/site\/wp-json\/wp\/v2\/media\/146136"}],"wp:attachment":[{"href":"https:\/\/lavras.tv\/site\/wp-json\/wp\/v2\/media?parent=146135"}],"wp:term":[{"taxonomy":"category","embeddable":true,"href":"https:\/\/lavras.tv\/site\/wp-json\/wp\/v2\/categories?post=146135"},{"taxonomy":"post_tag","embeddable":true,"href":"https:\/\/lavras.tv\/site\/wp-json\/wp\/v2\/tags?post=146135"}],"curies":[{"name":"wp","href":"https:\/\/api.w.org\/{rel}","templated":true}]}}