{"id":146325,"date":"2024-12-25T13:23:26","date_gmt":"2024-12-25T16:23:26","guid":{"rendered":"https:\/\/lavras.tv\/site\/?p=146325"},"modified":"2024-12-25T13:23:27","modified_gmt":"2024-12-25T16:23:27","slug":"inscricoes-para-o-vestibular-uemg-2025-terminam-nesta-quinta-feira-26-12","status":"publish","type":"post","link":"https:\/\/lavras.tv\/site\/2024\/12\/25\/inscricoes-para-o-vestibular-uemg-2025-terminam-nesta-quinta-feira-26-12\/","title":{"rendered":"Inscri\u00e7\u00f5es para o Vestibular Uemg 2025 terminam nesta quinta-feira (26\/12)"},"content":{"rendered":"<div class=\"lavra-antes-do-conteudo_2\" id=\"lavra-3102708789\"><div id=\"lavra-slider-27\" class=\"custom-slider lavra-slider-318779340 lavra-slider\"><ul><li><div style=\"margin-left: auto;margin-right: auto;text-align: center;\" id=\"lavra-803882686\"><a href=\"https:\/\/sistemas.lavras.mg.gov.br\/portalcidadao\/#df1b1a7c7b2a290bcb31e32771e610784662739a88807c0dacac58ede5f391a7530e299dc302d611ee73cb143fc22eaf93592e53e7b5bdb01b00a0b8d28dae460c141dd2ff83412e4dc1c31b16b25f33144a9e5620ea73b13f5bc1c59411d98439ad226e8af03840603796067d87afe130812cf3de24982d0e306f9e61e764e5\" aria-label=\"Lavras-TV&#8211;720x104px (1) (1)\"><img src=\"https:\/\/lavras.tv\/site\/wp-content\/uploads\/2025\/01\/Lavras-TV-720x104px-1-1.png\" alt=\"\"  srcset=\"https:\/\/lavras.tv\/site\/wp-content\/uploads\/2025\/01\/Lavras-TV-720x104px-1-1.png 720w, https:\/\/lavras.tv\/site\/wp-content\/uploads\/2025\/01\/Lavras-TV-720x104px-1-1-470x68.png 470w, https:\/\/lavras.tv\/site\/wp-content\/uploads\/2025\/01\/Lavras-TV-720x104px-1-1-170x25.png 170w, https:\/\/lavras.tv\/site\/wp-content\/uploads\/2025\/01\/Lavras-TV-720x104px-1-1-200x29.png 200w\" sizes=\"(max-width: 720px) 100vw, 720px\" width=\"720\" height=\"104\"  style=\"display: inline-block;\" \/><\/a><\/div><\/li><li><a href=\"https:\/\/sistemas.lavras.mg.gov.br\/portalcidadao\/#df1b1a7c7b2a290bcb31e32771e610784662739a88807c0dacac58ede5f391a7530e299dc302d611ee73cb143fc22eaf93592e53e7b5bdb01b00a0b8d28dae460c141dd2ff83412e4dc1c31b16b25f33144a9e5620ea73b13f5bc1c59411d98439ad226e8af03840603796067d87afe130812cf3de24982d0e306f9e61e764e5\" aria-label=\"Banner_Emprego_PortallavrasTV\"><img src=\"https:\/\/lavras.tv\/site\/wp-content\/uploads\/2025\/03\/Banner_Emprego_PortallavrasTV.png\" alt=\"\"  srcset=\"https:\/\/lavras.tv\/site\/wp-content\/uploads\/2025\/03\/Banner_Emprego_PortallavrasTV.png 720w, https:\/\/lavras.tv\/site\/wp-content\/uploads\/2025\/03\/Banner_Emprego_PortallavrasTV-470x68.png 470w, https:\/\/lavras.tv\/site\/wp-content\/uploads\/2025\/03\/Banner_Emprego_PortallavrasTV-170x25.png 170w, https:\/\/lavras.tv\/site\/wp-content\/uploads\/2025\/03\/Banner_Emprego_PortallavrasTV-200x29.png 200w\" sizes=\"(max-width: 720px) 100vw, 720px\" width=\"720\" height=\"104\"   \/><\/a><\/li><li><a href=\"https:\/\/sistemas.lavras.mg.gov.br\/portalcidadao\/#df1b1a7c7b2a290bcb31e32771e610784662739a88807c0dacac58ede5f391a7530e299dc302d611ee73cb143fc22eaf93592e53e7b5bdb01b00a0b8d28dae460c141dd2ff83412e4dc1c31b16b25f33144a9e5620ea73b13f5bc1c59411d98439ad226e8af03840603796067d87afe130812cf3de24982d0e306f9e61e764e5\" aria-label=\"Banner_Obras_PortallavrasTV\"><img src=\"https:\/\/lavras.tv\/site\/wp-content\/uploads\/2025\/03\/Banner_Obras_PortallavrasTV.png\" alt=\"\"  srcset=\"https:\/\/lavras.tv\/site\/wp-content\/uploads\/2025\/03\/Banner_Obras_PortallavrasTV.png 720w, https:\/\/lavras.tv\/site\/wp-content\/uploads\/2025\/03\/Banner_Obras_PortallavrasTV-470x68.png 470w, https:\/\/lavras.tv\/site\/wp-content\/uploads\/2025\/03\/Banner_Obras_PortallavrasTV-170x25.png 170w, https:\/\/lavras.tv\/site\/wp-content\/uploads\/2025\/03\/Banner_Obras_PortallavrasTV-200x29.png 200w\" sizes=\"(max-width: 720px) 100vw, 720px\" width=\"720\" height=\"104\"   \/><\/a><\/li><li><div style=\"margin-left: auto;margin-right: auto;text-align: center;\" id=\"lavra-1606607850\"><a href=\"https:\/\/sistemas.lavras.mg.gov.br\/portalcidadao\/#df1b1a7c7b2a290bcb31e32771e610784662739a88807c0dacac58ede5f391a7530e299dc302d611ee73cb143fc22eaf93592e53e7b5bdb01b00a0b8d28dae460c141dd2ff83412e4dc1c31b16b25f33144a9e5620ea73b13f5bc1c59411d98439ad226e8af03840603796067d87afe130812cf3de24982d0e306f9e61e764e5\" aria-label=\"Banner_Educa\u00e7\u00e3o_PortallavrasTV\"><img src=\"https:\/\/lavras.tv\/site\/wp-content\/uploads\/2025\/01\/Banner_Educacao_PortallavrasTV.png\" alt=\"\"  srcset=\"https:\/\/lavras.tv\/site\/wp-content\/uploads\/2025\/01\/Banner_Educacao_PortallavrasTV.png 720w, https:\/\/lavras.tv\/site\/wp-content\/uploads\/2025\/01\/Banner_Educacao_PortallavrasTV-470x68.png 470w, https:\/\/lavras.tv\/site\/wp-content\/uploads\/2025\/01\/Banner_Educacao_PortallavrasTV-170x25.png 170w, https:\/\/lavras.tv\/site\/wp-content\/uploads\/2025\/01\/Banner_Educacao_PortallavrasTV-200x29.png 200w\" sizes=\"(max-width: 720px) 100vw, 720px\" width=\"720\" height=\"104\"  style=\"display: inline-block;\" \/><\/a><\/div><\/li><li><a href=\"https:\/\/sistemas.lavras.mg.gov.br\/portalcidadao\/#df1b1a7c7b2a290bcb31e32771e610784662739a88807c0dacac58ede5f391a7530e299dc302d611ee73cb143fc22eaf93592e53e7b5bdb01b00a0b8d28dae460c141dd2ff83412e4dc1c31b16b25f33144a9e5620ea73b13f5bc1c59411d98439ad226e8af03840603796067d87afe130812cf3de24982d0e306f9e61e764e5\" aria-label=\"Banner_Sa\u00fade_PortallavrasTV\"><img src=\"https:\/\/lavras.tv\/site\/wp-content\/uploads\/2025\/03\/Banner_Saude_PortallavrasTV.png\" alt=\"\"  srcset=\"https:\/\/lavras.tv\/site\/wp-content\/uploads\/2025\/03\/Banner_Saude_PortallavrasTV.png 720w, https:\/\/lavras.tv\/site\/wp-content\/uploads\/2025\/03\/Banner_Saude_PortallavrasTV-470x68.png 470w, https:\/\/lavras.tv\/site\/wp-content\/uploads\/2025\/03\/Banner_Saude_PortallavrasTV-170x25.png 170w, https:\/\/lavras.tv\/site\/wp-content\/uploads\/2025\/03\/Banner_Saude_PortallavrasTV-200x29.png 200w\" sizes=\"(max-width: 720px) 100vw, 720px\" width=\"720\" height=\"104\"   \/><\/a><\/li><li><div id=\"lavra-2533987378\" style=\"width:720px;height:104px;background-color:#ddd;overflow:scroll;\">\n\t<strong>Sa\u00edda da depura\u00e7\u00e3o de an\u00fancios<\/strong>\n\t<br><br>\n\tO an\u00fancio n\u00e3o \u00e9 exibido na p\u00e1gina<br><br>post atual: Inscri\u00e7\u00f5es para o Vestibular Uemg 2025 terminam nesta quinta-feira (26\/12), ID: 146325<br><br><span style=\"color: red;\">O post atual n\u00e3o \u00e9 id\u00eantico ao post principal.<\/span><br><br>An\u00fancios: ROXO - TOPO INTERNA - ROTATIVO 2 (197)<br \/>Grupo de an\u00fancios: Princ_Meio01_720x104 (27)<br><br>Condi\u00e7\u00f5es de exibi\u00e7\u00e3o<div style=\"margin-bottom: 20px; white-space: pre-wrap; font-family: monospace; width: 100%; background: #ffe9e9;\"><strong>condi\u00e7\u00f5es gerais<\/strong><table border=\"1\"><thead><tr><th><\/th><th>An\u00fancios<\/th><th>wp_the_query<\/th><\/tr><\/thead><tr><td>is_main_query<\/td><td>1<\/td><td>1<\/td><\/tr><tr><td>is_rest_api<\/td><td>0<\/td><td>1<\/td><\/tr><tr><td>page<\/td><td>0<\/td><td>1<\/td><\/tr><tr><td>numpages<\/td><td>0<\/td><td>1<\/td><\/tr><tr><td>is_archive<\/td><td>1<\/td><td><\/td><\/tr><tr><td>is_search<\/td><td>1<\/td><td><\/td><\/tr><tr><td>is_home<\/td><td>1<\/td><td><\/td><\/tr><tr><td>is_404<\/td><td>1<\/td><td><\/td><\/tr><tr><td>is_attachment<\/td><td>1<\/td><td><\/td><\/tr><tr><td>is_singular<\/td><td>1<\/td><td><\/td><\/tr><tr><td>is_front_page<\/td><td>1<\/td><td><\/td><\/tr><tr><td>is_feed<\/td><td>1<\/td><td><\/td><\/tr><\/table><\/div><br><br><span style=\"color: red;\">Seu site usa HTTPS, mas o c\u00f3digo do an\u00fancio cont\u00e9m HTTP e pode n\u00e3o funcionar.<\/span>\t<br><br>\n\t<a style=\"color: green;\" href=\"https:\/\/wpadvancedads.com\/manual\/ad-debug-mode\/?utm_source=advanced-ads&utm_medium=link&utm_campaign=ad-debug-mode\" target=\"_blank\" rel=\"nofollow\">Encontre solu\u00e7\u00f5es no manual<\/a>\n<\/div>\n<\/li><\/ul><\/div><script>( window.advanced_ads_ready || jQuery( document ).ready ).call( null, function() {var $lavraslider318779340 = jQuery( \".lavra-slider-318779340\" );$lavraslider318779340.on( \"unslider.ready\", function() { jQuery( \"div.custom-slider ul li\" ).css( \"display\", \"block\" ); });$lavraslider318779340.unslider({ delay:4000, autoplay:true, nav:false, arrows:false, infinite:true });$lavraslider318779340.on(\"mouseover\", function() {$lavraslider318779340.unslider(\"stop\");}).on(\"mouseout\", function() {$lavraslider318779340.unslider(\"start\");});});<\/script><\/div>\n<h2 class=\"wp-block-heading\">S\u00e3o 4.811 vagas em 131 cursos de gradua\u00e7\u00e3o; prova est\u00e1 marcada para 12\/1\/2025<\/h2>\n\n\n\n<figure class=\"wp-block-image\"><img decoding=\"async\" src=\"https:\/\/www.agenciaminas.mg.gov.br\/system\/news\/images\/000\/124\/681\/large\/Escola_de_Design_em_Belo_Horizonte.jpg?1734991738\" alt=\"imagem de destaque\"\/><\/figure>\n\n\n\n<p>A&nbsp;<a href=\"https:\/\/uemg.br\/\" target=\"_blank\" rel=\"noreferrer noopener\">Universidade do Estado de Minas Gerais (Uemg)<\/a>&nbsp;est\u00e1 com inscri\u00e7\u00f5es abertas para o Vestibular 2025, oferecendo 4.811 vagas em 131 cursos de gradua\u00e7\u00e3o, distribu\u00eddos por 22 unidades acad\u00eamicas. O prazo para inscri\u00e7\u00e3o vai at\u00e9 quinta-feira (26\/12), e o processo \u00e9 realizado exclusivamente on-line, por meio do&nbsp;<a href=\"https:\/\/vestibular.uemg.br\/\" target=\"_blank\" rel=\"noreferrer noopener\">site do processo seletivo<\/a>.<br><br>A taxa de inscri\u00e7\u00e3o \u00e9 de R$ 40 e deve ser paga at\u00e9 sexta-feira (27\/12). O vestibular \u00e9 uma das principais formas de ingresso na Uemg, junto ao Sistema de Sele\u00e7\u00e3o Unificada (Sisu) e \u00e0s transfer\u00eancias.<br><br>As provas ser\u00e3o aplicadas em 18 cidades em que a universidade possui unidades acad\u00eamicas: Abaet\u00e9, Araguari, Barbacena, Belo Horizonte, Campanha, Carangola, Cl\u00e1udio, Diamantina, Divin\u00f3polis, Frutal, Guanh\u00e3es, Ibirit\u00e9, Ituiutaba, Jo\u00e3o Monlevade, Leopoldina, Passos, Po\u00e7os de Caldas e Ub\u00e1.<\/p>\n\n\n\n<p>A prova de conhecimentos gerais, que abrange quest\u00f5es de m\u00faltipla escolha e reda\u00e7\u00e3o, ser\u00e1 aplicada no dia 12\/1\/2025, enquanto a de habilidades espec\u00edficas, restrita \u00e0 Escola de M\u00fasica, ocorre nos dias 22 e 23\/2\/2025.<br><br>No dia 11\/12, terminou o per\u00edodo de inscri\u00e7\u00f5es para o Vestibular Uemg 2025 atrav\u00e9s do Programa de Reserva de Vagas (Procan) e do Programa de Inclus\u00e3o Regional.<\/p>\n\n\n\n<p><strong>Cursos mais procurados<\/strong><br><br>Entre os cursos mais procurados da Uemg destacam-se Medicina, Direito, Psicologia, Engenharia da Computa\u00e7\u00e3o e Design Gr\u00e1fico. Estas foram as gradua\u00e7\u00f5es mais concorridas do Vestibular 2024, na rela\u00e7\u00e3o candidatos-vagas.<br><br>O curso de Medicina, oferecido pela unidade acad\u00eamica de Passos, possui uma forma\u00e7\u00e3o generalista, com abordagem humanista e \u00e9tica, preparando profissionais comprometidos com a promo\u00e7\u00e3o da sa\u00fade integral.<br><br>O curso de Direito, por sua vez, oferecido pelas unidades de Araguari, Cl\u00e1udio, Diamantina, Frutal, Guanh\u00e3es, Ituiutaba e tamb\u00e9m Passos, prioriza a forma\u00e7\u00e3o cr\u00edtica e reflexiva, preparando profissionais para lidar com os desafios contempor\u00e2neos do campo jur\u00eddico.<br><br>J\u00e1 no curso de Engenharia da Computa\u00e7\u00e3o, dispon\u00edvel nas unidades de Divin\u00f3polis e Ituiutaba, os estudantes se capacitam para trabalhar em \u00e1reas que integram software e hardware, como rob\u00f3tica, automa\u00e7\u00e3o industrial e sistemas embarcados.<\/p>\n\n\n\n<p>O curso de Design Gr\u00e1fico, oferecido pela Escola de Design, em Belo Horizonte, forma profissionais aptos para desenvolver solu\u00e7\u00f5es criativas e eficientes em comunica\u00e7\u00e3o visual, conectando empresas ao seu p\u00fablico-alvo.<br><br>E o curso de Psicologia, presente nas unidades Divin\u00f3polis e Ituiutaba e na Faculdade de Educa\u00e7\u00e3o em Belo Horizonte, combina teoria e pr\u00e1tica para capacitar profissionais na atua\u00e7\u00e3o em diversos contextos de cuidado e promo\u00e7\u00e3o do bem-estar emocional e social.<br><br>A rela\u00e7\u00e3o completa de cursos oferecidos pelo Vestibular Uemg 2025 est\u00e1 dispon\u00edvel no&nbsp;<a href=\"https:\/\/vestibular.uemg.br\/\" target=\"_blank\" rel=\"noreferrer noopener\">site do processo seletivo<\/a>. D\u00favidas durante o processo de inscri\u00e7\u00e3o podem ser consultadas por meio do&nbsp;<a href=\"https:\/\/vestibular.uemg.br\/downloads\/TUTORIAL-DE-INSCRIcaO.pdf\" target=\"_blank\" rel=\"noreferrer noopener\">Passo a Passo<\/a>.<\/p>\n","protected":false},"excerpt":{"rendered":"<p>S\u00e3o 4.811 vagas em 131 cursos de gradua\u00e7\u00e3o; prova est\u00e1 marcada para 12\/1\/2025 A&nbsp;Universidade do Estado de Minas Gerais (Uemg)&nbsp;est\u00e1 com inscri\u00e7\u00f5es abertas para o Vestibular 2025, oferecendo 4.811 vagas em 131 cursos de gradua\u00e7\u00e3o, distribu\u00eddos por 22 unidades acad\u00eamicas. O prazo para inscri\u00e7\u00e3o vai at\u00e9 quinta-feira (26\/12), e o processo \u00e9 realizado exclusivamente on-line, [&hellip;]<\/p>\n","protected":false},"author":5,"featured_media":146326,"comment_status":"closed","ping_status":"open","sticky":false,"template":"","format":"standard","meta":{"advgb_blocks_editor_width":"","advgb_blocks_columns_visual_guide":"","_exactmetrics_skip_tracking":false,"_exactmetrics_sitenote_active":false,"_exactmetrics_sitenote_note":"","_exactmetrics_sitenote_category":0,"footnotes":""},"categories":[7,2],"tags":[],"class_list":["post-146325","post","type-post","status-publish","format-standard","has-post-thumbnail","hentry","category-destaques","category-noticias"],"better_featured_image":{"id":146326,"alt_text":"","caption":"","description":"","media_type":"image","media_details":{"width":768,"height":574,"file":"2024\/12\/Escola_de_Design_em_Belo_Horizonte.jpg","filesize":88709,"sizes":{"medium":{"file":"Escola_de_Design_em_Belo_Horizonte-401x300.jpg","width":401,"height":300,"mime-type":"image\/jpeg","filesize":24212,"source_url":"https:\/\/lavras.tv\/site\/wp-content\/uploads\/2024\/12\/Escola_de_Design_em_Belo_Horizonte-401x300.jpg"},"thumbnail":{"file":"Escola_de_Design_em_Belo_Horizonte-170x127.jpg","width":170,"height":127,"mime-type":"image\/jpeg","filesize":5416,"source_url":"https:\/\/lavras.tv\/site\/wp-content\/uploads\/2024\/12\/Escola_de_Design_em_Belo_Horizonte-170x127.jpg"},"lshowcase-thumb":{"file":"Escola_de_Design_em_Belo_Horizonte-200x149.jpg","width":200,"height":149,"mime-type":"image\/jpeg","filesize":7093,"source_url":"https:\/\/lavras.tv\/site\/wp-content\/uploads\/2024\/12\/Escola_de_Design_em_Belo_Horizonte-200x149.jpg"},"alm-thumbnail":{"file":"Escola_de_Design_em_Belo_Horizonte-150x150.jpg","width":150,"height":150,"mime-type":"image\/jpeg","filesize":5514,"source_url":"https:\/\/lavras.tv\/site\/wp-content\/uploads\/2024\/12\/Escola_de_Design_em_Belo_Horizonte-150x150.jpg"}},"image_meta":{"aperture":"0","credit":"","camera":"","caption":"","created_timestamp":"0","copyright":"","focal_length":"0","iso":"0","shutter_speed":"0","title":"","orientation":"0","keywords":[]}},"post":146325,"source_url":"https:\/\/lavras.tv\/site\/wp-content\/uploads\/2024\/12\/Escola_de_Design_em_Belo_Horizonte.jpg"},"author_meta":{"display_name":"Vinicius Bustamante","author_link":"https:\/\/lavras.tv\/site\/author\/vinicius-bustamante\/"},"featured_img":"https:\/\/lavras.tv\/site\/wp-content\/uploads\/2024\/12\/Escola_de_Design_em_Belo_Horizonte-401x300.jpg","coauthors":[],"tax_additional":{"categories":{"linked":["<a href=\"https:\/\/lavras.tv\/site\/category\/destaques\/\" class=\"advgb-post-tax-term\">Destaques<\/a>","<a href=\"https:\/\/lavras.tv\/site\/category\/noticias\/\" class=\"advgb-post-tax-term\">Not\u00edcias<\/a>"],"unlinked":["<span class=\"advgb-post-tax-term\">Destaques<\/span>","<span class=\"advgb-post-tax-term\">Not\u00edcias<\/span>"]}},"comment_count":"0","relative_dates":{"created":"Publicado 1 ano atr\u00e1s","modified":"Atualizado 1 ano atr\u00e1s"},"absolute_dates":{"created":"Publicado em 25 de dezembro de 2024","modified":"Atualizado em 25 de dezembro de 2024"},"absolute_dates_time":{"created":"Publicado em 25 de dezembro de 2024 13:23","modified":"Atualizado em 25 de dezembro de 2024 13:23"},"featured_img_caption":"","series_order":"","_links":{"self":[{"href":"https:\/\/lavras.tv\/site\/wp-json\/wp\/v2\/posts\/146325","targetHints":{"allow":["GET"]}}],"collection":[{"href":"https:\/\/lavras.tv\/site\/wp-json\/wp\/v2\/posts"}],"about":[{"href":"https:\/\/lavras.tv\/site\/wp-json\/wp\/v2\/types\/post"}],"author":[{"embeddable":true,"href":"https:\/\/lavras.tv\/site\/wp-json\/wp\/v2\/users\/5"}],"replies":[{"embeddable":true,"href":"https:\/\/lavras.tv\/site\/wp-json\/wp\/v2\/comments?post=146325"}],"version-history":[{"count":1,"href":"https:\/\/lavras.tv\/site\/wp-json\/wp\/v2\/posts\/146325\/revisions"}],"predecessor-version":[{"id":146327,"href":"https:\/\/lavras.tv\/site\/wp-json\/wp\/v2\/posts\/146325\/revisions\/146327"}],"wp:featuredmedia":[{"embeddable":true,"href":"https:\/\/lavras.tv\/site\/wp-json\/wp\/v2\/media\/146326"}],"wp:attachment":[{"href":"https:\/\/lavras.tv\/site\/wp-json\/wp\/v2\/media?parent=146325"}],"wp:term":[{"taxonomy":"category","embeddable":true,"href":"https:\/\/lavras.tv\/site\/wp-json\/wp\/v2\/categories?post=146325"},{"taxonomy":"post_tag","embeddable":true,"href":"https:\/\/lavras.tv\/site\/wp-json\/wp\/v2\/tags?post=146325"}],"curies":[{"name":"wp","href":"https:\/\/api.w.org\/{rel}","templated":true}]}}