{"id":146555,"date":"2024-12-26T13:56:18","date_gmt":"2024-12-26T16:56:18","guid":{"rendered":"https:\/\/lavras.tv\/site\/?p=146555"},"modified":"2024-12-26T13:56:19","modified_gmt":"2024-12-26T16:56:19","slug":"brasil-tem-maior-carga-tributaria-da-america-latina-compare","status":"publish","type":"post","link":"https:\/\/lavras.tv\/site\/2024\/12\/26\/brasil-tem-maior-carga-tributaria-da-america-latina-compare\/","title":{"rendered":"Brasil tem maior carga tribut\u00e1ria da Am\u00e9rica Latina; compare"},"content":{"rendered":"<div class=\"lavra-antes-do-conteudo_2\" id=\"lavra-1229335236\"><div id=\"lavra-slider-27\" class=\"custom-slider lavra-slider-725774422 lavra-slider\"><ul><li><div style=\"margin-left: auto;margin-right: auto;text-align: center;\" id=\"lavra-2799458583\"><a href=\"https:\/\/sistemas.lavras.mg.gov.br\/portalcidadao\/#df1b1a7c7b2a290bcb31e32771e610784662739a88807c0dacac58ede5f391a7530e299dc302d611ee73cb143fc22eaf93592e53e7b5bdb01b00a0b8d28dae460c141dd2ff83412e4dc1c31b16b25f33144a9e5620ea73b13f5bc1c59411d98439ad226e8af03840603796067d87afe130812cf3de24982d0e306f9e61e764e5\" aria-label=\"Lavras-TV&#8211;720x104px (1) (1)\"><img src=\"https:\/\/lavras.tv\/site\/wp-content\/uploads\/2025\/01\/Lavras-TV-720x104px-1-1.png\" alt=\"\"  srcset=\"https:\/\/lavras.tv\/site\/wp-content\/uploads\/2025\/01\/Lavras-TV-720x104px-1-1.png 720w, https:\/\/lavras.tv\/site\/wp-content\/uploads\/2025\/01\/Lavras-TV-720x104px-1-1-470x68.png 470w, https:\/\/lavras.tv\/site\/wp-content\/uploads\/2025\/01\/Lavras-TV-720x104px-1-1-170x25.png 170w, https:\/\/lavras.tv\/site\/wp-content\/uploads\/2025\/01\/Lavras-TV-720x104px-1-1-200x29.png 200w\" sizes=\"(max-width: 720px) 100vw, 720px\" width=\"720\" height=\"104\"  style=\"display: inline-block;\" \/><\/a><\/div><\/li><li><a href=\"https:\/\/sistemas.lavras.mg.gov.br\/portalcidadao\/#df1b1a7c7b2a290bcb31e32771e610784662739a88807c0dacac58ede5f391a7530e299dc302d611ee73cb143fc22eaf93592e53e7b5bdb01b00a0b8d28dae460c141dd2ff83412e4dc1c31b16b25f33144a9e5620ea73b13f5bc1c59411d98439ad226e8af03840603796067d87afe130812cf3de24982d0e306f9e61e764e5\" aria-label=\"Banner_Emprego_PortallavrasTV\"><img src=\"https:\/\/lavras.tv\/site\/wp-content\/uploads\/2025\/03\/Banner_Emprego_PortallavrasTV.png\" alt=\"\"  srcset=\"https:\/\/lavras.tv\/site\/wp-content\/uploads\/2025\/03\/Banner_Emprego_PortallavrasTV.png 720w, https:\/\/lavras.tv\/site\/wp-content\/uploads\/2025\/03\/Banner_Emprego_PortallavrasTV-470x68.png 470w, https:\/\/lavras.tv\/site\/wp-content\/uploads\/2025\/03\/Banner_Emprego_PortallavrasTV-170x25.png 170w, https:\/\/lavras.tv\/site\/wp-content\/uploads\/2025\/03\/Banner_Emprego_PortallavrasTV-200x29.png 200w\" sizes=\"(max-width: 720px) 100vw, 720px\" width=\"720\" height=\"104\"   \/><\/a><\/li><li><a href=\"https:\/\/sistemas.lavras.mg.gov.br\/portalcidadao\/#df1b1a7c7b2a290bcb31e32771e610784662739a88807c0dacac58ede5f391a7530e299dc302d611ee73cb143fc22eaf93592e53e7b5bdb01b00a0b8d28dae460c141dd2ff83412e4dc1c31b16b25f33144a9e5620ea73b13f5bc1c59411d98439ad226e8af03840603796067d87afe130812cf3de24982d0e306f9e61e764e5\" aria-label=\"Banner_Obras_PortallavrasTV\"><img src=\"https:\/\/lavras.tv\/site\/wp-content\/uploads\/2025\/03\/Banner_Obras_PortallavrasTV.png\" alt=\"\"  srcset=\"https:\/\/lavras.tv\/site\/wp-content\/uploads\/2025\/03\/Banner_Obras_PortallavrasTV.png 720w, https:\/\/lavras.tv\/site\/wp-content\/uploads\/2025\/03\/Banner_Obras_PortallavrasTV-470x68.png 470w, https:\/\/lavras.tv\/site\/wp-content\/uploads\/2025\/03\/Banner_Obras_PortallavrasTV-170x25.png 170w, https:\/\/lavras.tv\/site\/wp-content\/uploads\/2025\/03\/Banner_Obras_PortallavrasTV-200x29.png 200w\" sizes=\"(max-width: 720px) 100vw, 720px\" width=\"720\" height=\"104\"   \/><\/a><\/li><li><div style=\"margin-left: auto;margin-right: auto;text-align: center;\" id=\"lavra-1446977437\"><a href=\"https:\/\/sistemas.lavras.mg.gov.br\/portalcidadao\/#df1b1a7c7b2a290bcb31e32771e610784662739a88807c0dacac58ede5f391a7530e299dc302d611ee73cb143fc22eaf93592e53e7b5bdb01b00a0b8d28dae460c141dd2ff83412e4dc1c31b16b25f33144a9e5620ea73b13f5bc1c59411d98439ad226e8af03840603796067d87afe130812cf3de24982d0e306f9e61e764e5\" aria-label=\"Banner_Educa\u00e7\u00e3o_PortallavrasTV\"><img src=\"https:\/\/lavras.tv\/site\/wp-content\/uploads\/2025\/01\/Banner_Educacao_PortallavrasTV.png\" alt=\"\"  srcset=\"https:\/\/lavras.tv\/site\/wp-content\/uploads\/2025\/01\/Banner_Educacao_PortallavrasTV.png 720w, https:\/\/lavras.tv\/site\/wp-content\/uploads\/2025\/01\/Banner_Educacao_PortallavrasTV-470x68.png 470w, https:\/\/lavras.tv\/site\/wp-content\/uploads\/2025\/01\/Banner_Educacao_PortallavrasTV-170x25.png 170w, https:\/\/lavras.tv\/site\/wp-content\/uploads\/2025\/01\/Banner_Educacao_PortallavrasTV-200x29.png 200w\" sizes=\"(max-width: 720px) 100vw, 720px\" width=\"720\" height=\"104\"  style=\"display: inline-block;\" \/><\/a><\/div><\/li><li><a href=\"https:\/\/sistemas.lavras.mg.gov.br\/portalcidadao\/#df1b1a7c7b2a290bcb31e32771e610784662739a88807c0dacac58ede5f391a7530e299dc302d611ee73cb143fc22eaf93592e53e7b5bdb01b00a0b8d28dae460c141dd2ff83412e4dc1c31b16b25f33144a9e5620ea73b13f5bc1c59411d98439ad226e8af03840603796067d87afe130812cf3de24982d0e306f9e61e764e5\" aria-label=\"Banner_Sa\u00fade_PortallavrasTV\"><img src=\"https:\/\/lavras.tv\/site\/wp-content\/uploads\/2025\/03\/Banner_Saude_PortallavrasTV.png\" alt=\"\"  srcset=\"https:\/\/lavras.tv\/site\/wp-content\/uploads\/2025\/03\/Banner_Saude_PortallavrasTV.png 720w, https:\/\/lavras.tv\/site\/wp-content\/uploads\/2025\/03\/Banner_Saude_PortallavrasTV-470x68.png 470w, https:\/\/lavras.tv\/site\/wp-content\/uploads\/2025\/03\/Banner_Saude_PortallavrasTV-170x25.png 170w, https:\/\/lavras.tv\/site\/wp-content\/uploads\/2025\/03\/Banner_Saude_PortallavrasTV-200x29.png 200w\" sizes=\"(max-width: 720px) 100vw, 720px\" width=\"720\" height=\"104\"   \/><\/a><\/li><li><div id=\"lavra-3998910528\" style=\"width:720px;height:104px;background-color:#ddd;overflow:scroll;\">\n\t<strong>Sa\u00edda da depura\u00e7\u00e3o de an\u00fancios<\/strong>\n\t<br><br>\n\tO an\u00fancio n\u00e3o \u00e9 exibido na p\u00e1gina<br><br>post atual: Brasil tem maior carga tribut\u00e1ria da Am\u00e9rica Latina; compare, ID: 146555<br><br><span style=\"color: red;\">O post atual n\u00e3o \u00e9 id\u00eantico ao post principal.<\/span><br><br>An\u00fancios: ROXO - TOPO INTERNA - ROTATIVO 2 (197)<br \/>Grupo de an\u00fancios: Princ_Meio01_720x104 (27)<br><br>Condi\u00e7\u00f5es de exibi\u00e7\u00e3o<div style=\"margin-bottom: 20px; white-space: pre-wrap; font-family: monospace; width: 100%; background: #ffe9e9;\"><strong>condi\u00e7\u00f5es gerais<\/strong><table border=\"1\"><thead><tr><th><\/th><th>An\u00fancios<\/th><th>wp_the_query<\/th><\/tr><\/thead><tr><td>is_main_query<\/td><td>1<\/td><td>1<\/td><\/tr><tr><td>is_rest_api<\/td><td>0<\/td><td>1<\/td><\/tr><tr><td>page<\/td><td>0<\/td><td>1<\/td><\/tr><tr><td>numpages<\/td><td>0<\/td><td>1<\/td><\/tr><tr><td>is_archive<\/td><td>1<\/td><td><\/td><\/tr><tr><td>is_search<\/td><td>1<\/td><td><\/td><\/tr><tr><td>is_home<\/td><td>1<\/td><td><\/td><\/tr><tr><td>is_404<\/td><td>1<\/td><td><\/td><\/tr><tr><td>is_attachment<\/td><td>1<\/td><td><\/td><\/tr><tr><td>is_singular<\/td><td>1<\/td><td><\/td><\/tr><tr><td>is_front_page<\/td><td>1<\/td><td><\/td><\/tr><tr><td>is_feed<\/td><td>1<\/td><td><\/td><\/tr><\/table><\/div><br><br><span style=\"color: red;\">Seu site usa HTTPS, mas o c\u00f3digo do an\u00fancio cont\u00e9m HTTP e pode n\u00e3o funcionar.<\/span>\t<br><br>\n\t<a style=\"color: green;\" href=\"https:\/\/wpadvancedads.com\/manual\/ad-debug-mode\/?utm_source=advanced-ads&utm_medium=link&utm_campaign=ad-debug-mode\" target=\"_blank\" rel=\"nofollow\">Encontre solu\u00e7\u00f5es no manual<\/a>\n<\/div>\n<\/li><\/ul><\/div><script>( window.advanced_ads_ready || jQuery( document ).ready ).call( null, function() {var $lavraslider725774422 = jQuery( \".lavra-slider-725774422\" );$lavraslider725774422.on( \"unslider.ready\", function() { jQuery( \"div.custom-slider ul li\" ).css( \"display\", \"block\" ); });$lavraslider725774422.unslider({ delay:4000, autoplay:true, nav:false, arrows:false, infinite:true });$lavraslider725774422.on(\"mouseover\", function() {$lavraslider725774422.unslider(\"stop\");}).on(\"mouseout\", function() {$lavraslider725774422.unslider(\"start\");});});<\/script><\/div>\n<p>Por outro lado, Pa\u00eds tem o menor IDH entre os 30 pa\u00edses com maior carga tribut\u00e1ria, sinal de que retorno em benef\u00edcios para o cidad\u00e3o est\u00e1 aqu\u00e9m do esperado<\/p>\n\n\n\n<figure class=\"wp-block-image size-large\"><img fetchpriority=\"high\" decoding=\"async\" width=\"970\" height=\"550\" src=\"https:\/\/lavras.tv\/site\/wp-content\/uploads\/2024\/12\/dinheiro-970x550.jpg\" alt=\"\" class=\"wp-image-146556\" srcset=\"https:\/\/lavras.tv\/site\/wp-content\/uploads\/2024\/12\/dinheiro-970x550.jpg 970w, https:\/\/lavras.tv\/site\/wp-content\/uploads\/2024\/12\/dinheiro-470x266.jpg 470w, https:\/\/lavras.tv\/site\/wp-content\/uploads\/2024\/12\/dinheiro-170x96.jpg 170w, https:\/\/lavras.tv\/site\/wp-content\/uploads\/2024\/12\/dinheiro-200x113.jpg 200w, https:\/\/lavras.tv\/site\/wp-content\/uploads\/2024\/12\/dinheiro.jpg 1200w\" sizes=\"(max-width: 970px) 100vw, 970px\" \/><\/figure>\n\n\n\n<p>O Brasil possui uma carga tribut\u00e1ria pr\u00f3xima de 33% do\u00a0<strong><a href=\"https:\/\/www.em.com.br\/economia\/2024\/12\/7002546-pib-brasil-cresce-tanto-quanto-a-china-no-3-trimestre-e-so-fica-atras-de-indonesia-e-mexico-no-g20.html\">PIB<\/a>\u00a0<\/strong>(Produto Interno Bruto). Esse \u00e9 o valor arrecadado por governo federal, estados e munic\u00edpios.<\/p>\n\n\n\n<p>Para alguns, um \u00edndice adequado diante das despesas geradas por um Estado de bem-estar social abrangente. Para outros, um percentual elevado, considerando o retorno dessa arrecada\u00e7\u00e3o para a popula\u00e7\u00e3o em servi\u00e7os e transfer\u00eancias de renda.<\/p>\n\n\n\n<p>As diferen\u00e7as de opini\u00e3o podem estar ligadas tamb\u00e9m \u00e0 &#8220;sensa\u00e7\u00e3o&#8221; que cada contribuinte tem em rela\u00e7\u00e3o aos tributos, que recaem de forma mais intensa sobre pessoas de menor renda (a chamada regressividade), assalariados e empresas sem benef\u00edcios fiscais, por exemplo.<\/p>\n\n\n\n<p>Um trabalho divulgado no in\u00edcio deste ano por diversos \u00f3rg\u00e3os multilaterais apontou o Brasil como o pa\u00eds com a maior carga tribut\u00e1ria entre 26 economias latino-americanas no ano de 2022, seguido por Barbados (30,5%) e Argentina (29,6%).<\/p>\n\n\n\n<p>O valor est\u00e1 bem acima da m\u00e9dia da regi\u00e3o (21,5%), composta por pa\u00edses com n\u00edvel de renda semelhante, mas estrutura de servi\u00e7os p\u00fablicos mais restrita.<\/p>\n\n\n\n<p>Tamb\u00e9m fica pr\u00f3ximo da m\u00e9dia da OCDE (34%), uma das entidades respons\u00e1veis pelo documento &#8211;e que re\u00fane diversas economias com patamar de renda mais elevado e servi\u00e7os de melhor qualidade.<\/p>\n\n\n\n<p>O Brasil est\u00e1 acima da m\u00e9dia da Am\u00e9rica Latina em todas as bases: tributos sobre renda, lucro, propriedade, bens e servi\u00e7os, folha de pagamento e aqueles destinados \u00e0 seguridade social.<\/p>\n\n\n\n<p>No caso dos bens e servi\u00e7os, alvo da reforma tribut\u00e1ria que est\u00e1 sendo regulamentada neste ano, o peso \u00e9 de 13,7% do PIB, sendo que a m\u00e9dia tanto latino-americana como na OCDE fica entre 10% e 11%. A reforma possui uma trava para evitar o crescimento dessa carga.<\/p>\n\n\n\n<p>Os n\u00fameros apontam eleva\u00e7\u00e3o da carga tribut\u00e1ria em v\u00e1rios pa\u00edses nas \u00faltimas d\u00e9cadas. Desde 1990, houve aumento de 6,9 pontos percentuais na Am\u00e9rica Latina e 5,5 pontos no Brasil, onde parte do crescimento se deve ao fim do &#8220;imposto inflacion\u00e1rio&#8221; ap\u00f3s o Plano Real. Entre os pa\u00edses da OCDE, onde o percentual j\u00e1 era mais elevado, a carga subiu 3,2 pontos percentuais no mesmo per\u00edodo.<\/p>\n\n\n\n<p>No Brasil, esse crescimento se deu principalmente na tributa\u00e7\u00e3o da renda e do lucro. Os impostos sobre propriedade e consumo se mantiveram praticamente no mesmo n\u00edvel nessas mais de tr\u00eas d\u00e9cadas.<\/p>\n\n\n\n<p>Uma an\u00e1lise da IFI (Institui\u00e7\u00e3o Fiscal Independente), \u00f3rg\u00e3o do Senado, apontou que o Brasil possui uma carga tribut\u00e1ria elevada para uma economia em desenvolvimento, mas que isso \u00e9 explicado em boa medida pelo tamanho dos seus gastos sociais. A despesa social representa entre 50% e 70% da carga tribut\u00e1ria nos pa\u00edses da OCDE. No Brasil, \u00e9 cerca de 60%.<\/p>\n\n\n\n<p>Um trabalho do IBPT (Instituto Brasileiro de Planejamento e Tributa\u00e7\u00e3o) questiona a qualidade dessa despesa e mostra que o Brasil possui o menor\u00a0<strong><a href=\"https:\/\/www.em.com.br\/app\/noticia\/economia\/2014\/07\/24\/internas_economia,551510\/brasil-sobe-uma-posicao-em-ranking-do-idh.shtml\">IDH<\/a>\u00a0<\/strong>(\u00edndice de desenvolvimento humano) entre os 30 pa\u00edses com maior carga. Com isso, ocupa a \u00faltima coloca\u00e7\u00e3o no \u00edndice de retorno de bem-estar \u00e0 sociedade calculado pela institui\u00e7\u00e3o.<\/p>\n\n\n\n<p>Na avalia\u00e7\u00e3o do presidente-executivo da entidade, Jo\u00e3o Eloi Olenike, o n\u00edvel de tributa\u00e7\u00e3o no pa\u00eds n\u00e3o \u00e9 compat\u00edvel com o retorno recebido pelo cidad\u00e3o. &#8220;Temos pa\u00edses em que a carga tribut\u00e1ria \u00e9 maior, mas s\u00e3o pa\u00edses desenvolvidos e que oferecem para a popula\u00e7\u00e3o um retorno bastante significativo, o que n\u00e3o acontece no Brasil.&#8221;<\/p>\n\n\n\n<p>Para ele, o pa\u00eds poderia ter al\u00edquotas menores e o mesmo n\u00edvel de arrecada\u00e7\u00e3o. Para isso, seria necess\u00e1rio reduzir benef\u00edcios fiscais e tamb\u00e9m contar com um efeito de redu\u00e7\u00e3o da informalidade e da sonega\u00e7\u00e3o, espalhando mais a carga entre todos.<\/p>\n\n\n\n<p>Pedro Paulo Bastos, professor do Instituto de Economia da Unicamp, diz que o problema fundamental do sistema brasileiro n\u00e3o \u00e9 o tamanho da carga, compat\u00edvel com as pol\u00edticas p\u00fablicas demandadas pelo cidad\u00e3o &#8211;pol\u00edticas mantidas por governos da esquerda \u00e0 direita desde a Constitui\u00e7\u00e3o. A quest\u00e3o \u00e9 o car\u00e1ter regressivo dela, apoiada em tributos indiretos, que afetam comparativamente mais a baixa renda &#8211;o imposto de uma laranja \u00e9 maior, proporcionalmente, \u00e0 renda de uma pessoa pobre do que \u00e0 renda de um rico.<\/p>\n\n\n\n<p>Bastos cita dados da Cepal (Comiss\u00e3o Econ\u00f4mica para a Am\u00e9rica Latina e o Caribe), \u00f3rg\u00e3o das Na\u00e7\u00f5es Unidas, que mostram queda da desigualdade medida pelo \u00cdndice de Gini em 23% nos pa\u00edses da OCDE em raz\u00e3o da pol\u00edtica fiscal (tributos e transfer\u00eancias). No Brasil, com uma carga semelhante, a redu\u00e7\u00e3o \u00e9 de 16,4%. Na m\u00e9dia da Am\u00e9rica Latina, com um Estado menor, a queda \u00e9 de apenas 9%.<\/p>\n\n\n\n<p>&#8220;O Estado brasileiro reduz muito mais a desigualdade de renda do que outros pa\u00edses da Am\u00e9rica Latina, pois existe muito servi\u00e7o p\u00fablico, mesmo que de qualidade inferior ao servi\u00e7o privado. Mas reduz menos a desigualdade do que nos Estados de bem-estar social europeus.&#8221;<\/p>\n\n\n\n<p>Para ele, a redu\u00e7\u00e3o da tributa\u00e7\u00e3o sobre o consumo e a taxa\u00e7\u00e3o maior da renda e patrim\u00f4nio permitiriam um aumento da carga financiado pelo 1% ou o 0,1% com maior renda, ampliando pol\u00edticas p\u00fablicas.<\/p>\n\n\n\n<p>Um estudo do Ipea (Instituto de Pesquisa Econ\u00f4mica Aplicada) mostra que a isen\u00e7\u00e3o sobre lucros e dividendos faz com que a tributa\u00e7\u00e3o m\u00e1xima dos acionistas de empresas brasileiras seja de 14,2%, considerando a soma do imposto pago na pessoa f\u00edsica e na jur\u00eddica.<\/p>\n\n\n\n<p>Cerca de 15 mil pessoas f\u00edsicas que est\u00e3o entre o 0,01% mais rico entre os declarantes do Imposto de Renda pagam praticamente o mesmo imposto que um assalariado que recebe R$ 6.000 por m\u00eas (13% sobre a renda). Para 3.841 pessoas no topo da distribui\u00e7\u00e3o de renda, a tributa\u00e7\u00e3o na soma da pessoa f\u00edsica e jur\u00eddica \u00e9 de 5,8%, uma sensa\u00e7\u00e3o de carga bem inferior \u00e0 m\u00e9dia nacional.<\/p>\n","protected":false},"excerpt":{"rendered":"<p>Por outro lado, Pa\u00eds tem o menor IDH entre os 30 pa\u00edses com maior carga tribut\u00e1ria, sinal de que retorno em benef\u00edcios para o cidad\u00e3o est\u00e1 aqu\u00e9m do esperado O Brasil possui uma carga tribut\u00e1ria pr\u00f3xima de 33% do\u00a0PIB\u00a0(Produto Interno Bruto). Esse \u00e9 o valor arrecadado por governo federal, estados e munic\u00edpios. Para alguns, um [&hellip;]<\/p>\n","protected":false},"author":5,"featured_media":146556,"comment_status":"closed","ping_status":"open","sticky":false,"template":"","format":"standard","meta":{"advgb_blocks_editor_width":"","advgb_blocks_columns_visual_guide":"","_exactmetrics_skip_tracking":false,"_exactmetrics_sitenote_active":false,"_exactmetrics_sitenote_note":"","_exactmetrics_sitenote_category":0,"footnotes":""},"categories":[7,2],"tags":[],"class_list":["post-146555","post","type-post","status-publish","format-standard","has-post-thumbnail","hentry","category-destaques","category-noticias"],"better_featured_image":{"id":146556,"alt_text":"","caption":"","description":"","media_type":"image","media_details":{"width":1200,"height":680,"file":"2024\/12\/dinheiro.jpg","filesize":120684,"sizes":{"medium":{"file":"dinheiro-470x266.jpg","width":470,"height":266,"mime-type":"image\/jpeg","filesize":32981,"source_url":"https:\/\/lavras.tv\/site\/wp-content\/uploads\/2024\/12\/dinheiro-470x266.jpg"},"large":{"file":"dinheiro-970x550.jpg","width":970,"height":550,"mime-type":"image\/jpeg","filesize":99435,"source_url":"https:\/\/lavras.tv\/site\/wp-content\/uploads\/2024\/12\/dinheiro-970x550.jpg"},"thumbnail":{"file":"dinheiro-170x96.jpg","width":170,"height":96,"mime-type":"image\/jpeg","filesize":6408,"source_url":"https:\/\/lavras.tv\/site\/wp-content\/uploads\/2024\/12\/dinheiro-170x96.jpg"},"lshowcase-thumb":{"file":"dinheiro-200x113.jpg","width":200,"height":113,"mime-type":"image\/jpeg","filesize":8431,"source_url":"https:\/\/lavras.tv\/site\/wp-content\/uploads\/2024\/12\/dinheiro-200x113.jpg"},"alm-thumbnail":{"file":"dinheiro-150x150.jpg","width":150,"height":150,"mime-type":"image\/jpeg","filesize":7907,"source_url":"https:\/\/lavras.tv\/site\/wp-content\/uploads\/2024\/12\/dinheiro-150x150.jpg"}},"image_meta":{"aperture":"0","credit":"","camera":"","caption":"","created_timestamp":"0","copyright":"","focal_length":"0","iso":"0","shutter_speed":"0","title":"","orientation":"0","keywords":[]}},"post":146555,"source_url":"https:\/\/lavras.tv\/site\/wp-content\/uploads\/2024\/12\/dinheiro.jpg"},"author_meta":{"display_name":"Vinicius Bustamante","author_link":"https:\/\/lavras.tv\/site\/author\/vinicius-bustamante\/"},"featured_img":"https:\/\/lavras.tv\/site\/wp-content\/uploads\/2024\/12\/dinheiro-470x266.jpg","coauthors":[],"tax_additional":{"categories":{"linked":["<a href=\"https:\/\/lavras.tv\/site\/category\/destaques\/\" class=\"advgb-post-tax-term\">Destaques<\/a>","<a href=\"https:\/\/lavras.tv\/site\/category\/noticias\/\" class=\"advgb-post-tax-term\">Not\u00edcias<\/a>"],"unlinked":["<span class=\"advgb-post-tax-term\">Destaques<\/span>","<span class=\"advgb-post-tax-term\">Not\u00edcias<\/span>"]}},"comment_count":"0","relative_dates":{"created":"Publicado 1 ano atr\u00e1s","modified":"Atualizado 1 ano atr\u00e1s"},"absolute_dates":{"created":"Publicado em 26 de dezembro de 2024","modified":"Atualizado em 26 de dezembro de 2024"},"absolute_dates_time":{"created":"Publicado em 26 de dezembro de 2024 13:56","modified":"Atualizado em 26 de dezembro de 2024 13:56"},"featured_img_caption":"","series_order":"","_links":{"self":[{"href":"https:\/\/lavras.tv\/site\/wp-json\/wp\/v2\/posts\/146555","targetHints":{"allow":["GET"]}}],"collection":[{"href":"https:\/\/lavras.tv\/site\/wp-json\/wp\/v2\/posts"}],"about":[{"href":"https:\/\/lavras.tv\/site\/wp-json\/wp\/v2\/types\/post"}],"author":[{"embeddable":true,"href":"https:\/\/lavras.tv\/site\/wp-json\/wp\/v2\/users\/5"}],"replies":[{"embeddable":true,"href":"https:\/\/lavras.tv\/site\/wp-json\/wp\/v2\/comments?post=146555"}],"version-history":[{"count":1,"href":"https:\/\/lavras.tv\/site\/wp-json\/wp\/v2\/posts\/146555\/revisions"}],"predecessor-version":[{"id":146557,"href":"https:\/\/lavras.tv\/site\/wp-json\/wp\/v2\/posts\/146555\/revisions\/146557"}],"wp:featuredmedia":[{"embeddable":true,"href":"https:\/\/lavras.tv\/site\/wp-json\/wp\/v2\/media\/146556"}],"wp:attachment":[{"href":"https:\/\/lavras.tv\/site\/wp-json\/wp\/v2\/media?parent=146555"}],"wp:term":[{"taxonomy":"category","embeddable":true,"href":"https:\/\/lavras.tv\/site\/wp-json\/wp\/v2\/categories?post=146555"},{"taxonomy":"post_tag","embeddable":true,"href":"https:\/\/lavras.tv\/site\/wp-json\/wp\/v2\/tags?post=146555"}],"curies":[{"name":"wp","href":"https:\/\/api.w.org\/{rel}","templated":true}]}}