{"id":146558,"date":"2024-12-26T14:05:14","date_gmt":"2024-12-26T17:05:14","guid":{"rendered":"https:\/\/lavras.tv\/site\/?p=146558"},"modified":"2024-12-26T14:05:15","modified_gmt":"2024-12-26T17:05:15","slug":"lula-publica-nos-proximos-dias-decreto-para-corrigir-salario-minimo-que-deve-subir-para-r-1-518","status":"publish","type":"post","link":"https:\/\/lavras.tv\/site\/2024\/12\/26\/lula-publica-nos-proximos-dias-decreto-para-corrigir-salario-minimo-que-deve-subir-para-r-1-518\/","title":{"rendered":"Lula publica nos pr\u00f3ximos dias decreto para corrigir sal\u00e1rio m\u00ednimo, que deve subir para R$ 1.518"},"content":{"rendered":"<div class=\"lavra-antes-do-conteudo_2\" id=\"lavra-4021199280\"><div id=\"lavra-slider-27\" class=\"custom-slider lavra-slider-3477785807 lavra-slider\"><ul><li><div style=\"margin-left: auto;margin-right: auto;text-align: center;\" id=\"lavra-1565693193\"><a href=\"https:\/\/sistemas.lavras.mg.gov.br\/portalcidadao\/#df1b1a7c7b2a290bcb31e32771e610784662739a88807c0dacac58ede5f391a7530e299dc302d611ee73cb143fc22eaf93592e53e7b5bdb01b00a0b8d28dae460c141dd2ff83412e4dc1c31b16b25f33144a9e5620ea73b13f5bc1c59411d98439ad226e8af03840603796067d87afe130812cf3de24982d0e306f9e61e764e5\" aria-label=\"Lavras-TV&#8211;720x104px (1) (1)\"><img src=\"https:\/\/lavras.tv\/site\/wp-content\/uploads\/2025\/01\/Lavras-TV-720x104px-1-1.png\" alt=\"\"  srcset=\"https:\/\/lavras.tv\/site\/wp-content\/uploads\/2025\/01\/Lavras-TV-720x104px-1-1.png 720w, https:\/\/lavras.tv\/site\/wp-content\/uploads\/2025\/01\/Lavras-TV-720x104px-1-1-470x68.png 470w, https:\/\/lavras.tv\/site\/wp-content\/uploads\/2025\/01\/Lavras-TV-720x104px-1-1-170x25.png 170w, https:\/\/lavras.tv\/site\/wp-content\/uploads\/2025\/01\/Lavras-TV-720x104px-1-1-200x29.png 200w\" sizes=\"(max-width: 720px) 100vw, 720px\" width=\"720\" height=\"104\"  style=\"display: inline-block;\" \/><\/a><\/div><\/li><li><a href=\"https:\/\/sistemas.lavras.mg.gov.br\/portalcidadao\/#df1b1a7c7b2a290bcb31e32771e610784662739a88807c0dacac58ede5f391a7530e299dc302d611ee73cb143fc22eaf93592e53e7b5bdb01b00a0b8d28dae460c141dd2ff83412e4dc1c31b16b25f33144a9e5620ea73b13f5bc1c59411d98439ad226e8af03840603796067d87afe130812cf3de24982d0e306f9e61e764e5\" aria-label=\"Banner_Emprego_PortallavrasTV\"><img src=\"https:\/\/lavras.tv\/site\/wp-content\/uploads\/2025\/03\/Banner_Emprego_PortallavrasTV.png\" alt=\"\"  srcset=\"https:\/\/lavras.tv\/site\/wp-content\/uploads\/2025\/03\/Banner_Emprego_PortallavrasTV.png 720w, https:\/\/lavras.tv\/site\/wp-content\/uploads\/2025\/03\/Banner_Emprego_PortallavrasTV-470x68.png 470w, https:\/\/lavras.tv\/site\/wp-content\/uploads\/2025\/03\/Banner_Emprego_PortallavrasTV-170x25.png 170w, https:\/\/lavras.tv\/site\/wp-content\/uploads\/2025\/03\/Banner_Emprego_PortallavrasTV-200x29.png 200w\" sizes=\"(max-width: 720px) 100vw, 720px\" width=\"720\" height=\"104\"   \/><\/a><\/li><li><a href=\"https:\/\/sistemas.lavras.mg.gov.br\/portalcidadao\/#df1b1a7c7b2a290bcb31e32771e610784662739a88807c0dacac58ede5f391a7530e299dc302d611ee73cb143fc22eaf93592e53e7b5bdb01b00a0b8d28dae460c141dd2ff83412e4dc1c31b16b25f33144a9e5620ea73b13f5bc1c59411d98439ad226e8af03840603796067d87afe130812cf3de24982d0e306f9e61e764e5\" aria-label=\"Banner_Obras_PortallavrasTV\"><img src=\"https:\/\/lavras.tv\/site\/wp-content\/uploads\/2025\/03\/Banner_Obras_PortallavrasTV.png\" alt=\"\"  srcset=\"https:\/\/lavras.tv\/site\/wp-content\/uploads\/2025\/03\/Banner_Obras_PortallavrasTV.png 720w, https:\/\/lavras.tv\/site\/wp-content\/uploads\/2025\/03\/Banner_Obras_PortallavrasTV-470x68.png 470w, https:\/\/lavras.tv\/site\/wp-content\/uploads\/2025\/03\/Banner_Obras_PortallavrasTV-170x25.png 170w, https:\/\/lavras.tv\/site\/wp-content\/uploads\/2025\/03\/Banner_Obras_PortallavrasTV-200x29.png 200w\" sizes=\"(max-width: 720px) 100vw, 720px\" width=\"720\" height=\"104\"   \/><\/a><\/li><li><div style=\"margin-left: auto;margin-right: auto;text-align: center;\" id=\"lavra-3065621072\"><a href=\"https:\/\/sistemas.lavras.mg.gov.br\/portalcidadao\/#df1b1a7c7b2a290bcb31e32771e610784662739a88807c0dacac58ede5f391a7530e299dc302d611ee73cb143fc22eaf93592e53e7b5bdb01b00a0b8d28dae460c141dd2ff83412e4dc1c31b16b25f33144a9e5620ea73b13f5bc1c59411d98439ad226e8af03840603796067d87afe130812cf3de24982d0e306f9e61e764e5\" aria-label=\"Banner_Educa\u00e7\u00e3o_PortallavrasTV\"><img src=\"https:\/\/lavras.tv\/site\/wp-content\/uploads\/2025\/01\/Banner_Educacao_PortallavrasTV.png\" alt=\"\"  srcset=\"https:\/\/lavras.tv\/site\/wp-content\/uploads\/2025\/01\/Banner_Educacao_PortallavrasTV.png 720w, https:\/\/lavras.tv\/site\/wp-content\/uploads\/2025\/01\/Banner_Educacao_PortallavrasTV-470x68.png 470w, https:\/\/lavras.tv\/site\/wp-content\/uploads\/2025\/01\/Banner_Educacao_PortallavrasTV-170x25.png 170w, https:\/\/lavras.tv\/site\/wp-content\/uploads\/2025\/01\/Banner_Educacao_PortallavrasTV-200x29.png 200w\" sizes=\"(max-width: 720px) 100vw, 720px\" width=\"720\" height=\"104\"  style=\"display: inline-block;\" \/><\/a><\/div><\/li><li><a href=\"https:\/\/sistemas.lavras.mg.gov.br\/portalcidadao\/#df1b1a7c7b2a290bcb31e32771e610784662739a88807c0dacac58ede5f391a7530e299dc302d611ee73cb143fc22eaf93592e53e7b5bdb01b00a0b8d28dae460c141dd2ff83412e4dc1c31b16b25f33144a9e5620ea73b13f5bc1c59411d98439ad226e8af03840603796067d87afe130812cf3de24982d0e306f9e61e764e5\" aria-label=\"Banner_Sa\u00fade_PortallavrasTV\"><img src=\"https:\/\/lavras.tv\/site\/wp-content\/uploads\/2025\/03\/Banner_Saude_PortallavrasTV.png\" alt=\"\"  srcset=\"https:\/\/lavras.tv\/site\/wp-content\/uploads\/2025\/03\/Banner_Saude_PortallavrasTV.png 720w, https:\/\/lavras.tv\/site\/wp-content\/uploads\/2025\/03\/Banner_Saude_PortallavrasTV-470x68.png 470w, https:\/\/lavras.tv\/site\/wp-content\/uploads\/2025\/03\/Banner_Saude_PortallavrasTV-170x25.png 170w, https:\/\/lavras.tv\/site\/wp-content\/uploads\/2025\/03\/Banner_Saude_PortallavrasTV-200x29.png 200w\" sizes=\"(max-width: 720px) 100vw, 720px\" width=\"720\" height=\"104\"   \/><\/a><\/li><li><div id=\"lavra-152356199\" style=\"width:720px;height:104px;background-color:#ddd;overflow:scroll;\">\n\t<strong>Sa\u00edda da depura\u00e7\u00e3o de an\u00fancios<\/strong>\n\t<br><br>\n\tO an\u00fancio n\u00e3o \u00e9 exibido na p\u00e1gina<br><br>post atual: Lula publica nos pr\u00f3ximos dias decreto para corrigir sal\u00e1rio m\u00ednimo, que deve subir para R$ 1.518, ID: 146558<br><br><span style=\"color: red;\">O post atual n\u00e3o \u00e9 id\u00eantico ao post principal.<\/span><br><br>An\u00fancios: ROXO - TOPO INTERNA - ROTATIVO 2 (197)<br \/>Grupo de an\u00fancios: Princ_Meio01_720x104 (27)<br><br>Condi\u00e7\u00f5es de exibi\u00e7\u00e3o<div style=\"margin-bottom: 20px; white-space: pre-wrap; font-family: monospace; width: 100%; background: #ffe9e9;\"><strong>condi\u00e7\u00f5es gerais<\/strong><table border=\"1\"><thead><tr><th><\/th><th>An\u00fancios<\/th><th>wp_the_query<\/th><\/tr><\/thead><tr><td>is_main_query<\/td><td>1<\/td><td>1<\/td><\/tr><tr><td>is_rest_api<\/td><td>0<\/td><td>1<\/td><\/tr><tr><td>page<\/td><td>0<\/td><td>1<\/td><\/tr><tr><td>numpages<\/td><td>0<\/td><td>1<\/td><\/tr><tr><td>is_archive<\/td><td>1<\/td><td><\/td><\/tr><tr><td>is_search<\/td><td>1<\/td><td><\/td><\/tr><tr><td>is_home<\/td><td>1<\/td><td><\/td><\/tr><tr><td>is_404<\/td><td>1<\/td><td><\/td><\/tr><tr><td>is_attachment<\/td><td>1<\/td><td><\/td><\/tr><tr><td>is_singular<\/td><td>1<\/td><td><\/td><\/tr><tr><td>is_front_page<\/td><td>1<\/td><td><\/td><\/tr><tr><td>is_feed<\/td><td>1<\/td><td><\/td><\/tr><\/table><\/div><br><br><span style=\"color: red;\">Seu site usa HTTPS, mas o c\u00f3digo do an\u00fancio cont\u00e9m HTTP e pode n\u00e3o funcionar.<\/span>\t<br><br>\n\t<a style=\"color: green;\" href=\"https:\/\/wpadvancedads.com\/manual\/ad-debug-mode\/?utm_source=advanced-ads&utm_medium=link&utm_campaign=ad-debug-mode\" target=\"_blank\" rel=\"nofollow\">Encontre solu\u00e7\u00f5es no manual<\/a>\n<\/div>\n<\/li><\/ul><\/div><script>( window.advanced_ads_ready || jQuery( document ).ready ).call( null, function() {var $lavraslider3477785807 = jQuery( \".lavra-slider-3477785807\" );$lavraslider3477785807.on( \"unslider.ready\", function() { jQuery( \"div.custom-slider ul li\" ).css( \"display\", \"block\" ); });$lavraslider3477785807.unslider({ delay:4000, autoplay:true, nav:false, arrows:false, infinite:true });$lavraslider3477785807.on(\"mouseover\", function() {$lavraslider3477785807.unslider(\"stop\");}).on(\"mouseout\", function() {$lavraslider3477785807.unslider(\"start\");});});<\/script><\/div>\n<p>Se valor for confirmado, haver\u00e1 uma perda R$ 10 por m\u00eas em rela\u00e7\u00e3o \u00e0 estimativa anterior. Motivo \u00e9 uma medida proposta pelo governo e aprovada pelo Congresso no pacote do corte de gastos.<\/p>\n\n\n\n<figure class=\"wp-block-image size-full\"><img fetchpriority=\"high\" decoding=\"async\" width=\"984\" height=\"656\" src=\"https:\/\/lavras.tv\/site\/wp-content\/uploads\/2024\/12\/realdinheiro-moeda-1310202270.avif\" alt=\"\" class=\"wp-image-146559\"\/><\/figure>\n\n\n\n<p>O presidente Luiz In\u00e1cio&nbsp;<a class=\"\" href=\"https:\/\/g1.globo.com\/politica\/politico\/lula\/\">Lula<\/a>&nbsp;da Silva (PT) vai publicar um decreto presidencial nos pr\u00f3ximos dias para corrigir o&nbsp;<a class=\"\" href=\"https:\/\/g1.globo.com\/tudo-sobre\/salario-minimo\/\">sal\u00e1rio m\u00ednimo<\/a>.<\/p>\n\n\n\n<p>Segundo interlocutores do governo, o valor deve subir dos atuais R$ 1.412 para<strong>&nbsp;R$ 1.518 em 2025.<\/strong><\/p>\n\n\n\n<p>Se esse valor for confirmado, o aumento ser\u00e1 de R$ 106, o equivalente a 7,5%. A corre\u00e7\u00e3o valer\u00e1 a partir de janeiro, com pagamento em fevereiro do ano que vem.<\/p>\n\n\n\n<p>A publica\u00e7\u00e3o do decreto deve ocorrer at\u00e9 31 de dezembro.<\/p>\n\n\n\n<p>Durante a&nbsp;<strong>gest\u00e3o do ex-presidente Jair Bolsonaro<\/strong>, nos anos de 2020, 2021 e 2022, o&nbsp;<a class=\"\" href=\"https:\/\/g1.globo.com\/tudo-sobre\/salario-minimo\">sal\u00e1rio m\u00ednimo<\/a>&nbsp;foi ajustado somente pela infla\u00e7\u00e3o, ou seja, sem aumento real.&nbsp;<a class=\"\" href=\"https:\/\/g1.globo.com\/politica\/noticia\/2022\/12\/12\/bolsonaro-assina-mp-que-eleva-salario-minimo-para-r-1302-diz-planalto.ghtml\">Em 2023, foi previsto um pequeno aumento acima da infla\u00e7\u00e3o.<\/a><\/p>\n\n\n\n<h2 class=\"wp-block-heading\">Perda de R$ 10<\/h2>\n\n\n\n<p>A aumento do sal\u00e1rio m\u00ednimo em 2025 j\u00e1 considera a&nbsp;<strong>nova f\u00f3rmula do sal\u00e1rio m\u00ednimo<\/strong>, que foi&nbsp;<a class=\"\" href=\"https:\/\/g1.globo.com\/economia\/noticia\/2024\/12\/20\/corte-de-gastos-entenda-o-que-muda-com-pacote-aprovado-pelo-congresso.ghtml\">limitado no fim do ano passado por conta do pacote de cortes de gastos<\/a>&nbsp;proposto pela equipe econ\u00f4mica.<\/p>\n\n\n\n<ul class=\"wp-block-list\">\n<li>Pelo nova f\u00f3rmula de c\u00e1lculo do sal\u00e1rio m\u00ednimo, a corre\u00e7\u00e3o se d\u00e1 pela infla\u00e7\u00e3o (INPC) calculada em doze meses at\u00e9 novembro (4,84%), mais o crescimento do PIB de dois anos atr\u00e1s, nesse caso 2023,\u00a0<strong>mas limitado a 2,5%<\/strong>. No ano retrasado, o PIB avan\u00e7ou 3,2%. Entretanto, como h\u00e1 a limita\u00e7\u00e3o, ser\u00e1 utilizado o teto de 2,5%.<\/li>\n\n\n\n<li>Por essa nova f\u00f3rmula, j\u00e1 aprovada pelo Legislativo,\u00a0<a class=\"\" href=\"https:\/\/g1.globo.com\/economia\/noticia\/2024\/12\/10\/com-formula-atual-salario-minimo-subiria-para-r-1528-ano-que-vem-mas-pela-proposta-do-governo-de-cortes-de-gastos-seria-r-11-menor.ghtml\">o sal\u00e1rio m\u00ednimo, arredondado, seria de R$ 1.517.<\/a>\u00a0<strong>Mas a informa\u00e7\u00e3o de fontes do governo \u00e9 de que o arredondamento ser\u00e1 feito para cima, fixando o valor em R$ 1.518 para o ano de 2025.<\/strong><\/li>\n\n\n\n<li>Pelo formato anterior de reajuste do sal\u00e1rio m\u00ednimo, o valor deveria subir de acordo com a infla\u00e7\u00e3o de doze meses at\u00e9 novembro, ou seja, 4,84%, mais a varia\u00e7\u00e3o do PIB de dois anos antes, ano de 2023, ou seja, 3,2%. N\u00e3o havia, no formato anterior, a limita\u00e7\u00e3o de 2,5%.\u00a0<strong>Com isso, o sal\u00e1rio m\u00ednimo subiria para R$ 1.528.<\/strong><\/li>\n<\/ul>\n\n\n\n<p>Considerando a diferen\u00e7a entre a f\u00f3rmula anterior de aumento do sal\u00e1rio m\u00ednimo (R$ 1.528), j\u00e1 abandonada por conta do pacote de cortes de gastos aprovado pelo Congresso na semana passada, e o valor que dever\u00e1 ser apresentado pelo presidente Lula em decreto (R$ 1.518),&nbsp;<strong>a perda ser\u00e1 de R$ 10 mensalmente para os trabalhadores, aposentados e pensionistas em 2025.<\/strong><\/p>\n\n\n\n<h2 class=\"wp-block-heading\">Despesa menor em 2025<\/h2>\n\n\n\n<p>Com a nova proposta para o sal\u00e1rio m\u00ednimo, o governo deixar\u00e1 de pagar em aposentadorias e benef\u00edcios sociais cerca de cerca&nbsp;<strong>R$ 4 bilh\u00f5es em 2025.<\/strong><\/p>\n\n\n\n<p>Isso porque, de acordo com c\u00e1lculos do governo, a cada R$ 1 de aumento do sal\u00e1rio m\u00ednimo se cria uma despesa de aproximadamente R$ 392 milh\u00f5es.<\/p>\n\n\n\n<p>Pelos c\u00e1lculos do governo, a nova regra vai implicar em um crescimento menor do sal\u00e1rio m\u00ednimo nos pr\u00f3ximos anos.<\/p>\n\n\n\n<ul class=\"wp-block-list\">\n<li>Com isso, os aposentados, pensionistas e beneficiados por programas sociais, como o BPC, que n\u00e3o podem receber menos do que o m\u00ednimo,\u00a0<a class=\"\" href=\"https:\/\/g1.globo.com\/economia\/noticia\/2024\/11\/28\/com-mudanca-no-salario-minimo-governo-deixara-de-pagar-r-110-bi-a-aposentados-e-pensionistas-ate-2030-33percent-do-ajuste-total.ghtml\">deixar\u00e3o de receber R$ 110 bilh\u00f5es at\u00e9 2030.<\/a><\/li>\n\n\n\n<li>Isso equivale a um ter\u00e7o da expectativa total de economia de dinheiro p\u00fablico no per\u00edodo: R$ 327,1 bilh\u00f5es.<\/li>\n<\/ul>\n\n\n\n<h2 class=\"wp-block-heading\">Refer\u00eancia para 59,3 milh\u00f5es de pessoas<\/h2>\n\n\n\n<p>De acordo com nota t\u00e9cnica divulgada em dezembro do ano passado, e atualizada em janeiro de 2024 pelo Departamento Intersindical de Estat\u00edstica e Estudos Socioecon\u00f4micos (Dieese), o sal\u00e1rio m\u00ednimo serve de refer\u00eancia para 59,3 milh\u00f5es de pessoas no Brasil.<\/p>\n\n\n\n<p>Al\u00e9m dos trabalhadores que, por contrato, recebem um sal\u00e1rio m\u00ednimo (ou m\u00faltiplos do m\u00ednimo), h\u00e1 tamb\u00e9m as aposentadorias e benef\u00edcios como o Benef\u00edcio de Presta\u00e7\u00e3o Continuada (BPC) vinculados ao mesmo valor.<\/p>\n\n\n\n<p>O sal\u00e1rio m\u00ednimo tamb\u00e9m gera impactos indiretos na economia, como o aumento do &#8220;sal\u00e1rio m\u00e9dio&#8221; dos brasileiros e a eleva\u00e7\u00e3o do poder de compra do trabalhador.<\/p>\n\n\n\n<p>De acordo com o Dieese, o pacote fiscal proposto pelo governo, e aprovado pelo Congresso neste m\u00eas, traz uma s\u00e9rie de impactos significativos tanto para a economia quanto para a popula\u00e7\u00e3o, com efeitos j\u00e1 no curto prazo.<\/p>\n\n\n\n<p><strong>&#8220;Na economia, a restri\u00e7\u00e3o ao aumento real do sal\u00e1rio m\u00ednimo pode afetar o consumo, j\u00e1 que a renda das fam\u00edlias \u00e9 um dos principais motores econ\u00f4micos, como \u00e9 poss\u00edvel observar no resultado do PIB do 3\u00ba semestre de 2024, por exemplo. Com menos dinheiro dispon\u00edvel, o consumo de bens e servi\u00e7os tende a cair, com consequ\u00eancias negativas sobre o crescimento econ\u00f4mico&#8221;, avaliou o Dieese.<\/strong><\/p>\n","protected":false},"excerpt":{"rendered":"<p>Se valor for confirmado, haver\u00e1 uma perda R$ 10 por m\u00eas em rela\u00e7\u00e3o \u00e0 estimativa anterior. Motivo \u00e9 uma medida proposta pelo governo e aprovada pelo Congresso no pacote do corte de gastos. O presidente Luiz In\u00e1cio&nbsp;Lula&nbsp;da Silva (PT) vai publicar um decreto presidencial nos pr\u00f3ximos dias para corrigir o&nbsp;sal\u00e1rio m\u00ednimo. Segundo interlocutores do governo, [&hellip;]<\/p>\n","protected":false},"author":5,"featured_media":146559,"comment_status":"closed","ping_status":"open","sticky":false,"template":"","format":"standard","meta":{"advgb_blocks_editor_width":"","advgb_blocks_columns_visual_guide":"","_exactmetrics_skip_tracking":false,"_exactmetrics_sitenote_active":false,"_exactmetrics_sitenote_note":"","_exactmetrics_sitenote_category":0,"footnotes":""},"categories":[7,2],"tags":[],"class_list":["post-146558","post","type-post","status-publish","format-standard","has-post-thumbnail","hentry","category-destaques","category-noticias"],"better_featured_image":{"id":146559,"alt_text":"","caption":"","description":"","media_type":"image","media_details":{"width":984,"height":656,"file":"2024\/12\/realdinheiro-moeda-1310202270.avif","filesize":26837,"sizes":{},"image_meta":{"aperture":"0","credit":"","camera":"","caption":"","created_timestamp":"0","copyright":"","focal_length":"0","iso":"0","shutter_speed":"0","title":"","orientation":"0","keywords":[]}},"post":146558,"source_url":"https:\/\/lavras.tv\/site\/wp-content\/uploads\/2024\/12\/realdinheiro-moeda-1310202270.avif"},"author_meta":{"display_name":"Vinicius Bustamante","author_link":"https:\/\/lavras.tv\/site\/author\/vinicius-bustamante\/"},"featured_img":"https:\/\/lavras.tv\/site\/wp-content\/uploads\/2024\/12\/realdinheiro-moeda-1310202270.avif","coauthors":[],"tax_additional":{"categories":{"linked":["<a href=\"https:\/\/lavras.tv\/site\/category\/destaques\/\" class=\"advgb-post-tax-term\">Destaques<\/a>","<a href=\"https:\/\/lavras.tv\/site\/category\/noticias\/\" class=\"advgb-post-tax-term\">Not\u00edcias<\/a>"],"unlinked":["<span class=\"advgb-post-tax-term\">Destaques<\/span>","<span class=\"advgb-post-tax-term\">Not\u00edcias<\/span>"]}},"comment_count":"0","relative_dates":{"created":"Publicado 1 ano atr\u00e1s","modified":"Atualizado 1 ano atr\u00e1s"},"absolute_dates":{"created":"Publicado em 26 de dezembro de 2024","modified":"Atualizado em 26 de dezembro de 2024"},"absolute_dates_time":{"created":"Publicado em 26 de dezembro de 2024 14:05","modified":"Atualizado em 26 de dezembro de 2024 14:05"},"featured_img_caption":"","series_order":"","_links":{"self":[{"href":"https:\/\/lavras.tv\/site\/wp-json\/wp\/v2\/posts\/146558","targetHints":{"allow":["GET"]}}],"collection":[{"href":"https:\/\/lavras.tv\/site\/wp-json\/wp\/v2\/posts"}],"about":[{"href":"https:\/\/lavras.tv\/site\/wp-json\/wp\/v2\/types\/post"}],"author":[{"embeddable":true,"href":"https:\/\/lavras.tv\/site\/wp-json\/wp\/v2\/users\/5"}],"replies":[{"embeddable":true,"href":"https:\/\/lavras.tv\/site\/wp-json\/wp\/v2\/comments?post=146558"}],"version-history":[{"count":1,"href":"https:\/\/lavras.tv\/site\/wp-json\/wp\/v2\/posts\/146558\/revisions"}],"predecessor-version":[{"id":146560,"href":"https:\/\/lavras.tv\/site\/wp-json\/wp\/v2\/posts\/146558\/revisions\/146560"}],"wp:featuredmedia":[{"embeddable":true,"href":"https:\/\/lavras.tv\/site\/wp-json\/wp\/v2\/media\/146559"}],"wp:attachment":[{"href":"https:\/\/lavras.tv\/site\/wp-json\/wp\/v2\/media?parent=146558"}],"wp:term":[{"taxonomy":"category","embeddable":true,"href":"https:\/\/lavras.tv\/site\/wp-json\/wp\/v2\/categories?post=146558"},{"taxonomy":"post_tag","embeddable":true,"href":"https:\/\/lavras.tv\/site\/wp-json\/wp\/v2\/tags?post=146558"}],"curies":[{"name":"wp","href":"https:\/\/api.w.org\/{rel}","templated":true}]}}