{"id":1466,"date":"2016-08-10T10:42:43","date_gmt":"2016-08-10T10:42:43","guid":{"rendered":"http:\/\/lavras.tv\/site\/?p=1466"},"modified":"2016-08-10T10:42:43","modified_gmt":"2016-08-10T10:42:43","slug":"camara-de-perdoes-arquiva-processo-de-cassacao-do-prefeito","status":"publish","type":"post","link":"https:\/\/lavras.tv\/site\/2016\/08\/10\/camara-de-perdoes-arquiva-processo-de-cassacao-do-prefeito\/","title":{"rendered":"C\u00e2mara de Perd\u00f5es arquiva processo de cassa\u00e7\u00e3o do Prefeito"},"content":{"rendered":"<div class=\"lavra-antes-do-conteudo_2\" id=\"lavra-573103114\"><div id=\"lavra-slider-27\" class=\"custom-slider lavra-slider-3244852375 lavra-slider\"><ul><li><div style=\"margin-left: auto;margin-right: auto;text-align: center;\" id=\"lavra-2587845343\"><a href=\"https:\/\/sistemas.lavras.mg.gov.br\/portalcidadao\/#df1b1a7c7b2a290bcb31e32771e610784662739a88807c0dacac58ede5f391a7530e299dc302d611ee73cb143fc22eaf93592e53e7b5bdb01b00a0b8d28dae460c141dd2ff83412e4dc1c31b16b25f33144a9e5620ea73b13f5bc1c59411d98439ad226e8af03840603796067d87afe130812cf3de24982d0e306f9e61e764e5\" aria-label=\"Lavras-TV&#8211;720x104px (1) (1)\"><img src=\"https:\/\/lavras.tv\/site\/wp-content\/uploads\/2025\/01\/Lavras-TV-720x104px-1-1.png\" alt=\"\"  srcset=\"https:\/\/lavras.tv\/site\/wp-content\/uploads\/2025\/01\/Lavras-TV-720x104px-1-1.png 720w, https:\/\/lavras.tv\/site\/wp-content\/uploads\/2025\/01\/Lavras-TV-720x104px-1-1-470x68.png 470w, https:\/\/lavras.tv\/site\/wp-content\/uploads\/2025\/01\/Lavras-TV-720x104px-1-1-170x25.png 170w, https:\/\/lavras.tv\/site\/wp-content\/uploads\/2025\/01\/Lavras-TV-720x104px-1-1-200x29.png 200w\" sizes=\"(max-width: 720px) 100vw, 720px\" width=\"720\" height=\"104\"  style=\"display: inline-block;\" \/><\/a><\/div><\/li><li><a href=\"https:\/\/sistemas.lavras.mg.gov.br\/portalcidadao\/#df1b1a7c7b2a290bcb31e32771e610784662739a88807c0dacac58ede5f391a7530e299dc302d611ee73cb143fc22eaf93592e53e7b5bdb01b00a0b8d28dae460c141dd2ff83412e4dc1c31b16b25f33144a9e5620ea73b13f5bc1c59411d98439ad226e8af03840603796067d87afe130812cf3de24982d0e306f9e61e764e5\" aria-label=\"Banner_Emprego_PortallavrasTV\"><img src=\"https:\/\/lavras.tv\/site\/wp-content\/uploads\/2025\/03\/Banner_Emprego_PortallavrasTV.png\" alt=\"\"  srcset=\"https:\/\/lavras.tv\/site\/wp-content\/uploads\/2025\/03\/Banner_Emprego_PortallavrasTV.png 720w, https:\/\/lavras.tv\/site\/wp-content\/uploads\/2025\/03\/Banner_Emprego_PortallavrasTV-470x68.png 470w, https:\/\/lavras.tv\/site\/wp-content\/uploads\/2025\/03\/Banner_Emprego_PortallavrasTV-170x25.png 170w, https:\/\/lavras.tv\/site\/wp-content\/uploads\/2025\/03\/Banner_Emprego_PortallavrasTV-200x29.png 200w\" sizes=\"(max-width: 720px) 100vw, 720px\" width=\"720\" height=\"104\"   \/><\/a><\/li><li><a href=\"https:\/\/sistemas.lavras.mg.gov.br\/portalcidadao\/#df1b1a7c7b2a290bcb31e32771e610784662739a88807c0dacac58ede5f391a7530e299dc302d611ee73cb143fc22eaf93592e53e7b5bdb01b00a0b8d28dae460c141dd2ff83412e4dc1c31b16b25f33144a9e5620ea73b13f5bc1c59411d98439ad226e8af03840603796067d87afe130812cf3de24982d0e306f9e61e764e5\" aria-label=\"Banner_Obras_PortallavrasTV\"><img src=\"https:\/\/lavras.tv\/site\/wp-content\/uploads\/2025\/03\/Banner_Obras_PortallavrasTV.png\" alt=\"\"  srcset=\"https:\/\/lavras.tv\/site\/wp-content\/uploads\/2025\/03\/Banner_Obras_PortallavrasTV.png 720w, https:\/\/lavras.tv\/site\/wp-content\/uploads\/2025\/03\/Banner_Obras_PortallavrasTV-470x68.png 470w, https:\/\/lavras.tv\/site\/wp-content\/uploads\/2025\/03\/Banner_Obras_PortallavrasTV-170x25.png 170w, https:\/\/lavras.tv\/site\/wp-content\/uploads\/2025\/03\/Banner_Obras_PortallavrasTV-200x29.png 200w\" sizes=\"(max-width: 720px) 100vw, 720px\" width=\"720\" height=\"104\"   \/><\/a><\/li><li><div style=\"margin-left: auto;margin-right: auto;text-align: center;\" id=\"lavra-2487250891\"><a href=\"https:\/\/sistemas.lavras.mg.gov.br\/portalcidadao\/#df1b1a7c7b2a290bcb31e32771e610784662739a88807c0dacac58ede5f391a7530e299dc302d611ee73cb143fc22eaf93592e53e7b5bdb01b00a0b8d28dae460c141dd2ff83412e4dc1c31b16b25f33144a9e5620ea73b13f5bc1c59411d98439ad226e8af03840603796067d87afe130812cf3de24982d0e306f9e61e764e5\" aria-label=\"Banner_Educa\u00e7\u00e3o_PortallavrasTV\"><img src=\"https:\/\/lavras.tv\/site\/wp-content\/uploads\/2025\/01\/Banner_Educacao_PortallavrasTV.png\" alt=\"\"  srcset=\"https:\/\/lavras.tv\/site\/wp-content\/uploads\/2025\/01\/Banner_Educacao_PortallavrasTV.png 720w, https:\/\/lavras.tv\/site\/wp-content\/uploads\/2025\/01\/Banner_Educacao_PortallavrasTV-470x68.png 470w, https:\/\/lavras.tv\/site\/wp-content\/uploads\/2025\/01\/Banner_Educacao_PortallavrasTV-170x25.png 170w, https:\/\/lavras.tv\/site\/wp-content\/uploads\/2025\/01\/Banner_Educacao_PortallavrasTV-200x29.png 200w\" sizes=\"(max-width: 720px) 100vw, 720px\" width=\"720\" height=\"104\"  style=\"display: inline-block;\" \/><\/a><\/div><\/li><li><a href=\"https:\/\/sistemas.lavras.mg.gov.br\/portalcidadao\/#df1b1a7c7b2a290bcb31e32771e610784662739a88807c0dacac58ede5f391a7530e299dc302d611ee73cb143fc22eaf93592e53e7b5bdb01b00a0b8d28dae460c141dd2ff83412e4dc1c31b16b25f33144a9e5620ea73b13f5bc1c59411d98439ad226e8af03840603796067d87afe130812cf3de24982d0e306f9e61e764e5\" aria-label=\"Banner_Sa\u00fade_PortallavrasTV\"><img src=\"https:\/\/lavras.tv\/site\/wp-content\/uploads\/2025\/03\/Banner_Saude_PortallavrasTV.png\" alt=\"\"  srcset=\"https:\/\/lavras.tv\/site\/wp-content\/uploads\/2025\/03\/Banner_Saude_PortallavrasTV.png 720w, https:\/\/lavras.tv\/site\/wp-content\/uploads\/2025\/03\/Banner_Saude_PortallavrasTV-470x68.png 470w, https:\/\/lavras.tv\/site\/wp-content\/uploads\/2025\/03\/Banner_Saude_PortallavrasTV-170x25.png 170w, https:\/\/lavras.tv\/site\/wp-content\/uploads\/2025\/03\/Banner_Saude_PortallavrasTV-200x29.png 200w\" sizes=\"(max-width: 720px) 100vw, 720px\" width=\"720\" height=\"104\"   \/><\/a><\/li><li><div id=\"lavra-2809654277\" style=\"width:720px;height:104px;background-color:#ddd;overflow:scroll;\">\n\t<strong>Sa\u00edda da depura\u00e7\u00e3o de an\u00fancios<\/strong>\n\t<br><br>\n\tO an\u00fancio n\u00e3o \u00e9 exibido na p\u00e1gina<br><br>post atual: C\u00e2mara de Perd\u00f5es arquiva processo de cassa\u00e7\u00e3o do Prefeito, ID: 1466<br><br><span style=\"color: red;\">O post atual n\u00e3o \u00e9 id\u00eantico ao post principal.<\/span><br><br>An\u00fancios: ROXO - TOPO INTERNA - ROTATIVO 2 (197)<br \/>Grupo de an\u00fancios: Princ_Meio01_720x104 (27)<br><br>Condi\u00e7\u00f5es de exibi\u00e7\u00e3o<div style=\"margin-bottom: 20px; white-space: pre-wrap; font-family: monospace; width: 100%; background: #ffe9e9;\"><strong>condi\u00e7\u00f5es gerais<\/strong><table border=\"1\"><thead><tr><th><\/th><th>An\u00fancios<\/th><th>wp_the_query<\/th><\/tr><\/thead><tr><td>is_main_query<\/td><td>1<\/td><td>1<\/td><\/tr><tr><td>is_rest_api<\/td><td>0<\/td><td>1<\/td><\/tr><tr><td>page<\/td><td>0<\/td><td>1<\/td><\/tr><tr><td>numpages<\/td><td>0<\/td><td>1<\/td><\/tr><tr><td>is_archive<\/td><td>1<\/td><td><\/td><\/tr><tr><td>is_search<\/td><td>1<\/td><td><\/td><\/tr><tr><td>is_home<\/td><td>1<\/td><td><\/td><\/tr><tr><td>is_404<\/td><td>1<\/td><td><\/td><\/tr><tr><td>is_attachment<\/td><td>1<\/td><td><\/td><\/tr><tr><td>is_singular<\/td><td>1<\/td><td><\/td><\/tr><tr><td>is_front_page<\/td><td>1<\/td><td><\/td><\/tr><tr><td>is_feed<\/td><td>1<\/td><td><\/td><\/tr><\/table><\/div><br><br><span style=\"color: red;\">Seu site usa HTTPS, mas o c\u00f3digo do an\u00fancio cont\u00e9m HTTP e pode n\u00e3o funcionar.<\/span>\t<br><br>\n\t<a style=\"color: green;\" href=\"https:\/\/wpadvancedads.com\/manual\/ad-debug-mode\/?utm_source=advanced-ads&utm_medium=link&utm_campaign=ad-debug-mode\" target=\"_blank\" rel=\"nofollow\">Encontre solu\u00e7\u00f5es no manual<\/a>\n<\/div>\n<\/li><\/ul><\/div><script>( window.advanced_ads_ready || jQuery( document ).ready ).call( null, function() {var $lavraslider3244852375 = jQuery( \".lavra-slider-3244852375\" );$lavraslider3244852375.on( \"unslider.ready\", function() { jQuery( \"div.custom-slider ul li\" ).css( \"display\", \"block\" ); });$lavraslider3244852375.unslider({ delay:4000, autoplay:true, nav:false, arrows:false, infinite:true });$lavraslider3244852375.on(\"mouseover\", function() {$lavraslider3244852375.unslider(\"stop\");}).on(\"mouseout\", function() {$lavraslider3244852375.unslider(\"start\");});});<\/script><\/div><p>A C\u00e2mara de Vereadores de Perd\u00f5es decidiu arquivar o processo de cassa\u00e7\u00e3o do mandato do prefeito Fernando Siqueira (PP). A decis\u00e3o foi tomada em vota\u00e7\u00e3o realizada na noite desta segunda-feira, dia 8. Em abril, uma comiss\u00e3o processante havia sido criada para investigar uma den\u00fancia de fraude em um concurso da prefeitura realizado em janeiro deste ano.<\/p>\n<p>Para que o mandado de Siqueira fosse cassado, era necess\u00e1rio pelo menos dois ter\u00e7os dos votos. Na reuni\u00e3o, cinco vereadores votaram para a cassa\u00e7\u00e3o, enquanto tr\u00eas votaram contra. Houve ainda uma aus\u00eancia. Com isso, o processo foi arquivado. As den\u00fancias, no entanto, continuam sendo investigadas pelo Minist\u00e9rio P\u00fablico.<img fetchpriority=\"high\" decoding=\"async\" class=\" wp-image-1467 alignright\" src=\"http:\/\/lavras.tv\/site\/wp-content\/uploads\/2016\/08\/camaraperdoes.jpg\" alt=\"\" width=\"438\" height=\"328\" srcset=\"https:\/\/lavras.tv\/site\/wp-content\/uploads\/2016\/08\/camaraperdoes.jpg 620w, https:\/\/lavras.tv\/site\/wp-content\/uploads\/2016\/08\/camaraperdoes-150x113.jpg 150w, https:\/\/lavras.tv\/site\/wp-content\/uploads\/2016\/08\/camaraperdoes-300x225.jpg 300w\" sizes=\"(max-width: 438px) 100vw, 438px\" \/><\/p>\n<p><strong>Fraude no concurso<\/strong><br \/>\nO concurso p\u00fablico foi realizado pela prefeitura no dia 10 de janeiro deste ano. Em uma conversa gravada, Renan Siqueira, que \u00e9 filho do prefeito Fernando Siqueira e que tamb\u00e9m era secret\u00e1rio municipal de Assist\u00eancia Social, contou como funcionaria um esquema de aprova\u00e7\u00e3o no concurso, que pode ter beneficiado cinco pessoas da fam\u00edlia do prefeito, al\u00e9m de amigos.<\/p>\n<p>O \u00e1udio foi gravado por um homem que trabalhava na prefeitura e era amigo de Siqueira. O \u00e1udio tem uma m\u00fasica ao fundo, mas \u00e9 poss\u00edvel entender que um homem, que seria o secret\u00e1rio, est\u00e1 insatisfeito porque um primo n\u00e3o quis o cargo na prefeitura, mesmo tendo sido beneficiado.<\/p>\n<p>Foram mais de 3 mil inscritos e quase 300 aprovados no concurso. Entre eles, o pr\u00f3prio Renan e outros parentes e amigos da fam\u00edlia, que, segundo a grava\u00e7\u00e3o, teriam sido favorecidos.<\/p>\n<p>Na conversa, tamb\u00e9m \u00e9 citada a empresa &#8220;Reis e Reis&#8221;, que realizou o concurso. Ela n\u00e3o teria sido paga pela fraude, mas teria favorecido as pessoas como uma forma de agradecimento por ter vencido a licita\u00e7\u00e3o. O \u00e1udio e a transcri\u00e7\u00e3o completa da conversa foram entregues ao Minist\u00e9rio P\u00fablico da cidade, que j\u00e1 vinha investigando o caso.<\/p>\n<p>O prefeito de Perd\u00f5es, Fernando Siqueira, vai responder pela Secretaria de Promo\u00e7\u00e3o Social, Trabalho e Emprego no lugar do filho dele, Renan Siqueira, que foi exonerado do cargo. A prefeitura informou ainda que todo o processo licitat\u00f3rio para a escolha da empresa respons\u00e1vel pela realiza\u00e7\u00e3o do concurso p\u00fablico foi feito dentro da lei.<\/p>\n<p>Em nota, a empresa &#8220;Reis e Reis&#8221;, que venceu a licita\u00e7\u00e3o para aplicar o concurso, disse que desconhece os \u00e1udios e que todo processo de licita\u00e7\u00e3o foi feito dentro do que \u00e9 exigido e devidamente fiscalizado pelo Tribunal de Contas do Estado de Minas Gerais.<\/p>\n<p>O funcion\u00e1rio da prefeitura que fez a grava\u00e7\u00e3o tamb\u00e9m pediu demiss\u00e3o assim que fez a den\u00fancia ao Minist\u00e9rio P\u00fablico. Ele informou que, por seguran\u00e7a, tamb\u00e9m se mudou de cidade.<\/p>\n<p>Fonte: G1<\/p>\n","protected":false},"excerpt":{"rendered":"<p>A C\u00e2mara de Vereadores de Perd\u00f5es decidiu arquivar o processo de cassa\u00e7\u00e3o do mandato do prefeito Fernando Siqueira (PP). A decis\u00e3o foi tomada em vota\u00e7\u00e3o realizada na noite desta segunda-feira, dia 8. Em abril, uma comiss\u00e3o processante havia sido criada para investigar uma den\u00fancia de fraude em um concurso da prefeitura realizado em janeiro deste [&hellip;]<\/p>\n","protected":false},"author":2,"featured_media":1467,"comment_status":"closed","ping_status":"open","sticky":false,"template":"","format":"standard","meta":{"advgb_blocks_editor_width":"","advgb_blocks_columns_visual_guide":"","_exactmetrics_skip_tracking":false,"_exactmetrics_sitenote_active":false,"_exactmetrics_sitenote_note":"","_exactmetrics_sitenote_category":0,"footnotes":""},"categories":[7,12],"tags":[467,50,89,466],"class_list":["post-1466","post","type-post","status-publish","format-standard","has-post-thumbnail","hentry","category-destaques","category-politica","tag-cassa-prefeito-perdoes","tag-lavras-tv","tag-perdoes-mg","tag-prefeitura-perdoes"],"better_featured_image":{"id":1467,"alt_text":"","caption":"","description":"","media_type":"image","media_details":{"width":620,"height":465,"file":"2016\/08\/camaraperdoes.jpg","sizes":{"thumbnail":{"file":"camaraperdoes-150x113.jpg","width":150,"height":113,"mime-type":"image\/jpeg","source_url":"https:\/\/lavras.tv\/site\/wp-content\/uploads\/2016\/08\/camaraperdoes-150x113.jpg"},"medium":{"file":"camaraperdoes-300x225.jpg","width":300,"height":225,"mime-type":"image\/jpeg","source_url":"https:\/\/lavras.tv\/site\/wp-content\/uploads\/2016\/08\/camaraperdoes-300x225.jpg"},"featured-post-img":{"file":"camaraperdoes-480x320.jpg","width":480,"height":320,"mime-type":"image\/jpeg","source_url":"https:\/\/lavras.tv\/site\/wp-content\/uploads\/2016\/08\/camaraperdoes-480x320.jpg"},"sow-carousel-default":{"file":"camaraperdoes-272x182.jpg","width":272,"height":182,"mime-type":"image\/jpeg","source_url":"https:\/\/lavras.tv\/site\/wp-content\/uploads\/2016\/08\/camaraperdoes-272x182.jpg"}},"image_meta":{"aperture":"0","credit":"","camera":"","caption":"","created_timestamp":"0","copyright":"","focal_length":"0","iso":"0","shutter_speed":"0","title":"","orientation":"0","keywords":[]}},"post":1466,"source_url":"https:\/\/lavras.tv\/site\/wp-content\/uploads\/2016\/08\/camaraperdoes.jpg"},"author_meta":{"display_name":"Lavras TV","author_link":"https:\/\/lavras.tv\/site\/author\/lavrastv\/"},"featured_img":"https:\/\/lavras.tv\/site\/wp-content\/uploads\/2016\/08\/camaraperdoes-300x225.jpg","coauthors":[],"tax_additional":{"categories":{"linked":["<a href=\"https:\/\/lavras.tv\/site\/category\/destaques\/\" class=\"advgb-post-tax-term\">Destaques<\/a>","<a href=\"https:\/\/lavras.tv\/site\/category\/politica\/\" class=\"advgb-post-tax-term\">Pol\u00edtica<\/a>"],"unlinked":["<span class=\"advgb-post-tax-term\">Destaques<\/span>","<span class=\"advgb-post-tax-term\">Pol\u00edtica<\/span>"]},"tags":{"linked":["<a href=\"https:\/\/lavras.tv\/site\/category\/politica\/\" class=\"advgb-post-tax-term\">cassa prefeito perd\u00f5es<\/a>","<a href=\"https:\/\/lavras.tv\/site\/category\/politica\/\" class=\"advgb-post-tax-term\">lavras.tv<\/a>","<a href=\"https:\/\/lavras.tv\/site\/category\/politica\/\" class=\"advgb-post-tax-term\">perdoes mg<\/a>","<a href=\"https:\/\/lavras.tv\/site\/category\/politica\/\" class=\"advgb-post-tax-term\">prefeitura perd\u00f5es<\/a>"],"unlinked":["<span class=\"advgb-post-tax-term\">cassa prefeito perd\u00f5es<\/span>","<span class=\"advgb-post-tax-term\">lavras.tv<\/span>","<span class=\"advgb-post-tax-term\">perdoes mg<\/span>","<span class=\"advgb-post-tax-term\">prefeitura perd\u00f5es<\/span>"]}},"comment_count":"0","relative_dates":{"created":"Publicado 10 anos atr\u00e1s","modified":"Atualizado 10 anos atr\u00e1s"},"absolute_dates":{"created":"Publicado em 10 de agosto de 2016","modified":"Atualizado em 10 de agosto de 2016"},"absolute_dates_time":{"created":"Publicado em 10 de agosto de 2016 10:42","modified":"Atualizado em 10 de agosto de 2016 10:42"},"featured_img_caption":"","series_order":"","_links":{"self":[{"href":"https:\/\/lavras.tv\/site\/wp-json\/wp\/v2\/posts\/1466","targetHints":{"allow":["GET"]}}],"collection":[{"href":"https:\/\/lavras.tv\/site\/wp-json\/wp\/v2\/posts"}],"about":[{"href":"https:\/\/lavras.tv\/site\/wp-json\/wp\/v2\/types\/post"}],"author":[{"embeddable":true,"href":"https:\/\/lavras.tv\/site\/wp-json\/wp\/v2\/users\/2"}],"replies":[{"embeddable":true,"href":"https:\/\/lavras.tv\/site\/wp-json\/wp\/v2\/comments?post=1466"}],"version-history":[{"count":1,"href":"https:\/\/lavras.tv\/site\/wp-json\/wp\/v2\/posts\/1466\/revisions"}],"predecessor-version":[{"id":1468,"href":"https:\/\/lavras.tv\/site\/wp-json\/wp\/v2\/posts\/1466\/revisions\/1468"}],"wp:featuredmedia":[{"embeddable":true,"href":"https:\/\/lavras.tv\/site\/wp-json\/wp\/v2\/media\/1467"}],"wp:attachment":[{"href":"https:\/\/lavras.tv\/site\/wp-json\/wp\/v2\/media?parent=1466"}],"wp:term":[{"taxonomy":"category","embeddable":true,"href":"https:\/\/lavras.tv\/site\/wp-json\/wp\/v2\/categories?post=1466"},{"taxonomy":"post_tag","embeddable":true,"href":"https:\/\/lavras.tv\/site\/wp-json\/wp\/v2\/tags?post=1466"}],"curies":[{"name":"wp","href":"https:\/\/api.w.org\/{rel}","templated":true}]}}